 
{"id":14765,"date":"2025-10-23T15:33:46","date_gmt":"2025-10-23T19:33:46","guid":{"rendered":"http:\/\/www.defensoria.gob.ve\/?p=14765"},"modified":"2025-10-23T15:35:33","modified_gmt":"2025-10-23T19:35:33","slug":"delegada-del-edo-tachira-participo-en-la-eleccion-de-consejeros-de-proteccion-del-municipio-cordoba","status":"publish","type":"post","link":"http:\/\/www.defensoria.gob.ve\/?p=14765","title":{"rendered":"Delegada del Edo. T\u00e1chira particip\u00f3 en la elecci\u00f3n de consejeros de Protecci\u00f3n del municipio C\u00f3rdoba"},"content":{"rendered":"\t\t<div data-elementor-type=\"wp-post\" data-elementor-id=\"14765\" class=\"elementor elementor-14765\">\n\t\t\t\t\t\t<section class=\"elementor-section elementor-top-section elementor-element elementor-element-4feb5e2c elementor-section-boxed elementor-section-height-default elementor-section-height-default\" data-id=\"4feb5e2c\" data-element_type=\"section\" data-e-type=\"section\">\n\t\t\t\t\t\t<div class=\"elementor-container elementor-column-gap-default\">\n\t\t\t\t\t<div class=\"elementor-column elementor-col-100 elementor-top-column elementor-element elementor-element-3e2dd6c3\" data-id=\"3e2dd6c3\" data-element_type=\"column\" data-e-type=\"column\">\n\t\t\t<div class=\"elementor-widget-wrap elementor-element-populated\">\n\t\t\t\t\t\t<div class=\"elementor-element elementor-element-53e54c99 elementor-widget elementor-widget-text-editor\" data-id=\"53e54c99\" data-element_type=\"widget\" data-e-type=\"widget\" data-widget_type=\"text-editor.default\">\n\t\t\t\t<div class=\"elementor-widget-container\">\n\t\t\t\t\t\t\t\t\t\n<p>(Tachira\/23-Oct-25) Con la participaci\u00f3n de funcionarios y funcionarias de la Defensor\u00eda del Pueblo delegada en el estado T\u00e1chira, Tribunal de Protecci\u00f3n del Ni\u00f1o, Ni\u00f1a y Adolescentes, IDENNA T\u00e1chira y el Ministerio P\u00fablico, se efectu\u00f3 el concurso para la elecci\u00f3n de consejeros de Protecci\u00f3n del municipio C\u00f3rdoba.<\/p>\n\n<figure class=\"wp-block-image size-full\"><img fetchpriority=\"high\" decoding=\"async\" width=\"1040\" height=\"780\" class=\"wp-image-14766\" src=\"http:\/\/www.defensoria.gob.ve\/wp-content\/uploads\/2025\/10\/FOTO-3-2.jpeg\" alt=\"\" srcset=\"http:\/\/www.defensoria.gob.ve\/wp-content\/uploads\/2025\/10\/FOTO-3-2.jpeg 1040w, http:\/\/www.defensoria.gob.ve\/wp-content\/uploads\/2025\/10\/FOTO-3-2-768x576.jpeg 768w\" sizes=\"(max-width: 1040px) 100vw, 1040px\" \/><\/figure>\n\n<p><br \/>En las instalaciones de la sede administrativa del IDENNA, se efectu\u00f3 la aplicaci\u00f3n de la prueba en la que los jurados, evaluaron primero los conocimientos de manera escrita de las cinco personas aspirantes al cargo de consejeras en materia de LOPNNA. En ese sentido, la coordinadora de Defensa de la Instituci\u00f3n, fue la encargada de dictar las cuatro preguntas que se evaluaron en esta oportunidad.<br \/>Posteriormente, se realiz\u00f3 la evaluaci\u00f3n oral a cada una de las aspirantes, planteando casos hipot\u00e9ticos sobre vulneraci\u00f3n de derechos a los ni\u00f1os, ni\u00f1as y adolescentes, a los fines de conocer la forma como ellas, dar\u00edan soluci\u00f3n a los mismos.<\/p>\n\n<figure class=\"wp-block-image size-full\"><img decoding=\"async\" width=\"2080\" height=\"1560\" class=\"wp-image-14767\" src=\"http:\/\/www.defensoria.gob.ve\/wp-content\/uploads\/2025\/10\/FOTO-2-2.jpeg\" alt=\"\" srcset=\"http:\/\/www.defensoria.gob.ve\/wp-content\/uploads\/2025\/10\/FOTO-2-2.jpeg 2080w, http:\/\/www.defensoria.gob.ve\/wp-content\/uploads\/2025\/10\/FOTO-2-2-768x576.jpeg 768w, http:\/\/www.defensoria.gob.ve\/wp-content\/uploads\/2025\/10\/FOTO-2-2-1536x1152.jpeg 1536w, http:\/\/www.defensoria.gob.ve\/wp-content\/uploads\/2025\/10\/FOTO-2-2-2048x1536.jpeg 2048w\" sizes=\"(max-width: 2080px) 100vw, 2080px\" \/><\/figure>\n\n<p><br \/>El concurso, finaliz\u00f3 con la lectura de los resultados por parte de la directora regional, Lcda. Mariana Acosta junto a los jurados evaluadores. De esta forma la Defensor\u00eda del Pueblo se enmarca dentro de los par\u00e1metros establecidos en materia de defensa y protecci\u00f3n de los derechos Humanos de los semilleros de la patria, como lo establece la Constituci\u00f3n de la Rep\u00fablica Bolivariana de Venezuela FIN \/ PRENSA Defensor\u00eda<\/p>\n\t\t\t\t\t\t\t\t<\/div>\n\t\t\t\t<\/div>\n\t\t\t\t\t<\/div>\n\t\t<\/div>\n\t\t\t\t\t<\/div>\n\t\t<\/section>\n\t\t\t\t<\/div>\n\t\t","protected":false},"excerpt":{"rendered":"<p>(Tachira\/23-Oct-25) Con la participaci\u00f3n de funcionarios y funcionarias de la Defensor\u00eda del Pueblo delegada en el estado T\u00e1chira, Tribunal de Protecci\u00f3n del Ni\u00f1o, Ni\u00f1a y Adolescentes, IDENNA T\u00e1chira y el&hellip; <\/p>\n","protected":false},"author":14,"featured_media":14768,"comment_status":"closed","ping_status":"open","sticky":false,"template":"","format":"standard","meta":{"footnotes":""},"categories":[5],"tags":[],"class_list":["post-14765","post","type-post","status-publish","format-standard","has-post-thumbnail","hentry","category-regionales"],"yoast_head":"<!-- This site is optimized with the Yoast SEO plugin v27.4 - https:\/\/yoast.com\/product\/yoast-seo-wordpress\/ -->\n<title>Delegada del Edo. T\u00e1chira particip\u00f3 en la elecci\u00f3n de consejeros de Protecci\u00f3n del municipio C\u00f3rdoba -<\/title>\n<meta name=\"robots\" content=\"index, follow, max-snippet:-1, max-image-preview:large, max-video-preview:-1\" \/>\n<link rel=\"canonical\" href=\"http:\/\/www.defensoria.gob.ve\/?p=14765\" \/>\n<meta property=\"og:locale\" content=\"es_ES\" \/>\n<meta property=\"og:type\" content=\"article\" \/>\n<meta property=\"og:title\" content=\"Delegada del Edo. T\u00e1chira particip\u00f3 en la elecci\u00f3n de consejeros de Protecci\u00f3n del municipio C\u00f3rdoba -\" \/>\n<meta property=\"og:description\" content=\"(Tachira\/23-Oct-25) Con la participaci\u00f3n de funcionarios y funcionarias de la Defensor\u00eda del Pueblo delegada en el estado T\u00e1chira, Tribunal de Protecci\u00f3n del Ni\u00f1o, Ni\u00f1a y Adolescentes, IDENNA T\u00e1chira y el&hellip;\" \/>\n<meta property=\"og:url\" content=\"http:\/\/www.defensoria.gob.ve\/?p=14765\" \/>\n<meta property=\"article:published_time\" content=\"2025-10-23T19:33:46+00:00\" \/>\n<meta property=\"article:modified_time\" content=\"2025-10-23T19:35:33+00:00\" \/>\n<meta property=\"og:image\" content=\"http:\/\/www.defensoria.gob.ve\/wp-content\/uploads\/2025\/10\/FOTO-1-1.jpeg\" \/>\n\t<meta property=\"og:image:width\" content=\"1040\" \/>\n\t<meta property=\"og:image:height\" content=\"780\" \/>\n\t<meta property=\"og:image:type\" content=\"image\/jpeg\" \/>\n<meta name=\"author\" content=\"KF.\" \/>\n<meta name=\"twitter:card\" content=\"summary_large_image\" \/>\n<meta name=\"twitter:label1\" content=\"Escrito por\" \/>\n\t<meta name=\"twitter:data1\" content=\"KF.\" \/>\n\t<meta name=\"twitter:label2\" content=\"Tiempo estimado de lectura\" \/>\n\t<meta name=\"twitter:data2\" content=\"2 minutos\" \/>\n<script type=\"application\/ld+json\" class=\"yoast-schema-graph\">{\"@context\":\"https:\\\/\\\/schema.org\",\"@graph\":[{\"@type\":\"Article\",\"@id\":\"http:\\\/\\\/www.defensoria.gob.ve\\\/?p=14765#article\",\"isPartOf\":{\"@id\":\"http:\\\/\\\/www.defensoria.gob.ve\\\/?p=14765\"},\"author\":{\"name\":\"KF.\",\"@id\":\"http:\\\/\\\/www.defensoria.gob.ve\\\/#\\\/schema\\\/person\\\/0fcc680c550d91982c4c009f5b19b8ec\"},\"headline\":\"Delegada del Edo. T\u00e1chira particip\u00f3 en la elecci\u00f3n de consejeros de Protecci\u00f3n del municipio C\u00f3rdoba\",\"datePublished\":\"2025-10-23T19:33:46+00:00\",\"dateModified\":\"2025-10-23T19:35:33+00:00\",\"mainEntityOfPage\":{\"@id\":\"http:\\\/\\\/www.defensoria.gob.ve\\\/?p=14765\"},\"wordCount\":263,\"image\":{\"@id\":\"http:\\\/\\\/www.defensoria.gob.ve\\\/?p=14765#primaryimage\"},\"thumbnailUrl\":\"http:\\\/\\\/www.defensoria.gob.ve\\\/wp-content\\\/uploads\\\/2025\\\/10\\\/FOTO-1-1.jpeg\",\"articleSection\":[\"REGIONALES\"],\"inLanguage\":\"es\"},{\"@type\":\"WebPage\",\"@id\":\"http:\\\/\\\/www.defensoria.gob.ve\\\/?p=14765\",\"url\":\"http:\\\/\\\/www.defensoria.gob.ve\\\/?p=14765\",\"name\":\"Delegada del Edo. T\u00e1chira particip\u00f3 en la elecci\u00f3n de consejeros de Protecci\u00f3n del municipio C\u00f3rdoba -\",\"isPartOf\":{\"@id\":\"http:\\\/\\\/www.defensoria.gob.ve\\\/#website\"},\"primaryImageOfPage\":{\"@id\":\"http:\\\/\\\/www.defensoria.gob.ve\\\/?p=14765#primaryimage\"},\"image\":{\"@id\":\"http:\\\/\\\/www.defensoria.gob.ve\\\/?p=14765#primaryimage\"},\"thumbnailUrl\":\"http:\\\/\\\/www.defensoria.gob.ve\\\/wp-content\\\/uploads\\\/2025\\\/10\\\/FOTO-1-1.jpeg\",\"datePublished\":\"2025-10-23T19:33:46+00:00\",\"dateModified\":\"2025-10-23T19:35:33+00:00\",\"author\":{\"@id\":\"http:\\\/\\\/www.defensoria.gob.ve\\\/#\\\/schema\\\/person\\\/0fcc680c550d91982c4c009f5b19b8ec\"},\"breadcrumb\":{\"@id\":\"http:\\\/\\\/www.defensoria.gob.ve\\\/?p=14765#breadcrumb\"},\"inLanguage\":\"es\",\"potentialAction\":[{\"@type\":\"ReadAction\",\"target\":[\"http:\\\/\\\/www.defensoria.gob.ve\\\/?p=14765\"]}]},{\"@type\":\"ImageObject\",\"inLanguage\":\"es\",\"@id\":\"http:\\\/\\\/www.defensoria.gob.ve\\\/?p=14765#primaryimage\",\"url\":\"http:\\\/\\\/www.defensoria.gob.ve\\\/wp-content\\\/uploads\\\/2025\\\/10\\\/FOTO-1-1.jpeg\",\"contentUrl\":\"http:\\\/\\\/www.defensoria.gob.ve\\\/wp-content\\\/uploads\\\/2025\\\/10\\\/FOTO-1-1.jpeg\",\"width\":1040,\"height\":780},{\"@type\":\"BreadcrumbList\",\"@id\":\"http:\\\/\\\/www.defensoria.gob.ve\\\/?p=14765#breadcrumb\",\"itemListElement\":[{\"@type\":\"ListItem\",\"position\":1,\"name\":\"Portada\",\"item\":\"http:\\\/\\\/www.defensoria.gob.ve\\\/\"},{\"@type\":\"ListItem\",\"position\":2,\"name\":\"Delegada del Edo. T\u00e1chira particip\u00f3 en la elecci\u00f3n de consejeros de Protecci\u00f3n del municipio C\u00f3rdoba\"}]},{\"@type\":\"WebSite\",\"@id\":\"http:\\\/\\\/www.defensoria.gob.ve\\\/#website\",\"url\":\"http:\\\/\\\/www.defensoria.gob.ve\\\/\",\"name\":\"\",\"description\":\"Instituci\u00f3n del Poder Ciudadano para la Promoci\u00f3n, Defensa y Vigilancia de los Derechos Humanos. \",\"potentialAction\":[{\"@type\":\"SearchAction\",\"target\":{\"@type\":\"EntryPoint\",\"urlTemplate\":\"http:\\\/\\\/www.defensoria.gob.ve\\\/?s={search_term_string}\"},\"query-input\":{\"@type\":\"PropertyValueSpecification\",\"valueRequired\":true,\"valueName\":\"search_term_string\"}}],\"inLanguage\":\"es\"},{\"@type\":\"Person\",\"@id\":\"http:\\\/\\\/www.defensoria.gob.ve\\\/#\\\/schema\\\/person\\\/0fcc680c550d91982c4c009f5b19b8ec\",\"name\":\"KF.\",\"image\":{\"@type\":\"ImageObject\",\"inLanguage\":\"es\",\"@id\":\"https:\\\/\\\/secure.gravatar.com\\\/avatar\\\/d7d0d6b70133abf46e0bf5e7f5f63f5ae46353601f9ad9a981c38691d4b186b0?s=96&d=mm&r=g\",\"url\":\"https:\\\/\\\/secure.gravatar.com\\\/avatar\\\/d7d0d6b70133abf46e0bf5e7f5f63f5ae46353601f9ad9a981c38691d4b186b0?s=96&d=mm&r=g\",\"contentUrl\":\"https:\\\/\\\/secure.gravatar.com\\\/avatar\\\/d7d0d6b70133abf46e0bf5e7f5f63f5ae46353601f9ad9a981c38691d4b186b0?s=96&d=mm&r=g\",\"caption\":\"KF.\"},\"url\":\"http:\\\/\\\/www.defensoria.gob.ve\\\/?author=14\"}]}<\/script>\n<!-- \/ Yoast SEO plugin. -->","yoast_head_json":{"title":"Delegada del Edo. T\u00e1chira particip\u00f3 en la elecci\u00f3n de consejeros de Protecci\u00f3n del municipio C\u00f3rdoba -","robots":{"index":"index","follow":"follow","max-snippet":"max-snippet:-1","max-image-preview":"max-image-preview:large","max-video-preview":"max-video-preview:-1"},"canonical":"http:\/\/www.defensoria.gob.ve\/?p=14765","og_locale":"es_ES","og_type":"article","og_title":"Delegada del Edo. T\u00e1chira particip\u00f3 en la elecci\u00f3n de consejeros de Protecci\u00f3n del municipio C\u00f3rdoba -","og_description":"(Tachira\/23-Oct-25) Con la participaci\u00f3n de funcionarios y funcionarias de la Defensor\u00eda del Pueblo delegada en el estado T\u00e1chira, Tribunal de Protecci\u00f3n del Ni\u00f1o, Ni\u00f1a y Adolescentes, IDENNA T\u00e1chira y el&hellip;","og_url":"http:\/\/www.defensoria.gob.ve\/?p=14765","article_published_time":"2025-10-23T19:33:46+00:00","article_modified_time":"2025-10-23T19:35:33+00:00","og_image":[{"width":1040,"height":780,"url":"http:\/\/www.defensoria.gob.ve\/wp-content\/uploads\/2025\/10\/FOTO-1-1.jpeg","type":"image\/jpeg"}],"author":"KF.","twitter_card":"summary_large_image","twitter_misc":{"Escrito por":"KF.","Tiempo estimado de lectura":"2 minutos"},"schema":{"@context":"https:\/\/schema.org","@graph":[{"@type":"Article","@id":"http:\/\/www.defensoria.gob.ve\/?p=14765#article","isPartOf":{"@id":"http:\/\/www.defensoria.gob.ve\/?p=14765"},"author":{"name":"KF.","@id":"http:\/\/www.defensoria.gob.ve\/#\/schema\/person\/0fcc680c550d91982c4c009f5b19b8ec"},"headline":"Delegada del Edo. T\u00e1chira particip\u00f3 en la elecci\u00f3n de consejeros de Protecci\u00f3n del municipio C\u00f3rdoba","datePublished":"2025-10-23T19:33:46+00:00","dateModified":"2025-10-23T19:35:33+00:00","mainEntityOfPage":{"@id":"http:\/\/www.defensoria.gob.ve\/?p=14765"},"wordCount":263,"image":{"@id":"http:\/\/www.defensoria.gob.ve\/?p=14765#primaryimage"},"thumbnailUrl":"http:\/\/www.defensoria.gob.ve\/wp-content\/uploads\/2025\/10\/FOTO-1-1.jpeg","articleSection":["REGIONALES"],"inLanguage":"es"},{"@type":"WebPage","@id":"http:\/\/www.defensoria.gob.ve\/?p=14765","url":"http:\/\/www.defensoria.gob.ve\/?p=14765","name":"Delegada del Edo. T\u00e1chira particip\u00f3 en la elecci\u00f3n de consejeros de Protecci\u00f3n del municipio C\u00f3rdoba -","isPartOf":{"@id":"http:\/\/www.defensoria.gob.ve\/#website"},"primaryImageOfPage":{"@id":"http:\/\/www.defensoria.gob.ve\/?p=14765#primaryimage"},"image":{"@id":"http:\/\/www.defensoria.gob.ve\/?p=14765#primaryimage"},"thumbnailUrl":"http:\/\/www.defensoria.gob.ve\/wp-content\/uploads\/2025\/10\/FOTO-1-1.jpeg","datePublished":"2025-10-23T19:33:46+00:00","dateModified":"2025-10-23T19:35:33+00:00","author":{"@id":"http:\/\/www.defensoria.gob.ve\/#\/schema\/person\/0fcc680c550d91982c4c009f5b19b8ec"},"breadcrumb":{"@id":"http:\/\/www.defensoria.gob.ve\/?p=14765#breadcrumb"},"inLanguage":"es","potentialAction":[{"@type":"ReadAction","target":["http:\/\/www.defensoria.gob.ve\/?p=14765"]}]},{"@type":"ImageObject","inLanguage":"es","@id":"http:\/\/www.defensoria.gob.ve\/?p=14765#primaryimage","url":"http:\/\/www.defensoria.gob.ve\/wp-content\/uploads\/2025\/10\/FOTO-1-1.jpeg","contentUrl":"http:\/\/www.defensoria.gob.ve\/wp-content\/uploads\/2025\/10\/FOTO-1-1.jpeg","width":1040,"height":780},{"@type":"BreadcrumbList","@id":"http:\/\/www.defensoria.gob.ve\/?p=14765#breadcrumb","itemListElement":[{"@type":"ListItem","position":1,"name":"Portada","item":"http:\/\/www.defensoria.gob.ve\/"},{"@type":"ListItem","position":2,"name":"Delegada del Edo. T\u00e1chira particip\u00f3 en la elecci\u00f3n de consejeros de Protecci\u00f3n del municipio C\u00f3rdoba"}]},{"@type":"WebSite","@id":"http:\/\/www.defensoria.gob.ve\/#website","url":"http:\/\/www.defensoria.gob.ve\/","name":"","description":"Instituci\u00f3n del Poder Ciudadano para la Promoci\u00f3n, Defensa y Vigilancia de los Derechos Humanos. ","potentialAction":[{"@type":"SearchAction","target":{"@type":"EntryPoint","urlTemplate":"http:\/\/www.defensoria.gob.ve\/?s={search_term_string}"},"query-input":{"@type":"PropertyValueSpecification","valueRequired":true,"valueName":"search_term_string"}}],"inLanguage":"es"},{"@type":"Person","@id":"http:\/\/www.defensoria.gob.ve\/#\/schema\/person\/0fcc680c550d91982c4c009f5b19b8ec","name":"KF.","image":{"@type":"ImageObject","inLanguage":"es","@id":"https:\/\/secure.gravatar.com\/avatar\/d7d0d6b70133abf46e0bf5e7f5f63f5ae46353601f9ad9a981c38691d4b186b0?s=96&d=mm&r=g","url":"https:\/\/secure.gravatar.com\/avatar\/d7d0d6b70133abf46e0bf5e7f5f63f5ae46353601f9ad9a981c38691d4b186b0?s=96&d=mm&r=g","contentUrl":"https:\/\/secure.gravatar.com\/avatar\/d7d0d6b70133abf46e0bf5e7f5f63f5ae46353601f9ad9a981c38691d4b186b0?s=96&d=mm&r=g","caption":"KF."},"url":"http:\/\/www.defensoria.gob.ve\/?author=14"}]}},"_links":{"self":[{"href":"http:\/\/www.defensoria.gob.ve\/index.php?rest_route=\/wp\/v2\/posts\/14765","targetHints":{"allow":["GET"]}}],"collection":[{"href":"http:\/\/www.defensoria.gob.ve\/index.php?rest_route=\/wp\/v2\/posts"}],"about":[{"href":"http:\/\/www.defensoria.gob.ve\/index.php?rest_route=\/wp\/v2\/types\/post"}],"author":[{"embeddable":true,"href":"http:\/\/www.defensoria.gob.ve\/index.php?rest_route=\/wp\/v2\/users\/14"}],"replies":[{"embeddable":true,"href":"http:\/\/www.defensoria.gob.ve\/index.php?rest_route=%2Fwp%2Fv2%2Fcomments&post=14765"}],"version-history":[{"count":4,"href":"http:\/\/www.defensoria.gob.ve\/index.php?rest_route=\/wp\/v2\/posts\/14765\/revisions"}],"predecessor-version":[{"id":14772,"href":"http:\/\/www.defensoria.gob.ve\/index.php?rest_route=\/wp\/v2\/posts\/14765\/revisions\/14772"}],"wp:featuredmedia":[{"embeddable":true,"href":"http:\/\/www.defensoria.gob.ve\/index.php?rest_route=\/wp\/v2\/media\/14768"}],"wp:attachment":[{"href":"http:\/\/www.defensoria.gob.ve\/index.php?rest_route=%2Fwp%2Fv2%2Fmedia&parent=14765"}],"wp:term":[{"taxonomy":"category","embeddable":true,"href":"http:\/\/www.defensoria.gob.ve\/index.php?rest_route=%2Fwp%2Fv2%2Fcategories&post=14765"},{"taxonomy":"post_tag","embeddable":true,"href":"http:\/\/www.defensoria.gob.ve\/index.php?rest_route=%2Fwp%2Fv2%2Ftags&post=14765"}],"curies":[{"name":"wp","href":"https:\/\/api.w.org\/{rel}","templated":true}]}}