 
{"id":14777,"date":"2025-10-23T17:21:41","date_gmt":"2025-10-23T21:21:41","guid":{"rendered":"http:\/\/www.defensoria.gob.ve\/?p=14777"},"modified":"2025-10-23T17:25:12","modified_gmt":"2025-10-23T21:25:12","slug":"defensor-del-pueblo-participo-via-online-en-la-ix-conferencia-internacional-ddhh-en-la-era-digital-realizada-en-moscu","status":"publish","type":"post","link":"http:\/\/www.defensoria.gob.ve\/?p=14777","title":{"rendered":"Defensor del Pueblo particip\u00f3 v\u00eda online en la IX Conferencia Internacional: DDHH en la era Digital realizada en Mosc\u00fa"},"content":{"rendered":"\t\t<div data-elementor-type=\"wp-post\" data-elementor-id=\"14777\" class=\"elementor elementor-14777\">\n\t\t\t\t\t\t<section class=\"elementor-section elementor-top-section elementor-element elementor-element-6ed9e8d elementor-section-boxed elementor-section-height-default elementor-section-height-default\" data-id=\"6ed9e8d\" data-element_type=\"section\" data-e-type=\"section\">\n\t\t\t\t\t\t<div class=\"elementor-container elementor-column-gap-default\">\n\t\t\t\t\t<div class=\"elementor-column elementor-col-100 elementor-top-column elementor-element elementor-element-2dae10b\" data-id=\"2dae10b\" data-element_type=\"column\" data-e-type=\"column\">\n\t\t\t<div class=\"elementor-widget-wrap elementor-element-populated\">\n\t\t\t\t\t\t<div class=\"elementor-element elementor-element-1cc5fe56 elementor-widget elementor-widget-text-editor\" data-id=\"1cc5fe56\" data-element_type=\"widget\" data-e-type=\"widget\" data-widget_type=\"text-editor.default\">\n\t\t\t\t<div class=\"elementor-widget-container\">\n\t\t\t\t\t\t\t\t\t<p><\/p>\n<p><strong>(23-Oct-25)<\/strong> El Defensor del Pueblo de la Rep\u00fablica Bolivariana de Venezuela, Alfredo Ruiz, particip\u00f3 v\u00eda online en la IX Conferencia Internacional Cient\u00edfica y Pr\u00e1ctica, e intercambio de las mejores pr\u00e1cticas de las Defensoras y Defensores del Pueblo, dedicada a el problema de la protecci\u00f3n de los derechos humanos en la sociedad digitalizada, invitado por la Alta Comisionada de Derechos Humanos de la Federaci\u00f3n Rusa, Tatiana Moskalkova.<\/p>\n<p><\/p>\n<p>Durante su ponencia, el Defensor destac\u00f3 que esta conferencia no solo facilita el intercambio entre instituciones de derechos humanos, sino que representa un cambio de paradigma mundial a favor de la humanidad y los derechos humanos en el campo digital.<\/p>\n<p><\/p>\n<p>Ruiz fundament\u00f3 que en Venezuela se reconoce el inter\u00e9s p\u00fablico de la ciencia, la tecnolog\u00eda, el conocimiento, la innovaci\u00f3n y los servicios de informaci\u00f3n, por ser fundamentales para el desarrollo econ\u00f3mico, pol\u00edtico y social del pa\u00eds.<\/p>\n<p><\/p>\n<p>En los \u00faltimos 20 a\u00f1os, se ha creado un conjunto de leyes y planes de desarrollo que regulan la materia, sobre la cual se sustentan las pol\u00edticas p\u00fablicas.&nbsp; La digitalizaci\u00f3n y el acceso a internet ha tra\u00eddo mejor calidad de vida, ahorro de recursos econ\u00f3micos, eliminaci\u00f3n y simplificaci\u00f3n de procesos, entre otros avances. Adem\u00e1s de la implementaci\u00f3n de sistemas digitalizados con que opera un gran n\u00famero de las instituciones estatales.<\/p>\n<p><\/p>\n<p>Entre las pol\u00edticas p\u00fablicas, se destaca la Gran Misi\u00f3n Ciencia, que busca entre sus objetivos, la preservaci\u00f3n del talento, fortalecimiento a la investigaci\u00f3n, su aplicaci\u00f3n cient\u00edfica a la producci\u00f3n y la transformaci\u00f3n digital para mejorar la eficiencia y la calidad de vida.&nbsp; Destaca este a\u00f1o la creaci\u00f3n de la Universidad de las Ciencias, Dr. Humberto Fern\u00e1ndez Mor\u00e1n, y la incorporaci\u00f3n en ella de carreras o programas de formaci\u00f3n como: Rob\u00f3tica, F\u00edsica nuclear, Ciencia de datos, Oceanolog\u00eda, Nanotecnolog\u00eda, Electromedicina y licenciatura en biotecnolog\u00eda, entre otras.<\/p>\n<p><\/p>\n<p>Con ello se busca ir a la digitalizaci\u00f3n para optimizar la ense\u00f1anza de la ciencia y la creaci\u00f3n de una red de inteligencia artificial, con visi\u00f3n humanista y apropiaci\u00f3n colectiva del conocimiento. Estos logros progresivos se han alcanzado gracias tambi\u00e9n, a la cooperaci\u00f3n de los pa\u00edses BRICS y pa\u00edses de la regi\u00f3n latinoamericana.<\/p>\n<p><\/p>\n<p>Ruiz se\u00f1al\u00f3 que \u201cpara garantizar los derechos humanos a\u00fan tenemos que trabajar en la democratizaci\u00f3n de los avances en esta \u00e1rea; sobre todo, con las personas de m\u00e1s edad, con las m\u00e1s alejadas de las ciudades y las que tienen menos acceso a la formaci\u00f3n en tecnolog\u00eda, as\u00ed como el acceso a los equipos tecnol\u00f3gicos y la tecnolog\u00eda; especialmente en la educaci\u00f3n y en el \u00e1mbito laboral\u201d.&nbsp;&nbsp;&nbsp;&nbsp;&nbsp;&nbsp;<\/p>\n<p><\/p>\n<p>Por \u00faltimo, destac\u00f3 los aportes tecnol\u00f3gicos en el Derecho a la Justicia y al Debido Proceso, que han logrado obtener grandes avances con la telem\u00e1tica, por cuanto se permite las notificaciones por cualquiera de los medios digitales, otorgamiento de poderes a las abogadas y los abogados por parte de personas que se encuentran en el exterior, celebraci\u00f3n de audiencias sin necesidad de traslados a otras jurisdicciones, as\u00ed como el otorgamiento de permisos de viajes de los Ni\u00f1os Ni\u00f1as y Adolescentes, entre otros.<\/p>\n<p><\/p>\n<p>La Defensor\u00eda del Pueblo continua con el intercambio permanente con instituciones de derechos humanos, en el pa\u00eds, en la regi\u00f3n y en otros continentes; para continuar avanzando, implementando nuevas pr\u00e1cticas y acciones en favor de la vida, la justicia y los derechos Humanos. &nbsp;<strong>FIN\/PRENSA Defensor\u00eda<\/strong><\/p>\n<p><\/p>\t\t\t\t\t\t\t\t<\/div>\n\t\t\t\t<\/div>\n\t\t\t\t\t<\/div>\n\t\t<\/div>\n\t\t\t\t\t<\/div>\n\t\t<\/section>\n\t\t\t\t<\/div>\n\t\t","protected":false},"excerpt":{"rendered":"<p>(23-Oct-25) El Defensor del Pueblo de la Rep\u00fablica Bolivariana de Venezuela, Alfredo Ruiz, particip\u00f3 v\u00eda online en la IX Conferencia Internacional Cient\u00edfica y Pr\u00e1ctica, e intercambio de las mejores pr\u00e1cticas&hellip; <\/p>\n","protected":false},"author":5,"featured_media":14774,"comment_status":"closed","ping_status":"open","sticky":false,"template":"","format":"standard","meta":{"footnotes":""},"categories":[3],"tags":[],"class_list":["post-14777","post","type-post","status-publish","format-standard","has-post-thumbnail","hentry","category-centrales"],"yoast_head":"<!-- This site is optimized with the Yoast SEO plugin v27.4 - https:\/\/yoast.com\/product\/yoast-seo-wordpress\/ -->\n<title>Defensor del Pueblo particip\u00f3 v\u00eda online en la IX Conferencia Internacional: DDHH en la era Digital realizada en Mosc\u00fa -<\/title>\n<meta name=\"robots\" content=\"index, follow, max-snippet:-1, max-image-preview:large, max-video-preview:-1\" \/>\n<link rel=\"canonical\" href=\"http:\/\/www.defensoria.gob.ve\/?p=14777\" \/>\n<meta property=\"og:locale\" content=\"es_ES\" \/>\n<meta property=\"og:type\" content=\"article\" \/>\n<meta property=\"og:title\" content=\"Defensor del Pueblo particip\u00f3 v\u00eda online en la IX Conferencia Internacional: DDHH en la era Digital realizada en Mosc\u00fa -\" \/>\n<meta property=\"og:description\" content=\"(23-Oct-25) El Defensor del Pueblo de la Rep\u00fablica Bolivariana de Venezuela, Alfredo Ruiz, particip\u00f3 v\u00eda online en la IX Conferencia Internacional Cient\u00edfica y Pr\u00e1ctica, e intercambio de las mejores pr\u00e1cticas&hellip;\" \/>\n<meta property=\"og:url\" content=\"http:\/\/www.defensoria.gob.ve\/?p=14777\" \/>\n<meta property=\"article:published_time\" content=\"2025-10-23T21:21:41+00:00\" \/>\n<meta property=\"article:modified_time\" content=\"2025-10-23T21:25:12+00:00\" \/>\n<meta property=\"og:image\" content=\"http:\/\/www.defensoria.gob.ve\/wp-content\/uploads\/2025\/10\/RUSIA-PONENCIA-ONLINE.jpg\" \/>\n\t<meta property=\"og:image:width\" content=\"1280\" \/>\n\t<meta property=\"og:image:height\" content=\"720\" \/>\n\t<meta property=\"og:image:type\" content=\"image\/jpeg\" \/>\n<meta name=\"author\" content=\"JC.\" \/>\n<meta name=\"twitter:card\" content=\"summary_large_image\" \/>\n<meta name=\"twitter:label1\" content=\"Escrito por\" \/>\n\t<meta name=\"twitter:data1\" content=\"JC.\" \/>\n\t<meta name=\"twitter:label2\" content=\"Tiempo estimado de lectura\" \/>\n\t<meta name=\"twitter:data2\" content=\"3 minutos\" \/>\n<script type=\"application\/ld+json\" class=\"yoast-schema-graph\">{\"@context\":\"https:\\\/\\\/schema.org\",\"@graph\":[{\"@type\":\"Article\",\"@id\":\"http:\\\/\\\/www.defensoria.gob.ve\\\/?p=14777#article\",\"isPartOf\":{\"@id\":\"http:\\\/\\\/www.defensoria.gob.ve\\\/?p=14777\"},\"author\":{\"name\":\"JC.\",\"@id\":\"http:\\\/\\\/www.defensoria.gob.ve\\\/#\\\/schema\\\/person\\\/fba14293189d7b1933ac7fba9d89e24a\"},\"headline\":\"Defensor del Pueblo particip\u00f3 v\u00eda online en la IX Conferencia Internacional: DDHH en la era Digital realizada en Mosc\u00fa\",\"datePublished\":\"2025-10-23T21:21:41+00:00\",\"dateModified\":\"2025-10-23T21:25:12+00:00\",\"mainEntityOfPage\":{\"@id\":\"http:\\\/\\\/www.defensoria.gob.ve\\\/?p=14777\"},\"wordCount\":648,\"image\":{\"@id\":\"http:\\\/\\\/www.defensoria.gob.ve\\\/?p=14777#primaryimage\"},\"thumbnailUrl\":\"http:\\\/\\\/www.defensoria.gob.ve\\\/wp-content\\\/uploads\\\/2025\\\/10\\\/RUSIA-PONENCIA-ONLINE.jpg\",\"articleSection\":[\"CENTRALES\"],\"inLanguage\":\"es\"},{\"@type\":\"WebPage\",\"@id\":\"http:\\\/\\\/www.defensoria.gob.ve\\\/?p=14777\",\"url\":\"http:\\\/\\\/www.defensoria.gob.ve\\\/?p=14777\",\"name\":\"Defensor del Pueblo particip\u00f3 v\u00eda online en la IX Conferencia Internacional: DDHH en la era Digital realizada en Mosc\u00fa -\",\"isPartOf\":{\"@id\":\"http:\\\/\\\/www.defensoria.gob.ve\\\/#website\"},\"primaryImageOfPage\":{\"@id\":\"http:\\\/\\\/www.defensoria.gob.ve\\\/?p=14777#primaryimage\"},\"image\":{\"@id\":\"http:\\\/\\\/www.defensoria.gob.ve\\\/?p=14777#primaryimage\"},\"thumbnailUrl\":\"http:\\\/\\\/www.defensoria.gob.ve\\\/wp-content\\\/uploads\\\/2025\\\/10\\\/RUSIA-PONENCIA-ONLINE.jpg\",\"datePublished\":\"2025-10-23T21:21:41+00:00\",\"dateModified\":\"2025-10-23T21:25:12+00:00\",\"author\":{\"@id\":\"http:\\\/\\\/www.defensoria.gob.ve\\\/#\\\/schema\\\/person\\\/fba14293189d7b1933ac7fba9d89e24a\"},\"breadcrumb\":{\"@id\":\"http:\\\/\\\/www.defensoria.gob.ve\\\/?p=14777#breadcrumb\"},\"inLanguage\":\"es\",\"potentialAction\":[{\"@type\":\"ReadAction\",\"target\":[\"http:\\\/\\\/www.defensoria.gob.ve\\\/?p=14777\"]}]},{\"@type\":\"ImageObject\",\"inLanguage\":\"es\",\"@id\":\"http:\\\/\\\/www.defensoria.gob.ve\\\/?p=14777#primaryimage\",\"url\":\"http:\\\/\\\/www.defensoria.gob.ve\\\/wp-content\\\/uploads\\\/2025\\\/10\\\/RUSIA-PONENCIA-ONLINE.jpg\",\"contentUrl\":\"http:\\\/\\\/www.defensoria.gob.ve\\\/wp-content\\\/uploads\\\/2025\\\/10\\\/RUSIA-PONENCIA-ONLINE.jpg\",\"width\":1280,\"height\":720},{\"@type\":\"BreadcrumbList\",\"@id\":\"http:\\\/\\\/www.defensoria.gob.ve\\\/?p=14777#breadcrumb\",\"itemListElement\":[{\"@type\":\"ListItem\",\"position\":1,\"name\":\"Portada\",\"item\":\"http:\\\/\\\/www.defensoria.gob.ve\\\/\"},{\"@type\":\"ListItem\",\"position\":2,\"name\":\"Defensor del Pueblo particip\u00f3 v\u00eda online en la IX Conferencia Internacional: DDHH en la era Digital realizada en Mosc\u00fa\"}]},{\"@type\":\"WebSite\",\"@id\":\"http:\\\/\\\/www.defensoria.gob.ve\\\/#website\",\"url\":\"http:\\\/\\\/www.defensoria.gob.ve\\\/\",\"name\":\"\",\"description\":\"Instituci\u00f3n del Poder Ciudadano para la Promoci\u00f3n, Defensa y Vigilancia de los Derechos Humanos. \",\"potentialAction\":[{\"@type\":\"SearchAction\",\"target\":{\"@type\":\"EntryPoint\",\"urlTemplate\":\"http:\\\/\\\/www.defensoria.gob.ve\\\/?s={search_term_string}\"},\"query-input\":{\"@type\":\"PropertyValueSpecification\",\"valueRequired\":true,\"valueName\":\"search_term_string\"}}],\"inLanguage\":\"es\"},{\"@type\":\"Person\",\"@id\":\"http:\\\/\\\/www.defensoria.gob.ve\\\/#\\\/schema\\\/person\\\/fba14293189d7b1933ac7fba9d89e24a\",\"name\":\"JC.\",\"image\":{\"@type\":\"ImageObject\",\"inLanguage\":\"es\",\"@id\":\"https:\\\/\\\/secure.gravatar.com\\\/avatar\\\/f398a4de948606b38f0299d90ca738c674b648694bc725ed46503c240269dbf8?s=96&d=mm&r=g\",\"url\":\"https:\\\/\\\/secure.gravatar.com\\\/avatar\\\/f398a4de948606b38f0299d90ca738c674b648694bc725ed46503c240269dbf8?s=96&d=mm&r=g\",\"contentUrl\":\"https:\\\/\\\/secure.gravatar.com\\\/avatar\\\/f398a4de948606b38f0299d90ca738c674b648694bc725ed46503c240269dbf8?s=96&d=mm&r=g\",\"caption\":\"JC.\"},\"url\":\"http:\\\/\\\/www.defensoria.gob.ve\\\/?author=5\"}]}<\/script>\n<!-- \/ Yoast SEO plugin. -->","yoast_head_json":{"title":"Defensor del Pueblo particip\u00f3 v\u00eda online en la IX Conferencia Internacional: DDHH en la era Digital realizada en Mosc\u00fa -","robots":{"index":"index","follow":"follow","max-snippet":"max-snippet:-1","max-image-preview":"max-image-preview:large","max-video-preview":"max-video-preview:-1"},"canonical":"http:\/\/www.defensoria.gob.ve\/?p=14777","og_locale":"es_ES","og_type":"article","og_title":"Defensor del Pueblo particip\u00f3 v\u00eda online en la IX Conferencia Internacional: DDHH en la era Digital realizada en Mosc\u00fa -","og_description":"(23-Oct-25) El Defensor del Pueblo de la Rep\u00fablica Bolivariana de Venezuela, Alfredo Ruiz, particip\u00f3 v\u00eda online en la IX Conferencia Internacional Cient\u00edfica y Pr\u00e1ctica, e intercambio de las mejores pr\u00e1cticas&hellip;","og_url":"http:\/\/www.defensoria.gob.ve\/?p=14777","article_published_time":"2025-10-23T21:21:41+00:00","article_modified_time":"2025-10-23T21:25:12+00:00","og_image":[{"width":1280,"height":720,"url":"http:\/\/www.defensoria.gob.ve\/wp-content\/uploads\/2025\/10\/RUSIA-PONENCIA-ONLINE.jpg","type":"image\/jpeg"}],"author":"JC.","twitter_card":"summary_large_image","twitter_misc":{"Escrito por":"JC.","Tiempo estimado de lectura":"3 minutos"},"schema":{"@context":"https:\/\/schema.org","@graph":[{"@type":"Article","@id":"http:\/\/www.defensoria.gob.ve\/?p=14777#article","isPartOf":{"@id":"http:\/\/www.defensoria.gob.ve\/?p=14777"},"author":{"name":"JC.","@id":"http:\/\/www.defensoria.gob.ve\/#\/schema\/person\/fba14293189d7b1933ac7fba9d89e24a"},"headline":"Defensor del Pueblo particip\u00f3 v\u00eda online en la IX Conferencia Internacional: DDHH en la era Digital realizada en Mosc\u00fa","datePublished":"2025-10-23T21:21:41+00:00","dateModified":"2025-10-23T21:25:12+00:00","mainEntityOfPage":{"@id":"http:\/\/www.defensoria.gob.ve\/?p=14777"},"wordCount":648,"image":{"@id":"http:\/\/www.defensoria.gob.ve\/?p=14777#primaryimage"},"thumbnailUrl":"http:\/\/www.defensoria.gob.ve\/wp-content\/uploads\/2025\/10\/RUSIA-PONENCIA-ONLINE.jpg","articleSection":["CENTRALES"],"inLanguage":"es"},{"@type":"WebPage","@id":"http:\/\/www.defensoria.gob.ve\/?p=14777","url":"http:\/\/www.defensoria.gob.ve\/?p=14777","name":"Defensor del Pueblo particip\u00f3 v\u00eda online en la IX Conferencia Internacional: DDHH en la era Digital realizada en Mosc\u00fa -","isPartOf":{"@id":"http:\/\/www.defensoria.gob.ve\/#website"},"primaryImageOfPage":{"@id":"http:\/\/www.defensoria.gob.ve\/?p=14777#primaryimage"},"image":{"@id":"http:\/\/www.defensoria.gob.ve\/?p=14777#primaryimage"},"thumbnailUrl":"http:\/\/www.defensoria.gob.ve\/wp-content\/uploads\/2025\/10\/RUSIA-PONENCIA-ONLINE.jpg","datePublished":"2025-10-23T21:21:41+00:00","dateModified":"2025-10-23T21:25:12+00:00","author":{"@id":"http:\/\/www.defensoria.gob.ve\/#\/schema\/person\/fba14293189d7b1933ac7fba9d89e24a"},"breadcrumb":{"@id":"http:\/\/www.defensoria.gob.ve\/?p=14777#breadcrumb"},"inLanguage":"es","potentialAction":[{"@type":"ReadAction","target":["http:\/\/www.defensoria.gob.ve\/?p=14777"]}]},{"@type":"ImageObject","inLanguage":"es","@id":"http:\/\/www.defensoria.gob.ve\/?p=14777#primaryimage","url":"http:\/\/www.defensoria.gob.ve\/wp-content\/uploads\/2025\/10\/RUSIA-PONENCIA-ONLINE.jpg","contentUrl":"http:\/\/www.defensoria.gob.ve\/wp-content\/uploads\/2025\/10\/RUSIA-PONENCIA-ONLINE.jpg","width":1280,"height":720},{"@type":"BreadcrumbList","@id":"http:\/\/www.defensoria.gob.ve\/?p=14777#breadcrumb","itemListElement":[{"@type":"ListItem","position":1,"name":"Portada","item":"http:\/\/www.defensoria.gob.ve\/"},{"@type":"ListItem","position":2,"name":"Defensor del Pueblo particip\u00f3 v\u00eda online en la IX Conferencia Internacional: DDHH en la era Digital realizada en Mosc\u00fa"}]},{"@type":"WebSite","@id":"http:\/\/www.defensoria.gob.ve\/#website","url":"http:\/\/www.defensoria.gob.ve\/","name":"","description":"Instituci\u00f3n del Poder Ciudadano para la Promoci\u00f3n, Defensa y Vigilancia de los Derechos Humanos. ","potentialAction":[{"@type":"SearchAction","target":{"@type":"EntryPoint","urlTemplate":"http:\/\/www.defensoria.gob.ve\/?s={search_term_string}"},"query-input":{"@type":"PropertyValueSpecification","valueRequired":true,"valueName":"search_term_string"}}],"inLanguage":"es"},{"@type":"Person","@id":"http:\/\/www.defensoria.gob.ve\/#\/schema\/person\/fba14293189d7b1933ac7fba9d89e24a","name":"JC.","image":{"@type":"ImageObject","inLanguage":"es","@id":"https:\/\/secure.gravatar.com\/avatar\/f398a4de948606b38f0299d90ca738c674b648694bc725ed46503c240269dbf8?s=96&d=mm&r=g","url":"https:\/\/secure.gravatar.com\/avatar\/f398a4de948606b38f0299d90ca738c674b648694bc725ed46503c240269dbf8?s=96&d=mm&r=g","contentUrl":"https:\/\/secure.gravatar.com\/avatar\/f398a4de948606b38f0299d90ca738c674b648694bc725ed46503c240269dbf8?s=96&d=mm&r=g","caption":"JC."},"url":"http:\/\/www.defensoria.gob.ve\/?author=5"}]}},"_links":{"self":[{"href":"http:\/\/www.defensoria.gob.ve\/index.php?rest_route=\/wp\/v2\/posts\/14777","targetHints":{"allow":["GET"]}}],"collection":[{"href":"http:\/\/www.defensoria.gob.ve\/index.php?rest_route=\/wp\/v2\/posts"}],"about":[{"href":"http:\/\/www.defensoria.gob.ve\/index.php?rest_route=\/wp\/v2\/types\/post"}],"author":[{"embeddable":true,"href":"http:\/\/www.defensoria.gob.ve\/index.php?rest_route=\/wp\/v2\/users\/5"}],"replies":[{"embeddable":true,"href":"http:\/\/www.defensoria.gob.ve\/index.php?rest_route=%2Fwp%2Fv2%2Fcomments&post=14777"}],"version-history":[{"count":10,"href":"http:\/\/www.defensoria.gob.ve\/index.php?rest_route=\/wp\/v2\/posts\/14777\/revisions"}],"predecessor-version":[{"id":14787,"href":"http:\/\/www.defensoria.gob.ve\/index.php?rest_route=\/wp\/v2\/posts\/14777\/revisions\/14787"}],"wp:featuredmedia":[{"embeddable":true,"href":"http:\/\/www.defensoria.gob.ve\/index.php?rest_route=\/wp\/v2\/media\/14774"}],"wp:attachment":[{"href":"http:\/\/www.defensoria.gob.ve\/index.php?rest_route=%2Fwp%2Fv2%2Fmedia&parent=14777"}],"wp:term":[{"taxonomy":"category","embeddable":true,"href":"http:\/\/www.defensoria.gob.ve\/index.php?rest_route=%2Fwp%2Fv2%2Fcategories&post=14777"},{"taxonomy":"post_tag","embeddable":true,"href":"http:\/\/www.defensoria.gob.ve\/index.php?rest_route=%2Fwp%2Fv2%2Ftags&post=14777"}],"curies":[{"name":"wp","href":"https:\/\/api.w.org\/{rel}","templated":true}]}}