 
{"id":14788,"date":"2025-10-24T10:21:29","date_gmt":"2025-10-24T14:21:29","guid":{"rendered":"http:\/\/www.defensoria.gob.ve\/?p=14788"},"modified":"2025-10-24T10:23:20","modified_gmt":"2025-10-24T14:23:20","slug":"delegada-de-falcon-participo-en-reunion-interinstitucional-para-tratar-problematica-electrica-en-la-region","status":"publish","type":"post","link":"http:\/\/www.defensoria.gob.ve\/?p=14788","title":{"rendered":"Delegada de Falc\u00f3n particip\u00f3 en reuni\u00f3n interinstitucional para tratar problem\u00e1tica el\u00e9ctrica en la regi\u00f3n"},"content":{"rendered":"\t\t<div data-elementor-type=\"wp-post\" data-elementor-id=\"14788\" class=\"elementor elementor-14788\">\n\t\t\t\t\t\t<section class=\"elementor-section elementor-top-section elementor-element elementor-element-792f5a9f elementor-section-boxed elementor-section-height-default elementor-section-height-default\" data-id=\"792f5a9f\" data-element_type=\"section\" data-e-type=\"section\">\n\t\t\t\t\t\t<div class=\"elementor-container elementor-column-gap-default\">\n\t\t\t\t\t<div class=\"elementor-column elementor-col-100 elementor-top-column elementor-element elementor-element-403d50c7\" data-id=\"403d50c7\" data-element_type=\"column\" data-e-type=\"column\">\n\t\t\t<div class=\"elementor-widget-wrap elementor-element-populated\">\n\t\t\t\t\t\t<div class=\"elementor-element elementor-element-5cfbf99a elementor-widget elementor-widget-text-editor\" data-id=\"5cfbf99a\" data-element_type=\"widget\" data-e-type=\"widget\" data-widget_type=\"text-editor.default\">\n\t\t\t\t<div class=\"elementor-widget-container\">\n\t\t\t\t\t\t\t\t\t\n<p><strong>(Falc\u00f3n\/24-Oct-25)<\/strong> La Defensor\u00eda delegada del estado Falc\u00f3n particip\u00f3 en una reuni\u00f3n interinstitucional con los organismos de seguridad, entes regionales y varias empresas privadas para tratar problem\u00e1tica el\u00e9ctrica en la regi\u00f3n. <\/p>\n\n\n\n<p>Dicha reuni\u00f3n se efectu\u00f3 con la finalidad de articular esfuerzos y ejecutar acciones que mejoren los problemas del servicio el\u00e9ctrico en la entidad, generados por falta de mantenimiento. Las zonas en las que se encuentran estos tendidos el\u00e9ctricos est\u00e1n bajo la protecci\u00f3n de Inparques, donde su coordinadora regional, Zulibeth Rivero, dispuso su espacio para realizar la reuni\u00f3n, atendiendo una solicitud de Protecci\u00f3n Civil, PoliFalc\u00f3n y Movistar. <\/p>\n\n\n\n<figure class=\"wp-block-image size-full\"><img fetchpriority=\"high\" decoding=\"async\" width=\"1280\" height=\"960\" src=\"http:\/\/www.defensoria.gob.ve\/wp-content\/uploads\/2025\/10\/67173f87-693b-40cc-964a-3016fe7c6d72-1.jpg\" alt=\"\" class=\"wp-image-14789\" srcset=\"http:\/\/www.defensoria.gob.ve\/wp-content\/uploads\/2025\/10\/67173f87-693b-40cc-964a-3016fe7c6d72-1.jpg 1280w, http:\/\/www.defensoria.gob.ve\/wp-content\/uploads\/2025\/10\/67173f87-693b-40cc-964a-3016fe7c6d72-1-768x576.jpg 768w\" sizes=\"(max-width: 1280px) 100vw, 1280px\" \/><\/figure>\n\n\n\n<p>Por su parte, el Defensor delegado, Edisoie Sandoval, propuso que, en consonancia con los operativos de desmalezamiento y poda de la vegetaci\u00f3n se deben generar actividades de reforestaci\u00f3n que coadyuven al mayor equilibrio y protecci\u00f3n del ambiente. <strong>FIN \/ PRENSA Defensor\u00eda<\/strong><\/p>\n\n\n\n<p><\/p>\n\n\n\n<p><\/p>\n\t\t\t\t\t\t\t\t<\/div>\n\t\t\t\t<\/div>\n\t\t\t\t\t<\/div>\n\t\t<\/div>\n\t\t\t\t\t<\/div>\n\t\t<\/section>\n\t\t\t\t<\/div>\n\t\t","protected":false},"excerpt":{"rendered":"<p>(Falc\u00f3n\/24-Oct-25) La Defensor\u00eda delegada del estado Falc\u00f3n particip\u00f3 en una reuni\u00f3n interinstitucional con los organismos de seguridad, entes regionales y varias empresas privadas para tratar problem\u00e1tica el\u00e9ctrica en la regi\u00f3n.&hellip; <\/p>\n","protected":false},"author":5,"featured_media":14790,"comment_status":"closed","ping_status":"open","sticky":false,"template":"","format":"standard","meta":{"footnotes":""},"categories":[5],"tags":[],"class_list":["post-14788","post","type-post","status-publish","format-standard","has-post-thumbnail","hentry","category-regionales"],"yoast_head":"<!-- This site is optimized with the Yoast SEO plugin v27.4 - https:\/\/yoast.com\/product\/yoast-seo-wordpress\/ -->\n<title>Delegada de Falc\u00f3n particip\u00f3 en reuni\u00f3n interinstitucional para tratar problem\u00e1tica el\u00e9ctrica en la regi\u00f3n -<\/title>\n<meta name=\"robots\" content=\"index, follow, max-snippet:-1, max-image-preview:large, max-video-preview:-1\" \/>\n<link rel=\"canonical\" href=\"http:\/\/www.defensoria.gob.ve\/?p=14788\" \/>\n<meta property=\"og:locale\" content=\"es_ES\" \/>\n<meta property=\"og:type\" content=\"article\" \/>\n<meta property=\"og:title\" content=\"Delegada de Falc\u00f3n particip\u00f3 en reuni\u00f3n interinstitucional para tratar problem\u00e1tica el\u00e9ctrica en la regi\u00f3n -\" \/>\n<meta property=\"og:description\" content=\"(Falc\u00f3n\/24-Oct-25) La Defensor\u00eda delegada del estado Falc\u00f3n particip\u00f3 en una reuni\u00f3n interinstitucional con los organismos de seguridad, entes regionales y varias empresas privadas para tratar problem\u00e1tica el\u00e9ctrica en la regi\u00f3n.&hellip;\" \/>\n<meta property=\"og:url\" content=\"http:\/\/www.defensoria.gob.ve\/?p=14788\" \/>\n<meta property=\"article:published_time\" content=\"2025-10-24T14:21:29+00:00\" \/>\n<meta property=\"article:modified_time\" content=\"2025-10-24T14:23:20+00:00\" \/>\n<meta property=\"og:image\" content=\"http:\/\/www.defensoria.gob.ve\/wp-content\/uploads\/2025\/10\/f49bd0aa-e80e-4618-bd22-7d82180cf1d9.jpg\" \/>\n\t<meta property=\"og:image:width\" content=\"800\" \/>\n\t<meta property=\"og:image:height\" content=\"728\" \/>\n\t<meta property=\"og:image:type\" content=\"image\/jpeg\" \/>\n<meta name=\"author\" content=\"JC.\" \/>\n<meta name=\"twitter:card\" content=\"summary_large_image\" \/>\n<meta name=\"twitter:label1\" content=\"Escrito por\" \/>\n\t<meta name=\"twitter:data1\" content=\"JC.\" \/>\n\t<meta name=\"twitter:label2\" content=\"Tiempo estimado de lectura\" \/>\n\t<meta name=\"twitter:data2\" content=\"1 minuto\" \/>\n<script type=\"application\/ld+json\" class=\"yoast-schema-graph\">{\"@context\":\"https:\\\/\\\/schema.org\",\"@graph\":[{\"@type\":\"Article\",\"@id\":\"http:\\\/\\\/www.defensoria.gob.ve\\\/?p=14788#article\",\"isPartOf\":{\"@id\":\"http:\\\/\\\/www.defensoria.gob.ve\\\/?p=14788\"},\"author\":{\"name\":\"JC.\",\"@id\":\"http:\\\/\\\/www.defensoria.gob.ve\\\/#\\\/schema\\\/person\\\/fba14293189d7b1933ac7fba9d89e24a\"},\"headline\":\"Delegada de Falc\u00f3n particip\u00f3 en reuni\u00f3n interinstitucional para tratar problem\u00e1tica el\u00e9ctrica en la regi\u00f3n\",\"datePublished\":\"2025-10-24T14:21:29+00:00\",\"dateModified\":\"2025-10-24T14:23:20+00:00\",\"mainEntityOfPage\":{\"@id\":\"http:\\\/\\\/www.defensoria.gob.ve\\\/?p=14788\"},\"wordCount\":175,\"image\":{\"@id\":\"http:\\\/\\\/www.defensoria.gob.ve\\\/?p=14788#primaryimage\"},\"thumbnailUrl\":\"http:\\\/\\\/www.defensoria.gob.ve\\\/wp-content\\\/uploads\\\/2025\\\/10\\\/f49bd0aa-e80e-4618-bd22-7d82180cf1d9.jpg\",\"articleSection\":[\"REGIONALES\"],\"inLanguage\":\"es\"},{\"@type\":\"WebPage\",\"@id\":\"http:\\\/\\\/www.defensoria.gob.ve\\\/?p=14788\",\"url\":\"http:\\\/\\\/www.defensoria.gob.ve\\\/?p=14788\",\"name\":\"Delegada de Falc\u00f3n particip\u00f3 en reuni\u00f3n interinstitucional para tratar problem\u00e1tica el\u00e9ctrica en la regi\u00f3n -\",\"isPartOf\":{\"@id\":\"http:\\\/\\\/www.defensoria.gob.ve\\\/#website\"},\"primaryImageOfPage\":{\"@id\":\"http:\\\/\\\/www.defensoria.gob.ve\\\/?p=14788#primaryimage\"},\"image\":{\"@id\":\"http:\\\/\\\/www.defensoria.gob.ve\\\/?p=14788#primaryimage\"},\"thumbnailUrl\":\"http:\\\/\\\/www.defensoria.gob.ve\\\/wp-content\\\/uploads\\\/2025\\\/10\\\/f49bd0aa-e80e-4618-bd22-7d82180cf1d9.jpg\",\"datePublished\":\"2025-10-24T14:21:29+00:00\",\"dateModified\":\"2025-10-24T14:23:20+00:00\",\"author\":{\"@id\":\"http:\\\/\\\/www.defensoria.gob.ve\\\/#\\\/schema\\\/person\\\/fba14293189d7b1933ac7fba9d89e24a\"},\"breadcrumb\":{\"@id\":\"http:\\\/\\\/www.defensoria.gob.ve\\\/?p=14788#breadcrumb\"},\"inLanguage\":\"es\",\"potentialAction\":[{\"@type\":\"ReadAction\",\"target\":[\"http:\\\/\\\/www.defensoria.gob.ve\\\/?p=14788\"]}]},{\"@type\":\"ImageObject\",\"inLanguage\":\"es\",\"@id\":\"http:\\\/\\\/www.defensoria.gob.ve\\\/?p=14788#primaryimage\",\"url\":\"http:\\\/\\\/www.defensoria.gob.ve\\\/wp-content\\\/uploads\\\/2025\\\/10\\\/f49bd0aa-e80e-4618-bd22-7d82180cf1d9.jpg\",\"contentUrl\":\"http:\\\/\\\/www.defensoria.gob.ve\\\/wp-content\\\/uploads\\\/2025\\\/10\\\/f49bd0aa-e80e-4618-bd22-7d82180cf1d9.jpg\",\"width\":800,\"height\":728},{\"@type\":\"BreadcrumbList\",\"@id\":\"http:\\\/\\\/www.defensoria.gob.ve\\\/?p=14788#breadcrumb\",\"itemListElement\":[{\"@type\":\"ListItem\",\"position\":1,\"name\":\"Portada\",\"item\":\"http:\\\/\\\/www.defensoria.gob.ve\\\/\"},{\"@type\":\"ListItem\",\"position\":2,\"name\":\"Delegada de Falc\u00f3n particip\u00f3 en reuni\u00f3n interinstitucional para tratar problem\u00e1tica el\u00e9ctrica en la regi\u00f3n\"}]},{\"@type\":\"WebSite\",\"@id\":\"http:\\\/\\\/www.defensoria.gob.ve\\\/#website\",\"url\":\"http:\\\/\\\/www.defensoria.gob.ve\\\/\",\"name\":\"\",\"description\":\"Instituci\u00f3n del Poder Ciudadano para la Promoci\u00f3n, Defensa y Vigilancia de los Derechos Humanos. \",\"potentialAction\":[{\"@type\":\"SearchAction\",\"target\":{\"@type\":\"EntryPoint\",\"urlTemplate\":\"http:\\\/\\\/www.defensoria.gob.ve\\\/?s={search_term_string}\"},\"query-input\":{\"@type\":\"PropertyValueSpecification\",\"valueRequired\":true,\"valueName\":\"search_term_string\"}}],\"inLanguage\":\"es\"},{\"@type\":\"Person\",\"@id\":\"http:\\\/\\\/www.defensoria.gob.ve\\\/#\\\/schema\\\/person\\\/fba14293189d7b1933ac7fba9d89e24a\",\"name\":\"JC.\",\"image\":{\"@type\":\"ImageObject\",\"inLanguage\":\"es\",\"@id\":\"https:\\\/\\\/secure.gravatar.com\\\/avatar\\\/f398a4de948606b38f0299d90ca738c674b648694bc725ed46503c240269dbf8?s=96&d=mm&r=g\",\"url\":\"https:\\\/\\\/secure.gravatar.com\\\/avatar\\\/f398a4de948606b38f0299d90ca738c674b648694bc725ed46503c240269dbf8?s=96&d=mm&r=g\",\"contentUrl\":\"https:\\\/\\\/secure.gravatar.com\\\/avatar\\\/f398a4de948606b38f0299d90ca738c674b648694bc725ed46503c240269dbf8?s=96&d=mm&r=g\",\"caption\":\"JC.\"},\"url\":\"http:\\\/\\\/www.defensoria.gob.ve\\\/?author=5\"}]}<\/script>\n<!-- \/ Yoast SEO plugin. -->","yoast_head_json":{"title":"Delegada de Falc\u00f3n particip\u00f3 en reuni\u00f3n interinstitucional para tratar problem\u00e1tica el\u00e9ctrica en la regi\u00f3n -","robots":{"index":"index","follow":"follow","max-snippet":"max-snippet:-1","max-image-preview":"max-image-preview:large","max-video-preview":"max-video-preview:-1"},"canonical":"http:\/\/www.defensoria.gob.ve\/?p=14788","og_locale":"es_ES","og_type":"article","og_title":"Delegada de Falc\u00f3n particip\u00f3 en reuni\u00f3n interinstitucional para tratar problem\u00e1tica el\u00e9ctrica en la regi\u00f3n -","og_description":"(Falc\u00f3n\/24-Oct-25) La Defensor\u00eda delegada del estado Falc\u00f3n particip\u00f3 en una reuni\u00f3n interinstitucional con los organismos de seguridad, entes regionales y varias empresas privadas para tratar problem\u00e1tica el\u00e9ctrica en la regi\u00f3n.&hellip;","og_url":"http:\/\/www.defensoria.gob.ve\/?p=14788","article_published_time":"2025-10-24T14:21:29+00:00","article_modified_time":"2025-10-24T14:23:20+00:00","og_image":[{"width":800,"height":728,"url":"http:\/\/www.defensoria.gob.ve\/wp-content\/uploads\/2025\/10\/f49bd0aa-e80e-4618-bd22-7d82180cf1d9.jpg","type":"image\/jpeg"}],"author":"JC.","twitter_card":"summary_large_image","twitter_misc":{"Escrito por":"JC.","Tiempo estimado de lectura":"1 minuto"},"schema":{"@context":"https:\/\/schema.org","@graph":[{"@type":"Article","@id":"http:\/\/www.defensoria.gob.ve\/?p=14788#article","isPartOf":{"@id":"http:\/\/www.defensoria.gob.ve\/?p=14788"},"author":{"name":"JC.","@id":"http:\/\/www.defensoria.gob.ve\/#\/schema\/person\/fba14293189d7b1933ac7fba9d89e24a"},"headline":"Delegada de Falc\u00f3n particip\u00f3 en reuni\u00f3n interinstitucional para tratar problem\u00e1tica el\u00e9ctrica en la regi\u00f3n","datePublished":"2025-10-24T14:21:29+00:00","dateModified":"2025-10-24T14:23:20+00:00","mainEntityOfPage":{"@id":"http:\/\/www.defensoria.gob.ve\/?p=14788"},"wordCount":175,"image":{"@id":"http:\/\/www.defensoria.gob.ve\/?p=14788#primaryimage"},"thumbnailUrl":"http:\/\/www.defensoria.gob.ve\/wp-content\/uploads\/2025\/10\/f49bd0aa-e80e-4618-bd22-7d82180cf1d9.jpg","articleSection":["REGIONALES"],"inLanguage":"es"},{"@type":"WebPage","@id":"http:\/\/www.defensoria.gob.ve\/?p=14788","url":"http:\/\/www.defensoria.gob.ve\/?p=14788","name":"Delegada de Falc\u00f3n particip\u00f3 en reuni\u00f3n interinstitucional para tratar problem\u00e1tica el\u00e9ctrica en la regi\u00f3n -","isPartOf":{"@id":"http:\/\/www.defensoria.gob.ve\/#website"},"primaryImageOfPage":{"@id":"http:\/\/www.defensoria.gob.ve\/?p=14788#primaryimage"},"image":{"@id":"http:\/\/www.defensoria.gob.ve\/?p=14788#primaryimage"},"thumbnailUrl":"http:\/\/www.defensoria.gob.ve\/wp-content\/uploads\/2025\/10\/f49bd0aa-e80e-4618-bd22-7d82180cf1d9.jpg","datePublished":"2025-10-24T14:21:29+00:00","dateModified":"2025-10-24T14:23:20+00:00","author":{"@id":"http:\/\/www.defensoria.gob.ve\/#\/schema\/person\/fba14293189d7b1933ac7fba9d89e24a"},"breadcrumb":{"@id":"http:\/\/www.defensoria.gob.ve\/?p=14788#breadcrumb"},"inLanguage":"es","potentialAction":[{"@type":"ReadAction","target":["http:\/\/www.defensoria.gob.ve\/?p=14788"]}]},{"@type":"ImageObject","inLanguage":"es","@id":"http:\/\/www.defensoria.gob.ve\/?p=14788#primaryimage","url":"http:\/\/www.defensoria.gob.ve\/wp-content\/uploads\/2025\/10\/f49bd0aa-e80e-4618-bd22-7d82180cf1d9.jpg","contentUrl":"http:\/\/www.defensoria.gob.ve\/wp-content\/uploads\/2025\/10\/f49bd0aa-e80e-4618-bd22-7d82180cf1d9.jpg","width":800,"height":728},{"@type":"BreadcrumbList","@id":"http:\/\/www.defensoria.gob.ve\/?p=14788#breadcrumb","itemListElement":[{"@type":"ListItem","position":1,"name":"Portada","item":"http:\/\/www.defensoria.gob.ve\/"},{"@type":"ListItem","position":2,"name":"Delegada de Falc\u00f3n particip\u00f3 en reuni\u00f3n interinstitucional para tratar problem\u00e1tica el\u00e9ctrica en la regi\u00f3n"}]},{"@type":"WebSite","@id":"http:\/\/www.defensoria.gob.ve\/#website","url":"http:\/\/www.defensoria.gob.ve\/","name":"","description":"Instituci\u00f3n del Poder Ciudadano para la Promoci\u00f3n, Defensa y Vigilancia de los Derechos Humanos. ","potentialAction":[{"@type":"SearchAction","target":{"@type":"EntryPoint","urlTemplate":"http:\/\/www.defensoria.gob.ve\/?s={search_term_string}"},"query-input":{"@type":"PropertyValueSpecification","valueRequired":true,"valueName":"search_term_string"}}],"inLanguage":"es"},{"@type":"Person","@id":"http:\/\/www.defensoria.gob.ve\/#\/schema\/person\/fba14293189d7b1933ac7fba9d89e24a","name":"JC.","image":{"@type":"ImageObject","inLanguage":"es","@id":"https:\/\/secure.gravatar.com\/avatar\/f398a4de948606b38f0299d90ca738c674b648694bc725ed46503c240269dbf8?s=96&d=mm&r=g","url":"https:\/\/secure.gravatar.com\/avatar\/f398a4de948606b38f0299d90ca738c674b648694bc725ed46503c240269dbf8?s=96&d=mm&r=g","contentUrl":"https:\/\/secure.gravatar.com\/avatar\/f398a4de948606b38f0299d90ca738c674b648694bc725ed46503c240269dbf8?s=96&d=mm&r=g","caption":"JC."},"url":"http:\/\/www.defensoria.gob.ve\/?author=5"}]}},"_links":{"self":[{"href":"http:\/\/www.defensoria.gob.ve\/index.php?rest_route=\/wp\/v2\/posts\/14788","targetHints":{"allow":["GET"]}}],"collection":[{"href":"http:\/\/www.defensoria.gob.ve\/index.php?rest_route=\/wp\/v2\/posts"}],"about":[{"href":"http:\/\/www.defensoria.gob.ve\/index.php?rest_route=\/wp\/v2\/types\/post"}],"author":[{"embeddable":true,"href":"http:\/\/www.defensoria.gob.ve\/index.php?rest_route=\/wp\/v2\/users\/5"}],"replies":[{"embeddable":true,"href":"http:\/\/www.defensoria.gob.ve\/index.php?rest_route=%2Fwp%2Fv2%2Fcomments&post=14788"}],"version-history":[{"count":4,"href":"http:\/\/www.defensoria.gob.ve\/index.php?rest_route=\/wp\/v2\/posts\/14788\/revisions"}],"predecessor-version":[{"id":14794,"href":"http:\/\/www.defensoria.gob.ve\/index.php?rest_route=\/wp\/v2\/posts\/14788\/revisions\/14794"}],"wp:featuredmedia":[{"embeddable":true,"href":"http:\/\/www.defensoria.gob.ve\/index.php?rest_route=\/wp\/v2\/media\/14790"}],"wp:attachment":[{"href":"http:\/\/www.defensoria.gob.ve\/index.php?rest_route=%2Fwp%2Fv2%2Fmedia&parent=14788"}],"wp:term":[{"taxonomy":"category","embeddable":true,"href":"http:\/\/www.defensoria.gob.ve\/index.php?rest_route=%2Fwp%2Fv2%2Fcategories&post=14788"},{"taxonomy":"post_tag","embeddable":true,"href":"http:\/\/www.defensoria.gob.ve\/index.php?rest_route=%2Fwp%2Fv2%2Ftags&post=14788"}],"curies":[{"name":"wp","href":"https:\/\/api.w.org\/{rel}","templated":true}]}}