 
{"id":15828,"date":"2025-12-03T12:42:16","date_gmt":"2025-12-03T16:42:16","guid":{"rendered":"http:\/\/www.defensoria.gob.ve\/?p=15828"},"modified":"2025-12-03T12:42:47","modified_gmt":"2025-12-03T16:42:47","slug":"delegada-de-amazonas-realizo-jornada-integral-de-concienciacion-en-conmemoracion-de-dia-mundial-de-la-lucha-contra-el-vih-sida","status":"publish","type":"post","link":"http:\/\/www.defensoria.gob.ve\/?p=15828","title":{"rendered":"Delegada de Amazonas realiz\u00f3 jornada integral de concienciaci\u00f3n en conmemoraci\u00f3n de D\u00eda Mundial de la Lucha contra el VIH\/SIDA"},"content":{"rendered":"\t\t<div data-elementor-type=\"wp-post\" data-elementor-id=\"15828\" class=\"elementor elementor-15828\">\n\t\t\t\t\t\t<section class=\"elementor-section elementor-top-section elementor-element elementor-element-6b644525 elementor-section-boxed elementor-section-height-default elementor-section-height-default\" data-id=\"6b644525\" data-element_type=\"section\" data-e-type=\"section\">\n\t\t\t\t\t\t<div class=\"elementor-container elementor-column-gap-default\">\n\t\t\t\t\t<div class=\"elementor-column elementor-col-100 elementor-top-column elementor-element elementor-element-2cabec00\" data-id=\"2cabec00\" data-element_type=\"column\" data-e-type=\"column\">\n\t\t\t<div class=\"elementor-widget-wrap elementor-element-populated\">\n\t\t\t\t\t\t<div class=\"elementor-element elementor-element-622d196a elementor-widget elementor-widget-text-editor\" data-id=\"622d196a\" data-element_type=\"widget\" data-e-type=\"widget\" data-widget_type=\"text-editor.default\">\n\t\t\t\t<div class=\"elementor-widget-container\">\n\t\t\t\t\t\t\t\t\t\n<p><strong>(Amazonas\/03-Dic-25)<\/strong> La Defensor\u00eda delegada del estado Amazonas, en conjunto con la Direcci\u00f3n Estadal de Salud (DES) y el Ministerio del Poder Popular para la Juventud regional, realizaron una jornada integral de despistaje y concienciaci\u00f3n en conmemoraci\u00f3n del D\u00eda Mundial de la Lucha contra el VIH\/SIDA.<\/p>\n\n\n\n<figure class=\"wp-block-image size-full\"><img fetchpriority=\"high\" decoding=\"async\" width=\"1295\" height=\"591\" src=\"http:\/\/www.defensoria.gob.ve\/wp-content\/uploads\/2025\/12\/ewqeee.png\" alt=\"\" class=\"wp-image-15830\" srcset=\"http:\/\/www.defensoria.gob.ve\/wp-content\/uploads\/2025\/12\/ewqeee.png 1295w, http:\/\/www.defensoria.gob.ve\/wp-content\/uploads\/2025\/12\/ewqeee-768x350.png 768w\" sizes=\"(max-width: 1295px) 100vw, 1295px\" \/><\/figure>\n\n\n\n<p>El objetivo principal de la jornada fue sensibilizar y concienciar a la comunidad sobre los Derechos Humanos de las personas que viven con VIH\/SIDA, buscando combatir el estigma y la discriminaci\u00f3n de las que son objeto socialmente.<br><br>De esta manera, el ente defensorial lider\u00f3 el componente educativo, distribuyendo material informativo, incluidos los emblem\u00e1ticos listones rojos, y ofreciendo charlas breves sobre la legislaci\u00f3n que protege a esta poblaci\u00f3n.<br><br>En el \u00e1mbito de la salud, la jornada tuvo un impacto significativo. Se brind\u00f3 atenci\u00f3n m\u00e9dica integral a m\u00e1s de 158 personas, proporcionando servicios esenciales a la comunidad amazonense. Adem\u00e1s, el programa regional de VIH\/SIDA del Estado Amazonas centr\u00f3 sus esfuerzos en la prevenci\u00f3n y el diagn\u00f3stico temprano.<br><br>Como parte de esta labor preventiva, se entregaron preservativos y se realizaron pruebas r\u00e1pidas de diagn\u00f3stico a m\u00e1s de 72 ciudadanos y ciudadanas, promoviendo as\u00ed la responsabilidad individual y la detecci\u00f3n oportuna.<br><br>La colaboraci\u00f3n entre las instituciones de salud y la Defensor\u00eda destaca la importancia de un enfoque multidisciplinario para abordar esta problem\u00e1tica social y de salud p\u00fablica en el estado Amazonas. <strong>FIN \/ PRENSA Defensor\u00eda<\/strong><\/p>\n\t\t\t\t\t\t\t\t<\/div>\n\t\t\t\t<\/div>\n\t\t\t\t\t<\/div>\n\t\t<\/div>\n\t\t\t\t\t<\/div>\n\t\t<\/section>\n\t\t\t\t<\/div>\n\t\t","protected":false},"excerpt":{"rendered":"<p>(Amazonas\/03-Dic-25) La Defensor\u00eda delegada del estado Amazonas, en conjunto con la Direcci\u00f3n Estadal de Salud (DES) y el Ministerio del Poder Popular para la Juventud regional, realizaron una jornada integral&hellip; <\/p>\n","protected":false},"author":5,"featured_media":15831,"comment_status":"closed","ping_status":"open","sticky":false,"template":"","format":"standard","meta":{"footnotes":""},"categories":[5],"tags":[],"class_list":["post-15828","post","type-post","status-publish","format-standard","has-post-thumbnail","hentry","category-regionales"],"yoast_head":"<!-- This site is optimized with the Yoast SEO plugin v27.4 - https:\/\/yoast.com\/product\/yoast-seo-wordpress\/ -->\n<title>Delegada de Amazonas realiz\u00f3 jornada integral de concienciaci\u00f3n en conmemoraci\u00f3n de D\u00eda Mundial de la Lucha contra el VIH\/SIDA -<\/title>\n<meta name=\"robots\" content=\"index, follow, max-snippet:-1, max-image-preview:large, max-video-preview:-1\" \/>\n<link rel=\"canonical\" href=\"http:\/\/www.defensoria.gob.ve\/?p=15828\" \/>\n<meta property=\"og:locale\" content=\"es_ES\" \/>\n<meta property=\"og:type\" content=\"article\" \/>\n<meta property=\"og:title\" content=\"Delegada de Amazonas realiz\u00f3 jornada integral de concienciaci\u00f3n en conmemoraci\u00f3n de D\u00eda Mundial de la Lucha contra el VIH\/SIDA -\" \/>\n<meta property=\"og:description\" content=\"(Amazonas\/03-Dic-25) La Defensor\u00eda delegada del estado Amazonas, en conjunto con la Direcci\u00f3n Estadal de Salud (DES) y el Ministerio del Poder Popular para la Juventud regional, realizaron una jornada integral&hellip;\" \/>\n<meta property=\"og:url\" content=\"http:\/\/www.defensoria.gob.ve\/?p=15828\" \/>\n<meta property=\"article:published_time\" content=\"2025-12-03T16:42:16+00:00\" \/>\n<meta property=\"article:modified_time\" content=\"2025-12-03T16:42:47+00:00\" \/>\n<meta property=\"og:image\" content=\"http:\/\/www.defensoria.gob.ve\/wp-content\/uploads\/2025\/12\/gery.png\" \/>\n\t<meta property=\"og:image:width\" content=\"1258\" \/>\n\t<meta property=\"og:image:height\" content=\"541\" \/>\n\t<meta property=\"og:image:type\" content=\"image\/png\" \/>\n<meta name=\"author\" content=\"JC.\" \/>\n<meta name=\"twitter:card\" content=\"summary_large_image\" \/>\n<meta name=\"twitter:label1\" content=\"Escrito por\" \/>\n\t<meta name=\"twitter:data1\" content=\"JC.\" \/>\n\t<meta name=\"twitter:label2\" content=\"Tiempo estimado de lectura\" \/>\n\t<meta name=\"twitter:data2\" content=\"2 minutos\" \/>\n<script type=\"application\/ld+json\" class=\"yoast-schema-graph\">{\"@context\":\"https:\\\/\\\/schema.org\",\"@graph\":[{\"@type\":\"Article\",\"@id\":\"http:\\\/\\\/www.defensoria.gob.ve\\\/?p=15828#article\",\"isPartOf\":{\"@id\":\"http:\\\/\\\/www.defensoria.gob.ve\\\/?p=15828\"},\"author\":{\"name\":\"JC.\",\"@id\":\"http:\\\/\\\/www.defensoria.gob.ve\\\/#\\\/schema\\\/person\\\/fba14293189d7b1933ac7fba9d89e24a\"},\"headline\":\"Delegada de Amazonas realiz\u00f3 jornada integral de concienciaci\u00f3n en conmemoraci\u00f3n de D\u00eda Mundial de la Lucha contra el VIH\\\/SIDA\",\"datePublished\":\"2025-12-03T16:42:16+00:00\",\"dateModified\":\"2025-12-03T16:42:47+00:00\",\"mainEntityOfPage\":{\"@id\":\"http:\\\/\\\/www.defensoria.gob.ve\\\/?p=15828\"},\"wordCount\":274,\"image\":{\"@id\":\"http:\\\/\\\/www.defensoria.gob.ve\\\/?p=15828#primaryimage\"},\"thumbnailUrl\":\"http:\\\/\\\/www.defensoria.gob.ve\\\/wp-content\\\/uploads\\\/2025\\\/12\\\/gery.png\",\"articleSection\":[\"REGIONALES\"],\"inLanguage\":\"es\"},{\"@type\":\"WebPage\",\"@id\":\"http:\\\/\\\/www.defensoria.gob.ve\\\/?p=15828\",\"url\":\"http:\\\/\\\/www.defensoria.gob.ve\\\/?p=15828\",\"name\":\"Delegada de Amazonas realiz\u00f3 jornada integral de concienciaci\u00f3n en conmemoraci\u00f3n de D\u00eda Mundial de la Lucha contra el VIH\\\/SIDA -\",\"isPartOf\":{\"@id\":\"http:\\\/\\\/www.defensoria.gob.ve\\\/#website\"},\"primaryImageOfPage\":{\"@id\":\"http:\\\/\\\/www.defensoria.gob.ve\\\/?p=15828#primaryimage\"},\"image\":{\"@id\":\"http:\\\/\\\/www.defensoria.gob.ve\\\/?p=15828#primaryimage\"},\"thumbnailUrl\":\"http:\\\/\\\/www.defensoria.gob.ve\\\/wp-content\\\/uploads\\\/2025\\\/12\\\/gery.png\",\"datePublished\":\"2025-12-03T16:42:16+00:00\",\"dateModified\":\"2025-12-03T16:42:47+00:00\",\"author\":{\"@id\":\"http:\\\/\\\/www.defensoria.gob.ve\\\/#\\\/schema\\\/person\\\/fba14293189d7b1933ac7fba9d89e24a\"},\"breadcrumb\":{\"@id\":\"http:\\\/\\\/www.defensoria.gob.ve\\\/?p=15828#breadcrumb\"},\"inLanguage\":\"es\",\"potentialAction\":[{\"@type\":\"ReadAction\",\"target\":[\"http:\\\/\\\/www.defensoria.gob.ve\\\/?p=15828\"]}]},{\"@type\":\"ImageObject\",\"inLanguage\":\"es\",\"@id\":\"http:\\\/\\\/www.defensoria.gob.ve\\\/?p=15828#primaryimage\",\"url\":\"http:\\\/\\\/www.defensoria.gob.ve\\\/wp-content\\\/uploads\\\/2025\\\/12\\\/gery.png\",\"contentUrl\":\"http:\\\/\\\/www.defensoria.gob.ve\\\/wp-content\\\/uploads\\\/2025\\\/12\\\/gery.png\",\"width\":1258,\"height\":541},{\"@type\":\"BreadcrumbList\",\"@id\":\"http:\\\/\\\/www.defensoria.gob.ve\\\/?p=15828#breadcrumb\",\"itemListElement\":[{\"@type\":\"ListItem\",\"position\":1,\"name\":\"Portada\",\"item\":\"http:\\\/\\\/www.defensoria.gob.ve\\\/\"},{\"@type\":\"ListItem\",\"position\":2,\"name\":\"Delegada de Amazonas realiz\u00f3 jornada integral de concienciaci\u00f3n en conmemoraci\u00f3n de D\u00eda Mundial de la Lucha contra el VIH\\\/SIDA\"}]},{\"@type\":\"WebSite\",\"@id\":\"http:\\\/\\\/www.defensoria.gob.ve\\\/#website\",\"url\":\"http:\\\/\\\/www.defensoria.gob.ve\\\/\",\"name\":\"\",\"description\":\"Instituci\u00f3n del Poder Ciudadano para la Promoci\u00f3n, Defensa y Vigilancia de los Derechos Humanos. \",\"potentialAction\":[{\"@type\":\"SearchAction\",\"target\":{\"@type\":\"EntryPoint\",\"urlTemplate\":\"http:\\\/\\\/www.defensoria.gob.ve\\\/?s={search_term_string}\"},\"query-input\":{\"@type\":\"PropertyValueSpecification\",\"valueRequired\":true,\"valueName\":\"search_term_string\"}}],\"inLanguage\":\"es\"},{\"@type\":\"Person\",\"@id\":\"http:\\\/\\\/www.defensoria.gob.ve\\\/#\\\/schema\\\/person\\\/fba14293189d7b1933ac7fba9d89e24a\",\"name\":\"JC.\",\"image\":{\"@type\":\"ImageObject\",\"inLanguage\":\"es\",\"@id\":\"https:\\\/\\\/secure.gravatar.com\\\/avatar\\\/f398a4de948606b38f0299d90ca738c674b648694bc725ed46503c240269dbf8?s=96&d=mm&r=g\",\"url\":\"https:\\\/\\\/secure.gravatar.com\\\/avatar\\\/f398a4de948606b38f0299d90ca738c674b648694bc725ed46503c240269dbf8?s=96&d=mm&r=g\",\"contentUrl\":\"https:\\\/\\\/secure.gravatar.com\\\/avatar\\\/f398a4de948606b38f0299d90ca738c674b648694bc725ed46503c240269dbf8?s=96&d=mm&r=g\",\"caption\":\"JC.\"},\"url\":\"http:\\\/\\\/www.defensoria.gob.ve\\\/?author=5\"}]}<\/script>\n<!-- \/ Yoast SEO plugin. -->","yoast_head_json":{"title":"Delegada de Amazonas realiz\u00f3 jornada integral de concienciaci\u00f3n en conmemoraci\u00f3n de D\u00eda Mundial de la Lucha contra el VIH\/SIDA -","robots":{"index":"index","follow":"follow","max-snippet":"max-snippet:-1","max-image-preview":"max-image-preview:large","max-video-preview":"max-video-preview:-1"},"canonical":"http:\/\/www.defensoria.gob.ve\/?p=15828","og_locale":"es_ES","og_type":"article","og_title":"Delegada de Amazonas realiz\u00f3 jornada integral de concienciaci\u00f3n en conmemoraci\u00f3n de D\u00eda Mundial de la Lucha contra el VIH\/SIDA -","og_description":"(Amazonas\/03-Dic-25) La Defensor\u00eda delegada del estado Amazonas, en conjunto con la Direcci\u00f3n Estadal de Salud (DES) y el Ministerio del Poder Popular para la Juventud regional, realizaron una jornada integral&hellip;","og_url":"http:\/\/www.defensoria.gob.ve\/?p=15828","article_published_time":"2025-12-03T16:42:16+00:00","article_modified_time":"2025-12-03T16:42:47+00:00","og_image":[{"width":1258,"height":541,"url":"http:\/\/www.defensoria.gob.ve\/wp-content\/uploads\/2025\/12\/gery.png","type":"image\/png"}],"author":"JC.","twitter_card":"summary_large_image","twitter_misc":{"Escrito por":"JC.","Tiempo estimado de lectura":"2 minutos"},"schema":{"@context":"https:\/\/schema.org","@graph":[{"@type":"Article","@id":"http:\/\/www.defensoria.gob.ve\/?p=15828#article","isPartOf":{"@id":"http:\/\/www.defensoria.gob.ve\/?p=15828"},"author":{"name":"JC.","@id":"http:\/\/www.defensoria.gob.ve\/#\/schema\/person\/fba14293189d7b1933ac7fba9d89e24a"},"headline":"Delegada de Amazonas realiz\u00f3 jornada integral de concienciaci\u00f3n en conmemoraci\u00f3n de D\u00eda Mundial de la Lucha contra el VIH\/SIDA","datePublished":"2025-12-03T16:42:16+00:00","dateModified":"2025-12-03T16:42:47+00:00","mainEntityOfPage":{"@id":"http:\/\/www.defensoria.gob.ve\/?p=15828"},"wordCount":274,"image":{"@id":"http:\/\/www.defensoria.gob.ve\/?p=15828#primaryimage"},"thumbnailUrl":"http:\/\/www.defensoria.gob.ve\/wp-content\/uploads\/2025\/12\/gery.png","articleSection":["REGIONALES"],"inLanguage":"es"},{"@type":"WebPage","@id":"http:\/\/www.defensoria.gob.ve\/?p=15828","url":"http:\/\/www.defensoria.gob.ve\/?p=15828","name":"Delegada de Amazonas realiz\u00f3 jornada integral de concienciaci\u00f3n en conmemoraci\u00f3n de D\u00eda Mundial de la Lucha contra el VIH\/SIDA -","isPartOf":{"@id":"http:\/\/www.defensoria.gob.ve\/#website"},"primaryImageOfPage":{"@id":"http:\/\/www.defensoria.gob.ve\/?p=15828#primaryimage"},"image":{"@id":"http:\/\/www.defensoria.gob.ve\/?p=15828#primaryimage"},"thumbnailUrl":"http:\/\/www.defensoria.gob.ve\/wp-content\/uploads\/2025\/12\/gery.png","datePublished":"2025-12-03T16:42:16+00:00","dateModified":"2025-12-03T16:42:47+00:00","author":{"@id":"http:\/\/www.defensoria.gob.ve\/#\/schema\/person\/fba14293189d7b1933ac7fba9d89e24a"},"breadcrumb":{"@id":"http:\/\/www.defensoria.gob.ve\/?p=15828#breadcrumb"},"inLanguage":"es","potentialAction":[{"@type":"ReadAction","target":["http:\/\/www.defensoria.gob.ve\/?p=15828"]}]},{"@type":"ImageObject","inLanguage":"es","@id":"http:\/\/www.defensoria.gob.ve\/?p=15828#primaryimage","url":"http:\/\/www.defensoria.gob.ve\/wp-content\/uploads\/2025\/12\/gery.png","contentUrl":"http:\/\/www.defensoria.gob.ve\/wp-content\/uploads\/2025\/12\/gery.png","width":1258,"height":541},{"@type":"BreadcrumbList","@id":"http:\/\/www.defensoria.gob.ve\/?p=15828#breadcrumb","itemListElement":[{"@type":"ListItem","position":1,"name":"Portada","item":"http:\/\/www.defensoria.gob.ve\/"},{"@type":"ListItem","position":2,"name":"Delegada de Amazonas realiz\u00f3 jornada integral de concienciaci\u00f3n en conmemoraci\u00f3n de D\u00eda Mundial de la Lucha contra el VIH\/SIDA"}]},{"@type":"WebSite","@id":"http:\/\/www.defensoria.gob.ve\/#website","url":"http:\/\/www.defensoria.gob.ve\/","name":"","description":"Instituci\u00f3n del Poder Ciudadano para la Promoci\u00f3n, Defensa y Vigilancia de los Derechos Humanos. ","potentialAction":[{"@type":"SearchAction","target":{"@type":"EntryPoint","urlTemplate":"http:\/\/www.defensoria.gob.ve\/?s={search_term_string}"},"query-input":{"@type":"PropertyValueSpecification","valueRequired":true,"valueName":"search_term_string"}}],"inLanguage":"es"},{"@type":"Person","@id":"http:\/\/www.defensoria.gob.ve\/#\/schema\/person\/fba14293189d7b1933ac7fba9d89e24a","name":"JC.","image":{"@type":"ImageObject","inLanguage":"es","@id":"https:\/\/secure.gravatar.com\/avatar\/f398a4de948606b38f0299d90ca738c674b648694bc725ed46503c240269dbf8?s=96&d=mm&r=g","url":"https:\/\/secure.gravatar.com\/avatar\/f398a4de948606b38f0299d90ca738c674b648694bc725ed46503c240269dbf8?s=96&d=mm&r=g","contentUrl":"https:\/\/secure.gravatar.com\/avatar\/f398a4de948606b38f0299d90ca738c674b648694bc725ed46503c240269dbf8?s=96&d=mm&r=g","caption":"JC."},"url":"http:\/\/www.defensoria.gob.ve\/?author=5"}]}},"_links":{"self":[{"href":"http:\/\/www.defensoria.gob.ve\/index.php?rest_route=\/wp\/v2\/posts\/15828","targetHints":{"allow":["GET"]}}],"collection":[{"href":"http:\/\/www.defensoria.gob.ve\/index.php?rest_route=\/wp\/v2\/posts"}],"about":[{"href":"http:\/\/www.defensoria.gob.ve\/index.php?rest_route=\/wp\/v2\/types\/post"}],"author":[{"embeddable":true,"href":"http:\/\/www.defensoria.gob.ve\/index.php?rest_route=\/wp\/v2\/users\/5"}],"replies":[{"embeddable":true,"href":"http:\/\/www.defensoria.gob.ve\/index.php?rest_route=%2Fwp%2Fv2%2Fcomments&post=15828"}],"version-history":[{"count":4,"href":"http:\/\/www.defensoria.gob.ve\/index.php?rest_route=\/wp\/v2\/posts\/15828\/revisions"}],"predecessor-version":[{"id":15835,"href":"http:\/\/www.defensoria.gob.ve\/index.php?rest_route=\/wp\/v2\/posts\/15828\/revisions\/15835"}],"wp:featuredmedia":[{"embeddable":true,"href":"http:\/\/www.defensoria.gob.ve\/index.php?rest_route=\/wp\/v2\/media\/15831"}],"wp:attachment":[{"href":"http:\/\/www.defensoria.gob.ve\/index.php?rest_route=%2Fwp%2Fv2%2Fmedia&parent=15828"}],"wp:term":[{"taxonomy":"category","embeddable":true,"href":"http:\/\/www.defensoria.gob.ve\/index.php?rest_route=%2Fwp%2Fv2%2Fcategories&post=15828"},{"taxonomy":"post_tag","embeddable":true,"href":"http:\/\/www.defensoria.gob.ve\/index.php?rest_route=%2Fwp%2Fv2%2Ftags&post=15828"}],"curies":[{"name":"wp","href":"https:\/\/api.w.org\/{rel}","templated":true}]}}