 
{"id":15886,"date":"2025-12-04T13:33:38","date_gmt":"2025-12-04T17:33:38","guid":{"rendered":"http:\/\/www.defensoria.gob.ve\/?p=15886"},"modified":"2025-12-04T13:34:32","modified_gmt":"2025-12-04T17:34:32","slug":"defensoria-del-pueblo-dice-presente-en-inauguracion-del-tour-potencialidades-sin-limites-para-las-personas-con-discapacidad","status":"publish","type":"post","link":"http:\/\/www.defensoria.gob.ve\/?p=15886","title":{"rendered":"Defensor\u00eda del Pueblo dice presente en inauguraci\u00f3n del Tour Potencialidades Sin L\u00edmites para las personas con discapacidad"},"content":{"rendered":"\t\t<div data-elementor-type=\"wp-post\" data-elementor-id=\"15886\" class=\"elementor elementor-15886\">\n\t\t\t\t\t\t<section class=\"elementor-section elementor-top-section elementor-element elementor-element-7f4d7d6 elementor-section-boxed elementor-section-height-default elementor-section-height-default\" data-id=\"7f4d7d6\" data-element_type=\"section\" data-e-type=\"section\">\n\t\t\t\t\t\t<div class=\"elementor-container elementor-column-gap-default\">\n\t\t\t\t\t<div class=\"elementor-column elementor-col-100 elementor-top-column elementor-element elementor-element-32dc7fa7\" data-id=\"32dc7fa7\" data-element_type=\"column\" data-e-type=\"column\">\n\t\t\t<div class=\"elementor-widget-wrap elementor-element-populated\">\n\t\t\t\t\t\t<div class=\"elementor-element elementor-element-59b39dd9 elementor-widget elementor-widget-text-editor\" data-id=\"59b39dd9\" data-element_type=\"widget\" data-e-type=\"widget\" data-widget_type=\"text-editor.default\">\n\t\t\t\t<div class=\"elementor-widget-container\">\n\t\t\t\t\t\t\t\t\t\n<p><strong>(03-Dic-25) <\/strong>En el marco del D\u00eda Internacional de la Personas con Discapacidad, el Defensor del Pueblo, Alfredo Ruiz Angulo, asisti\u00f3 a la inauguraci\u00f3n del Tour Potencialidades Sin L\u00edmites, llevado a cabo en el Parque \u201cAl\u00ed Primera\u201d en Caracas, evento organizado por Fundaci\u00f3n Misi\u00f3n Jos\u00e9 Gregorio Hern\u00e1ndez y el Consejo Nacional para las Personas con Discapacidad (Conapdis).<\/p>\n\n\n\n<figure class=\"wp-block-image size-full\"><img fetchpriority=\"high\" decoding=\"async\" width=\"1080\" height=\"608\" src=\"http:\/\/www.defensoria.gob.ve\/wp-content\/uploads\/2025\/12\/1f9647c9-c7da-49ca-b3d6-9e3a18f31445.jpg\" alt=\"\" class=\"wp-image-15887\" srcset=\"http:\/\/www.defensoria.gob.ve\/wp-content\/uploads\/2025\/12\/1f9647c9-c7da-49ca-b3d6-9e3a18f31445.jpg 1080w, http:\/\/www.defensoria.gob.ve\/wp-content\/uploads\/2025\/12\/1f9647c9-c7da-49ca-b3d6-9e3a18f31445-768x432.jpg 768w\" sizes=\"(max-width: 1080px) 100vw, 1080px\" \/><\/figure>\n\n\n\n<p>Asistieron, adem\u00e1s del titular del ente defensorial, Soraida Ram\u00edrez, presidenta de la Fundaci\u00f3n Misi\u00f3n Jos\u00e9 Gregorio Hern\u00e1ndez y del Consejo Nacional para las Personas con Discapacidad (Conapdis); Jennifer Salazar, directora general de Educaci\u00f3n Especial de MinEducaci\u00f3n, entre otras autoridades. Adem\u00e1s de representantes de organizaciones y movimientos sociales que velan por los derechos humanos de las personas con alguna discapacidad.<\/p>\n\n\n\n<p>Al respecto, el Defensor del Pueblo expres\u00f3 que \u201cen este evento estamos celebrando con todas las personas con alguna discapacidad, as\u00ed como con madres y familias cuidadoras, adem\u00e1s del personal de la Direcci\u00f3n de General de Educaci\u00f3n Especial del MinEducaci\u00f3n\u201d y calific\u00f3 la actividad como un D\u00eda en Familia.<\/p>\n\n\n\n<figure class=\"wp-block-image size-full\"><img decoding=\"async\" width=\"1080\" height=\"608\" src=\"http:\/\/www.defensoria.gob.ve\/wp-content\/uploads\/2025\/12\/d9384d9d-61bf-449f-9943-c4fa873afcad.jpg\" alt=\"\" class=\"wp-image-15889\" srcset=\"http:\/\/www.defensoria.gob.ve\/wp-content\/uploads\/2025\/12\/d9384d9d-61bf-449f-9943-c4fa873afcad.jpg 1080w, http:\/\/www.defensoria.gob.ve\/wp-content\/uploads\/2025\/12\/d9384d9d-61bf-449f-9943-c4fa873afcad-768x432.jpg 768w\" sizes=\"(max-width: 1080px) 100vw, 1080px\" \/><\/figure>\n\n\n\n<p>\u201cTodas las personas con alguna discapacidad ac\u00e1 presentes est\u00e1n construyendo patria y son reflejo de la capacidad de surgir en el \u00e1mbito familiar, deportivo, laboral, acad\u00e9mico y cultural, ense\u00f1ando sus grandes logros y generando una humanidad cada vez m\u00e1s inclusiva\u201d, refiri\u00f3 Ruiz.<\/p>\n\n\n\n<p>Por su parte, Soraida Ram\u00edrez explic\u00f3 que \u201cesta es una actividad donde se estar\u00e1n realizando eventos culturales, educativos, recreativos y familiares para masificar y garantizar las potencialidades creativas que tienen las personas con alguna discapacidad o neurodivergentes\u201d.<\/p>\n\n\n\n<figure class=\"wp-block-image size-full\"><img decoding=\"async\" width=\"1080\" height=\"608\" src=\"http:\/\/www.defensoria.gob.ve\/wp-content\/uploads\/2025\/12\/d8fb31e7-2d96-402c-8218-779165b018e5.jpg\" alt=\"\" class=\"wp-image-15890\" srcset=\"http:\/\/www.defensoria.gob.ve\/wp-content\/uploads\/2025\/12\/d8fb31e7-2d96-402c-8218-779165b018e5.jpg 1080w, http:\/\/www.defensoria.gob.ve\/wp-content\/uploads\/2025\/12\/d8fb31e7-2d96-402c-8218-779165b018e5-768x432.jpg 768w\" sizes=\"(max-width: 1080px) 100vw, 1080px\" \/><\/figure>\n\n\n\n<p>Durante la Ruta Tur\u00edstica se realizaron festivales multideportivos, demostraciones tecnol\u00f3gicas, experiencias interactivas. Tambi\u00e9n se desplegaron puntos de informaci\u00f3n para todas y todos los asistentes a este evento que busca el reconocimiento y el valor de quienes viven con alguna discapacidad.<\/p>\n\n\n\n<p>Vale acotar que el D\u00eda Internacional de las Personas con Discapacidad fue proclamado por la Asamblea General de las Naciones Unidas el 14 de octubre de 1992. El prop\u00f3sito de esta proclamaci\u00f3n, seg\u00fan los organizadores, es promover los derechos y el bienestar de las personas con discapacidades en todos los \u00e1mbitos de la sociedad y el desarrollo, as\u00ed como aumentar la conciencia mundial sobre su situaci\u00f3n en los aspectos pol\u00edticos, sociales, econ\u00f3micos y culturales de la vida diaria. <strong>FIN \/ PRENSA Defensor\u00eda<\/strong><\/p>\n\t\t\t\t\t\t\t\t<\/div>\n\t\t\t\t<\/div>\n\t\t\t\t\t<\/div>\n\t\t<\/div>\n\t\t\t\t\t<\/div>\n\t\t<\/section>\n\t\t\t\t<\/div>\n\t\t","protected":false},"excerpt":{"rendered":"<p>(03-Dic-25) En el marco del D\u00eda Internacional de la Personas con Discapacidad, el Defensor del Pueblo, Alfredo Ruiz Angulo, asisti\u00f3 a la inauguraci\u00f3n del Tour Potencialidades Sin L\u00edmites, llevado a&hellip; <\/p>\n","protected":false},"author":5,"featured_media":15891,"comment_status":"closed","ping_status":"open","sticky":false,"template":"","format":"standard","meta":{"footnotes":""},"categories":[3],"tags":[],"class_list":["post-15886","post","type-post","status-publish","format-standard","has-post-thumbnail","hentry","category-centrales"],"yoast_head":"<!-- This site is optimized with the Yoast SEO plugin v27.4 - https:\/\/yoast.com\/product\/yoast-seo-wordpress\/ -->\n<title>Defensor\u00eda del Pueblo dice presente en inauguraci\u00f3n del Tour Potencialidades Sin L\u00edmites para las personas con discapacidad -<\/title>\n<meta name=\"robots\" content=\"index, follow, max-snippet:-1, max-image-preview:large, max-video-preview:-1\" \/>\n<link rel=\"canonical\" href=\"http:\/\/www.defensoria.gob.ve\/?p=15886\" \/>\n<meta property=\"og:locale\" content=\"es_ES\" \/>\n<meta property=\"og:type\" content=\"article\" \/>\n<meta property=\"og:title\" content=\"Defensor\u00eda del Pueblo dice presente en inauguraci\u00f3n del Tour Potencialidades Sin L\u00edmites para las personas con discapacidad -\" \/>\n<meta property=\"og:description\" content=\"(03-Dic-25) En el marco del D\u00eda Internacional de la Personas con Discapacidad, el Defensor del Pueblo, Alfredo Ruiz Angulo, asisti\u00f3 a la inauguraci\u00f3n del Tour Potencialidades Sin L\u00edmites, llevado a&hellip;\" \/>\n<meta property=\"og:url\" content=\"http:\/\/www.defensoria.gob.ve\/?p=15886\" \/>\n<meta property=\"article:published_time\" content=\"2025-12-04T17:33:38+00:00\" \/>\n<meta property=\"article:modified_time\" content=\"2025-12-04T17:34:32+00:00\" \/>\n<meta property=\"og:image\" content=\"http:\/\/www.defensoria.gob.ve\/wp-content\/uploads\/2025\/12\/2399d684-db7c-4a8b-8656-1653bfb41e0f.jpg\" \/>\n\t<meta property=\"og:image:width\" content=\"1080\" \/>\n\t<meta property=\"og:image:height\" content=\"608\" \/>\n\t<meta property=\"og:image:type\" content=\"image\/jpeg\" \/>\n<meta name=\"author\" content=\"JC.\" \/>\n<meta name=\"twitter:card\" content=\"summary_large_image\" \/>\n<meta name=\"twitter:label1\" content=\"Escrito por\" \/>\n\t<meta name=\"twitter:data1\" content=\"JC.\" \/>\n\t<meta name=\"twitter:label2\" content=\"Tiempo estimado de lectura\" \/>\n\t<meta name=\"twitter:data2\" content=\"3 minutos\" \/>\n<script type=\"application\/ld+json\" class=\"yoast-schema-graph\">{\"@context\":\"https:\\\/\\\/schema.org\",\"@graph\":[{\"@type\":\"Article\",\"@id\":\"http:\\\/\\\/www.defensoria.gob.ve\\\/?p=15886#article\",\"isPartOf\":{\"@id\":\"http:\\\/\\\/www.defensoria.gob.ve\\\/?p=15886\"},\"author\":{\"name\":\"JC.\",\"@id\":\"http:\\\/\\\/www.defensoria.gob.ve\\\/#\\\/schema\\\/person\\\/fba14293189d7b1933ac7fba9d89e24a\"},\"headline\":\"Defensor\u00eda del Pueblo dice presente en inauguraci\u00f3n del Tour Potencialidades Sin L\u00edmites para las personas con discapacidad\",\"datePublished\":\"2025-12-04T17:33:38+00:00\",\"dateModified\":\"2025-12-04T17:34:32+00:00\",\"mainEntityOfPage\":{\"@id\":\"http:\\\/\\\/www.defensoria.gob.ve\\\/?p=15886\"},\"wordCount\":419,\"image\":{\"@id\":\"http:\\\/\\\/www.defensoria.gob.ve\\\/?p=15886#primaryimage\"},\"thumbnailUrl\":\"http:\\\/\\\/www.defensoria.gob.ve\\\/wp-content\\\/uploads\\\/2025\\\/12\\\/2399d684-db7c-4a8b-8656-1653bfb41e0f.jpg\",\"articleSection\":[\"CENTRALES\"],\"inLanguage\":\"es\"},{\"@type\":\"WebPage\",\"@id\":\"http:\\\/\\\/www.defensoria.gob.ve\\\/?p=15886\",\"url\":\"http:\\\/\\\/www.defensoria.gob.ve\\\/?p=15886\",\"name\":\"Defensor\u00eda del Pueblo dice presente en inauguraci\u00f3n del Tour Potencialidades Sin L\u00edmites para las personas con discapacidad -\",\"isPartOf\":{\"@id\":\"http:\\\/\\\/www.defensoria.gob.ve\\\/#website\"},\"primaryImageOfPage\":{\"@id\":\"http:\\\/\\\/www.defensoria.gob.ve\\\/?p=15886#primaryimage\"},\"image\":{\"@id\":\"http:\\\/\\\/www.defensoria.gob.ve\\\/?p=15886#primaryimage\"},\"thumbnailUrl\":\"http:\\\/\\\/www.defensoria.gob.ve\\\/wp-content\\\/uploads\\\/2025\\\/12\\\/2399d684-db7c-4a8b-8656-1653bfb41e0f.jpg\",\"datePublished\":\"2025-12-04T17:33:38+00:00\",\"dateModified\":\"2025-12-04T17:34:32+00:00\",\"author\":{\"@id\":\"http:\\\/\\\/www.defensoria.gob.ve\\\/#\\\/schema\\\/person\\\/fba14293189d7b1933ac7fba9d89e24a\"},\"breadcrumb\":{\"@id\":\"http:\\\/\\\/www.defensoria.gob.ve\\\/?p=15886#breadcrumb\"},\"inLanguage\":\"es\",\"potentialAction\":[{\"@type\":\"ReadAction\",\"target\":[\"http:\\\/\\\/www.defensoria.gob.ve\\\/?p=15886\"]}]},{\"@type\":\"ImageObject\",\"inLanguage\":\"es\",\"@id\":\"http:\\\/\\\/www.defensoria.gob.ve\\\/?p=15886#primaryimage\",\"url\":\"http:\\\/\\\/www.defensoria.gob.ve\\\/wp-content\\\/uploads\\\/2025\\\/12\\\/2399d684-db7c-4a8b-8656-1653bfb41e0f.jpg\",\"contentUrl\":\"http:\\\/\\\/www.defensoria.gob.ve\\\/wp-content\\\/uploads\\\/2025\\\/12\\\/2399d684-db7c-4a8b-8656-1653bfb41e0f.jpg\",\"width\":1080,\"height\":608},{\"@type\":\"BreadcrumbList\",\"@id\":\"http:\\\/\\\/www.defensoria.gob.ve\\\/?p=15886#breadcrumb\",\"itemListElement\":[{\"@type\":\"ListItem\",\"position\":1,\"name\":\"Portada\",\"item\":\"http:\\\/\\\/www.defensoria.gob.ve\\\/\"},{\"@type\":\"ListItem\",\"position\":2,\"name\":\"Defensor\u00eda del Pueblo dice presente en inauguraci\u00f3n del Tour Potencialidades Sin L\u00edmites para las personas con discapacidad\"}]},{\"@type\":\"WebSite\",\"@id\":\"http:\\\/\\\/www.defensoria.gob.ve\\\/#website\",\"url\":\"http:\\\/\\\/www.defensoria.gob.ve\\\/\",\"name\":\"\",\"description\":\"Instituci\u00f3n del Poder Ciudadano para la Promoci\u00f3n, Defensa y Vigilancia de los Derechos Humanos. \",\"potentialAction\":[{\"@type\":\"SearchAction\",\"target\":{\"@type\":\"EntryPoint\",\"urlTemplate\":\"http:\\\/\\\/www.defensoria.gob.ve\\\/?s={search_term_string}\"},\"query-input\":{\"@type\":\"PropertyValueSpecification\",\"valueRequired\":true,\"valueName\":\"search_term_string\"}}],\"inLanguage\":\"es\"},{\"@type\":\"Person\",\"@id\":\"http:\\\/\\\/www.defensoria.gob.ve\\\/#\\\/schema\\\/person\\\/fba14293189d7b1933ac7fba9d89e24a\",\"name\":\"JC.\",\"image\":{\"@type\":\"ImageObject\",\"inLanguage\":\"es\",\"@id\":\"https:\\\/\\\/secure.gravatar.com\\\/avatar\\\/f398a4de948606b38f0299d90ca738c674b648694bc725ed46503c240269dbf8?s=96&d=mm&r=g\",\"url\":\"https:\\\/\\\/secure.gravatar.com\\\/avatar\\\/f398a4de948606b38f0299d90ca738c674b648694bc725ed46503c240269dbf8?s=96&d=mm&r=g\",\"contentUrl\":\"https:\\\/\\\/secure.gravatar.com\\\/avatar\\\/f398a4de948606b38f0299d90ca738c674b648694bc725ed46503c240269dbf8?s=96&d=mm&r=g\",\"caption\":\"JC.\"},\"url\":\"http:\\\/\\\/www.defensoria.gob.ve\\\/?author=5\"}]}<\/script>\n<!-- \/ Yoast SEO plugin. -->","yoast_head_json":{"title":"Defensor\u00eda del Pueblo dice presente en inauguraci\u00f3n del Tour Potencialidades Sin L\u00edmites para las personas con discapacidad -","robots":{"index":"index","follow":"follow","max-snippet":"max-snippet:-1","max-image-preview":"max-image-preview:large","max-video-preview":"max-video-preview:-1"},"canonical":"http:\/\/www.defensoria.gob.ve\/?p=15886","og_locale":"es_ES","og_type":"article","og_title":"Defensor\u00eda del Pueblo dice presente en inauguraci\u00f3n del Tour Potencialidades Sin L\u00edmites para las personas con discapacidad -","og_description":"(03-Dic-25) En el marco del D\u00eda Internacional de la Personas con Discapacidad, el Defensor del Pueblo, Alfredo Ruiz Angulo, asisti\u00f3 a la inauguraci\u00f3n del Tour Potencialidades Sin L\u00edmites, llevado a&hellip;","og_url":"http:\/\/www.defensoria.gob.ve\/?p=15886","article_published_time":"2025-12-04T17:33:38+00:00","article_modified_time":"2025-12-04T17:34:32+00:00","og_image":[{"width":1080,"height":608,"url":"http:\/\/www.defensoria.gob.ve\/wp-content\/uploads\/2025\/12\/2399d684-db7c-4a8b-8656-1653bfb41e0f.jpg","type":"image\/jpeg"}],"author":"JC.","twitter_card":"summary_large_image","twitter_misc":{"Escrito por":"JC.","Tiempo estimado de lectura":"3 minutos"},"schema":{"@context":"https:\/\/schema.org","@graph":[{"@type":"Article","@id":"http:\/\/www.defensoria.gob.ve\/?p=15886#article","isPartOf":{"@id":"http:\/\/www.defensoria.gob.ve\/?p=15886"},"author":{"name":"JC.","@id":"http:\/\/www.defensoria.gob.ve\/#\/schema\/person\/fba14293189d7b1933ac7fba9d89e24a"},"headline":"Defensor\u00eda del Pueblo dice presente en inauguraci\u00f3n del Tour Potencialidades Sin L\u00edmites para las personas con discapacidad","datePublished":"2025-12-04T17:33:38+00:00","dateModified":"2025-12-04T17:34:32+00:00","mainEntityOfPage":{"@id":"http:\/\/www.defensoria.gob.ve\/?p=15886"},"wordCount":419,"image":{"@id":"http:\/\/www.defensoria.gob.ve\/?p=15886#primaryimage"},"thumbnailUrl":"http:\/\/www.defensoria.gob.ve\/wp-content\/uploads\/2025\/12\/2399d684-db7c-4a8b-8656-1653bfb41e0f.jpg","articleSection":["CENTRALES"],"inLanguage":"es"},{"@type":"WebPage","@id":"http:\/\/www.defensoria.gob.ve\/?p=15886","url":"http:\/\/www.defensoria.gob.ve\/?p=15886","name":"Defensor\u00eda del Pueblo dice presente en inauguraci\u00f3n del Tour Potencialidades Sin L\u00edmites para las personas con discapacidad -","isPartOf":{"@id":"http:\/\/www.defensoria.gob.ve\/#website"},"primaryImageOfPage":{"@id":"http:\/\/www.defensoria.gob.ve\/?p=15886#primaryimage"},"image":{"@id":"http:\/\/www.defensoria.gob.ve\/?p=15886#primaryimage"},"thumbnailUrl":"http:\/\/www.defensoria.gob.ve\/wp-content\/uploads\/2025\/12\/2399d684-db7c-4a8b-8656-1653bfb41e0f.jpg","datePublished":"2025-12-04T17:33:38+00:00","dateModified":"2025-12-04T17:34:32+00:00","author":{"@id":"http:\/\/www.defensoria.gob.ve\/#\/schema\/person\/fba14293189d7b1933ac7fba9d89e24a"},"breadcrumb":{"@id":"http:\/\/www.defensoria.gob.ve\/?p=15886#breadcrumb"},"inLanguage":"es","potentialAction":[{"@type":"ReadAction","target":["http:\/\/www.defensoria.gob.ve\/?p=15886"]}]},{"@type":"ImageObject","inLanguage":"es","@id":"http:\/\/www.defensoria.gob.ve\/?p=15886#primaryimage","url":"http:\/\/www.defensoria.gob.ve\/wp-content\/uploads\/2025\/12\/2399d684-db7c-4a8b-8656-1653bfb41e0f.jpg","contentUrl":"http:\/\/www.defensoria.gob.ve\/wp-content\/uploads\/2025\/12\/2399d684-db7c-4a8b-8656-1653bfb41e0f.jpg","width":1080,"height":608},{"@type":"BreadcrumbList","@id":"http:\/\/www.defensoria.gob.ve\/?p=15886#breadcrumb","itemListElement":[{"@type":"ListItem","position":1,"name":"Portada","item":"http:\/\/www.defensoria.gob.ve\/"},{"@type":"ListItem","position":2,"name":"Defensor\u00eda del Pueblo dice presente en inauguraci\u00f3n del Tour Potencialidades Sin L\u00edmites para las personas con discapacidad"}]},{"@type":"WebSite","@id":"http:\/\/www.defensoria.gob.ve\/#website","url":"http:\/\/www.defensoria.gob.ve\/","name":"","description":"Instituci\u00f3n del Poder Ciudadano para la Promoci\u00f3n, Defensa y Vigilancia de los Derechos Humanos. ","potentialAction":[{"@type":"SearchAction","target":{"@type":"EntryPoint","urlTemplate":"http:\/\/www.defensoria.gob.ve\/?s={search_term_string}"},"query-input":{"@type":"PropertyValueSpecification","valueRequired":true,"valueName":"search_term_string"}}],"inLanguage":"es"},{"@type":"Person","@id":"http:\/\/www.defensoria.gob.ve\/#\/schema\/person\/fba14293189d7b1933ac7fba9d89e24a","name":"JC.","image":{"@type":"ImageObject","inLanguage":"es","@id":"https:\/\/secure.gravatar.com\/avatar\/f398a4de948606b38f0299d90ca738c674b648694bc725ed46503c240269dbf8?s=96&d=mm&r=g","url":"https:\/\/secure.gravatar.com\/avatar\/f398a4de948606b38f0299d90ca738c674b648694bc725ed46503c240269dbf8?s=96&d=mm&r=g","contentUrl":"https:\/\/secure.gravatar.com\/avatar\/f398a4de948606b38f0299d90ca738c674b648694bc725ed46503c240269dbf8?s=96&d=mm&r=g","caption":"JC."},"url":"http:\/\/www.defensoria.gob.ve\/?author=5"}]}},"_links":{"self":[{"href":"http:\/\/www.defensoria.gob.ve\/index.php?rest_route=\/wp\/v2\/posts\/15886","targetHints":{"allow":["GET"]}}],"collection":[{"href":"http:\/\/www.defensoria.gob.ve\/index.php?rest_route=\/wp\/v2\/posts"}],"about":[{"href":"http:\/\/www.defensoria.gob.ve\/index.php?rest_route=\/wp\/v2\/types\/post"}],"author":[{"embeddable":true,"href":"http:\/\/www.defensoria.gob.ve\/index.php?rest_route=\/wp\/v2\/users\/5"}],"replies":[{"embeddable":true,"href":"http:\/\/www.defensoria.gob.ve\/index.php?rest_route=%2Fwp%2Fv2%2Fcomments&post=15886"}],"version-history":[{"count":4,"href":"http:\/\/www.defensoria.gob.ve\/index.php?rest_route=\/wp\/v2\/posts\/15886\/revisions"}],"predecessor-version":[{"id":15895,"href":"http:\/\/www.defensoria.gob.ve\/index.php?rest_route=\/wp\/v2\/posts\/15886\/revisions\/15895"}],"wp:featuredmedia":[{"embeddable":true,"href":"http:\/\/www.defensoria.gob.ve\/index.php?rest_route=\/wp\/v2\/media\/15891"}],"wp:attachment":[{"href":"http:\/\/www.defensoria.gob.ve\/index.php?rest_route=%2Fwp%2Fv2%2Fmedia&parent=15886"}],"wp:term":[{"taxonomy":"category","embeddable":true,"href":"http:\/\/www.defensoria.gob.ve\/index.php?rest_route=%2Fwp%2Fv2%2Fcategories&post=15886"},{"taxonomy":"post_tag","embeddable":true,"href":"http:\/\/www.defensoria.gob.ve\/index.php?rest_route=%2Fwp%2Fv2%2Ftags&post=15886"}],"curies":[{"name":"wp","href":"https:\/\/api.w.org\/{rel}","templated":true}]}}