 
{"id":16240,"date":"2025-12-08T17:30:24","date_gmt":"2025-12-08T21:30:24","guid":{"rendered":"http:\/\/www.defensoria.gob.ve\/?p=16240"},"modified":"2025-12-08T17:31:00","modified_gmt":"2025-12-08T21:31:00","slug":"defensor-del-pueblo-entrego-certificados-del-diplomado-derechos-humanos-al-parto-y-nacimiento-humanizado","status":"publish","type":"post","link":"http:\/\/www.defensoria.gob.ve\/?p=16240","title":{"rendered":"Defensor del Pueblo entreg\u00f3 certificados del Diplomado: Derechos Humanos al Parto y Nacimiento Humanizado"},"content":{"rendered":"\t\t<div data-elementor-type=\"wp-post\" data-elementor-id=\"16240\" class=\"elementor elementor-16240\">\n\t\t\t\t\t\t<section class=\"elementor-section elementor-top-section elementor-element elementor-element-34153736 elementor-section-boxed elementor-section-height-default elementor-section-height-default\" data-id=\"34153736\" data-element_type=\"section\" data-e-type=\"section\">\n\t\t\t\t\t\t<div class=\"elementor-container elementor-column-gap-default\">\n\t\t\t\t\t<div class=\"elementor-column elementor-col-100 elementor-top-column elementor-element elementor-element-32acd2de\" data-id=\"32acd2de\" data-element_type=\"column\" data-e-type=\"column\">\n\t\t\t<div class=\"elementor-widget-wrap elementor-element-populated\">\n\t\t\t\t\t\t<div class=\"elementor-element elementor-element-1f618395 elementor-widget elementor-widget-text-editor\" data-id=\"1f618395\" data-element_type=\"widget\" data-e-type=\"widget\" data-widget_type=\"text-editor.default\">\n\t\t\t\t<div class=\"elementor-widget-container\">\n\t\t\t\t\t\t\t\t\t\n<p><strong>(Lara\/08-Dic-25)<\/strong> El Defensor del Pueblo, Alfredo Ruiz, junto a la Defensora delegada de Lara, Arelys Rodr\u00edguez y el Director de la Escuela Nacional de Derechos Humanos (Enaddhh) Randolph Henr\u00edquez, hicieron entrega de los certificados a los 52 graduandos y graduandas del diplomado \u201cDerechos Humanos al Parto y Nacimiento Humanizado\u201d, cohorte 2025-I, evento realizado en la Enaddhh sede-Lara.<\/p>\n\n\n\n<p>A la actividad asistieron como invitados especiales la diputada de la Asamblea Nacional, Blanca Romero y el Fiscal Superior de la entidad, Carlos Andr\u00e9s Dom\u00ednguez y la coordinadora del programa de Parto y Nacimiento Humanizado Yanet Gonz\u00e1lez, entre otras autoridades.<\/p>\n\n\n\n<figure class=\"wp-block-image size-full\"><img fetchpriority=\"high\" decoding=\"async\" width=\"1280\" height=\"720\" src=\"http:\/\/www.defensoria.gob.ve\/wp-content\/uploads\/2025\/12\/83b98e1d-fda2-4ad6-a331-6dde3d91090b.jpg\" alt=\"\" class=\"wp-image-16241\" srcset=\"http:\/\/www.defensoria.gob.ve\/wp-content\/uploads\/2025\/12\/83b98e1d-fda2-4ad6-a331-6dde3d91090b.jpg 1280w, http:\/\/www.defensoria.gob.ve\/wp-content\/uploads\/2025\/12\/83b98e1d-fda2-4ad6-a331-6dde3d91090b-768x432.jpg 768w\" sizes=\"(max-width: 1280px) 100vw, 1280px\" \/><\/figure>\n\n\n\n<p>En su discurso ante los presentes, el Defensor del Pueblo indic\u00f3 que la Constituci\u00f3n de la Rep\u00fablica Bolivariana de Venezuela establece que los DDHH son parte de los valores superiores de los venezolanos y las venezolanas, como el respeto a la vida, la justicia, la libertad y la autodeterminaci\u00f3n de los pueblos, entre otros. Durante la entrega de certificados resalt\u00f3 que este pr\u00f3ximo 10 de diciembre es la fecha en la que se conmemora tambi\u00e9n la Semana Internacional de los Derechos Humanos.<\/p>\n\n\n\n<p>Asimismo, Alfredo Ruiz detall\u00f3 la responsabilidad que tienen las nuevas promotoras y los promotores con su familia, el trabajo y especialmente con la comunidad, mostrando el liderazgo del venezolano o la venezolana, y c\u00f3mo el Estado ha ayudado a su capacitaci\u00f3n a trav\u00e9s de los cursos formativos dados por la Escuela Feminista Argelia Laya (Femsur) y por nuestra Escuela Nacional de los Derechos Humanos.<\/p>\n\n\n\n<figure class=\"wp-block-image size-full\"><img decoding=\"async\" width=\"1280\" height=\"720\" src=\"http:\/\/www.defensoria.gob.ve\/wp-content\/uploads\/2025\/12\/7fede27b-fb3f-4fd4-a727-2609ba125d47.jpg\" alt=\"\" class=\"wp-image-16242\" srcset=\"http:\/\/www.defensoria.gob.ve\/wp-content\/uploads\/2025\/12\/7fede27b-fb3f-4fd4-a727-2609ba125d47.jpg 1280w, http:\/\/www.defensoria.gob.ve\/wp-content\/uploads\/2025\/12\/7fede27b-fb3f-4fd4-a727-2609ba125d47-768x432.jpg 768w\" sizes=\"(max-width: 1280px) 100vw, 1280px\" \/><\/figure>\n\n\n\n<p>Adem\u00e1s, explic\u00f3 que en el marco legal de la naci\u00f3n se establece que los trabajos dom\u00e9sticos son responsabilidades compartidas, tanto de los hombres como de las mujeres, que integran el n\u00facleo familiar.<\/p>\n\n\n\n<p>Con respecto, a las mujeres que han sido v\u00edctimas de trata de personas o explotadas sexualmente en el extranjero, el Defensor del Pueblo hizo un llamado a las graduandas y los graduandos, a que las atiendan y estar pendiente de su situaci\u00f3n al momento de su retorno al pa\u00eds a trav\u00e9s del Plan Vuelta a la Patria.<\/p>\n\n\n\n<figure class=\"wp-block-image size-full\"><img decoding=\"async\" width=\"1280\" height=\"720\" src=\"http:\/\/www.defensoria.gob.ve\/wp-content\/uploads\/2025\/12\/a1b18685-1b2c-43c8-b7b7-7deb352aaf8f.jpg\" alt=\"\" class=\"wp-image-16243\" srcset=\"http:\/\/www.defensoria.gob.ve\/wp-content\/uploads\/2025\/12\/a1b18685-1b2c-43c8-b7b7-7deb352aaf8f.jpg 1280w, http:\/\/www.defensoria.gob.ve\/wp-content\/uploads\/2025\/12\/a1b18685-1b2c-43c8-b7b7-7deb352aaf8f-768x432.jpg 768w\" sizes=\"(max-width: 1280px) 100vw, 1280px\" \/><\/figure>\n\n\n\n<p>Por \u00faltimo, hizo un llamado a extremar los cuidados y acompa\u00f1amientos con las mujeres embarazadas, y sobre todo, las adolescentes, ya que, en muchos casos, ellas no comunican sus problemas o dificultades durante el proceso de la gestaci\u00f3n. \u201cPor eso, la visi\u00f3n de derechos humanos es eso, fijarse en los rincones, en lo que no est\u00e1, para que no haya nadie excluido, nadie discriminado, sino que se atienda y se incorporen a todas las personas, y pidi\u00f3 mayor compromiso con las mujeres y adolescentes durante la gestaci\u00f3n\u201d, dijo. <strong>FIN \/ PRENSA Defensor\u00eda<\/strong><\/p>\n\t\t\t\t\t\t\t\t<\/div>\n\t\t\t\t<\/div>\n\t\t\t\t\t<\/div>\n\t\t<\/div>\n\t\t\t\t\t<\/div>\n\t\t<\/section>\n\t\t\t\t<\/div>\n\t\t","protected":false},"excerpt":{"rendered":"<p>(Lara\/08-Dic-25) El Defensor del Pueblo, Alfredo Ruiz, junto a la Defensora delegada de Lara, Arelys Rodr\u00edguez y el Director de la Escuela Nacional de Derechos Humanos (Enaddhh) Randolph Henr\u00edquez, hicieron&hellip; <\/p>\n","protected":false},"author":5,"featured_media":16244,"comment_status":"closed","ping_status":"open","sticky":false,"template":"","format":"standard","meta":{"footnotes":""},"categories":[3],"tags":[],"class_list":["post-16240","post","type-post","status-publish","format-standard","has-post-thumbnail","hentry","category-centrales"],"yoast_head":"<!-- This site is optimized with the Yoast SEO plugin v27.4 - https:\/\/yoast.com\/product\/yoast-seo-wordpress\/ -->\n<title>Defensor del Pueblo entreg\u00f3 certificados del Diplomado: Derechos Humanos al Parto y Nacimiento Humanizado -<\/title>\n<meta name=\"robots\" content=\"index, follow, max-snippet:-1, max-image-preview:large, max-video-preview:-1\" \/>\n<link rel=\"canonical\" href=\"http:\/\/www.defensoria.gob.ve\/?p=16240\" \/>\n<meta property=\"og:locale\" content=\"es_ES\" \/>\n<meta property=\"og:type\" content=\"article\" \/>\n<meta property=\"og:title\" content=\"Defensor del Pueblo entreg\u00f3 certificados del Diplomado: Derechos Humanos al Parto y Nacimiento Humanizado -\" \/>\n<meta property=\"og:description\" content=\"(Lara\/08-Dic-25) El Defensor del Pueblo, Alfredo Ruiz, junto a la Defensora delegada de Lara, Arelys Rodr\u00edguez y el Director de la Escuela Nacional de Derechos Humanos (Enaddhh) Randolph Henr\u00edquez, hicieron&hellip;\" \/>\n<meta property=\"og:url\" content=\"http:\/\/www.defensoria.gob.ve\/?p=16240\" \/>\n<meta property=\"article:published_time\" content=\"2025-12-08T21:30:24+00:00\" \/>\n<meta property=\"article:modified_time\" content=\"2025-12-08T21:31:00+00:00\" \/>\n<meta property=\"og:image\" content=\"http:\/\/www.defensoria.gob.ve\/wp-content\/uploads\/2025\/12\/b9615341-a76f-4e08-b3dd-c7453c932124.jpg\" \/>\n\t<meta property=\"og:image:width\" content=\"1280\" \/>\n\t<meta property=\"og:image:height\" content=\"720\" \/>\n\t<meta property=\"og:image:type\" content=\"image\/jpeg\" \/>\n<meta name=\"author\" content=\"JC.\" \/>\n<meta name=\"twitter:card\" content=\"summary_large_image\" \/>\n<meta name=\"twitter:label1\" content=\"Escrito por\" \/>\n\t<meta name=\"twitter:data1\" content=\"JC.\" \/>\n\t<meta name=\"twitter:label2\" content=\"Tiempo estimado de lectura\" \/>\n\t<meta name=\"twitter:data2\" content=\"3 minutos\" \/>\n<script type=\"application\/ld+json\" class=\"yoast-schema-graph\">{\"@context\":\"https:\\\/\\\/schema.org\",\"@graph\":[{\"@type\":\"Article\",\"@id\":\"http:\\\/\\\/www.defensoria.gob.ve\\\/?p=16240#article\",\"isPartOf\":{\"@id\":\"http:\\\/\\\/www.defensoria.gob.ve\\\/?p=16240\"},\"author\":{\"name\":\"JC.\",\"@id\":\"http:\\\/\\\/www.defensoria.gob.ve\\\/#\\\/schema\\\/person\\\/fba14293189d7b1933ac7fba9d89e24a\"},\"headline\":\"Defensor del Pueblo entreg\u00f3 certificados del Diplomado: Derechos Humanos al Parto y Nacimiento Humanizado\",\"datePublished\":\"2025-12-08T21:30:24+00:00\",\"dateModified\":\"2025-12-08T21:31:00+00:00\",\"mainEntityOfPage\":{\"@id\":\"http:\\\/\\\/www.defensoria.gob.ve\\\/?p=16240\"},\"wordCount\":462,\"image\":{\"@id\":\"http:\\\/\\\/www.defensoria.gob.ve\\\/?p=16240#primaryimage\"},\"thumbnailUrl\":\"http:\\\/\\\/www.defensoria.gob.ve\\\/wp-content\\\/uploads\\\/2025\\\/12\\\/b9615341-a76f-4e08-b3dd-c7453c932124.jpg\",\"articleSection\":[\"CENTRALES\"],\"inLanguage\":\"es\"},{\"@type\":\"WebPage\",\"@id\":\"http:\\\/\\\/www.defensoria.gob.ve\\\/?p=16240\",\"url\":\"http:\\\/\\\/www.defensoria.gob.ve\\\/?p=16240\",\"name\":\"Defensor del Pueblo entreg\u00f3 certificados del Diplomado: Derechos Humanos al Parto y Nacimiento Humanizado -\",\"isPartOf\":{\"@id\":\"http:\\\/\\\/www.defensoria.gob.ve\\\/#website\"},\"primaryImageOfPage\":{\"@id\":\"http:\\\/\\\/www.defensoria.gob.ve\\\/?p=16240#primaryimage\"},\"image\":{\"@id\":\"http:\\\/\\\/www.defensoria.gob.ve\\\/?p=16240#primaryimage\"},\"thumbnailUrl\":\"http:\\\/\\\/www.defensoria.gob.ve\\\/wp-content\\\/uploads\\\/2025\\\/12\\\/b9615341-a76f-4e08-b3dd-c7453c932124.jpg\",\"datePublished\":\"2025-12-08T21:30:24+00:00\",\"dateModified\":\"2025-12-08T21:31:00+00:00\",\"author\":{\"@id\":\"http:\\\/\\\/www.defensoria.gob.ve\\\/#\\\/schema\\\/person\\\/fba14293189d7b1933ac7fba9d89e24a\"},\"breadcrumb\":{\"@id\":\"http:\\\/\\\/www.defensoria.gob.ve\\\/?p=16240#breadcrumb\"},\"inLanguage\":\"es\",\"potentialAction\":[{\"@type\":\"ReadAction\",\"target\":[\"http:\\\/\\\/www.defensoria.gob.ve\\\/?p=16240\"]}]},{\"@type\":\"ImageObject\",\"inLanguage\":\"es\",\"@id\":\"http:\\\/\\\/www.defensoria.gob.ve\\\/?p=16240#primaryimage\",\"url\":\"http:\\\/\\\/www.defensoria.gob.ve\\\/wp-content\\\/uploads\\\/2025\\\/12\\\/b9615341-a76f-4e08-b3dd-c7453c932124.jpg\",\"contentUrl\":\"http:\\\/\\\/www.defensoria.gob.ve\\\/wp-content\\\/uploads\\\/2025\\\/12\\\/b9615341-a76f-4e08-b3dd-c7453c932124.jpg\",\"width\":1280,\"height\":720},{\"@type\":\"BreadcrumbList\",\"@id\":\"http:\\\/\\\/www.defensoria.gob.ve\\\/?p=16240#breadcrumb\",\"itemListElement\":[{\"@type\":\"ListItem\",\"position\":1,\"name\":\"Portada\",\"item\":\"http:\\\/\\\/www.defensoria.gob.ve\\\/\"},{\"@type\":\"ListItem\",\"position\":2,\"name\":\"Defensor del Pueblo entreg\u00f3 certificados del Diplomado: Derechos Humanos al Parto y Nacimiento Humanizado\"}]},{\"@type\":\"WebSite\",\"@id\":\"http:\\\/\\\/www.defensoria.gob.ve\\\/#website\",\"url\":\"http:\\\/\\\/www.defensoria.gob.ve\\\/\",\"name\":\"\",\"description\":\"Instituci\u00f3n del Poder Ciudadano para la Promoci\u00f3n, Defensa y Vigilancia de los Derechos Humanos. \",\"potentialAction\":[{\"@type\":\"SearchAction\",\"target\":{\"@type\":\"EntryPoint\",\"urlTemplate\":\"http:\\\/\\\/www.defensoria.gob.ve\\\/?s={search_term_string}\"},\"query-input\":{\"@type\":\"PropertyValueSpecification\",\"valueRequired\":true,\"valueName\":\"search_term_string\"}}],\"inLanguage\":\"es\"},{\"@type\":\"Person\",\"@id\":\"http:\\\/\\\/www.defensoria.gob.ve\\\/#\\\/schema\\\/person\\\/fba14293189d7b1933ac7fba9d89e24a\",\"name\":\"JC.\",\"image\":{\"@type\":\"ImageObject\",\"inLanguage\":\"es\",\"@id\":\"https:\\\/\\\/secure.gravatar.com\\\/avatar\\\/f398a4de948606b38f0299d90ca738c674b648694bc725ed46503c240269dbf8?s=96&d=mm&r=g\",\"url\":\"https:\\\/\\\/secure.gravatar.com\\\/avatar\\\/f398a4de948606b38f0299d90ca738c674b648694bc725ed46503c240269dbf8?s=96&d=mm&r=g\",\"contentUrl\":\"https:\\\/\\\/secure.gravatar.com\\\/avatar\\\/f398a4de948606b38f0299d90ca738c674b648694bc725ed46503c240269dbf8?s=96&d=mm&r=g\",\"caption\":\"JC.\"},\"url\":\"http:\\\/\\\/www.defensoria.gob.ve\\\/?author=5\"}]}<\/script>\n<!-- \/ Yoast SEO plugin. -->","yoast_head_json":{"title":"Defensor del Pueblo entreg\u00f3 certificados del Diplomado: Derechos Humanos al Parto y Nacimiento Humanizado -","robots":{"index":"index","follow":"follow","max-snippet":"max-snippet:-1","max-image-preview":"max-image-preview:large","max-video-preview":"max-video-preview:-1"},"canonical":"http:\/\/www.defensoria.gob.ve\/?p=16240","og_locale":"es_ES","og_type":"article","og_title":"Defensor del Pueblo entreg\u00f3 certificados del Diplomado: Derechos Humanos al Parto y Nacimiento Humanizado -","og_description":"(Lara\/08-Dic-25) El Defensor del Pueblo, Alfredo Ruiz, junto a la Defensora delegada de Lara, Arelys Rodr\u00edguez y el Director de la Escuela Nacional de Derechos Humanos (Enaddhh) Randolph Henr\u00edquez, hicieron&hellip;","og_url":"http:\/\/www.defensoria.gob.ve\/?p=16240","article_published_time":"2025-12-08T21:30:24+00:00","article_modified_time":"2025-12-08T21:31:00+00:00","og_image":[{"width":1280,"height":720,"url":"http:\/\/www.defensoria.gob.ve\/wp-content\/uploads\/2025\/12\/b9615341-a76f-4e08-b3dd-c7453c932124.jpg","type":"image\/jpeg"}],"author":"JC.","twitter_card":"summary_large_image","twitter_misc":{"Escrito por":"JC.","Tiempo estimado de lectura":"3 minutos"},"schema":{"@context":"https:\/\/schema.org","@graph":[{"@type":"Article","@id":"http:\/\/www.defensoria.gob.ve\/?p=16240#article","isPartOf":{"@id":"http:\/\/www.defensoria.gob.ve\/?p=16240"},"author":{"name":"JC.","@id":"http:\/\/www.defensoria.gob.ve\/#\/schema\/person\/fba14293189d7b1933ac7fba9d89e24a"},"headline":"Defensor del Pueblo entreg\u00f3 certificados del Diplomado: Derechos Humanos al Parto y Nacimiento Humanizado","datePublished":"2025-12-08T21:30:24+00:00","dateModified":"2025-12-08T21:31:00+00:00","mainEntityOfPage":{"@id":"http:\/\/www.defensoria.gob.ve\/?p=16240"},"wordCount":462,"image":{"@id":"http:\/\/www.defensoria.gob.ve\/?p=16240#primaryimage"},"thumbnailUrl":"http:\/\/www.defensoria.gob.ve\/wp-content\/uploads\/2025\/12\/b9615341-a76f-4e08-b3dd-c7453c932124.jpg","articleSection":["CENTRALES"],"inLanguage":"es"},{"@type":"WebPage","@id":"http:\/\/www.defensoria.gob.ve\/?p=16240","url":"http:\/\/www.defensoria.gob.ve\/?p=16240","name":"Defensor del Pueblo entreg\u00f3 certificados del Diplomado: Derechos Humanos al Parto y Nacimiento Humanizado -","isPartOf":{"@id":"http:\/\/www.defensoria.gob.ve\/#website"},"primaryImageOfPage":{"@id":"http:\/\/www.defensoria.gob.ve\/?p=16240#primaryimage"},"image":{"@id":"http:\/\/www.defensoria.gob.ve\/?p=16240#primaryimage"},"thumbnailUrl":"http:\/\/www.defensoria.gob.ve\/wp-content\/uploads\/2025\/12\/b9615341-a76f-4e08-b3dd-c7453c932124.jpg","datePublished":"2025-12-08T21:30:24+00:00","dateModified":"2025-12-08T21:31:00+00:00","author":{"@id":"http:\/\/www.defensoria.gob.ve\/#\/schema\/person\/fba14293189d7b1933ac7fba9d89e24a"},"breadcrumb":{"@id":"http:\/\/www.defensoria.gob.ve\/?p=16240#breadcrumb"},"inLanguage":"es","potentialAction":[{"@type":"ReadAction","target":["http:\/\/www.defensoria.gob.ve\/?p=16240"]}]},{"@type":"ImageObject","inLanguage":"es","@id":"http:\/\/www.defensoria.gob.ve\/?p=16240#primaryimage","url":"http:\/\/www.defensoria.gob.ve\/wp-content\/uploads\/2025\/12\/b9615341-a76f-4e08-b3dd-c7453c932124.jpg","contentUrl":"http:\/\/www.defensoria.gob.ve\/wp-content\/uploads\/2025\/12\/b9615341-a76f-4e08-b3dd-c7453c932124.jpg","width":1280,"height":720},{"@type":"BreadcrumbList","@id":"http:\/\/www.defensoria.gob.ve\/?p=16240#breadcrumb","itemListElement":[{"@type":"ListItem","position":1,"name":"Portada","item":"http:\/\/www.defensoria.gob.ve\/"},{"@type":"ListItem","position":2,"name":"Defensor del Pueblo entreg\u00f3 certificados del Diplomado: Derechos Humanos al Parto y Nacimiento Humanizado"}]},{"@type":"WebSite","@id":"http:\/\/www.defensoria.gob.ve\/#website","url":"http:\/\/www.defensoria.gob.ve\/","name":"","description":"Instituci\u00f3n del Poder Ciudadano para la Promoci\u00f3n, Defensa y Vigilancia de los Derechos Humanos. ","potentialAction":[{"@type":"SearchAction","target":{"@type":"EntryPoint","urlTemplate":"http:\/\/www.defensoria.gob.ve\/?s={search_term_string}"},"query-input":{"@type":"PropertyValueSpecification","valueRequired":true,"valueName":"search_term_string"}}],"inLanguage":"es"},{"@type":"Person","@id":"http:\/\/www.defensoria.gob.ve\/#\/schema\/person\/fba14293189d7b1933ac7fba9d89e24a","name":"JC.","image":{"@type":"ImageObject","inLanguage":"es","@id":"https:\/\/secure.gravatar.com\/avatar\/f398a4de948606b38f0299d90ca738c674b648694bc725ed46503c240269dbf8?s=96&d=mm&r=g","url":"https:\/\/secure.gravatar.com\/avatar\/f398a4de948606b38f0299d90ca738c674b648694bc725ed46503c240269dbf8?s=96&d=mm&r=g","contentUrl":"https:\/\/secure.gravatar.com\/avatar\/f398a4de948606b38f0299d90ca738c674b648694bc725ed46503c240269dbf8?s=96&d=mm&r=g","caption":"JC."},"url":"http:\/\/www.defensoria.gob.ve\/?author=5"}]}},"_links":{"self":[{"href":"http:\/\/www.defensoria.gob.ve\/index.php?rest_route=\/wp\/v2\/posts\/16240","targetHints":{"allow":["GET"]}}],"collection":[{"href":"http:\/\/www.defensoria.gob.ve\/index.php?rest_route=\/wp\/v2\/posts"}],"about":[{"href":"http:\/\/www.defensoria.gob.ve\/index.php?rest_route=\/wp\/v2\/types\/post"}],"author":[{"embeddable":true,"href":"http:\/\/www.defensoria.gob.ve\/index.php?rest_route=\/wp\/v2\/users\/5"}],"replies":[{"embeddable":true,"href":"http:\/\/www.defensoria.gob.ve\/index.php?rest_route=%2Fwp%2Fv2%2Fcomments&post=16240"}],"version-history":[{"count":4,"href":"http:\/\/www.defensoria.gob.ve\/index.php?rest_route=\/wp\/v2\/posts\/16240\/revisions"}],"predecessor-version":[{"id":16248,"href":"http:\/\/www.defensoria.gob.ve\/index.php?rest_route=\/wp\/v2\/posts\/16240\/revisions\/16248"}],"wp:featuredmedia":[{"embeddable":true,"href":"http:\/\/www.defensoria.gob.ve\/index.php?rest_route=\/wp\/v2\/media\/16244"}],"wp:attachment":[{"href":"http:\/\/www.defensoria.gob.ve\/index.php?rest_route=%2Fwp%2Fv2%2Fmedia&parent=16240"}],"wp:term":[{"taxonomy":"category","embeddable":true,"href":"http:\/\/www.defensoria.gob.ve\/index.php?rest_route=%2Fwp%2Fv2%2Fcategories&post=16240"},{"taxonomy":"post_tag","embeddable":true,"href":"http:\/\/www.defensoria.gob.ve\/index.php?rest_route=%2Fwp%2Fv2%2Ftags&post=16240"}],"curies":[{"name":"wp","href":"https:\/\/api.w.org\/{rel}","templated":true}]}}