 
{"id":16250,"date":"2025-12-05T17:56:41","date_gmt":"2025-12-05T21:56:41","guid":{"rendered":"http:\/\/www.defensoria.gob.ve\/?p=16250"},"modified":"2025-12-08T17:59:19","modified_gmt":"2025-12-08T21:59:19","slug":"defensoria-del-pueblo-y-onusida-venezuela-realizan-jornada-de-atencion-integral-y-difusion-sobre-el-vih-sida-en-la-plaza-el-venezolano","status":"publish","type":"post","link":"http:\/\/www.defensoria.gob.ve\/?p=16250","title":{"rendered":"Defensor\u00eda del Pueblo y ONUSIDA Venezuela realizan Jornada de Atenci\u00f3n Integral y difusi\u00f3n sobre el VIH\/SIDA en la Plaza El Venezolano"},"content":{"rendered":"\t\t<div data-elementor-type=\"wp-post\" data-elementor-id=\"16250\" class=\"elementor elementor-16250\">\n\t\t\t\t\t\t<section class=\"elementor-section elementor-top-section elementor-element elementor-element-7b5622ce elementor-section-boxed elementor-section-height-default elementor-section-height-default\" data-id=\"7b5622ce\" data-element_type=\"section\" data-e-type=\"section\">\n\t\t\t\t\t\t<div class=\"elementor-container elementor-column-gap-default\">\n\t\t\t\t\t<div class=\"elementor-column elementor-col-100 elementor-top-column elementor-element elementor-element-46c63394\" data-id=\"46c63394\" data-element_type=\"column\" data-e-type=\"column\">\n\t\t\t<div class=\"elementor-widget-wrap elementor-element-populated\">\n\t\t\t\t\t\t<div class=\"elementor-element elementor-element-545da002 elementor-widget elementor-widget-text-editor\" data-id=\"545da002\" data-element_type=\"widget\" data-e-type=\"widget\" data-widget_type=\"text-editor.default\">\n\t\t\t\t<div class=\"elementor-widget-container\">\n\t\t\t\t\t\t\t\t\t\n<p><strong>(05-12-25)<\/strong> Este viernes, en el marco del D\u00eda Mundial en la Lucha contra el VIH\/SIDA, la Defensor\u00eda del Pueblo conjuntamente con el Programa Conjunto de la Organizaci\u00f3n de Naciones Unidas sobre el VIH\/Sida (ONUSIDA Venezuela) y el Ministerio del Poder Popular para la Salud organizaron una Jornada Integral de Atenci\u00f3n con pruebas diagn\u00f3sticas, despistaje de Infecciones de Transmisi\u00f3n Sexual (ITS), entrega de preservativos y material divulgativo; adem\u00e1s de charlas de prevenci\u00f3n, llevada a cabo en la Plaza El Venezolano, ubicada en el centro de Caracas.<\/p>\n\n\n\n<p>Esta actividad tuvo como objetivo principal fortalecer las acciones que cotidianamente se realizan para prevenir el VIH\/Sida, atender a las personas que viven con el mismo, eliminar el estigma y evitar cualquier forma de discriminaci\u00f3n, fomentandose la inclusi\u00f3n y el respeto hacia esta poblaci\u00f3n de especial atenci\u00f3n.<\/p>\n\n\n\n<figure class=\"wp-block-image size-full\"><img fetchpriority=\"high\" decoding=\"async\" width=\"960\" height=\"540\" src=\"http:\/\/www.defensoria.gob.ve\/wp-content\/uploads\/2025\/12\/34cb85f2-0bab-4df8-a948-969ce3cccc36-2.jpg\" alt=\"\" class=\"wp-image-16251\" srcset=\"http:\/\/www.defensoria.gob.ve\/wp-content\/uploads\/2025\/12\/34cb85f2-0bab-4df8-a948-969ce3cccc36-2.jpg 960w, http:\/\/www.defensoria.gob.ve\/wp-content\/uploads\/2025\/12\/34cb85f2-0bab-4df8-a948-969ce3cccc36-2-768x432.jpg 768w\" sizes=\"(max-width: 960px) 100vw, 960px\" \/><\/figure>\n\n\n\n<p>A la actividad asistieron el Defensor del Pueblo, Alfredo Ruiz Angulo, as\u00ed como la representante de ONUSIDA Venezuela, Adriana Ponte, y representantes del Ministerio P\u00fablico (MP); Ministerio del Poder Popular para la Salud; Ministerio del Poder Popular para el Trabajo; Cuerpo de Investigaciones Cient\u00edficas, Penales y Criminal\u00edsticas; Consejo Nacional para las Personas con Discapacidad; Servicio Administrativo de Identificaci\u00f3n, Migraci\u00f3n y Extranjer\u00eda (Saime); Alcald\u00eda de Caracas; el Gobierno del Distrito Capital, entre otras instituciones; as\u00ed como movimientos sociales y representantes de Organizaciones No Gubernamentales \u201cTinta Violeta\u201d; \u201cFundaci\u00f3n Arco Iris\u201d y Grupo ASES de Venezuela, entre otras.<\/p>\n\n\n\n<p>Durante la actividad, el titular de la Instituci\u00f3n Nacional de los Derechos Humanos hizo \u00e9nfasis en la importancia de esta jornada para concientizar sobre el Virus de Inmunodeficiencia Humana (VIH) y el S\u00edndrome de Inmunodeficiencia Adquirida (Sida). Por ello, destac\u00f3 la importancia de la sensibilizaci\u00f3n de toda la poblaci\u00f3n para evitar el estigma y la discriminaci\u00f3n, as\u00ed como multiplicar las campa\u00f1as para prevenir su transmisi\u00f3n.<\/p>\n\n\n\n<figure class=\"wp-block-image size-full\"><img decoding=\"async\" width=\"960\" height=\"540\" src=\"http:\/\/www.defensoria.gob.ve\/wp-content\/uploads\/2025\/12\/bf3bc7bc-9da8-4e93-ad85-fefebc606bd6-2.jpg\" alt=\"\" class=\"wp-image-16252\" srcset=\"http:\/\/www.defensoria.gob.ve\/wp-content\/uploads\/2025\/12\/bf3bc7bc-9da8-4e93-ad85-fefebc606bd6-2.jpg 960w, http:\/\/www.defensoria.gob.ve\/wp-content\/uploads\/2025\/12\/bf3bc7bc-9da8-4e93-ad85-fefebc606bd6-2-768x432.jpg 768w\" sizes=\"(max-width: 960px) 100vw, 960px\" \/><\/figure>\n\n\n\n<p>Precis\u00f3 que la prevenci\u00f3n es de suma importancia para evitar contraer y transmitir el VIH, recalc\u00f3 en la necesidad de la atenci\u00f3n y solidaridad, adem\u00e1s del apoyo del entorno familiar, laboral, educativo y de la comunidad en general. \u201cEs fundamental la comprensi\u00f3n y el respeto hacia las personas que viven VIH\/ Sida, y reconocer el da\u00f1o que hace el discriminar a las personas que tienen est\u00e1 condici\u00f3n, debemos todas y todos promover su inclusi\u00f3n en la vida cotidiana\u201d.<\/p>\n\n\n\n<p>Ruiz inform\u00f3 que estas jornadas de atenci\u00f3n integral se est\u00e1n realizando en todos los estados de forma simult\u00e1nea, en coordinaci\u00f3n con el personal de MinSalud y el apoyo de ONUSIDA para difundir el contenido de la Ley para la Promoci\u00f3n y Protecci\u00f3n del Derecho a la Igualdad de las Personas con VIH\/Sida y sus Familiares; as\u00ed como garantizar los medicamentos, pese a las medidas coercitivas unilaterales ilegales de Europa y Estados Unidos.<\/p>\n\n\n\n<p>Por su parte, Adriana Ponte, representante de ONUSIDA Venezuela, agradeci\u00f3 a la Defensor\u00eda del Pueblo por la organizaci\u00f3n de esta jornada que acerca al pueblo al tema de la prevenci\u00f3n, de evitar la discriminaci\u00f3n, y abordaje para las personas con VIH, y que las personas puedan tener acceso a la informaci\u00f3n.<\/p>\n\n\n\n<p>Con esta jornada, el ente defensorial reafirma su compromiso de velar por el derecho a la salud para todas las personas, especialmente aquellas que viven con VIH\/ Sida.<br><br>El conocimiento es la mejor herramienta para combatir la desinformaci\u00f3n y construir una comunidad inclusiva, por lo que desde la Instituci\u00f3n Nacional de los Derechos Humanos se hace un llamado a la poblaci\u00f3n a informarse sobre el VIH, a utilizar m\u00e9todos de prevenci\u00f3n y a hacerse pruebas diagn\u00f3sticas regularmente.<br><br>El llamado por parte de la Instituci\u00f3n Nacional de Derechos Humanos es: m\u00e1s prevenci\u00f3n, m\u00e1s informaci\u00f3n y m\u00e1s comunicaci\u00f3n acerca del VIH. El mensaje es: \u201cEl VIH no discrimina, no lo hagas T\u00fa\u201d. <strong>FIN\/PRENSA Defensor\u00eda<\/strong><\/p>\n\t\t\t\t\t\t\t\t<\/div>\n\t\t\t\t<\/div>\n\t\t\t\t\t<\/div>\n\t\t<\/div>\n\t\t\t\t\t<\/div>\n\t\t<\/section>\n\t\t\t\t<\/div>\n\t\t","protected":false},"excerpt":{"rendered":"<p>(05-12-25) Este viernes, en el marco del D\u00eda Mundial en la Lucha contra el VIH\/SIDA, la Defensor\u00eda del Pueblo conjuntamente con el Programa Conjunto de la Organizaci\u00f3n de Naciones Unidas&hellip; <\/p>\n","protected":false},"author":5,"featured_media":16253,"comment_status":"closed","ping_status":"open","sticky":false,"template":"","format":"standard","meta":{"footnotes":""},"categories":[1],"tags":[],"class_list":["post-16250","post","type-post","status-publish","format-standard","has-post-thumbnail","hentry","category-sin-categoria"],"yoast_head":"<!-- This site is optimized with the Yoast SEO plugin v27.4 - https:\/\/yoast.com\/product\/yoast-seo-wordpress\/ -->\n<title>Defensor\u00eda del Pueblo y ONUSIDA Venezuela realizan Jornada de Atenci\u00f3n Integral y difusi\u00f3n sobre el VIH\/SIDA en la Plaza El Venezolano -<\/title>\n<meta name=\"robots\" content=\"index, follow, max-snippet:-1, max-image-preview:large, max-video-preview:-1\" \/>\n<link rel=\"canonical\" href=\"http:\/\/www.defensoria.gob.ve\/?p=16250\" \/>\n<meta property=\"og:locale\" content=\"es_ES\" \/>\n<meta property=\"og:type\" content=\"article\" \/>\n<meta property=\"og:title\" content=\"Defensor\u00eda del Pueblo y ONUSIDA Venezuela realizan Jornada de Atenci\u00f3n Integral y difusi\u00f3n sobre el VIH\/SIDA en la Plaza El Venezolano -\" \/>\n<meta property=\"og:description\" content=\"(05-12-25) Este viernes, en el marco del D\u00eda Mundial en la Lucha contra el VIH\/SIDA, la Defensor\u00eda del Pueblo conjuntamente con el Programa Conjunto de la Organizaci\u00f3n de Naciones Unidas&hellip;\" \/>\n<meta property=\"og:url\" content=\"http:\/\/www.defensoria.gob.ve\/?p=16250\" \/>\n<meta property=\"article:published_time\" content=\"2025-12-05T21:56:41+00:00\" \/>\n<meta property=\"article:modified_time\" content=\"2025-12-08T21:59:19+00:00\" \/>\n<meta property=\"og:image\" content=\"http:\/\/www.defensoria.gob.ve\/wp-content\/uploads\/2025\/12\/56115812-7709-49bc-9abe-7d42b1e2c131-2.jpg\" \/>\n\t<meta property=\"og:image:width\" content=\"960\" \/>\n\t<meta property=\"og:image:height\" content=\"540\" \/>\n\t<meta property=\"og:image:type\" content=\"image\/jpeg\" \/>\n<meta name=\"author\" content=\"JC.\" \/>\n<meta name=\"twitter:card\" content=\"summary_large_image\" \/>\n<meta name=\"twitter:label1\" content=\"Escrito por\" \/>\n\t<meta name=\"twitter:data1\" content=\"JC.\" \/>\n\t<meta name=\"twitter:label2\" content=\"Tiempo estimado de lectura\" \/>\n\t<meta name=\"twitter:data2\" content=\"4 minutos\" \/>\n<script type=\"application\/ld+json\" class=\"yoast-schema-graph\">{\"@context\":\"https:\\\/\\\/schema.org\",\"@graph\":[{\"@type\":\"Article\",\"@id\":\"http:\\\/\\\/www.defensoria.gob.ve\\\/?p=16250#article\",\"isPartOf\":{\"@id\":\"http:\\\/\\\/www.defensoria.gob.ve\\\/?p=16250\"},\"author\":{\"name\":\"JC.\",\"@id\":\"http:\\\/\\\/www.defensoria.gob.ve\\\/#\\\/schema\\\/person\\\/fba14293189d7b1933ac7fba9d89e24a\"},\"headline\":\"Defensor\u00eda del Pueblo y ONUSIDA Venezuela realizan Jornada de Atenci\u00f3n Integral y difusi\u00f3n sobre el VIH\\\/SIDA en la Plaza El Venezolano\",\"datePublished\":\"2025-12-05T21:56:41+00:00\",\"dateModified\":\"2025-12-08T21:59:19+00:00\",\"mainEntityOfPage\":{\"@id\":\"http:\\\/\\\/www.defensoria.gob.ve\\\/?p=16250\"},\"wordCount\":695,\"image\":{\"@id\":\"http:\\\/\\\/www.defensoria.gob.ve\\\/?p=16250#primaryimage\"},\"thumbnailUrl\":\"http:\\\/\\\/www.defensoria.gob.ve\\\/wp-content\\\/uploads\\\/2025\\\/12\\\/56115812-7709-49bc-9abe-7d42b1e2c131-2.jpg\",\"inLanguage\":\"es\"},{\"@type\":\"WebPage\",\"@id\":\"http:\\\/\\\/www.defensoria.gob.ve\\\/?p=16250\",\"url\":\"http:\\\/\\\/www.defensoria.gob.ve\\\/?p=16250\",\"name\":\"Defensor\u00eda del Pueblo y ONUSIDA Venezuela realizan Jornada de Atenci\u00f3n Integral y difusi\u00f3n sobre el VIH\\\/SIDA en la Plaza El Venezolano -\",\"isPartOf\":{\"@id\":\"http:\\\/\\\/www.defensoria.gob.ve\\\/#website\"},\"primaryImageOfPage\":{\"@id\":\"http:\\\/\\\/www.defensoria.gob.ve\\\/?p=16250#primaryimage\"},\"image\":{\"@id\":\"http:\\\/\\\/www.defensoria.gob.ve\\\/?p=16250#primaryimage\"},\"thumbnailUrl\":\"http:\\\/\\\/www.defensoria.gob.ve\\\/wp-content\\\/uploads\\\/2025\\\/12\\\/56115812-7709-49bc-9abe-7d42b1e2c131-2.jpg\",\"datePublished\":\"2025-12-05T21:56:41+00:00\",\"dateModified\":\"2025-12-08T21:59:19+00:00\",\"author\":{\"@id\":\"http:\\\/\\\/www.defensoria.gob.ve\\\/#\\\/schema\\\/person\\\/fba14293189d7b1933ac7fba9d89e24a\"},\"breadcrumb\":{\"@id\":\"http:\\\/\\\/www.defensoria.gob.ve\\\/?p=16250#breadcrumb\"},\"inLanguage\":\"es\",\"potentialAction\":[{\"@type\":\"ReadAction\",\"target\":[\"http:\\\/\\\/www.defensoria.gob.ve\\\/?p=16250\"]}]},{\"@type\":\"ImageObject\",\"inLanguage\":\"es\",\"@id\":\"http:\\\/\\\/www.defensoria.gob.ve\\\/?p=16250#primaryimage\",\"url\":\"http:\\\/\\\/www.defensoria.gob.ve\\\/wp-content\\\/uploads\\\/2025\\\/12\\\/56115812-7709-49bc-9abe-7d42b1e2c131-2.jpg\",\"contentUrl\":\"http:\\\/\\\/www.defensoria.gob.ve\\\/wp-content\\\/uploads\\\/2025\\\/12\\\/56115812-7709-49bc-9abe-7d42b1e2c131-2.jpg\",\"width\":960,\"height\":540},{\"@type\":\"BreadcrumbList\",\"@id\":\"http:\\\/\\\/www.defensoria.gob.ve\\\/?p=16250#breadcrumb\",\"itemListElement\":[{\"@type\":\"ListItem\",\"position\":1,\"name\":\"Portada\",\"item\":\"http:\\\/\\\/www.defensoria.gob.ve\\\/\"},{\"@type\":\"ListItem\",\"position\":2,\"name\":\"Defensor\u00eda del Pueblo y ONUSIDA Venezuela realizan Jornada de Atenci\u00f3n Integral y difusi\u00f3n sobre el VIH\\\/SIDA en la Plaza El Venezolano\"}]},{\"@type\":\"WebSite\",\"@id\":\"http:\\\/\\\/www.defensoria.gob.ve\\\/#website\",\"url\":\"http:\\\/\\\/www.defensoria.gob.ve\\\/\",\"name\":\"\",\"description\":\"Instituci\u00f3n del Poder Ciudadano para la Promoci\u00f3n, Defensa y Vigilancia de los Derechos Humanos. \",\"potentialAction\":[{\"@type\":\"SearchAction\",\"target\":{\"@type\":\"EntryPoint\",\"urlTemplate\":\"http:\\\/\\\/www.defensoria.gob.ve\\\/?s={search_term_string}\"},\"query-input\":{\"@type\":\"PropertyValueSpecification\",\"valueRequired\":true,\"valueName\":\"search_term_string\"}}],\"inLanguage\":\"es\"},{\"@type\":\"Person\",\"@id\":\"http:\\\/\\\/www.defensoria.gob.ve\\\/#\\\/schema\\\/person\\\/fba14293189d7b1933ac7fba9d89e24a\",\"name\":\"JC.\",\"image\":{\"@type\":\"ImageObject\",\"inLanguage\":\"es\",\"@id\":\"https:\\\/\\\/secure.gravatar.com\\\/avatar\\\/f398a4de948606b38f0299d90ca738c674b648694bc725ed46503c240269dbf8?s=96&d=mm&r=g\",\"url\":\"https:\\\/\\\/secure.gravatar.com\\\/avatar\\\/f398a4de948606b38f0299d90ca738c674b648694bc725ed46503c240269dbf8?s=96&d=mm&r=g\",\"contentUrl\":\"https:\\\/\\\/secure.gravatar.com\\\/avatar\\\/f398a4de948606b38f0299d90ca738c674b648694bc725ed46503c240269dbf8?s=96&d=mm&r=g\",\"caption\":\"JC.\"},\"url\":\"http:\\\/\\\/www.defensoria.gob.ve\\\/?author=5\"}]}<\/script>\n<!-- \/ Yoast SEO plugin. -->","yoast_head_json":{"title":"Defensor\u00eda del Pueblo y ONUSIDA Venezuela realizan Jornada de Atenci\u00f3n Integral y difusi\u00f3n sobre el VIH\/SIDA en la Plaza El Venezolano -","robots":{"index":"index","follow":"follow","max-snippet":"max-snippet:-1","max-image-preview":"max-image-preview:large","max-video-preview":"max-video-preview:-1"},"canonical":"http:\/\/www.defensoria.gob.ve\/?p=16250","og_locale":"es_ES","og_type":"article","og_title":"Defensor\u00eda del Pueblo y ONUSIDA Venezuela realizan Jornada de Atenci\u00f3n Integral y difusi\u00f3n sobre el VIH\/SIDA en la Plaza El Venezolano -","og_description":"(05-12-25) Este viernes, en el marco del D\u00eda Mundial en la Lucha contra el VIH\/SIDA, la Defensor\u00eda del Pueblo conjuntamente con el Programa Conjunto de la Organizaci\u00f3n de Naciones Unidas&hellip;","og_url":"http:\/\/www.defensoria.gob.ve\/?p=16250","article_published_time":"2025-12-05T21:56:41+00:00","article_modified_time":"2025-12-08T21:59:19+00:00","og_image":[{"width":960,"height":540,"url":"http:\/\/www.defensoria.gob.ve\/wp-content\/uploads\/2025\/12\/56115812-7709-49bc-9abe-7d42b1e2c131-2.jpg","type":"image\/jpeg"}],"author":"JC.","twitter_card":"summary_large_image","twitter_misc":{"Escrito por":"JC.","Tiempo estimado de lectura":"4 minutos"},"schema":{"@context":"https:\/\/schema.org","@graph":[{"@type":"Article","@id":"http:\/\/www.defensoria.gob.ve\/?p=16250#article","isPartOf":{"@id":"http:\/\/www.defensoria.gob.ve\/?p=16250"},"author":{"name":"JC.","@id":"http:\/\/www.defensoria.gob.ve\/#\/schema\/person\/fba14293189d7b1933ac7fba9d89e24a"},"headline":"Defensor\u00eda del Pueblo y ONUSIDA Venezuela realizan Jornada de Atenci\u00f3n Integral y difusi\u00f3n sobre el VIH\/SIDA en la Plaza El Venezolano","datePublished":"2025-12-05T21:56:41+00:00","dateModified":"2025-12-08T21:59:19+00:00","mainEntityOfPage":{"@id":"http:\/\/www.defensoria.gob.ve\/?p=16250"},"wordCount":695,"image":{"@id":"http:\/\/www.defensoria.gob.ve\/?p=16250#primaryimage"},"thumbnailUrl":"http:\/\/www.defensoria.gob.ve\/wp-content\/uploads\/2025\/12\/56115812-7709-49bc-9abe-7d42b1e2c131-2.jpg","inLanguage":"es"},{"@type":"WebPage","@id":"http:\/\/www.defensoria.gob.ve\/?p=16250","url":"http:\/\/www.defensoria.gob.ve\/?p=16250","name":"Defensor\u00eda del Pueblo y ONUSIDA Venezuela realizan Jornada de Atenci\u00f3n Integral y difusi\u00f3n sobre el VIH\/SIDA en la Plaza El Venezolano -","isPartOf":{"@id":"http:\/\/www.defensoria.gob.ve\/#website"},"primaryImageOfPage":{"@id":"http:\/\/www.defensoria.gob.ve\/?p=16250#primaryimage"},"image":{"@id":"http:\/\/www.defensoria.gob.ve\/?p=16250#primaryimage"},"thumbnailUrl":"http:\/\/www.defensoria.gob.ve\/wp-content\/uploads\/2025\/12\/56115812-7709-49bc-9abe-7d42b1e2c131-2.jpg","datePublished":"2025-12-05T21:56:41+00:00","dateModified":"2025-12-08T21:59:19+00:00","author":{"@id":"http:\/\/www.defensoria.gob.ve\/#\/schema\/person\/fba14293189d7b1933ac7fba9d89e24a"},"breadcrumb":{"@id":"http:\/\/www.defensoria.gob.ve\/?p=16250#breadcrumb"},"inLanguage":"es","potentialAction":[{"@type":"ReadAction","target":["http:\/\/www.defensoria.gob.ve\/?p=16250"]}]},{"@type":"ImageObject","inLanguage":"es","@id":"http:\/\/www.defensoria.gob.ve\/?p=16250#primaryimage","url":"http:\/\/www.defensoria.gob.ve\/wp-content\/uploads\/2025\/12\/56115812-7709-49bc-9abe-7d42b1e2c131-2.jpg","contentUrl":"http:\/\/www.defensoria.gob.ve\/wp-content\/uploads\/2025\/12\/56115812-7709-49bc-9abe-7d42b1e2c131-2.jpg","width":960,"height":540},{"@type":"BreadcrumbList","@id":"http:\/\/www.defensoria.gob.ve\/?p=16250#breadcrumb","itemListElement":[{"@type":"ListItem","position":1,"name":"Portada","item":"http:\/\/www.defensoria.gob.ve\/"},{"@type":"ListItem","position":2,"name":"Defensor\u00eda del Pueblo y ONUSIDA Venezuela realizan Jornada de Atenci\u00f3n Integral y difusi\u00f3n sobre el VIH\/SIDA en la Plaza El Venezolano"}]},{"@type":"WebSite","@id":"http:\/\/www.defensoria.gob.ve\/#website","url":"http:\/\/www.defensoria.gob.ve\/","name":"","description":"Instituci\u00f3n del Poder Ciudadano para la Promoci\u00f3n, Defensa y Vigilancia de los Derechos Humanos. ","potentialAction":[{"@type":"SearchAction","target":{"@type":"EntryPoint","urlTemplate":"http:\/\/www.defensoria.gob.ve\/?s={search_term_string}"},"query-input":{"@type":"PropertyValueSpecification","valueRequired":true,"valueName":"search_term_string"}}],"inLanguage":"es"},{"@type":"Person","@id":"http:\/\/www.defensoria.gob.ve\/#\/schema\/person\/fba14293189d7b1933ac7fba9d89e24a","name":"JC.","image":{"@type":"ImageObject","inLanguage":"es","@id":"https:\/\/secure.gravatar.com\/avatar\/f398a4de948606b38f0299d90ca738c674b648694bc725ed46503c240269dbf8?s=96&d=mm&r=g","url":"https:\/\/secure.gravatar.com\/avatar\/f398a4de948606b38f0299d90ca738c674b648694bc725ed46503c240269dbf8?s=96&d=mm&r=g","contentUrl":"https:\/\/secure.gravatar.com\/avatar\/f398a4de948606b38f0299d90ca738c674b648694bc725ed46503c240269dbf8?s=96&d=mm&r=g","caption":"JC."},"url":"http:\/\/www.defensoria.gob.ve\/?author=5"}]}},"_links":{"self":[{"href":"http:\/\/www.defensoria.gob.ve\/index.php?rest_route=\/wp\/v2\/posts\/16250","targetHints":{"allow":["GET"]}}],"collection":[{"href":"http:\/\/www.defensoria.gob.ve\/index.php?rest_route=\/wp\/v2\/posts"}],"about":[{"href":"http:\/\/www.defensoria.gob.ve\/index.php?rest_route=\/wp\/v2\/types\/post"}],"author":[{"embeddable":true,"href":"http:\/\/www.defensoria.gob.ve\/index.php?rest_route=\/wp\/v2\/users\/5"}],"replies":[{"embeddable":true,"href":"http:\/\/www.defensoria.gob.ve\/index.php?rest_route=%2Fwp%2Fv2%2Fcomments&post=16250"}],"version-history":[{"count":4,"href":"http:\/\/www.defensoria.gob.ve\/index.php?rest_route=\/wp\/v2\/posts\/16250\/revisions"}],"predecessor-version":[{"id":16257,"href":"http:\/\/www.defensoria.gob.ve\/index.php?rest_route=\/wp\/v2\/posts\/16250\/revisions\/16257"}],"wp:featuredmedia":[{"embeddable":true,"href":"http:\/\/www.defensoria.gob.ve\/index.php?rest_route=\/wp\/v2\/media\/16253"}],"wp:attachment":[{"href":"http:\/\/www.defensoria.gob.ve\/index.php?rest_route=%2Fwp%2Fv2%2Fmedia&parent=16250"}],"wp:term":[{"taxonomy":"category","embeddable":true,"href":"http:\/\/www.defensoria.gob.ve\/index.php?rest_route=%2Fwp%2Fv2%2Fcategories&post=16250"},{"taxonomy":"post_tag","embeddable":true,"href":"http:\/\/www.defensoria.gob.ve\/index.php?rest_route=%2Fwp%2Fv2%2Ftags&post=16250"}],"curies":[{"name":"wp","href":"https:\/\/api.w.org\/{rel}","templated":true}]}}