 
{"id":16295,"date":"2025-12-08T10:29:43","date_gmt":"2025-12-08T14:29:43","guid":{"rendered":"http:\/\/www.defensoria.gob.ve\/?p=16295"},"modified":"2025-12-09T10:54:03","modified_gmt":"2025-12-09T14:54:03","slug":"en-lara-juramentan-y-certifican-a-nuevos-asesores-y-asesoras-en-derechos-humanos","status":"publish","type":"post","link":"http:\/\/www.defensoria.gob.ve\/?p=16295","title":{"rendered":"En Lara juramentan y certifican a nuevos Asesores y Asesoras en Derechos Humanos"},"content":{"rendered":"\t\t<div data-elementor-type=\"wp-post\" data-elementor-id=\"16295\" class=\"elementor elementor-16295\">\n\t\t\t\t\t\t<section class=\"elementor-section elementor-top-section elementor-element elementor-element-4d97669b elementor-section-boxed elementor-section-height-default elementor-section-height-default\" data-id=\"4d97669b\" data-element_type=\"section\" data-e-type=\"section\">\n\t\t\t\t\t\t<div class=\"elementor-container elementor-column-gap-default\">\n\t\t\t\t\t<div class=\"elementor-column elementor-col-100 elementor-top-column elementor-element elementor-element-3336fe27\" data-id=\"3336fe27\" data-element_type=\"column\" data-e-type=\"column\">\n\t\t\t<div class=\"elementor-widget-wrap elementor-element-populated\">\n\t\t\t\t\t\t<div class=\"elementor-element elementor-element-320ddabf elementor-widget elementor-widget-text-editor\" data-id=\"320ddabf\" data-element_type=\"widget\" data-e-type=\"widget\" data-widget_type=\"text-editor.default\">\n\t\t\t\t<div class=\"elementor-widget-container\">\n\t\t\t\t\t\t\t\t\t<p><\/p>\n<p><strong>(08-Dic-25)<\/strong> En su visita al estado Lara, el Defensor del Pueblo, Alfredo Ruiz, junto a la Defensora delegada de la entidad, Arelys Rodr\u00edguez, y el director nacional de la Escuela Nacional de Derechos Humanos, Randolph Henr\u00edquez juramentaron y certificaron a los 11 adolescentes que ser\u00e1n los nuevos asesores y asesoras en derechos humanos en la entidad.<\/p>\n<p><\/p>\n<figure class=\"wp-block-image size-full\"><img fetchpriority=\"high\" decoding=\"async\" width=\"1280\" height=\"720\" class=\"wp-image-16296\" src=\"http:\/\/www.defensoria.gob.ve\/wp-content\/uploads\/2025\/12\/522b53c6-890d-444e-8f24-0f094378c6fc.jpg\" alt=\"\" srcset=\"http:\/\/www.defensoria.gob.ve\/wp-content\/uploads\/2025\/12\/522b53c6-890d-444e-8f24-0f094378c6fc.jpg 1280w, http:\/\/www.defensoria.gob.ve\/wp-content\/uploads\/2025\/12\/522b53c6-890d-444e-8f24-0f094378c6fc-768x432.jpg 768w\" sizes=\"(max-width: 1280px) 100vw, 1280px\" \/><\/figure>\n<p><\/p>\n<p>El Defensor del Pueblo durante su mensaje a los presentes se\u00f1al\u00f3 que estos p\u00faberes tienen ahora una gran responsabilidad en materia de protecci\u00f3n y defensa de los derechos humanos en la entidad y que lo importante es mantener siempre el respeto de todas y todos. \u201cEntender que somos diferentes; por ello, debemos respetarnos unos a otros. Adem\u00e1s, reforzar los valores, pues todas y todos tenemos los mismos derechos\u201d, refiri\u00f3.<\/p>\n<p><\/p>\n<p>Ruiz indic\u00f3 que este grupo de adolescentes, durante varios meses, recibieron la formaci\u00f3n adecuada en materia de derechos humanos por parte de la Delegada de Lara, y ahora con las herramientas pedag\u00f3gicas cursadas y aprendidas podr\u00e1n mediar en los conflictos que surjan en sus centros educativos o comunidad, usando el di\u00e1logo y el debate de ideas, siempre con el debido respeto que todas y todos nos merecemos como seres humanos.<\/p>\n<p><\/p>\n<figure class=\"wp-block-image size-full\"><img decoding=\"async\" width=\"1280\" height=\"720\" class=\"wp-image-16297\" src=\"http:\/\/www.defensoria.gob.ve\/wp-content\/uploads\/2025\/12\/38f3c484-5aca-4453-bb2c-8ec2c72910f6.jpg\" alt=\"\" srcset=\"http:\/\/www.defensoria.gob.ve\/wp-content\/uploads\/2025\/12\/38f3c484-5aca-4453-bb2c-8ec2c72910f6.jpg 1280w, http:\/\/www.defensoria.gob.ve\/wp-content\/uploads\/2025\/12\/38f3c484-5aca-4453-bb2c-8ec2c72910f6-768x432.jpg 768w\" sizes=\"(max-width: 1280px) 100vw, 1280px\" \/><\/figure>\n<p><\/p>\n<p>Igualmente, destac\u00f3 que, as\u00ed como tenemos derechos tambi\u00e9n tenemos deberes, record\u00f3 el art\u00edculo 132 de la Constituci\u00f3n Nacional que establece que todas las personas tenemos el deber de participar activamente en los asuntos p\u00fablicos de la naci\u00f3n; as\u00ed como tambi\u00e9n el derecho de promover y defender los derechos humanos.<br>Invit\u00f3 a este grupo de asesoras y asesores de derechos humanos a estar muy pendientes de las redes sociales, que se usan muchas veces para exponer a compa\u00f1eros y compa\u00f1eras, difundir casos de violencia \u201cbulling\u201d entre pares; adem\u00e1s de la violencia sexual lo cual puede ser muy peligroso y acarrear consecuencias judiciales.<\/p>\n<p><\/p>\n<figure class=\"wp-block-image size-full\"><img decoding=\"async\" width=\"1280\" height=\"720\" class=\"wp-image-16298\" src=\"http:\/\/www.defensoria.gob.ve\/wp-content\/uploads\/2025\/12\/881bb337-ef6d-436b-98fc-757b591d4d18.jpg\" alt=\"\" srcset=\"http:\/\/www.defensoria.gob.ve\/wp-content\/uploads\/2025\/12\/881bb337-ef6d-436b-98fc-757b591d4d18.jpg 1280w, http:\/\/www.defensoria.gob.ve\/wp-content\/uploads\/2025\/12\/881bb337-ef6d-436b-98fc-757b591d4d18-768x432.jpg 768w\" sizes=\"(max-width: 1280px) 100vw, 1280px\" \/><\/figure>\n<p><\/p>\n<p>Los exhort\u00f3 a no mantener esas situaciones en silencio. \u201cEl compromiso entonces es erradicar cualquier tipo de violencia, erradicar cualquier tipo de discriminaci\u00f3n: Por ello, es muy importante la educaci\u00f3n sexual, la sexualidad segura, sana y responsable para la vida\u201d, concluy\u00f3 diciendo el defensor.<\/p>\n<p><\/p>\n<p>En esta actividad, estuvieron presentes tambi\u00e9n la Coordinadora de Defensa P\u00fablica; Dra. Maryoalith Caba\u00f1as; el Fiscal 17 del Ministerio P\u00fablico, Dr. Daniel M\u00e9ndez; la Coordinadora del Circuito Judicial de Protecci\u00f3n de Ni\u00f1os, Ni\u00f1as y adolescentes, Dra. Mauris Rojas y Sebasti\u00e1n Filoramos, l\u00edder del Parque Inclusivo Country Park.<\/p>\n<p><\/p>\n<p>Los nuevos asesores y asesoras de derechos humanos pertenecen a la Escuela T\u00e9cnica Industrial Pedro Le\u00f3n Torres, la Escuela T\u00e9cnica de Servicios Comerciales Dr. Ambrosio Pera y del Ciclo B\u00e1sico Escolar Liceo El Ujano. <strong>FIN\/PRENSA Defensor\u00eda<\/strong><\/p>\n<p><\/p>\t\t\t\t\t\t\t\t<\/div>\n\t\t\t\t<\/div>\n\t\t\t\t\t<\/div>\n\t\t<\/div>\n\t\t\t\t\t<\/div>\n\t\t<\/section>\n\t\t\t\t<\/div>\n\t\t","protected":false},"excerpt":{"rendered":"<p>(08-Dic-25) En su visita al estado Lara, el Defensor del Pueblo, Alfredo Ruiz, junto a la Defensora delegada de la entidad, Arelys Rodr\u00edguez, y el director nacional de la Escuela&hellip; <\/p>\n","protected":false},"author":5,"featured_media":16299,"comment_status":"closed","ping_status":"open","sticky":false,"template":"","format":"standard","meta":{"footnotes":""},"categories":[3],"tags":[],"class_list":["post-16295","post","type-post","status-publish","format-standard","has-post-thumbnail","hentry","category-centrales"],"yoast_head":"<!-- This site is optimized with the Yoast SEO plugin v27.4 - https:\/\/yoast.com\/product\/yoast-seo-wordpress\/ -->\n<title>En Lara juramentan y certifican a nuevos Asesores y Asesoras en Derechos Humanos -<\/title>\n<meta name=\"robots\" content=\"index, follow, max-snippet:-1, max-image-preview:large, max-video-preview:-1\" \/>\n<link rel=\"canonical\" href=\"http:\/\/www.defensoria.gob.ve\/?p=16295\" \/>\n<meta property=\"og:locale\" content=\"es_ES\" \/>\n<meta property=\"og:type\" content=\"article\" \/>\n<meta property=\"og:title\" content=\"En Lara juramentan y certifican a nuevos Asesores y Asesoras en Derechos Humanos -\" \/>\n<meta property=\"og:description\" content=\"(08-Dic-25) En su visita al estado Lara, el Defensor del Pueblo, Alfredo Ruiz, junto a la Defensora delegada de la entidad, Arelys Rodr\u00edguez, y el director nacional de la Escuela&hellip;\" \/>\n<meta property=\"og:url\" content=\"http:\/\/www.defensoria.gob.ve\/?p=16295\" \/>\n<meta property=\"article:published_time\" content=\"2025-12-08T14:29:43+00:00\" \/>\n<meta property=\"article:modified_time\" content=\"2025-12-09T14:54:03+00:00\" \/>\n<meta property=\"og:image\" content=\"http:\/\/www.defensoria.gob.ve\/wp-content\/uploads\/2025\/12\/50cf4c44-a549-4846-9029-14e6480d8180.jpg\" \/>\n\t<meta property=\"og:image:width\" content=\"1280\" \/>\n\t<meta property=\"og:image:height\" content=\"720\" \/>\n\t<meta property=\"og:image:type\" content=\"image\/jpeg\" \/>\n<meta name=\"author\" content=\"JC.\" \/>\n<meta name=\"twitter:card\" content=\"summary_large_image\" \/>\n<meta name=\"twitter:label1\" content=\"Escrito por\" \/>\n\t<meta name=\"twitter:data1\" content=\"JC.\" \/>\n\t<meta name=\"twitter:label2\" content=\"Tiempo estimado de lectura\" \/>\n\t<meta name=\"twitter:data2\" content=\"3 minutos\" \/>\n<script type=\"application\/ld+json\" class=\"yoast-schema-graph\">{\"@context\":\"https:\\\/\\\/schema.org\",\"@graph\":[{\"@type\":\"Article\",\"@id\":\"http:\\\/\\\/www.defensoria.gob.ve\\\/?p=16295#article\",\"isPartOf\":{\"@id\":\"http:\\\/\\\/www.defensoria.gob.ve\\\/?p=16295\"},\"author\":{\"name\":\"JC.\",\"@id\":\"http:\\\/\\\/www.defensoria.gob.ve\\\/#\\\/schema\\\/person\\\/fba14293189d7b1933ac7fba9d89e24a\"},\"headline\":\"En Lara juramentan y certifican a nuevos Asesores y Asesoras en Derechos Humanos\",\"datePublished\":\"2025-12-08T14:29:43+00:00\",\"dateModified\":\"2025-12-09T14:54:03+00:00\",\"mainEntityOfPage\":{\"@id\":\"http:\\\/\\\/www.defensoria.gob.ve\\\/?p=16295\"},\"wordCount\":471,\"image\":{\"@id\":\"http:\\\/\\\/www.defensoria.gob.ve\\\/?p=16295#primaryimage\"},\"thumbnailUrl\":\"http:\\\/\\\/www.defensoria.gob.ve\\\/wp-content\\\/uploads\\\/2025\\\/12\\\/50cf4c44-a549-4846-9029-14e6480d8180.jpg\",\"articleSection\":[\"CENTRALES\"],\"inLanguage\":\"es\"},{\"@type\":\"WebPage\",\"@id\":\"http:\\\/\\\/www.defensoria.gob.ve\\\/?p=16295\",\"url\":\"http:\\\/\\\/www.defensoria.gob.ve\\\/?p=16295\",\"name\":\"En Lara juramentan y certifican a nuevos Asesores y Asesoras en Derechos Humanos -\",\"isPartOf\":{\"@id\":\"http:\\\/\\\/www.defensoria.gob.ve\\\/#website\"},\"primaryImageOfPage\":{\"@id\":\"http:\\\/\\\/www.defensoria.gob.ve\\\/?p=16295#primaryimage\"},\"image\":{\"@id\":\"http:\\\/\\\/www.defensoria.gob.ve\\\/?p=16295#primaryimage\"},\"thumbnailUrl\":\"http:\\\/\\\/www.defensoria.gob.ve\\\/wp-content\\\/uploads\\\/2025\\\/12\\\/50cf4c44-a549-4846-9029-14e6480d8180.jpg\",\"datePublished\":\"2025-12-08T14:29:43+00:00\",\"dateModified\":\"2025-12-09T14:54:03+00:00\",\"author\":{\"@id\":\"http:\\\/\\\/www.defensoria.gob.ve\\\/#\\\/schema\\\/person\\\/fba14293189d7b1933ac7fba9d89e24a\"},\"breadcrumb\":{\"@id\":\"http:\\\/\\\/www.defensoria.gob.ve\\\/?p=16295#breadcrumb\"},\"inLanguage\":\"es\",\"potentialAction\":[{\"@type\":\"ReadAction\",\"target\":[\"http:\\\/\\\/www.defensoria.gob.ve\\\/?p=16295\"]}]},{\"@type\":\"ImageObject\",\"inLanguage\":\"es\",\"@id\":\"http:\\\/\\\/www.defensoria.gob.ve\\\/?p=16295#primaryimage\",\"url\":\"http:\\\/\\\/www.defensoria.gob.ve\\\/wp-content\\\/uploads\\\/2025\\\/12\\\/50cf4c44-a549-4846-9029-14e6480d8180.jpg\",\"contentUrl\":\"http:\\\/\\\/www.defensoria.gob.ve\\\/wp-content\\\/uploads\\\/2025\\\/12\\\/50cf4c44-a549-4846-9029-14e6480d8180.jpg\",\"width\":1280,\"height\":720},{\"@type\":\"BreadcrumbList\",\"@id\":\"http:\\\/\\\/www.defensoria.gob.ve\\\/?p=16295#breadcrumb\",\"itemListElement\":[{\"@type\":\"ListItem\",\"position\":1,\"name\":\"Portada\",\"item\":\"http:\\\/\\\/www.defensoria.gob.ve\\\/\"},{\"@type\":\"ListItem\",\"position\":2,\"name\":\"En Lara juramentan y certifican a nuevos Asesores y Asesoras en Derechos Humanos\"}]},{\"@type\":\"WebSite\",\"@id\":\"http:\\\/\\\/www.defensoria.gob.ve\\\/#website\",\"url\":\"http:\\\/\\\/www.defensoria.gob.ve\\\/\",\"name\":\"\",\"description\":\"Instituci\u00f3n del Poder Ciudadano para la Promoci\u00f3n, Defensa y Vigilancia de los Derechos Humanos. \",\"potentialAction\":[{\"@type\":\"SearchAction\",\"target\":{\"@type\":\"EntryPoint\",\"urlTemplate\":\"http:\\\/\\\/www.defensoria.gob.ve\\\/?s={search_term_string}\"},\"query-input\":{\"@type\":\"PropertyValueSpecification\",\"valueRequired\":true,\"valueName\":\"search_term_string\"}}],\"inLanguage\":\"es\"},{\"@type\":\"Person\",\"@id\":\"http:\\\/\\\/www.defensoria.gob.ve\\\/#\\\/schema\\\/person\\\/fba14293189d7b1933ac7fba9d89e24a\",\"name\":\"JC.\",\"image\":{\"@type\":\"ImageObject\",\"inLanguage\":\"es\",\"@id\":\"https:\\\/\\\/secure.gravatar.com\\\/avatar\\\/f398a4de948606b38f0299d90ca738c674b648694bc725ed46503c240269dbf8?s=96&d=mm&r=g\",\"url\":\"https:\\\/\\\/secure.gravatar.com\\\/avatar\\\/f398a4de948606b38f0299d90ca738c674b648694bc725ed46503c240269dbf8?s=96&d=mm&r=g\",\"contentUrl\":\"https:\\\/\\\/secure.gravatar.com\\\/avatar\\\/f398a4de948606b38f0299d90ca738c674b648694bc725ed46503c240269dbf8?s=96&d=mm&r=g\",\"caption\":\"JC.\"},\"url\":\"http:\\\/\\\/www.defensoria.gob.ve\\\/?author=5\"}]}<\/script>\n<!-- \/ Yoast SEO plugin. -->","yoast_head_json":{"title":"En Lara juramentan y certifican a nuevos Asesores y Asesoras en Derechos Humanos -","robots":{"index":"index","follow":"follow","max-snippet":"max-snippet:-1","max-image-preview":"max-image-preview:large","max-video-preview":"max-video-preview:-1"},"canonical":"http:\/\/www.defensoria.gob.ve\/?p=16295","og_locale":"es_ES","og_type":"article","og_title":"En Lara juramentan y certifican a nuevos Asesores y Asesoras en Derechos Humanos -","og_description":"(08-Dic-25) En su visita al estado Lara, el Defensor del Pueblo, Alfredo Ruiz, junto a la Defensora delegada de la entidad, Arelys Rodr\u00edguez, y el director nacional de la Escuela&hellip;","og_url":"http:\/\/www.defensoria.gob.ve\/?p=16295","article_published_time":"2025-12-08T14:29:43+00:00","article_modified_time":"2025-12-09T14:54:03+00:00","og_image":[{"width":1280,"height":720,"url":"http:\/\/www.defensoria.gob.ve\/wp-content\/uploads\/2025\/12\/50cf4c44-a549-4846-9029-14e6480d8180.jpg","type":"image\/jpeg"}],"author":"JC.","twitter_card":"summary_large_image","twitter_misc":{"Escrito por":"JC.","Tiempo estimado de lectura":"3 minutos"},"schema":{"@context":"https:\/\/schema.org","@graph":[{"@type":"Article","@id":"http:\/\/www.defensoria.gob.ve\/?p=16295#article","isPartOf":{"@id":"http:\/\/www.defensoria.gob.ve\/?p=16295"},"author":{"name":"JC.","@id":"http:\/\/www.defensoria.gob.ve\/#\/schema\/person\/fba14293189d7b1933ac7fba9d89e24a"},"headline":"En Lara juramentan y certifican a nuevos Asesores y Asesoras en Derechos Humanos","datePublished":"2025-12-08T14:29:43+00:00","dateModified":"2025-12-09T14:54:03+00:00","mainEntityOfPage":{"@id":"http:\/\/www.defensoria.gob.ve\/?p=16295"},"wordCount":471,"image":{"@id":"http:\/\/www.defensoria.gob.ve\/?p=16295#primaryimage"},"thumbnailUrl":"http:\/\/www.defensoria.gob.ve\/wp-content\/uploads\/2025\/12\/50cf4c44-a549-4846-9029-14e6480d8180.jpg","articleSection":["CENTRALES"],"inLanguage":"es"},{"@type":"WebPage","@id":"http:\/\/www.defensoria.gob.ve\/?p=16295","url":"http:\/\/www.defensoria.gob.ve\/?p=16295","name":"En Lara juramentan y certifican a nuevos Asesores y Asesoras en Derechos Humanos -","isPartOf":{"@id":"http:\/\/www.defensoria.gob.ve\/#website"},"primaryImageOfPage":{"@id":"http:\/\/www.defensoria.gob.ve\/?p=16295#primaryimage"},"image":{"@id":"http:\/\/www.defensoria.gob.ve\/?p=16295#primaryimage"},"thumbnailUrl":"http:\/\/www.defensoria.gob.ve\/wp-content\/uploads\/2025\/12\/50cf4c44-a549-4846-9029-14e6480d8180.jpg","datePublished":"2025-12-08T14:29:43+00:00","dateModified":"2025-12-09T14:54:03+00:00","author":{"@id":"http:\/\/www.defensoria.gob.ve\/#\/schema\/person\/fba14293189d7b1933ac7fba9d89e24a"},"breadcrumb":{"@id":"http:\/\/www.defensoria.gob.ve\/?p=16295#breadcrumb"},"inLanguage":"es","potentialAction":[{"@type":"ReadAction","target":["http:\/\/www.defensoria.gob.ve\/?p=16295"]}]},{"@type":"ImageObject","inLanguage":"es","@id":"http:\/\/www.defensoria.gob.ve\/?p=16295#primaryimage","url":"http:\/\/www.defensoria.gob.ve\/wp-content\/uploads\/2025\/12\/50cf4c44-a549-4846-9029-14e6480d8180.jpg","contentUrl":"http:\/\/www.defensoria.gob.ve\/wp-content\/uploads\/2025\/12\/50cf4c44-a549-4846-9029-14e6480d8180.jpg","width":1280,"height":720},{"@type":"BreadcrumbList","@id":"http:\/\/www.defensoria.gob.ve\/?p=16295#breadcrumb","itemListElement":[{"@type":"ListItem","position":1,"name":"Portada","item":"http:\/\/www.defensoria.gob.ve\/"},{"@type":"ListItem","position":2,"name":"En Lara juramentan y certifican a nuevos Asesores y Asesoras en Derechos Humanos"}]},{"@type":"WebSite","@id":"http:\/\/www.defensoria.gob.ve\/#website","url":"http:\/\/www.defensoria.gob.ve\/","name":"","description":"Instituci\u00f3n del Poder Ciudadano para la Promoci\u00f3n, Defensa y Vigilancia de los Derechos Humanos. ","potentialAction":[{"@type":"SearchAction","target":{"@type":"EntryPoint","urlTemplate":"http:\/\/www.defensoria.gob.ve\/?s={search_term_string}"},"query-input":{"@type":"PropertyValueSpecification","valueRequired":true,"valueName":"search_term_string"}}],"inLanguage":"es"},{"@type":"Person","@id":"http:\/\/www.defensoria.gob.ve\/#\/schema\/person\/fba14293189d7b1933ac7fba9d89e24a","name":"JC.","image":{"@type":"ImageObject","inLanguage":"es","@id":"https:\/\/secure.gravatar.com\/avatar\/f398a4de948606b38f0299d90ca738c674b648694bc725ed46503c240269dbf8?s=96&d=mm&r=g","url":"https:\/\/secure.gravatar.com\/avatar\/f398a4de948606b38f0299d90ca738c674b648694bc725ed46503c240269dbf8?s=96&d=mm&r=g","contentUrl":"https:\/\/secure.gravatar.com\/avatar\/f398a4de948606b38f0299d90ca738c674b648694bc725ed46503c240269dbf8?s=96&d=mm&r=g","caption":"JC."},"url":"http:\/\/www.defensoria.gob.ve\/?author=5"}]}},"_links":{"self":[{"href":"http:\/\/www.defensoria.gob.ve\/index.php?rest_route=\/wp\/v2\/posts\/16295","targetHints":{"allow":["GET"]}}],"collection":[{"href":"http:\/\/www.defensoria.gob.ve\/index.php?rest_route=\/wp\/v2\/posts"}],"about":[{"href":"http:\/\/www.defensoria.gob.ve\/index.php?rest_route=\/wp\/v2\/types\/post"}],"author":[{"embeddable":true,"href":"http:\/\/www.defensoria.gob.ve\/index.php?rest_route=\/wp\/v2\/users\/5"}],"replies":[{"embeddable":true,"href":"http:\/\/www.defensoria.gob.ve\/index.php?rest_route=%2Fwp%2Fv2%2Fcomments&post=16295"}],"version-history":[{"count":7,"href":"http:\/\/www.defensoria.gob.ve\/index.php?rest_route=\/wp\/v2\/posts\/16295\/revisions"}],"predecessor-version":[{"id":16307,"href":"http:\/\/www.defensoria.gob.ve\/index.php?rest_route=\/wp\/v2\/posts\/16295\/revisions\/16307"}],"wp:featuredmedia":[{"embeddable":true,"href":"http:\/\/www.defensoria.gob.ve\/index.php?rest_route=\/wp\/v2\/media\/16299"}],"wp:attachment":[{"href":"http:\/\/www.defensoria.gob.ve\/index.php?rest_route=%2Fwp%2Fv2%2Fmedia&parent=16295"}],"wp:term":[{"taxonomy":"category","embeddable":true,"href":"http:\/\/www.defensoria.gob.ve\/index.php?rest_route=%2Fwp%2Fv2%2Fcategories&post=16295"},{"taxonomy":"post_tag","embeddable":true,"href":"http:\/\/www.defensoria.gob.ve\/index.php?rest_route=%2Fwp%2Fv2%2Ftags&post=16295"}],"curies":[{"name":"wp","href":"https:\/\/api.w.org\/{rel}","templated":true}]}}