 
{"id":16342,"date":"2025-12-11T10:36:07","date_gmt":"2025-12-11T14:36:07","guid":{"rendered":"http:\/\/www.defensoria.gob.ve\/?p=16342"},"modified":"2025-12-11T13:16:00","modified_gmt":"2025-12-11T17:16:00","slug":"defensoria-del-pueblo-cierra-una-gran-semana-de-actividad-en-la-filven-2025-capitulo-sucre","status":"publish","type":"post","link":"http:\/\/www.defensoria.gob.ve\/?p=16342","title":{"rendered":"Defensor\u00eda del Pueblo cierra una gran semana de actividad en la Filven 2025-cap\u00edtulo Sucre"},"content":{"rendered":"\t\t<div data-elementor-type=\"wp-post\" data-elementor-id=\"16342\" class=\"elementor elementor-16342\">\n\t\t\t\t\t\t<section class=\"elementor-section elementor-top-section elementor-element elementor-element-7b822f43 elementor-section-boxed elementor-section-height-default elementor-section-height-default\" data-id=\"7b822f43\" data-element_type=\"section\" data-e-type=\"section\">\n\t\t\t\t\t\t<div class=\"elementor-container elementor-column-gap-default\">\n\t\t\t\t\t<div class=\"elementor-column elementor-col-100 elementor-top-column elementor-element elementor-element-7e768398\" data-id=\"7e768398\" data-element_type=\"column\" data-e-type=\"column\">\n\t\t\t<div class=\"elementor-widget-wrap elementor-element-populated\">\n\t\t\t\t\t\t<div class=\"elementor-element elementor-element-df19197 elementor-widget elementor-widget-text-editor\" data-id=\"df19197\" data-element_type=\"widget\" data-e-type=\"widget\" data-widget_type=\"text-editor.default\">\n\t\t\t\t<div class=\"elementor-widget-container\">\n\t\t\t\t\t\t\t\t\t<p><\/p>\n<p><strong>(Sucre\/9-Dic-25)<\/strong> Como parte de su actividad literaria, la Defensor\u00eda del Pueblo, a trav\u00e9s de su Direcci\u00f3n de Publicaciones, culmin\u00f3 su actividad en la Feria Internacional del Libro 2025-cap\u00edtulo Sucre con una entrevista concedida en la emisora Cat\u00f3lica 104.5 FM de G\u00fciria.<\/p>\n<p><\/p>\n<figure class=\"wp-block-image size-full\"><img fetchpriority=\"high\" decoding=\"async\" width=\"768\" height=\"1020\" class=\"wp-image-16343\" src=\"http:\/\/www.defensoria.gob.ve\/wp-content\/uploads\/2025\/12\/9276fa38-b70b-491d-b56b-bbad258fad26.jpg\" alt=\"\"><\/figure>\n<p><\/p>\n<p>A la entrevista conducida por Jes\u00fas Cabello, asisti\u00f3 la Coordinadora de Publicaciones del ente defensorial, Carolina Brito y la Defensora Delegada, Milagros Otero, quienes explicaron a la audiencia sobre las \u00faltimas publicaciones presentadas en la Filven 2025.<img decoding=\"async\" width=\"1020\" height=\"768\" class=\"wp-image-16344\" src=\"http:\/\/www.defensoria.gob.ve\/wp-content\/uploads\/2025\/12\/de35c4df-aa8b-4b08-b1b4-96ea790493b1.jpg\" alt=\"\" style=\"color: var( --e-global-color-text ); font-family: var( --e-global-typography-text-font-family ), Sans-serif; font-weight: var( --e-global-typography-text-font-weight );\" srcset=\"http:\/\/www.defensoria.gob.ve\/wp-content\/uploads\/2025\/12\/de35c4df-aa8b-4b08-b1b4-96ea790493b1.jpg 1020w, http:\/\/www.defensoria.gob.ve\/wp-content\/uploads\/2025\/12\/de35c4df-aa8b-4b08-b1b4-96ea790493b1-768x578.jpg 768w\" sizes=\"(max-width: 1020px) 100vw, 1020px\" \/><\/p>\n<p><\/p>\n<p>Uno de los libros presentados fue \u201cEl Derecho de Petici\u00f3n en la Rep\u00fablica Bolivariana de Venezuela\u201d, de Michael D\u00edaz, donde se especifica sobre el derecho de petici\u00f3n en el pa\u00eds, una funci\u00f3n importante dentro de la Defensor\u00eda del Pueblo.<\/p>\n<p><\/p>\n<figure class=\"wp-block-image size-full\"><img decoding=\"async\" width=\"768\" height=\"1020\" class=\"wp-image-16345\" src=\"http:\/\/www.defensoria.gob.ve\/wp-content\/uploads\/2025\/12\/f6e53496-7a9d-4420-80fa-228ea9383d1f.jpg\" alt=\"\"><\/figure>\n<p><\/p>\n<p>Asimismo, Brito mencion\u00f3 que se presentaron al p\u00fablico los libros \u201cProtocolo para entender, prevenir y reducir la violencia entre pares en las instituciones educativas\u201d, as\u00ed como el libro titulado: \u201cViolaci\u00f3n Sistem\u00e1tica de los Derechos Humanos en Venezuela (1958-1998)\u201d.<\/p>\n<p><\/p>\n<p><strong>Conmemoraci\u00f3n de los 258 a\u00f1os de la fundaci\u00f3n de G\u00fciria<\/strong><\/p>\n<p><\/p>\n<p>Por \u00faltimo, las autoridades regionales y la Defensora Delegada, Milagros Otero, participaron en la conmemoraci\u00f3n de los 258 a\u00f1os de la fundaci\u00f3n de la ciudad de G\u00fciria.<\/p>\n<p><\/p>\n<p>Entre las autoridades regionales estaban Johana Carrillo, Gobernador de Sucre; y el Alcalde de G\u00fciria, Rom\u00e1n Rojas, quienes tuvieron una gran deferencia y gentileza con todos los servidores y las servidoras de la Instituci\u00f3n Nacional de los Derechos Humanos. <strong>FIN \/ PRENSA Defensor\u00eda<\/strong><\/p>\n<p><\/p>\t\t\t\t\t\t\t\t<\/div>\n\t\t\t\t<\/div>\n\t\t\t\t\t<\/div>\n\t\t<\/div>\n\t\t\t\t\t<\/div>\n\t\t<\/section>\n\t\t\t\t<\/div>\n\t\t","protected":false},"excerpt":{"rendered":"<p>(Sucre\/9-Dic-25) Como parte de su actividad literaria, la Defensor\u00eda del Pueblo, a trav\u00e9s de su Direcci\u00f3n de Publicaciones, culmin\u00f3 su actividad en la Feria Internacional del Libro 2025-cap\u00edtulo Sucre con&hellip; <\/p>\n","protected":false},"author":5,"featured_media":16369,"comment_status":"closed","ping_status":"open","sticky":false,"template":"","format":"standard","meta":{"footnotes":""},"categories":[5],"tags":[],"class_list":["post-16342","post","type-post","status-publish","format-standard","has-post-thumbnail","hentry","category-regionales"],"yoast_head":"<!-- This site is optimized with the Yoast SEO plugin v27.4 - https:\/\/yoast.com\/product\/yoast-seo-wordpress\/ -->\n<title>Defensor\u00eda del Pueblo cierra una gran semana de actividad en la Filven 2025-cap\u00edtulo Sucre -<\/title>\n<meta name=\"robots\" content=\"index, follow, max-snippet:-1, max-image-preview:large, max-video-preview:-1\" \/>\n<link rel=\"canonical\" href=\"http:\/\/www.defensoria.gob.ve\/?p=16342\" \/>\n<meta property=\"og:locale\" content=\"es_ES\" \/>\n<meta property=\"og:type\" content=\"article\" \/>\n<meta property=\"og:title\" content=\"Defensor\u00eda del Pueblo cierra una gran semana de actividad en la Filven 2025-cap\u00edtulo Sucre -\" \/>\n<meta property=\"og:description\" content=\"(Sucre\/9-Dic-25) Como parte de su actividad literaria, la Defensor\u00eda del Pueblo, a trav\u00e9s de su Direcci\u00f3n de Publicaciones, culmin\u00f3 su actividad en la Feria Internacional del Libro 2025-cap\u00edtulo Sucre con&hellip;\" \/>\n<meta property=\"og:url\" content=\"http:\/\/www.defensoria.gob.ve\/?p=16342\" \/>\n<meta property=\"article:published_time\" content=\"2025-12-11T14:36:07+00:00\" \/>\n<meta property=\"article:modified_time\" content=\"2025-12-11T17:16:00+00:00\" \/>\n<meta property=\"og:image\" content=\"http:\/\/www.defensoria.gob.ve\/wp-content\/uploads\/2025\/12\/d291c115-bbee-4f80-9665-cf2a5c1bd848-1.jpg\" \/>\n\t<meta property=\"og:image:width\" content=\"600\" \/>\n\t<meta property=\"og:image:height\" content=\"368\" \/>\n\t<meta property=\"og:image:type\" content=\"image\/jpeg\" \/>\n<meta name=\"author\" content=\"JC.\" \/>\n<meta name=\"twitter:card\" content=\"summary_large_image\" \/>\n<meta name=\"twitter:label1\" content=\"Escrito por\" \/>\n\t<meta name=\"twitter:data1\" content=\"JC.\" \/>\n\t<meta name=\"twitter:label2\" content=\"Tiempo estimado de lectura\" \/>\n\t<meta name=\"twitter:data2\" content=\"2 minutos\" \/>\n<script type=\"application\/ld+json\" class=\"yoast-schema-graph\">{\"@context\":\"https:\\\/\\\/schema.org\",\"@graph\":[{\"@type\":\"Article\",\"@id\":\"http:\\\/\\\/www.defensoria.gob.ve\\\/?p=16342#article\",\"isPartOf\":{\"@id\":\"http:\\\/\\\/www.defensoria.gob.ve\\\/?p=16342\"},\"author\":{\"name\":\"JC.\",\"@id\":\"http:\\\/\\\/www.defensoria.gob.ve\\\/#\\\/schema\\\/person\\\/fba14293189d7b1933ac7fba9d89e24a\"},\"headline\":\"Defensor\u00eda del Pueblo cierra una gran semana de actividad en la Filven 2025-cap\u00edtulo Sucre\",\"datePublished\":\"2025-12-11T14:36:07+00:00\",\"dateModified\":\"2025-12-11T17:16:00+00:00\",\"mainEntityOfPage\":{\"@id\":\"http:\\\/\\\/www.defensoria.gob.ve\\\/?p=16342\"},\"wordCount\":276,\"image\":{\"@id\":\"http:\\\/\\\/www.defensoria.gob.ve\\\/?p=16342#primaryimage\"},\"thumbnailUrl\":\"http:\\\/\\\/www.defensoria.gob.ve\\\/wp-content\\\/uploads\\\/2025\\\/12\\\/d291c115-bbee-4f80-9665-cf2a5c1bd848-1.jpg\",\"articleSection\":[\"REGIONALES\"],\"inLanguage\":\"es\"},{\"@type\":\"WebPage\",\"@id\":\"http:\\\/\\\/www.defensoria.gob.ve\\\/?p=16342\",\"url\":\"http:\\\/\\\/www.defensoria.gob.ve\\\/?p=16342\",\"name\":\"Defensor\u00eda del Pueblo cierra una gran semana de actividad en la Filven 2025-cap\u00edtulo Sucre -\",\"isPartOf\":{\"@id\":\"http:\\\/\\\/www.defensoria.gob.ve\\\/#website\"},\"primaryImageOfPage\":{\"@id\":\"http:\\\/\\\/www.defensoria.gob.ve\\\/?p=16342#primaryimage\"},\"image\":{\"@id\":\"http:\\\/\\\/www.defensoria.gob.ve\\\/?p=16342#primaryimage\"},\"thumbnailUrl\":\"http:\\\/\\\/www.defensoria.gob.ve\\\/wp-content\\\/uploads\\\/2025\\\/12\\\/d291c115-bbee-4f80-9665-cf2a5c1bd848-1.jpg\",\"datePublished\":\"2025-12-11T14:36:07+00:00\",\"dateModified\":\"2025-12-11T17:16:00+00:00\",\"author\":{\"@id\":\"http:\\\/\\\/www.defensoria.gob.ve\\\/#\\\/schema\\\/person\\\/fba14293189d7b1933ac7fba9d89e24a\"},\"breadcrumb\":{\"@id\":\"http:\\\/\\\/www.defensoria.gob.ve\\\/?p=16342#breadcrumb\"},\"inLanguage\":\"es\",\"potentialAction\":[{\"@type\":\"ReadAction\",\"target\":[\"http:\\\/\\\/www.defensoria.gob.ve\\\/?p=16342\"]}]},{\"@type\":\"ImageObject\",\"inLanguage\":\"es\",\"@id\":\"http:\\\/\\\/www.defensoria.gob.ve\\\/?p=16342#primaryimage\",\"url\":\"http:\\\/\\\/www.defensoria.gob.ve\\\/wp-content\\\/uploads\\\/2025\\\/12\\\/d291c115-bbee-4f80-9665-cf2a5c1bd848-1.jpg\",\"contentUrl\":\"http:\\\/\\\/www.defensoria.gob.ve\\\/wp-content\\\/uploads\\\/2025\\\/12\\\/d291c115-bbee-4f80-9665-cf2a5c1bd848-1.jpg\",\"width\":600,\"height\":368},{\"@type\":\"BreadcrumbList\",\"@id\":\"http:\\\/\\\/www.defensoria.gob.ve\\\/?p=16342#breadcrumb\",\"itemListElement\":[{\"@type\":\"ListItem\",\"position\":1,\"name\":\"Portada\",\"item\":\"http:\\\/\\\/www.defensoria.gob.ve\\\/\"},{\"@type\":\"ListItem\",\"position\":2,\"name\":\"Defensor\u00eda del Pueblo cierra una gran semana de actividad en la Filven 2025-cap\u00edtulo Sucre\"}]},{\"@type\":\"WebSite\",\"@id\":\"http:\\\/\\\/www.defensoria.gob.ve\\\/#website\",\"url\":\"http:\\\/\\\/www.defensoria.gob.ve\\\/\",\"name\":\"\",\"description\":\"Instituci\u00f3n del Poder Ciudadano para la Promoci\u00f3n, Defensa y Vigilancia de los Derechos Humanos. \",\"potentialAction\":[{\"@type\":\"SearchAction\",\"target\":{\"@type\":\"EntryPoint\",\"urlTemplate\":\"http:\\\/\\\/www.defensoria.gob.ve\\\/?s={search_term_string}\"},\"query-input\":{\"@type\":\"PropertyValueSpecification\",\"valueRequired\":true,\"valueName\":\"search_term_string\"}}],\"inLanguage\":\"es\"},{\"@type\":\"Person\",\"@id\":\"http:\\\/\\\/www.defensoria.gob.ve\\\/#\\\/schema\\\/person\\\/fba14293189d7b1933ac7fba9d89e24a\",\"name\":\"JC.\",\"image\":{\"@type\":\"ImageObject\",\"inLanguage\":\"es\",\"@id\":\"https:\\\/\\\/secure.gravatar.com\\\/avatar\\\/f398a4de948606b38f0299d90ca738c674b648694bc725ed46503c240269dbf8?s=96&d=mm&r=g\",\"url\":\"https:\\\/\\\/secure.gravatar.com\\\/avatar\\\/f398a4de948606b38f0299d90ca738c674b648694bc725ed46503c240269dbf8?s=96&d=mm&r=g\",\"contentUrl\":\"https:\\\/\\\/secure.gravatar.com\\\/avatar\\\/f398a4de948606b38f0299d90ca738c674b648694bc725ed46503c240269dbf8?s=96&d=mm&r=g\",\"caption\":\"JC.\"},\"url\":\"http:\\\/\\\/www.defensoria.gob.ve\\\/?author=5\"}]}<\/script>\n<!-- \/ Yoast SEO plugin. -->","yoast_head_json":{"title":"Defensor\u00eda del Pueblo cierra una gran semana de actividad en la Filven 2025-cap\u00edtulo Sucre -","robots":{"index":"index","follow":"follow","max-snippet":"max-snippet:-1","max-image-preview":"max-image-preview:large","max-video-preview":"max-video-preview:-1"},"canonical":"http:\/\/www.defensoria.gob.ve\/?p=16342","og_locale":"es_ES","og_type":"article","og_title":"Defensor\u00eda del Pueblo cierra una gran semana de actividad en la Filven 2025-cap\u00edtulo Sucre -","og_description":"(Sucre\/9-Dic-25) Como parte de su actividad literaria, la Defensor\u00eda del Pueblo, a trav\u00e9s de su Direcci\u00f3n de Publicaciones, culmin\u00f3 su actividad en la Feria Internacional del Libro 2025-cap\u00edtulo Sucre con&hellip;","og_url":"http:\/\/www.defensoria.gob.ve\/?p=16342","article_published_time":"2025-12-11T14:36:07+00:00","article_modified_time":"2025-12-11T17:16:00+00:00","og_image":[{"width":600,"height":368,"url":"http:\/\/www.defensoria.gob.ve\/wp-content\/uploads\/2025\/12\/d291c115-bbee-4f80-9665-cf2a5c1bd848-1.jpg","type":"image\/jpeg"}],"author":"JC.","twitter_card":"summary_large_image","twitter_misc":{"Escrito por":"JC.","Tiempo estimado de lectura":"2 minutos"},"schema":{"@context":"https:\/\/schema.org","@graph":[{"@type":"Article","@id":"http:\/\/www.defensoria.gob.ve\/?p=16342#article","isPartOf":{"@id":"http:\/\/www.defensoria.gob.ve\/?p=16342"},"author":{"name":"JC.","@id":"http:\/\/www.defensoria.gob.ve\/#\/schema\/person\/fba14293189d7b1933ac7fba9d89e24a"},"headline":"Defensor\u00eda del Pueblo cierra una gran semana de actividad en la Filven 2025-cap\u00edtulo Sucre","datePublished":"2025-12-11T14:36:07+00:00","dateModified":"2025-12-11T17:16:00+00:00","mainEntityOfPage":{"@id":"http:\/\/www.defensoria.gob.ve\/?p=16342"},"wordCount":276,"image":{"@id":"http:\/\/www.defensoria.gob.ve\/?p=16342#primaryimage"},"thumbnailUrl":"http:\/\/www.defensoria.gob.ve\/wp-content\/uploads\/2025\/12\/d291c115-bbee-4f80-9665-cf2a5c1bd848-1.jpg","articleSection":["REGIONALES"],"inLanguage":"es"},{"@type":"WebPage","@id":"http:\/\/www.defensoria.gob.ve\/?p=16342","url":"http:\/\/www.defensoria.gob.ve\/?p=16342","name":"Defensor\u00eda del Pueblo cierra una gran semana de actividad en la Filven 2025-cap\u00edtulo Sucre -","isPartOf":{"@id":"http:\/\/www.defensoria.gob.ve\/#website"},"primaryImageOfPage":{"@id":"http:\/\/www.defensoria.gob.ve\/?p=16342#primaryimage"},"image":{"@id":"http:\/\/www.defensoria.gob.ve\/?p=16342#primaryimage"},"thumbnailUrl":"http:\/\/www.defensoria.gob.ve\/wp-content\/uploads\/2025\/12\/d291c115-bbee-4f80-9665-cf2a5c1bd848-1.jpg","datePublished":"2025-12-11T14:36:07+00:00","dateModified":"2025-12-11T17:16:00+00:00","author":{"@id":"http:\/\/www.defensoria.gob.ve\/#\/schema\/person\/fba14293189d7b1933ac7fba9d89e24a"},"breadcrumb":{"@id":"http:\/\/www.defensoria.gob.ve\/?p=16342#breadcrumb"},"inLanguage":"es","potentialAction":[{"@type":"ReadAction","target":["http:\/\/www.defensoria.gob.ve\/?p=16342"]}]},{"@type":"ImageObject","inLanguage":"es","@id":"http:\/\/www.defensoria.gob.ve\/?p=16342#primaryimage","url":"http:\/\/www.defensoria.gob.ve\/wp-content\/uploads\/2025\/12\/d291c115-bbee-4f80-9665-cf2a5c1bd848-1.jpg","contentUrl":"http:\/\/www.defensoria.gob.ve\/wp-content\/uploads\/2025\/12\/d291c115-bbee-4f80-9665-cf2a5c1bd848-1.jpg","width":600,"height":368},{"@type":"BreadcrumbList","@id":"http:\/\/www.defensoria.gob.ve\/?p=16342#breadcrumb","itemListElement":[{"@type":"ListItem","position":1,"name":"Portada","item":"http:\/\/www.defensoria.gob.ve\/"},{"@type":"ListItem","position":2,"name":"Defensor\u00eda del Pueblo cierra una gran semana de actividad en la Filven 2025-cap\u00edtulo Sucre"}]},{"@type":"WebSite","@id":"http:\/\/www.defensoria.gob.ve\/#website","url":"http:\/\/www.defensoria.gob.ve\/","name":"","description":"Instituci\u00f3n del Poder Ciudadano para la Promoci\u00f3n, Defensa y Vigilancia de los Derechos Humanos. ","potentialAction":[{"@type":"SearchAction","target":{"@type":"EntryPoint","urlTemplate":"http:\/\/www.defensoria.gob.ve\/?s={search_term_string}"},"query-input":{"@type":"PropertyValueSpecification","valueRequired":true,"valueName":"search_term_string"}}],"inLanguage":"es"},{"@type":"Person","@id":"http:\/\/www.defensoria.gob.ve\/#\/schema\/person\/fba14293189d7b1933ac7fba9d89e24a","name":"JC.","image":{"@type":"ImageObject","inLanguage":"es","@id":"https:\/\/secure.gravatar.com\/avatar\/f398a4de948606b38f0299d90ca738c674b648694bc725ed46503c240269dbf8?s=96&d=mm&r=g","url":"https:\/\/secure.gravatar.com\/avatar\/f398a4de948606b38f0299d90ca738c674b648694bc725ed46503c240269dbf8?s=96&d=mm&r=g","contentUrl":"https:\/\/secure.gravatar.com\/avatar\/f398a4de948606b38f0299d90ca738c674b648694bc725ed46503c240269dbf8?s=96&d=mm&r=g","caption":"JC."},"url":"http:\/\/www.defensoria.gob.ve\/?author=5"}]}},"_links":{"self":[{"href":"http:\/\/www.defensoria.gob.ve\/index.php?rest_route=\/wp\/v2\/posts\/16342","targetHints":{"allow":["GET"]}}],"collection":[{"href":"http:\/\/www.defensoria.gob.ve\/index.php?rest_route=\/wp\/v2\/posts"}],"about":[{"href":"http:\/\/www.defensoria.gob.ve\/index.php?rest_route=\/wp\/v2\/types\/post"}],"author":[{"embeddable":true,"href":"http:\/\/www.defensoria.gob.ve\/index.php?rest_route=\/wp\/v2\/users\/5"}],"replies":[{"embeddable":true,"href":"http:\/\/www.defensoria.gob.ve\/index.php?rest_route=%2Fwp%2Fv2%2Fcomments&post=16342"}],"version-history":[{"count":9,"href":"http:\/\/www.defensoria.gob.ve\/index.php?rest_route=\/wp\/v2\/posts\/16342\/revisions"}],"predecessor-version":[{"id":16367,"href":"http:\/\/www.defensoria.gob.ve\/index.php?rest_route=\/wp\/v2\/posts\/16342\/revisions\/16367"}],"wp:featuredmedia":[{"embeddable":true,"href":"http:\/\/www.defensoria.gob.ve\/index.php?rest_route=\/wp\/v2\/media\/16369"}],"wp:attachment":[{"href":"http:\/\/www.defensoria.gob.ve\/index.php?rest_route=%2Fwp%2Fv2%2Fmedia&parent=16342"}],"wp:term":[{"taxonomy":"category","embeddable":true,"href":"http:\/\/www.defensoria.gob.ve\/index.php?rest_route=%2Fwp%2Fv2%2Fcategories&post=16342"},{"taxonomy":"post_tag","embeddable":true,"href":"http:\/\/www.defensoria.gob.ve\/index.php?rest_route=%2Fwp%2Fv2%2Ftags&post=16342"}],"curies":[{"name":"wp","href":"https:\/\/api.w.org\/{rel}","templated":true}]}}