 
{"id":16351,"date":"2025-12-11T10:45:24","date_gmt":"2025-12-11T14:45:24","guid":{"rendered":"http:\/\/www.defensoria.gob.ve\/?p=16351"},"modified":"2025-12-11T10:45:54","modified_gmt":"2025-12-11T14:45:54","slug":"defensoria-del-pueblo-entrego-obsequios-a-ninos-y-ninas-de-la-casa-de-los-ninos-hugo-chavez","status":"publish","type":"post","link":"http:\/\/www.defensoria.gob.ve\/?p=16351","title":{"rendered":"Defensor\u00eda del Pueblo entreg\u00f3 obsequios a ni\u00f1os y ni\u00f1as de la \u00abCasa de los Ni\u00f1os Hugo Ch\u00e1vez\u00bb"},"content":{"rendered":"\t\t<div data-elementor-type=\"wp-post\" data-elementor-id=\"16351\" class=\"elementor elementor-16351\">\n\t\t\t\t\t\t<section class=\"elementor-section elementor-top-section elementor-element elementor-element-362cf1bb elementor-section-boxed elementor-section-height-default elementor-section-height-default\" data-id=\"362cf1bb\" data-element_type=\"section\" data-e-type=\"section\">\n\t\t\t\t\t\t<div class=\"elementor-container elementor-column-gap-default\">\n\t\t\t\t\t<div class=\"elementor-column elementor-col-100 elementor-top-column elementor-element elementor-element-785d6684\" data-id=\"785d6684\" data-element_type=\"column\" data-e-type=\"column\">\n\t\t\t<div class=\"elementor-widget-wrap elementor-element-populated\">\n\t\t\t\t\t\t<div class=\"elementor-element elementor-element-6d8880fe elementor-widget elementor-widget-text-editor\" data-id=\"6d8880fe\" data-element_type=\"widget\" data-e-type=\"widget\" data-widget_type=\"text-editor.default\">\n\t\t\t\t<div class=\"elementor-widget-container\">\n\t\t\t\t\t\t\t\t\t\n<p><strong>(10-Dic-25)<\/strong> Por quinto a\u00f1o seguido, la Defensor\u00eda del Pueblo particip\u00f3 en la entrega de obsequios a los ni\u00f1os y ni\u00f1as de la \u00abCasa de los Ni\u00f1os Hugo Ch\u00e1vez\u00bb, perteneciente a la Fundaci\u00f3n Nacional el Ni\u00f1o Sim\u00f3n, ubicada en la parroquia 23 de Enero, en Caracas.<\/p>\n\n\n\n<p>En esta ocasi\u00f3n, el ente defensorial fue representado por la Defensora delegada del \u00c1rea Metropolitana de Caracas, Pasqualina del Vecchio, quien estuvo acompa\u00f1ada de la presidenta de la Fundaci\u00f3n Nacional Ni\u00f1o Sim\u00f3n, Mar\u00eda del Valle Carneiro y Pablo Mijares, director de la Casa de los Ni\u00f1os Hugo Ch\u00e1vez.<\/p>\n\n\n\n<figure class=\"wp-block-image size-full\"><img fetchpriority=\"high\" decoding=\"async\" width=\"1080\" height=\"607\" src=\"http:\/\/www.defensoria.gob.ve\/wp-content\/uploads\/2025\/12\/cea0f498-74a4-4602-bfab-9e2de9ec1247.jpg\" alt=\"\" class=\"wp-image-16352\" srcset=\"http:\/\/www.defensoria.gob.ve\/wp-content\/uploads\/2025\/12\/cea0f498-74a4-4602-bfab-9e2de9ec1247.jpg 1080w, http:\/\/www.defensoria.gob.ve\/wp-content\/uploads\/2025\/12\/cea0f498-74a4-4602-bfab-9e2de9ec1247-768x432.jpg 768w\" sizes=\"(max-width: 1080px) 100vw, 1080px\" \/><\/figure>\n\n\n\n<p>Durante el evento los presentes alabaron los avances logrados con el programa \u2018Dona Una Alegr\u00eda en Navidad\u2019, que se ha ampliado a todas las casas Ni\u00f1o Sim\u00f3n, donde se han venido entregando regalos para celebrar estas fiestas decembrinas donde los ni\u00f1os y ni\u00f1as tienen el rol principal.<\/p>\n\n\n\n<p>Asimismo, la Defensora delegada del \u00c1rea Metropolitana indic\u00f3 que \u201cel Defensor del Pueblo les env\u00eda muchas bendiciones a los ni\u00f1os y las ni\u00f1as presentes y con mucho cari\u00f1o les da muchos regalos y los emplaza a estar unidos como familia en estas fiestas decembrinas\u201d.<\/p>\n\n\n\n<p>La actividad cont\u00f3 con la presentaci\u00f3n de la obra de teatro titulada \u201cNacimiento de Jes\u00fas\u201d, adem\u00e1s de la agrupaci\u00f3n Parrada de la Fundaci\u00f3n la cual interpret\u00f3 un popurr\u00ed navide\u00f1o donde se interpretaron los temas \u201cFuego al Ca\u00f1\u00f3n\u201d, \u201cLuna Decembrina\u201d y \u201cMi Burrito Sabanero\u201d, entre otros.<\/p>\n\n\n\n<figure class=\"wp-block-image size-full\"><img decoding=\"async\" width=\"780\" height=\"1040\" src=\"http:\/\/www.defensoria.gob.ve\/wp-content\/uploads\/2025\/12\/581dc2dd-4209-4e88-bbf4-51eea97797e0.jpg\" alt=\"\" class=\"wp-image-16353\" srcset=\"http:\/\/www.defensoria.gob.ve\/wp-content\/uploads\/2025\/12\/581dc2dd-4209-4e88-bbf4-51eea97797e0.jpg 780w, http:\/\/www.defensoria.gob.ve\/wp-content\/uploads\/2025\/12\/581dc2dd-4209-4e88-bbf4-51eea97797e0-768x1024.jpg 768w\" sizes=\"(max-width: 780px) 100vw, 780px\" \/><\/figure>\n\n\n\n<p>El programa \u2018Dona Una Alegr\u00eda en Navidad\u2019 naci\u00f3 hace 17 a\u00f1os en la Fundaci\u00f3n Regional El Ni\u00f1o Sim\u00f3n La Guaira con la finalidad de brindar momentos divertidos y atenci\u00f3n especial a ni\u00f1os, ni\u00f1as y adolescentes en esta \u00e9poca navide\u00f1a de encuentro y alegr\u00eda.<\/p>\n\n\n\n<p>En esta Casa Hogar Hugo Ch\u00e1vez los ni\u00f1os, ni\u00f1as y adolescentes reciben orientaci\u00f3n psicopedag\u00f3gica, artes y oficio, m\u00fasica, teatro, danza, deporte y recreaci\u00f3n, artes pl\u00e1sticas y ecopedagog\u00eda, entre otras disciplinas que profundizan su desarrollo psicosocial para su bienestar. <strong>FIN \/ PRENSA Defensor\u00eda<\/strong><\/p>\n\t\t\t\t\t\t\t\t<\/div>\n\t\t\t\t<\/div>\n\t\t\t\t\t<\/div>\n\t\t<\/div>\n\t\t\t\t\t<\/div>\n\t\t<\/section>\n\t\t\t\t<\/div>\n\t\t","protected":false},"excerpt":{"rendered":"<p>(10-Dic-25) Por quinto a\u00f1o seguido, la Defensor\u00eda del Pueblo particip\u00f3 en la entrega de obsequios a los ni\u00f1os y ni\u00f1as de la \u00abCasa de los Ni\u00f1os Hugo Ch\u00e1vez\u00bb, perteneciente a&hellip; <\/p>\n","protected":false},"author":5,"featured_media":16354,"comment_status":"closed","ping_status":"open","sticky":false,"template":"","format":"standard","meta":{"footnotes":""},"categories":[5],"tags":[],"class_list":["post-16351","post","type-post","status-publish","format-standard","has-post-thumbnail","hentry","category-regionales"],"yoast_head":"<!-- This site is optimized with the Yoast SEO plugin v27.4 - https:\/\/yoast.com\/product\/yoast-seo-wordpress\/ -->\n<title>Defensor\u00eda del Pueblo entreg\u00f3 obsequios a ni\u00f1os y ni\u00f1as de la \u00abCasa de los Ni\u00f1os Hugo Ch\u00e1vez\u00bb -<\/title>\n<meta name=\"robots\" content=\"index, follow, max-snippet:-1, max-image-preview:large, max-video-preview:-1\" \/>\n<link rel=\"canonical\" href=\"http:\/\/www.defensoria.gob.ve\/?p=16351\" \/>\n<meta property=\"og:locale\" content=\"es_ES\" \/>\n<meta property=\"og:type\" content=\"article\" \/>\n<meta property=\"og:title\" content=\"Defensor\u00eda del Pueblo entreg\u00f3 obsequios a ni\u00f1os y ni\u00f1as de la \u00abCasa de los Ni\u00f1os Hugo Ch\u00e1vez\u00bb -\" \/>\n<meta property=\"og:description\" content=\"(10-Dic-25) Por quinto a\u00f1o seguido, la Defensor\u00eda del Pueblo particip\u00f3 en la entrega de obsequios a los ni\u00f1os y ni\u00f1as de la \u00abCasa de los Ni\u00f1os Hugo Ch\u00e1vez\u00bb, perteneciente a&hellip;\" \/>\n<meta property=\"og:url\" content=\"http:\/\/www.defensoria.gob.ve\/?p=16351\" \/>\n<meta property=\"article:published_time\" content=\"2025-12-11T14:45:24+00:00\" \/>\n<meta property=\"article:modified_time\" content=\"2025-12-11T14:45:54+00:00\" \/>\n<meta property=\"og:image\" content=\"http:\/\/www.defensoria.gob.ve\/wp-content\/uploads\/2025\/12\/8e8a1600-e723-4a6c-ab94-72f03cf00938.jpg\" \/>\n\t<meta property=\"og:image:width\" content=\"1040\" \/>\n\t<meta property=\"og:image:height\" content=\"780\" \/>\n\t<meta property=\"og:image:type\" content=\"image\/jpeg\" \/>\n<meta name=\"author\" content=\"JC.\" \/>\n<meta name=\"twitter:card\" content=\"summary_large_image\" \/>\n<meta name=\"twitter:label1\" content=\"Escrito por\" \/>\n\t<meta name=\"twitter:data1\" content=\"JC.\" \/>\n\t<meta name=\"twitter:label2\" content=\"Tiempo estimado de lectura\" \/>\n\t<meta name=\"twitter:data2\" content=\"2 minutos\" \/>\n<script type=\"application\/ld+json\" class=\"yoast-schema-graph\">{\"@context\":\"https:\\\/\\\/schema.org\",\"@graph\":[{\"@type\":\"Article\",\"@id\":\"http:\\\/\\\/www.defensoria.gob.ve\\\/?p=16351#article\",\"isPartOf\":{\"@id\":\"http:\\\/\\\/www.defensoria.gob.ve\\\/?p=16351\"},\"author\":{\"name\":\"JC.\",\"@id\":\"http:\\\/\\\/www.defensoria.gob.ve\\\/#\\\/schema\\\/person\\\/fba14293189d7b1933ac7fba9d89e24a\"},\"headline\":\"Defensor\u00eda del Pueblo entreg\u00f3 obsequios a ni\u00f1os y ni\u00f1as de la \u00abCasa de los Ni\u00f1os Hugo Ch\u00e1vez\u00bb\",\"datePublished\":\"2025-12-11T14:45:24+00:00\",\"dateModified\":\"2025-12-11T14:45:54+00:00\",\"mainEntityOfPage\":{\"@id\":\"http:\\\/\\\/www.defensoria.gob.ve\\\/?p=16351\"},\"wordCount\":386,\"image\":{\"@id\":\"http:\\\/\\\/www.defensoria.gob.ve\\\/?p=16351#primaryimage\"},\"thumbnailUrl\":\"http:\\\/\\\/www.defensoria.gob.ve\\\/wp-content\\\/uploads\\\/2025\\\/12\\\/8e8a1600-e723-4a6c-ab94-72f03cf00938.jpg\",\"articleSection\":[\"REGIONALES\"],\"inLanguage\":\"es\"},{\"@type\":\"WebPage\",\"@id\":\"http:\\\/\\\/www.defensoria.gob.ve\\\/?p=16351\",\"url\":\"http:\\\/\\\/www.defensoria.gob.ve\\\/?p=16351\",\"name\":\"Defensor\u00eda del Pueblo entreg\u00f3 obsequios a ni\u00f1os y ni\u00f1as de la \u00abCasa de los Ni\u00f1os Hugo Ch\u00e1vez\u00bb -\",\"isPartOf\":{\"@id\":\"http:\\\/\\\/www.defensoria.gob.ve\\\/#website\"},\"primaryImageOfPage\":{\"@id\":\"http:\\\/\\\/www.defensoria.gob.ve\\\/?p=16351#primaryimage\"},\"image\":{\"@id\":\"http:\\\/\\\/www.defensoria.gob.ve\\\/?p=16351#primaryimage\"},\"thumbnailUrl\":\"http:\\\/\\\/www.defensoria.gob.ve\\\/wp-content\\\/uploads\\\/2025\\\/12\\\/8e8a1600-e723-4a6c-ab94-72f03cf00938.jpg\",\"datePublished\":\"2025-12-11T14:45:24+00:00\",\"dateModified\":\"2025-12-11T14:45:54+00:00\",\"author\":{\"@id\":\"http:\\\/\\\/www.defensoria.gob.ve\\\/#\\\/schema\\\/person\\\/fba14293189d7b1933ac7fba9d89e24a\"},\"breadcrumb\":{\"@id\":\"http:\\\/\\\/www.defensoria.gob.ve\\\/?p=16351#breadcrumb\"},\"inLanguage\":\"es\",\"potentialAction\":[{\"@type\":\"ReadAction\",\"target\":[\"http:\\\/\\\/www.defensoria.gob.ve\\\/?p=16351\"]}]},{\"@type\":\"ImageObject\",\"inLanguage\":\"es\",\"@id\":\"http:\\\/\\\/www.defensoria.gob.ve\\\/?p=16351#primaryimage\",\"url\":\"http:\\\/\\\/www.defensoria.gob.ve\\\/wp-content\\\/uploads\\\/2025\\\/12\\\/8e8a1600-e723-4a6c-ab94-72f03cf00938.jpg\",\"contentUrl\":\"http:\\\/\\\/www.defensoria.gob.ve\\\/wp-content\\\/uploads\\\/2025\\\/12\\\/8e8a1600-e723-4a6c-ab94-72f03cf00938.jpg\",\"width\":1040,\"height\":780},{\"@type\":\"BreadcrumbList\",\"@id\":\"http:\\\/\\\/www.defensoria.gob.ve\\\/?p=16351#breadcrumb\",\"itemListElement\":[{\"@type\":\"ListItem\",\"position\":1,\"name\":\"Portada\",\"item\":\"http:\\\/\\\/www.defensoria.gob.ve\\\/\"},{\"@type\":\"ListItem\",\"position\":2,\"name\":\"Defensor\u00eda del Pueblo entreg\u00f3 obsequios a ni\u00f1os y ni\u00f1as de la \u00abCasa de los Ni\u00f1os Hugo Ch\u00e1vez\u00bb\"}]},{\"@type\":\"WebSite\",\"@id\":\"http:\\\/\\\/www.defensoria.gob.ve\\\/#website\",\"url\":\"http:\\\/\\\/www.defensoria.gob.ve\\\/\",\"name\":\"\",\"description\":\"Instituci\u00f3n del Poder Ciudadano para la Promoci\u00f3n, Defensa y Vigilancia de los Derechos Humanos. \",\"potentialAction\":[{\"@type\":\"SearchAction\",\"target\":{\"@type\":\"EntryPoint\",\"urlTemplate\":\"http:\\\/\\\/www.defensoria.gob.ve\\\/?s={search_term_string}\"},\"query-input\":{\"@type\":\"PropertyValueSpecification\",\"valueRequired\":true,\"valueName\":\"search_term_string\"}}],\"inLanguage\":\"es\"},{\"@type\":\"Person\",\"@id\":\"http:\\\/\\\/www.defensoria.gob.ve\\\/#\\\/schema\\\/person\\\/fba14293189d7b1933ac7fba9d89e24a\",\"name\":\"JC.\",\"image\":{\"@type\":\"ImageObject\",\"inLanguage\":\"es\",\"@id\":\"https:\\\/\\\/secure.gravatar.com\\\/avatar\\\/f398a4de948606b38f0299d90ca738c674b648694bc725ed46503c240269dbf8?s=96&d=mm&r=g\",\"url\":\"https:\\\/\\\/secure.gravatar.com\\\/avatar\\\/f398a4de948606b38f0299d90ca738c674b648694bc725ed46503c240269dbf8?s=96&d=mm&r=g\",\"contentUrl\":\"https:\\\/\\\/secure.gravatar.com\\\/avatar\\\/f398a4de948606b38f0299d90ca738c674b648694bc725ed46503c240269dbf8?s=96&d=mm&r=g\",\"caption\":\"JC.\"},\"url\":\"http:\\\/\\\/www.defensoria.gob.ve\\\/?author=5\"}]}<\/script>\n<!-- \/ Yoast SEO plugin. -->","yoast_head_json":{"title":"Defensor\u00eda del Pueblo entreg\u00f3 obsequios a ni\u00f1os y ni\u00f1as de la \u00abCasa de los Ni\u00f1os Hugo Ch\u00e1vez\u00bb -","robots":{"index":"index","follow":"follow","max-snippet":"max-snippet:-1","max-image-preview":"max-image-preview:large","max-video-preview":"max-video-preview:-1"},"canonical":"http:\/\/www.defensoria.gob.ve\/?p=16351","og_locale":"es_ES","og_type":"article","og_title":"Defensor\u00eda del Pueblo entreg\u00f3 obsequios a ni\u00f1os y ni\u00f1as de la \u00abCasa de los Ni\u00f1os Hugo Ch\u00e1vez\u00bb -","og_description":"(10-Dic-25) Por quinto a\u00f1o seguido, la Defensor\u00eda del Pueblo particip\u00f3 en la entrega de obsequios a los ni\u00f1os y ni\u00f1as de la \u00abCasa de los Ni\u00f1os Hugo Ch\u00e1vez\u00bb, perteneciente a&hellip;","og_url":"http:\/\/www.defensoria.gob.ve\/?p=16351","article_published_time":"2025-12-11T14:45:24+00:00","article_modified_time":"2025-12-11T14:45:54+00:00","og_image":[{"width":1040,"height":780,"url":"http:\/\/www.defensoria.gob.ve\/wp-content\/uploads\/2025\/12\/8e8a1600-e723-4a6c-ab94-72f03cf00938.jpg","type":"image\/jpeg"}],"author":"JC.","twitter_card":"summary_large_image","twitter_misc":{"Escrito por":"JC.","Tiempo estimado de lectura":"2 minutos"},"schema":{"@context":"https:\/\/schema.org","@graph":[{"@type":"Article","@id":"http:\/\/www.defensoria.gob.ve\/?p=16351#article","isPartOf":{"@id":"http:\/\/www.defensoria.gob.ve\/?p=16351"},"author":{"name":"JC.","@id":"http:\/\/www.defensoria.gob.ve\/#\/schema\/person\/fba14293189d7b1933ac7fba9d89e24a"},"headline":"Defensor\u00eda del Pueblo entreg\u00f3 obsequios a ni\u00f1os y ni\u00f1as de la \u00abCasa de los Ni\u00f1os Hugo Ch\u00e1vez\u00bb","datePublished":"2025-12-11T14:45:24+00:00","dateModified":"2025-12-11T14:45:54+00:00","mainEntityOfPage":{"@id":"http:\/\/www.defensoria.gob.ve\/?p=16351"},"wordCount":386,"image":{"@id":"http:\/\/www.defensoria.gob.ve\/?p=16351#primaryimage"},"thumbnailUrl":"http:\/\/www.defensoria.gob.ve\/wp-content\/uploads\/2025\/12\/8e8a1600-e723-4a6c-ab94-72f03cf00938.jpg","articleSection":["REGIONALES"],"inLanguage":"es"},{"@type":"WebPage","@id":"http:\/\/www.defensoria.gob.ve\/?p=16351","url":"http:\/\/www.defensoria.gob.ve\/?p=16351","name":"Defensor\u00eda del Pueblo entreg\u00f3 obsequios a ni\u00f1os y ni\u00f1as de la \u00abCasa de los Ni\u00f1os Hugo Ch\u00e1vez\u00bb -","isPartOf":{"@id":"http:\/\/www.defensoria.gob.ve\/#website"},"primaryImageOfPage":{"@id":"http:\/\/www.defensoria.gob.ve\/?p=16351#primaryimage"},"image":{"@id":"http:\/\/www.defensoria.gob.ve\/?p=16351#primaryimage"},"thumbnailUrl":"http:\/\/www.defensoria.gob.ve\/wp-content\/uploads\/2025\/12\/8e8a1600-e723-4a6c-ab94-72f03cf00938.jpg","datePublished":"2025-12-11T14:45:24+00:00","dateModified":"2025-12-11T14:45:54+00:00","author":{"@id":"http:\/\/www.defensoria.gob.ve\/#\/schema\/person\/fba14293189d7b1933ac7fba9d89e24a"},"breadcrumb":{"@id":"http:\/\/www.defensoria.gob.ve\/?p=16351#breadcrumb"},"inLanguage":"es","potentialAction":[{"@type":"ReadAction","target":["http:\/\/www.defensoria.gob.ve\/?p=16351"]}]},{"@type":"ImageObject","inLanguage":"es","@id":"http:\/\/www.defensoria.gob.ve\/?p=16351#primaryimage","url":"http:\/\/www.defensoria.gob.ve\/wp-content\/uploads\/2025\/12\/8e8a1600-e723-4a6c-ab94-72f03cf00938.jpg","contentUrl":"http:\/\/www.defensoria.gob.ve\/wp-content\/uploads\/2025\/12\/8e8a1600-e723-4a6c-ab94-72f03cf00938.jpg","width":1040,"height":780},{"@type":"BreadcrumbList","@id":"http:\/\/www.defensoria.gob.ve\/?p=16351#breadcrumb","itemListElement":[{"@type":"ListItem","position":1,"name":"Portada","item":"http:\/\/www.defensoria.gob.ve\/"},{"@type":"ListItem","position":2,"name":"Defensor\u00eda del Pueblo entreg\u00f3 obsequios a ni\u00f1os y ni\u00f1as de la \u00abCasa de los Ni\u00f1os Hugo Ch\u00e1vez\u00bb"}]},{"@type":"WebSite","@id":"http:\/\/www.defensoria.gob.ve\/#website","url":"http:\/\/www.defensoria.gob.ve\/","name":"","description":"Instituci\u00f3n del Poder Ciudadano para la Promoci\u00f3n, Defensa y Vigilancia de los Derechos Humanos. ","potentialAction":[{"@type":"SearchAction","target":{"@type":"EntryPoint","urlTemplate":"http:\/\/www.defensoria.gob.ve\/?s={search_term_string}"},"query-input":{"@type":"PropertyValueSpecification","valueRequired":true,"valueName":"search_term_string"}}],"inLanguage":"es"},{"@type":"Person","@id":"http:\/\/www.defensoria.gob.ve\/#\/schema\/person\/fba14293189d7b1933ac7fba9d89e24a","name":"JC.","image":{"@type":"ImageObject","inLanguage":"es","@id":"https:\/\/secure.gravatar.com\/avatar\/f398a4de948606b38f0299d90ca738c674b648694bc725ed46503c240269dbf8?s=96&d=mm&r=g","url":"https:\/\/secure.gravatar.com\/avatar\/f398a4de948606b38f0299d90ca738c674b648694bc725ed46503c240269dbf8?s=96&d=mm&r=g","contentUrl":"https:\/\/secure.gravatar.com\/avatar\/f398a4de948606b38f0299d90ca738c674b648694bc725ed46503c240269dbf8?s=96&d=mm&r=g","caption":"JC."},"url":"http:\/\/www.defensoria.gob.ve\/?author=5"}]}},"_links":{"self":[{"href":"http:\/\/www.defensoria.gob.ve\/index.php?rest_route=\/wp\/v2\/posts\/16351","targetHints":{"allow":["GET"]}}],"collection":[{"href":"http:\/\/www.defensoria.gob.ve\/index.php?rest_route=\/wp\/v2\/posts"}],"about":[{"href":"http:\/\/www.defensoria.gob.ve\/index.php?rest_route=\/wp\/v2\/types\/post"}],"author":[{"embeddable":true,"href":"http:\/\/www.defensoria.gob.ve\/index.php?rest_route=\/wp\/v2\/users\/5"}],"replies":[{"embeddable":true,"href":"http:\/\/www.defensoria.gob.ve\/index.php?rest_route=%2Fwp%2Fv2%2Fcomments&post=16351"}],"version-history":[{"count":4,"href":"http:\/\/www.defensoria.gob.ve\/index.php?rest_route=\/wp\/v2\/posts\/16351\/revisions"}],"predecessor-version":[{"id":16358,"href":"http:\/\/www.defensoria.gob.ve\/index.php?rest_route=\/wp\/v2\/posts\/16351\/revisions\/16358"}],"wp:featuredmedia":[{"embeddable":true,"href":"http:\/\/www.defensoria.gob.ve\/index.php?rest_route=\/wp\/v2\/media\/16354"}],"wp:attachment":[{"href":"http:\/\/www.defensoria.gob.ve\/index.php?rest_route=%2Fwp%2Fv2%2Fmedia&parent=16351"}],"wp:term":[{"taxonomy":"category","embeddable":true,"href":"http:\/\/www.defensoria.gob.ve\/index.php?rest_route=%2Fwp%2Fv2%2Fcategories&post=16351"},{"taxonomy":"post_tag","embeddable":true,"href":"http:\/\/www.defensoria.gob.ve\/index.php?rest_route=%2Fwp%2Fv2%2Ftags&post=16351"}],"curies":[{"name":"wp","href":"https:\/\/api.w.org\/{rel}","templated":true}]}}