 
{"id":16374,"date":"2025-12-11T14:34:04","date_gmt":"2025-12-11T18:34:04","guid":{"rendered":"http:\/\/www.defensoria.gob.ve\/?p=16374"},"modified":"2025-12-11T14:34:51","modified_gmt":"2025-12-11T18:34:51","slug":"delegada-de-aragua-realizo-una-jornada-de-sensibilizacion-a-comunidades-del-municipio-girardot","status":"publish","type":"post","link":"http:\/\/www.defensoria.gob.ve\/?p=16374","title":{"rendered":"Delegada de Aragua realiz\u00f3 una jornada de sensibilizaci\u00f3n a comunidades del municipio Girardot"},"content":{"rendered":"\t\t<div data-elementor-type=\"wp-post\" data-elementor-id=\"16374\" class=\"elementor elementor-16374\">\n\t\t\t\t\t\t<section class=\"elementor-section elementor-top-section elementor-element elementor-element-4acad203 elementor-section-boxed elementor-section-height-default elementor-section-height-default\" data-id=\"4acad203\" data-element_type=\"section\" data-e-type=\"section\">\n\t\t\t\t\t\t<div class=\"elementor-container elementor-column-gap-default\">\n\t\t\t\t\t<div class=\"elementor-column elementor-col-100 elementor-top-column elementor-element elementor-element-494362d3\" data-id=\"494362d3\" data-element_type=\"column\" data-e-type=\"column\">\n\t\t\t<div class=\"elementor-widget-wrap elementor-element-populated\">\n\t\t\t\t\t\t<div class=\"elementor-element elementor-element-1ac5ab0f elementor-widget elementor-widget-text-editor\" data-id=\"1ac5ab0f\" data-element_type=\"widget\" data-e-type=\"widget\" data-widget_type=\"text-editor.default\">\n\t\t\t\t<div class=\"elementor-widget-container\">\n\t\t\t\t\t\t\t\t\t<p><\/p>\n<p><strong>(Aragua\/11-Dic-25)<\/strong> La Defensor\u00eda delegada del estado Aragua realiz\u00f3 una jornada de sensibilizaci\u00f3n a las comunidades en el municipio Girardot con motivo del D\u00eda Internacional de las Personas con Discapacidad.<br><br>En ese sentido, el equipo defensorial se traslad\u00f3 estrat\u00e9gicamente a la sede de la Galer\u00eda Municipal para participar activamente en los actos conmemorativos a esta fecha que busca visibilizar los derechos de las personas con discapacidad y evitar actos de discriminaci\u00f3n hacia esta poblaci\u00f3n vulnerable por su condici\u00f3n f\u00edsica.<br><br>Durante el despliegue se efectu\u00f3 entrega de material divulgativo, con el prop\u00f3sito esencial de informar y sensibilizar a los ciudadanos y ciudadanas sobre los derechos y los desaf\u00edos que afrontan las personas con discapacidad, fomentando as\u00ed una cultura de inclusi\u00f3n y respeto a su condici\u00f3n.<br><br>Varias entidades como el Movimiento Socialista de Personas con Discapacidad (MOSUPDIS) y de la organizaci\u00f3n Hero\u00ednas de la Discapacidad Rompiendo Barreras asistieron y apoyaron la actividad.<\/p>\n<p><\/p>\n<p><\/p>\n<p><strong>Jornada de sensibilizaci\u00f3n sobre el VIH\/SIDA<\/strong><\/p>\n<p><\/p>\n<p><\/p>\n<p>Igualmente, en el marco del D\u00eda Internacional de la Lucha contra el VIH\/Sida la Defensor\u00eda Delegada del estado Aragua realiz\u00f3 una jornada integral de sensibilizaci\u00f3n, concientizaci\u00f3n y de servicios preventivos en beneficio de la ciudadan\u00eda.<br><br>Esta importante actividad se llev\u00f3 a cabo en colaboraci\u00f3n estrat\u00e9gica con la Coordinaci\u00f3n Regional del Programa ITS\/Sida del Ministerio del Poder Popular para la Salud (MPPS) y la Asociaci\u00f3n Civil Impulso Vital Aragua (Aciva).<\/p>\n<p><\/p>\n<p><\/p>\n<figure class=\"wp-block-image size-full\"><img fetchpriority=\"high\" decoding=\"async\" width=\"609\" height=\"447\" src=\"http:\/\/www.defensoria.gob.ve\/wp-content\/uploads\/2025\/12\/EDWEER.png\" alt=\"\" class=\"wp-image-16375\"><\/figure>\n<p><\/p>\n<p><\/p>\n<p>La jornada se enfoc\u00f3 en el cumplimiento y difusi\u00f3n de la Ley para la Promoci\u00f3n y Protecci\u00f3n del Derecho a la Igualdad de las personas con VIH\/Sida y sus familiares. Tambi\u00e9n se ofrecieron servicios esenciales de salud p\u00fablica, incluyendo la aplicaci\u00f3n de pruebas diagn\u00f3sticas para el despistaje de VIH\/Sida y la entrega gratuita de preservativos. Durante la actividad, se logr\u00f3 atender a m\u00e1s de 52 transe\u00fantes de la zona.<\/p>\n<p><\/p>\n<p><\/p>\n<p>Adem\u00e1s, se entreg\u00f3 material divulgativo al personal que presta apoyo psicol\u00f3gico en el Centro de Atenci\u00f3n Integral ETS- SIDA, reconociendo su labor fundamental en la atenci\u00f3n a pacientes infectados con el VIH\/SIDA. FIN \/ PRENSA Defensor\u00eda<\/p>\n<p><\/p>\t\t\t\t\t\t\t\t<\/div>\n\t\t\t\t<\/div>\n\t\t\t\t\t<\/div>\n\t\t<\/div>\n\t\t\t\t\t<\/div>\n\t\t<\/section>\n\t\t\t\t<\/div>\n\t\t","protected":false},"excerpt":{"rendered":"<p>(Aragua\/11-Dic-25) La Defensor\u00eda delegada del estado Aragua realiz\u00f3 una jornada de sensibilizaci\u00f3n a las comunidades en el municipio Girardot con motivo del D\u00eda Internacional de las Personas con Discapacidad. En&hellip; <\/p>\n","protected":false},"author":5,"featured_media":16371,"comment_status":"closed","ping_status":"open","sticky":false,"template":"","format":"standard","meta":{"footnotes":""},"categories":[5],"tags":[],"class_list":["post-16374","post","type-post","status-publish","format-standard","has-post-thumbnail","hentry","category-regionales"],"yoast_head":"<!-- This site is optimized with the Yoast SEO plugin v27.4 - https:\/\/yoast.com\/product\/yoast-seo-wordpress\/ -->\n<title>Delegada de Aragua realiz\u00f3 una jornada de sensibilizaci\u00f3n a comunidades del municipio Girardot -<\/title>\n<meta name=\"robots\" content=\"index, follow, max-snippet:-1, max-image-preview:large, max-video-preview:-1\" \/>\n<link rel=\"canonical\" href=\"http:\/\/www.defensoria.gob.ve\/?p=16374\" \/>\n<meta property=\"og:locale\" content=\"es_ES\" \/>\n<meta property=\"og:type\" content=\"article\" \/>\n<meta property=\"og:title\" content=\"Delegada de Aragua realiz\u00f3 una jornada de sensibilizaci\u00f3n a comunidades del municipio Girardot -\" \/>\n<meta property=\"og:description\" content=\"(Aragua\/11-Dic-25) La Defensor\u00eda delegada del estado Aragua realiz\u00f3 una jornada de sensibilizaci\u00f3n a las comunidades en el municipio Girardot con motivo del D\u00eda Internacional de las Personas con Discapacidad. En&hellip;\" \/>\n<meta property=\"og:url\" content=\"http:\/\/www.defensoria.gob.ve\/?p=16374\" \/>\n<meta property=\"article:published_time\" content=\"2025-12-11T18:34:04+00:00\" \/>\n<meta property=\"article:modified_time\" content=\"2025-12-11T18:34:51+00:00\" \/>\n<meta property=\"og:image\" content=\"http:\/\/www.defensoria.gob.ve\/wp-content\/uploads\/2025\/12\/FNIOS.png\" \/>\n\t<meta property=\"og:image:width\" content=\"981\" \/>\n\t<meta property=\"og:image:height\" content=\"471\" \/>\n\t<meta property=\"og:image:type\" content=\"image\/png\" \/>\n<meta name=\"author\" content=\"JC.\" \/>\n<meta name=\"twitter:card\" content=\"summary_large_image\" \/>\n<meta name=\"twitter:label1\" content=\"Escrito por\" \/>\n\t<meta name=\"twitter:data1\" content=\"JC.\" \/>\n\t<meta name=\"twitter:label2\" content=\"Tiempo estimado de lectura\" \/>\n\t<meta name=\"twitter:data2\" content=\"2 minutos\" \/>\n<script type=\"application\/ld+json\" class=\"yoast-schema-graph\">{\"@context\":\"https:\\\/\\\/schema.org\",\"@graph\":[{\"@type\":\"Article\",\"@id\":\"http:\\\/\\\/www.defensoria.gob.ve\\\/?p=16374#article\",\"isPartOf\":{\"@id\":\"http:\\\/\\\/www.defensoria.gob.ve\\\/?p=16374\"},\"author\":{\"name\":\"JC.\",\"@id\":\"http:\\\/\\\/www.defensoria.gob.ve\\\/#\\\/schema\\\/person\\\/fba14293189d7b1933ac7fba9d89e24a\"},\"headline\":\"Delegada de Aragua realiz\u00f3 una jornada de sensibilizaci\u00f3n a comunidades del municipio Girardot\",\"datePublished\":\"2025-12-11T18:34:04+00:00\",\"dateModified\":\"2025-12-11T18:34:51+00:00\",\"mainEntityOfPage\":{\"@id\":\"http:\\\/\\\/www.defensoria.gob.ve\\\/?p=16374\"},\"wordCount\":387,\"image\":{\"@id\":\"http:\\\/\\\/www.defensoria.gob.ve\\\/?p=16374#primaryimage\"},\"thumbnailUrl\":\"http:\\\/\\\/www.defensoria.gob.ve\\\/wp-content\\\/uploads\\\/2025\\\/12\\\/FNIOS.png\",\"articleSection\":[\"REGIONALES\"],\"inLanguage\":\"es\"},{\"@type\":\"WebPage\",\"@id\":\"http:\\\/\\\/www.defensoria.gob.ve\\\/?p=16374\",\"url\":\"http:\\\/\\\/www.defensoria.gob.ve\\\/?p=16374\",\"name\":\"Delegada de Aragua realiz\u00f3 una jornada de sensibilizaci\u00f3n a comunidades del municipio Girardot -\",\"isPartOf\":{\"@id\":\"http:\\\/\\\/www.defensoria.gob.ve\\\/#website\"},\"primaryImageOfPage\":{\"@id\":\"http:\\\/\\\/www.defensoria.gob.ve\\\/?p=16374#primaryimage\"},\"image\":{\"@id\":\"http:\\\/\\\/www.defensoria.gob.ve\\\/?p=16374#primaryimage\"},\"thumbnailUrl\":\"http:\\\/\\\/www.defensoria.gob.ve\\\/wp-content\\\/uploads\\\/2025\\\/12\\\/FNIOS.png\",\"datePublished\":\"2025-12-11T18:34:04+00:00\",\"dateModified\":\"2025-12-11T18:34:51+00:00\",\"author\":{\"@id\":\"http:\\\/\\\/www.defensoria.gob.ve\\\/#\\\/schema\\\/person\\\/fba14293189d7b1933ac7fba9d89e24a\"},\"breadcrumb\":{\"@id\":\"http:\\\/\\\/www.defensoria.gob.ve\\\/?p=16374#breadcrumb\"},\"inLanguage\":\"es\",\"potentialAction\":[{\"@type\":\"ReadAction\",\"target\":[\"http:\\\/\\\/www.defensoria.gob.ve\\\/?p=16374\"]}]},{\"@type\":\"ImageObject\",\"inLanguage\":\"es\",\"@id\":\"http:\\\/\\\/www.defensoria.gob.ve\\\/?p=16374#primaryimage\",\"url\":\"http:\\\/\\\/www.defensoria.gob.ve\\\/wp-content\\\/uploads\\\/2025\\\/12\\\/FNIOS.png\",\"contentUrl\":\"http:\\\/\\\/www.defensoria.gob.ve\\\/wp-content\\\/uploads\\\/2025\\\/12\\\/FNIOS.png\",\"width\":981,\"height\":471},{\"@type\":\"BreadcrumbList\",\"@id\":\"http:\\\/\\\/www.defensoria.gob.ve\\\/?p=16374#breadcrumb\",\"itemListElement\":[{\"@type\":\"ListItem\",\"position\":1,\"name\":\"Portada\",\"item\":\"http:\\\/\\\/www.defensoria.gob.ve\\\/\"},{\"@type\":\"ListItem\",\"position\":2,\"name\":\"Delegada de Aragua realiz\u00f3 una jornada de sensibilizaci\u00f3n a comunidades del municipio Girardot\"}]},{\"@type\":\"WebSite\",\"@id\":\"http:\\\/\\\/www.defensoria.gob.ve\\\/#website\",\"url\":\"http:\\\/\\\/www.defensoria.gob.ve\\\/\",\"name\":\"\",\"description\":\"Instituci\u00f3n del Poder Ciudadano para la Promoci\u00f3n, Defensa y Vigilancia de los Derechos Humanos. \",\"potentialAction\":[{\"@type\":\"SearchAction\",\"target\":{\"@type\":\"EntryPoint\",\"urlTemplate\":\"http:\\\/\\\/www.defensoria.gob.ve\\\/?s={search_term_string}\"},\"query-input\":{\"@type\":\"PropertyValueSpecification\",\"valueRequired\":true,\"valueName\":\"search_term_string\"}}],\"inLanguage\":\"es\"},{\"@type\":\"Person\",\"@id\":\"http:\\\/\\\/www.defensoria.gob.ve\\\/#\\\/schema\\\/person\\\/fba14293189d7b1933ac7fba9d89e24a\",\"name\":\"JC.\",\"image\":{\"@type\":\"ImageObject\",\"inLanguage\":\"es\",\"@id\":\"https:\\\/\\\/secure.gravatar.com\\\/avatar\\\/f398a4de948606b38f0299d90ca738c674b648694bc725ed46503c240269dbf8?s=96&d=mm&r=g\",\"url\":\"https:\\\/\\\/secure.gravatar.com\\\/avatar\\\/f398a4de948606b38f0299d90ca738c674b648694bc725ed46503c240269dbf8?s=96&d=mm&r=g\",\"contentUrl\":\"https:\\\/\\\/secure.gravatar.com\\\/avatar\\\/f398a4de948606b38f0299d90ca738c674b648694bc725ed46503c240269dbf8?s=96&d=mm&r=g\",\"caption\":\"JC.\"},\"url\":\"http:\\\/\\\/www.defensoria.gob.ve\\\/?author=5\"}]}<\/script>\n<!-- \/ Yoast SEO plugin. -->","yoast_head_json":{"title":"Delegada de Aragua realiz\u00f3 una jornada de sensibilizaci\u00f3n a comunidades del municipio Girardot -","robots":{"index":"index","follow":"follow","max-snippet":"max-snippet:-1","max-image-preview":"max-image-preview:large","max-video-preview":"max-video-preview:-1"},"canonical":"http:\/\/www.defensoria.gob.ve\/?p=16374","og_locale":"es_ES","og_type":"article","og_title":"Delegada de Aragua realiz\u00f3 una jornada de sensibilizaci\u00f3n a comunidades del municipio Girardot -","og_description":"(Aragua\/11-Dic-25) La Defensor\u00eda delegada del estado Aragua realiz\u00f3 una jornada de sensibilizaci\u00f3n a las comunidades en el municipio Girardot con motivo del D\u00eda Internacional de las Personas con Discapacidad. En&hellip;","og_url":"http:\/\/www.defensoria.gob.ve\/?p=16374","article_published_time":"2025-12-11T18:34:04+00:00","article_modified_time":"2025-12-11T18:34:51+00:00","og_image":[{"width":981,"height":471,"url":"http:\/\/www.defensoria.gob.ve\/wp-content\/uploads\/2025\/12\/FNIOS.png","type":"image\/png"}],"author":"JC.","twitter_card":"summary_large_image","twitter_misc":{"Escrito por":"JC.","Tiempo estimado de lectura":"2 minutos"},"schema":{"@context":"https:\/\/schema.org","@graph":[{"@type":"Article","@id":"http:\/\/www.defensoria.gob.ve\/?p=16374#article","isPartOf":{"@id":"http:\/\/www.defensoria.gob.ve\/?p=16374"},"author":{"name":"JC.","@id":"http:\/\/www.defensoria.gob.ve\/#\/schema\/person\/fba14293189d7b1933ac7fba9d89e24a"},"headline":"Delegada de Aragua realiz\u00f3 una jornada de sensibilizaci\u00f3n a comunidades del municipio Girardot","datePublished":"2025-12-11T18:34:04+00:00","dateModified":"2025-12-11T18:34:51+00:00","mainEntityOfPage":{"@id":"http:\/\/www.defensoria.gob.ve\/?p=16374"},"wordCount":387,"image":{"@id":"http:\/\/www.defensoria.gob.ve\/?p=16374#primaryimage"},"thumbnailUrl":"http:\/\/www.defensoria.gob.ve\/wp-content\/uploads\/2025\/12\/FNIOS.png","articleSection":["REGIONALES"],"inLanguage":"es"},{"@type":"WebPage","@id":"http:\/\/www.defensoria.gob.ve\/?p=16374","url":"http:\/\/www.defensoria.gob.ve\/?p=16374","name":"Delegada de Aragua realiz\u00f3 una jornada de sensibilizaci\u00f3n a comunidades del municipio Girardot -","isPartOf":{"@id":"http:\/\/www.defensoria.gob.ve\/#website"},"primaryImageOfPage":{"@id":"http:\/\/www.defensoria.gob.ve\/?p=16374#primaryimage"},"image":{"@id":"http:\/\/www.defensoria.gob.ve\/?p=16374#primaryimage"},"thumbnailUrl":"http:\/\/www.defensoria.gob.ve\/wp-content\/uploads\/2025\/12\/FNIOS.png","datePublished":"2025-12-11T18:34:04+00:00","dateModified":"2025-12-11T18:34:51+00:00","author":{"@id":"http:\/\/www.defensoria.gob.ve\/#\/schema\/person\/fba14293189d7b1933ac7fba9d89e24a"},"breadcrumb":{"@id":"http:\/\/www.defensoria.gob.ve\/?p=16374#breadcrumb"},"inLanguage":"es","potentialAction":[{"@type":"ReadAction","target":["http:\/\/www.defensoria.gob.ve\/?p=16374"]}]},{"@type":"ImageObject","inLanguage":"es","@id":"http:\/\/www.defensoria.gob.ve\/?p=16374#primaryimage","url":"http:\/\/www.defensoria.gob.ve\/wp-content\/uploads\/2025\/12\/FNIOS.png","contentUrl":"http:\/\/www.defensoria.gob.ve\/wp-content\/uploads\/2025\/12\/FNIOS.png","width":981,"height":471},{"@type":"BreadcrumbList","@id":"http:\/\/www.defensoria.gob.ve\/?p=16374#breadcrumb","itemListElement":[{"@type":"ListItem","position":1,"name":"Portada","item":"http:\/\/www.defensoria.gob.ve\/"},{"@type":"ListItem","position":2,"name":"Delegada de Aragua realiz\u00f3 una jornada de sensibilizaci\u00f3n a comunidades del municipio Girardot"}]},{"@type":"WebSite","@id":"http:\/\/www.defensoria.gob.ve\/#website","url":"http:\/\/www.defensoria.gob.ve\/","name":"","description":"Instituci\u00f3n del Poder Ciudadano para la Promoci\u00f3n, Defensa y Vigilancia de los Derechos Humanos. ","potentialAction":[{"@type":"SearchAction","target":{"@type":"EntryPoint","urlTemplate":"http:\/\/www.defensoria.gob.ve\/?s={search_term_string}"},"query-input":{"@type":"PropertyValueSpecification","valueRequired":true,"valueName":"search_term_string"}}],"inLanguage":"es"},{"@type":"Person","@id":"http:\/\/www.defensoria.gob.ve\/#\/schema\/person\/fba14293189d7b1933ac7fba9d89e24a","name":"JC.","image":{"@type":"ImageObject","inLanguage":"es","@id":"https:\/\/secure.gravatar.com\/avatar\/f398a4de948606b38f0299d90ca738c674b648694bc725ed46503c240269dbf8?s=96&d=mm&r=g","url":"https:\/\/secure.gravatar.com\/avatar\/f398a4de948606b38f0299d90ca738c674b648694bc725ed46503c240269dbf8?s=96&d=mm&r=g","contentUrl":"https:\/\/secure.gravatar.com\/avatar\/f398a4de948606b38f0299d90ca738c674b648694bc725ed46503c240269dbf8?s=96&d=mm&r=g","caption":"JC."},"url":"http:\/\/www.defensoria.gob.ve\/?author=5"}]}},"_links":{"self":[{"href":"http:\/\/www.defensoria.gob.ve\/index.php?rest_route=\/wp\/v2\/posts\/16374","targetHints":{"allow":["GET"]}}],"collection":[{"href":"http:\/\/www.defensoria.gob.ve\/index.php?rest_route=\/wp\/v2\/posts"}],"about":[{"href":"http:\/\/www.defensoria.gob.ve\/index.php?rest_route=\/wp\/v2\/types\/post"}],"author":[{"embeddable":true,"href":"http:\/\/www.defensoria.gob.ve\/index.php?rest_route=\/wp\/v2\/users\/5"}],"replies":[{"embeddable":true,"href":"http:\/\/www.defensoria.gob.ve\/index.php?rest_route=%2Fwp%2Fv2%2Fcomments&post=16374"}],"version-history":[{"count":4,"href":"http:\/\/www.defensoria.gob.ve\/index.php?rest_route=\/wp\/v2\/posts\/16374\/revisions"}],"predecessor-version":[{"id":16379,"href":"http:\/\/www.defensoria.gob.ve\/index.php?rest_route=\/wp\/v2\/posts\/16374\/revisions\/16379"}],"wp:featuredmedia":[{"embeddable":true,"href":"http:\/\/www.defensoria.gob.ve\/index.php?rest_route=\/wp\/v2\/media\/16371"}],"wp:attachment":[{"href":"http:\/\/www.defensoria.gob.ve\/index.php?rest_route=%2Fwp%2Fv2%2Fmedia&parent=16374"}],"wp:term":[{"taxonomy":"category","embeddable":true,"href":"http:\/\/www.defensoria.gob.ve\/index.php?rest_route=%2Fwp%2Fv2%2Fcategories&post=16374"},{"taxonomy":"post_tag","embeddable":true,"href":"http:\/\/www.defensoria.gob.ve\/index.php?rest_route=%2Fwp%2Fv2%2Ftags&post=16374"}],"curies":[{"name":"wp","href":"https:\/\/api.w.org\/{rel}","templated":true}]}}