 
{"id":16380,"date":"2025-12-11T14:46:48","date_gmt":"2025-12-11T18:46:48","guid":{"rendered":"http:\/\/www.defensoria.gob.ve\/?p=16380"},"modified":"2025-12-12T12:59:44","modified_gmt":"2025-12-12T16:59:44","slug":"defensoria-delegada-de-amazonas-inicio-el-programa-consejo-de-asesores-y-asesoras-de-derechos-humanos-en-la-entidad","status":"publish","type":"post","link":"http:\/\/www.defensoria.gob.ve\/?p=16380","title":{"rendered":"Defensor\u00eda delegada de Amazonas inici\u00f3 el Programa Consejo de Defensores Escolares"},"content":{"rendered":"\t\t<div data-elementor-type=\"wp-post\" data-elementor-id=\"16380\" class=\"elementor elementor-16380\">\n\t\t\t\t\t\t<section class=\"elementor-section elementor-top-section elementor-element elementor-element-53e77f54 elementor-section-boxed elementor-section-height-default elementor-section-height-default\" data-id=\"53e77f54\" data-element_type=\"section\" data-e-type=\"section\">\n\t\t\t\t\t\t<div class=\"elementor-container elementor-column-gap-default\">\n\t\t\t\t\t<div class=\"elementor-column elementor-col-100 elementor-top-column elementor-element elementor-element-7c6e5c06\" data-id=\"7c6e5c06\" data-element_type=\"column\" data-e-type=\"column\">\n\t\t\t<div class=\"elementor-widget-wrap elementor-element-populated\">\n\t\t\t\t\t\t<div class=\"elementor-element elementor-element-2ab255de elementor-widget elementor-widget-text-editor\" data-id=\"2ab255de\" data-element_type=\"widget\" data-e-type=\"widget\" data-widget_type=\"text-editor.default\">\n\t\t\t\t<div class=\"elementor-widget-container\">\n\t\t\t\t\t\t\t\t\t<p><strong>(Amazonas 11-Dic-25)<\/strong> La Defensor\u00eda del Pueblo a trav\u00e9s de su delegada en el estado Amazonas ha puesto en marcha el programa .Consejo de Defensores Escolares, con estudiantes de 4\u00b0, 5\u00b0, 6\u00b0 y 7\u00b0 grado.<\/p>\n<p><span style=\"color: var( --e-global-color-text ); font-family: var( --e-global-typography-text-font-family ), Sans-serif; font-weight: var( --e-global-typography-text-font-weight );\">Esta iniciativa est\u00e1 dirigida a Ni\u00f1os, Ni\u00f1as y Adolescentes (NNA) de los centros educativos en la regi\u00f3n, focalizando sus actividades en los municipios Atures y Autana. El programa tiene como finalidad principal fomentar un proceso organizativo y educativo de formaci\u00f3n que promueva la defensa colectiva de los derechos humanos de los ni\u00f1os, ni\u00f1as y adolescentes.<\/span><\/p>\n<p><!-- \/wp:paragraph --><!-- wp:image {\"id\":16381,\"sizeSlug\":\"full\",\"linkDestination\":\"none\"} --><\/p>\n<figure class=\"wp-block-image size-full\"><img fetchpriority=\"high\" decoding=\"async\" width=\"800\" height=\"600\" class=\"wp-image-16381\" src=\"http:\/\/www.defensoria.gob.ve\/wp-content\/uploads\/2025\/12\/b9e9bd0e-6754-4534-9fc3-0866862eee4a.jpg\" alt=\"\" srcset=\"http:\/\/www.defensoria.gob.ve\/wp-content\/uploads\/2025\/12\/b9e9bd0e-6754-4534-9fc3-0866862eee4a.jpg 800w, http:\/\/www.defensoria.gob.ve\/wp-content\/uploads\/2025\/12\/b9e9bd0e-6754-4534-9fc3-0866862eee4a-768x576.jpg 768w\" sizes=\"(max-width: 800px) 100vw, 800px\" \/><\/figure>\n<p><!-- \/wp:image --><!-- wp:paragraph --><\/p>\n<p>Se busca garantizar la inclusi\u00f3n plena de los ni\u00f1os y ni\u00f1as en el \u00e1mbito educativo, facilitando los procesos de aprendizaje y organizaci\u00f3n necesarios para que puedan ejercer, de manera directa, sus derechos y responsabilidades como sujetos activos en la sociedad.<\/p>\n<p><!-- \/wp:paragraph --><!-- wp:paragraph --><\/p>\n<p>Adem\u00e1s de ser multiplicadores en sus espacios educativos y comunidades en la defensa y promoci\u00f3n de los DDHH. El programa contar\u00e1 con la participaci\u00f3n de estudiantes de 4to, 5to, 6to y 7mo grado de diversas Unidades Educativas de la regi\u00f3n.<\/p>\n<p><!-- \/wp:paragraph --><!-- wp:paragraph --><\/p>\n<p>Entre las instituciones involucradas se encuentran: Unidad Educativa Sim\u00f3n Bol\u00edvar; Unidad Educativa Cerro Autana; Colegio Ciencia y Tecnolog\u00eda Orinoco; Unidad Educativa Cecilio Acosta y Liceo Santiago Aguerrevere y F\u00e9lix Solano. A trav\u00e9s de esta propuesta integral de formaci\u00f3n, se desarrollar\u00e1n procesos participativos que permitir\u00e1n a los NNA colaborar con la Defensor\u00eda del Pueblo en la elaboraci\u00f3n de planes para la defensa colectiva de sus derechos humanos.<\/p>\n<p><!-- \/wp:paragraph --><!-- wp:image {\"id\":16382,\"sizeSlug\":\"full\",\"linkDestination\":\"none\"} --><\/p>\n<figure class=\"wp-block-image size-full\"><img decoding=\"async\" width=\"800\" height=\"600\" class=\"wp-image-16382\" src=\"http:\/\/www.defensoria.gob.ve\/wp-content\/uploads\/2025\/12\/f48bd814-5331-4d32-9312-de3a7f6adda3.jpg\" alt=\"\" srcset=\"http:\/\/www.defensoria.gob.ve\/wp-content\/uploads\/2025\/12\/f48bd814-5331-4d32-9312-de3a7f6adda3.jpg 800w, http:\/\/www.defensoria.gob.ve\/wp-content\/uploads\/2025\/12\/f48bd814-5331-4d32-9312-de3a7f6adda3-768x576.jpg 768w\" sizes=\"(max-width: 800px) 100vw, 800px\" \/><\/figure>\n<p><!-- \/wp:image --><!-- wp:paragraph --><\/p>\n<p>Adem\u00e1s, se capacitar\u00e1 a defensores y defensoras escolares en sus respectivos centros educativos para impulsar la promoci\u00f3n y protecci\u00f3n de los derechos humanos en el entorno escolar y comunidad.<\/p>\n<p><!-- \/wp:paragraph --><!-- wp:paragraph --><\/p>\n<p>Con esta acci\u00f3n, reafirmamos nuestro compromiso con la defensa y promoci\u00f3n de los derechos humanos en Amazonas, empoderando a nuestros ni\u00f1os y ni\u00f1as para que se conviertan en agentes de cambio en sus comunidades y centros educacionales. <strong>FIN\/ Prensa Defensor\u00eda<\/strong><\/p>\n<p><!-- \/wp:paragraph --><!-- wp:paragraph --><\/p>\n<p><!-- \/wp:paragraph --><\/p>\t\t\t\t\t\t\t\t<\/div>\n\t\t\t\t<\/div>\n\t\t\t\t\t<\/div>\n\t\t<\/div>\n\t\t\t\t\t<\/div>\n\t\t<\/section>\n\t\t\t\t<\/div>\n\t\t","protected":false},"excerpt":{"rendered":"<p>(Amazonas 11-Dic-25) La Defensor\u00eda del Pueblo a trav\u00e9s de su delegada en el estado Amazonas ha puesto en marcha el programa .Consejo de Defensores Escolares, con estudiantes de 4\u00b0, 5\u00b0,&hellip; <\/p>\n","protected":false},"author":5,"featured_media":16383,"comment_status":"closed","ping_status":"open","sticky":false,"template":"","format":"standard","meta":{"footnotes":""},"categories":[5],"tags":[],"class_list":["post-16380","post","type-post","status-publish","format-standard","has-post-thumbnail","hentry","category-regionales"],"yoast_head":"<!-- This site is optimized with the Yoast SEO plugin v27.4 - https:\/\/yoast.com\/product\/yoast-seo-wordpress\/ -->\n<title>Defensor\u00eda delegada de Amazonas inici\u00f3 el Programa Consejo de Defensores Escolares -<\/title>\n<meta name=\"robots\" content=\"index, follow, max-snippet:-1, max-image-preview:large, max-video-preview:-1\" \/>\n<link rel=\"canonical\" href=\"http:\/\/www.defensoria.gob.ve\/?p=16380\" \/>\n<meta property=\"og:locale\" content=\"es_ES\" \/>\n<meta property=\"og:type\" content=\"article\" \/>\n<meta property=\"og:title\" content=\"Defensor\u00eda delegada de Amazonas inici\u00f3 el Programa Consejo de Defensores Escolares -\" \/>\n<meta property=\"og:description\" content=\"(Amazonas 11-Dic-25) La Defensor\u00eda del Pueblo a trav\u00e9s de su delegada en el estado Amazonas ha puesto en marcha el programa .Consejo de Defensores Escolares, con estudiantes de 4\u00b0, 5\u00b0,&hellip;\" \/>\n<meta property=\"og:url\" content=\"http:\/\/www.defensoria.gob.ve\/?p=16380\" \/>\n<meta property=\"article:published_time\" content=\"2025-12-11T18:46:48+00:00\" \/>\n<meta property=\"article:modified_time\" content=\"2025-12-12T16:59:44+00:00\" \/>\n<meta property=\"og:image\" content=\"http:\/\/www.defensoria.gob.ve\/wp-content\/uploads\/2025\/12\/943c59e5-11af-4478-bd31-13fa03a4fd81.jpg\" \/>\n\t<meta property=\"og:image:width\" content=\"800\" \/>\n\t<meta property=\"og:image:height\" content=\"600\" \/>\n\t<meta property=\"og:image:type\" content=\"image\/jpeg\" \/>\n<meta name=\"author\" content=\"JC.\" \/>\n<meta name=\"twitter:card\" content=\"summary_large_image\" \/>\n<meta name=\"twitter:label1\" content=\"Escrito por\" \/>\n\t<meta name=\"twitter:data1\" content=\"JC.\" \/>\n\t<meta name=\"twitter:label2\" content=\"Tiempo estimado de lectura\" \/>\n\t<meta name=\"twitter:data2\" content=\"2 minutos\" \/>\n<script type=\"application\/ld+json\" class=\"yoast-schema-graph\">{\"@context\":\"https:\\\/\\\/schema.org\",\"@graph\":[{\"@type\":\"Article\",\"@id\":\"http:\\\/\\\/www.defensoria.gob.ve\\\/?p=16380#article\",\"isPartOf\":{\"@id\":\"http:\\\/\\\/www.defensoria.gob.ve\\\/?p=16380\"},\"author\":{\"name\":\"JC.\",\"@id\":\"http:\\\/\\\/www.defensoria.gob.ve\\\/#\\\/schema\\\/person\\\/fba14293189d7b1933ac7fba9d89e24a\"},\"headline\":\"Defensor\u00eda delegada de Amazonas inici\u00f3 el Programa Consejo de Defensores Escolares\",\"datePublished\":\"2025-12-11T18:46:48+00:00\",\"dateModified\":\"2025-12-12T16:59:44+00:00\",\"mainEntityOfPage\":{\"@id\":\"http:\\\/\\\/www.defensoria.gob.ve\\\/?p=16380\"},\"wordCount\":346,\"image\":{\"@id\":\"http:\\\/\\\/www.defensoria.gob.ve\\\/?p=16380#primaryimage\"},\"thumbnailUrl\":\"http:\\\/\\\/www.defensoria.gob.ve\\\/wp-content\\\/uploads\\\/2025\\\/12\\\/943c59e5-11af-4478-bd31-13fa03a4fd81.jpg\",\"articleSection\":[\"REGIONALES\"],\"inLanguage\":\"es\"},{\"@type\":\"WebPage\",\"@id\":\"http:\\\/\\\/www.defensoria.gob.ve\\\/?p=16380\",\"url\":\"http:\\\/\\\/www.defensoria.gob.ve\\\/?p=16380\",\"name\":\"Defensor\u00eda delegada de Amazonas inici\u00f3 el Programa Consejo de Defensores Escolares -\",\"isPartOf\":{\"@id\":\"http:\\\/\\\/www.defensoria.gob.ve\\\/#website\"},\"primaryImageOfPage\":{\"@id\":\"http:\\\/\\\/www.defensoria.gob.ve\\\/?p=16380#primaryimage\"},\"image\":{\"@id\":\"http:\\\/\\\/www.defensoria.gob.ve\\\/?p=16380#primaryimage\"},\"thumbnailUrl\":\"http:\\\/\\\/www.defensoria.gob.ve\\\/wp-content\\\/uploads\\\/2025\\\/12\\\/943c59e5-11af-4478-bd31-13fa03a4fd81.jpg\",\"datePublished\":\"2025-12-11T18:46:48+00:00\",\"dateModified\":\"2025-12-12T16:59:44+00:00\",\"author\":{\"@id\":\"http:\\\/\\\/www.defensoria.gob.ve\\\/#\\\/schema\\\/person\\\/fba14293189d7b1933ac7fba9d89e24a\"},\"breadcrumb\":{\"@id\":\"http:\\\/\\\/www.defensoria.gob.ve\\\/?p=16380#breadcrumb\"},\"inLanguage\":\"es\",\"potentialAction\":[{\"@type\":\"ReadAction\",\"target\":[\"http:\\\/\\\/www.defensoria.gob.ve\\\/?p=16380\"]}]},{\"@type\":\"ImageObject\",\"inLanguage\":\"es\",\"@id\":\"http:\\\/\\\/www.defensoria.gob.ve\\\/?p=16380#primaryimage\",\"url\":\"http:\\\/\\\/www.defensoria.gob.ve\\\/wp-content\\\/uploads\\\/2025\\\/12\\\/943c59e5-11af-4478-bd31-13fa03a4fd81.jpg\",\"contentUrl\":\"http:\\\/\\\/www.defensoria.gob.ve\\\/wp-content\\\/uploads\\\/2025\\\/12\\\/943c59e5-11af-4478-bd31-13fa03a4fd81.jpg\",\"width\":800,\"height\":600},{\"@type\":\"BreadcrumbList\",\"@id\":\"http:\\\/\\\/www.defensoria.gob.ve\\\/?p=16380#breadcrumb\",\"itemListElement\":[{\"@type\":\"ListItem\",\"position\":1,\"name\":\"Portada\",\"item\":\"http:\\\/\\\/www.defensoria.gob.ve\\\/\"},{\"@type\":\"ListItem\",\"position\":2,\"name\":\"Defensor\u00eda delegada de Amazonas inici\u00f3 el Programa Consejo de Defensores Escolares\"}]},{\"@type\":\"WebSite\",\"@id\":\"http:\\\/\\\/www.defensoria.gob.ve\\\/#website\",\"url\":\"http:\\\/\\\/www.defensoria.gob.ve\\\/\",\"name\":\"\",\"description\":\"Instituci\u00f3n del Poder Ciudadano para la Promoci\u00f3n, Defensa y Vigilancia de los Derechos Humanos. \",\"potentialAction\":[{\"@type\":\"SearchAction\",\"target\":{\"@type\":\"EntryPoint\",\"urlTemplate\":\"http:\\\/\\\/www.defensoria.gob.ve\\\/?s={search_term_string}\"},\"query-input\":{\"@type\":\"PropertyValueSpecification\",\"valueRequired\":true,\"valueName\":\"search_term_string\"}}],\"inLanguage\":\"es\"},{\"@type\":\"Person\",\"@id\":\"http:\\\/\\\/www.defensoria.gob.ve\\\/#\\\/schema\\\/person\\\/fba14293189d7b1933ac7fba9d89e24a\",\"name\":\"JC.\",\"image\":{\"@type\":\"ImageObject\",\"inLanguage\":\"es\",\"@id\":\"https:\\\/\\\/secure.gravatar.com\\\/avatar\\\/f398a4de948606b38f0299d90ca738c674b648694bc725ed46503c240269dbf8?s=96&d=mm&r=g\",\"url\":\"https:\\\/\\\/secure.gravatar.com\\\/avatar\\\/f398a4de948606b38f0299d90ca738c674b648694bc725ed46503c240269dbf8?s=96&d=mm&r=g\",\"contentUrl\":\"https:\\\/\\\/secure.gravatar.com\\\/avatar\\\/f398a4de948606b38f0299d90ca738c674b648694bc725ed46503c240269dbf8?s=96&d=mm&r=g\",\"caption\":\"JC.\"},\"url\":\"http:\\\/\\\/www.defensoria.gob.ve\\\/?author=5\"}]}<\/script>\n<!-- \/ Yoast SEO plugin. -->","yoast_head_json":{"title":"Defensor\u00eda delegada de Amazonas inici\u00f3 el Programa Consejo de Defensores Escolares -","robots":{"index":"index","follow":"follow","max-snippet":"max-snippet:-1","max-image-preview":"max-image-preview:large","max-video-preview":"max-video-preview:-1"},"canonical":"http:\/\/www.defensoria.gob.ve\/?p=16380","og_locale":"es_ES","og_type":"article","og_title":"Defensor\u00eda delegada de Amazonas inici\u00f3 el Programa Consejo de Defensores Escolares -","og_description":"(Amazonas 11-Dic-25) La Defensor\u00eda del Pueblo a trav\u00e9s de su delegada en el estado Amazonas ha puesto en marcha el programa .Consejo de Defensores Escolares, con estudiantes de 4\u00b0, 5\u00b0,&hellip;","og_url":"http:\/\/www.defensoria.gob.ve\/?p=16380","article_published_time":"2025-12-11T18:46:48+00:00","article_modified_time":"2025-12-12T16:59:44+00:00","og_image":[{"width":800,"height":600,"url":"http:\/\/www.defensoria.gob.ve\/wp-content\/uploads\/2025\/12\/943c59e5-11af-4478-bd31-13fa03a4fd81.jpg","type":"image\/jpeg"}],"author":"JC.","twitter_card":"summary_large_image","twitter_misc":{"Escrito por":"JC.","Tiempo estimado de lectura":"2 minutos"},"schema":{"@context":"https:\/\/schema.org","@graph":[{"@type":"Article","@id":"http:\/\/www.defensoria.gob.ve\/?p=16380#article","isPartOf":{"@id":"http:\/\/www.defensoria.gob.ve\/?p=16380"},"author":{"name":"JC.","@id":"http:\/\/www.defensoria.gob.ve\/#\/schema\/person\/fba14293189d7b1933ac7fba9d89e24a"},"headline":"Defensor\u00eda delegada de Amazonas inici\u00f3 el Programa Consejo de Defensores Escolares","datePublished":"2025-12-11T18:46:48+00:00","dateModified":"2025-12-12T16:59:44+00:00","mainEntityOfPage":{"@id":"http:\/\/www.defensoria.gob.ve\/?p=16380"},"wordCount":346,"image":{"@id":"http:\/\/www.defensoria.gob.ve\/?p=16380#primaryimage"},"thumbnailUrl":"http:\/\/www.defensoria.gob.ve\/wp-content\/uploads\/2025\/12\/943c59e5-11af-4478-bd31-13fa03a4fd81.jpg","articleSection":["REGIONALES"],"inLanguage":"es"},{"@type":"WebPage","@id":"http:\/\/www.defensoria.gob.ve\/?p=16380","url":"http:\/\/www.defensoria.gob.ve\/?p=16380","name":"Defensor\u00eda delegada de Amazonas inici\u00f3 el Programa Consejo de Defensores Escolares -","isPartOf":{"@id":"http:\/\/www.defensoria.gob.ve\/#website"},"primaryImageOfPage":{"@id":"http:\/\/www.defensoria.gob.ve\/?p=16380#primaryimage"},"image":{"@id":"http:\/\/www.defensoria.gob.ve\/?p=16380#primaryimage"},"thumbnailUrl":"http:\/\/www.defensoria.gob.ve\/wp-content\/uploads\/2025\/12\/943c59e5-11af-4478-bd31-13fa03a4fd81.jpg","datePublished":"2025-12-11T18:46:48+00:00","dateModified":"2025-12-12T16:59:44+00:00","author":{"@id":"http:\/\/www.defensoria.gob.ve\/#\/schema\/person\/fba14293189d7b1933ac7fba9d89e24a"},"breadcrumb":{"@id":"http:\/\/www.defensoria.gob.ve\/?p=16380#breadcrumb"},"inLanguage":"es","potentialAction":[{"@type":"ReadAction","target":["http:\/\/www.defensoria.gob.ve\/?p=16380"]}]},{"@type":"ImageObject","inLanguage":"es","@id":"http:\/\/www.defensoria.gob.ve\/?p=16380#primaryimage","url":"http:\/\/www.defensoria.gob.ve\/wp-content\/uploads\/2025\/12\/943c59e5-11af-4478-bd31-13fa03a4fd81.jpg","contentUrl":"http:\/\/www.defensoria.gob.ve\/wp-content\/uploads\/2025\/12\/943c59e5-11af-4478-bd31-13fa03a4fd81.jpg","width":800,"height":600},{"@type":"BreadcrumbList","@id":"http:\/\/www.defensoria.gob.ve\/?p=16380#breadcrumb","itemListElement":[{"@type":"ListItem","position":1,"name":"Portada","item":"http:\/\/www.defensoria.gob.ve\/"},{"@type":"ListItem","position":2,"name":"Defensor\u00eda delegada de Amazonas inici\u00f3 el Programa Consejo de Defensores Escolares"}]},{"@type":"WebSite","@id":"http:\/\/www.defensoria.gob.ve\/#website","url":"http:\/\/www.defensoria.gob.ve\/","name":"","description":"Instituci\u00f3n del Poder Ciudadano para la Promoci\u00f3n, Defensa y Vigilancia de los Derechos Humanos. ","potentialAction":[{"@type":"SearchAction","target":{"@type":"EntryPoint","urlTemplate":"http:\/\/www.defensoria.gob.ve\/?s={search_term_string}"},"query-input":{"@type":"PropertyValueSpecification","valueRequired":true,"valueName":"search_term_string"}}],"inLanguage":"es"},{"@type":"Person","@id":"http:\/\/www.defensoria.gob.ve\/#\/schema\/person\/fba14293189d7b1933ac7fba9d89e24a","name":"JC.","image":{"@type":"ImageObject","inLanguage":"es","@id":"https:\/\/secure.gravatar.com\/avatar\/f398a4de948606b38f0299d90ca738c674b648694bc725ed46503c240269dbf8?s=96&d=mm&r=g","url":"https:\/\/secure.gravatar.com\/avatar\/f398a4de948606b38f0299d90ca738c674b648694bc725ed46503c240269dbf8?s=96&d=mm&r=g","contentUrl":"https:\/\/secure.gravatar.com\/avatar\/f398a4de948606b38f0299d90ca738c674b648694bc725ed46503c240269dbf8?s=96&d=mm&r=g","caption":"JC."},"url":"http:\/\/www.defensoria.gob.ve\/?author=5"}]}},"_links":{"self":[{"href":"http:\/\/www.defensoria.gob.ve\/index.php?rest_route=\/wp\/v2\/posts\/16380","targetHints":{"allow":["GET"]}}],"collection":[{"href":"http:\/\/www.defensoria.gob.ve\/index.php?rest_route=\/wp\/v2\/posts"}],"about":[{"href":"http:\/\/www.defensoria.gob.ve\/index.php?rest_route=\/wp\/v2\/types\/post"}],"author":[{"embeddable":true,"href":"http:\/\/www.defensoria.gob.ve\/index.php?rest_route=\/wp\/v2\/users\/5"}],"replies":[{"embeddable":true,"href":"http:\/\/www.defensoria.gob.ve\/index.php?rest_route=%2Fwp%2Fv2%2Fcomments&post=16380"}],"version-history":[{"count":12,"href":"http:\/\/www.defensoria.gob.ve\/index.php?rest_route=\/wp\/v2\/posts\/16380\/revisions"}],"predecessor-version":[{"id":16449,"href":"http:\/\/www.defensoria.gob.ve\/index.php?rest_route=\/wp\/v2\/posts\/16380\/revisions\/16449"}],"wp:featuredmedia":[{"embeddable":true,"href":"http:\/\/www.defensoria.gob.ve\/index.php?rest_route=\/wp\/v2\/media\/16383"}],"wp:attachment":[{"href":"http:\/\/www.defensoria.gob.ve\/index.php?rest_route=%2Fwp%2Fv2%2Fmedia&parent=16380"}],"wp:term":[{"taxonomy":"category","embeddable":true,"href":"http:\/\/www.defensoria.gob.ve\/index.php?rest_route=%2Fwp%2Fv2%2Fcategories&post=16380"},{"taxonomy":"post_tag","embeddable":true,"href":"http:\/\/www.defensoria.gob.ve\/index.php?rest_route=%2Fwp%2Fv2%2Ftags&post=16380"}],"curies":[{"name":"wp","href":"https:\/\/api.w.org\/{rel}","templated":true}]}}