 
{"id":16395,"date":"2025-12-11T16:29:33","date_gmt":"2025-12-11T20:29:33","guid":{"rendered":"http:\/\/www.defensoria.gob.ve\/?p=16395"},"modified":"2025-12-11T16:29:59","modified_gmt":"2025-12-11T20:29:59","slug":"delegada-de-barinas-impartio-taller-sobre-la-violencia-contra-las-mujeres-con-discapacidad-a-futuros-asesores-y-asesoras-de-ddhh","status":"publish","type":"post","link":"http:\/\/www.defensoria.gob.ve\/?p=16395","title":{"rendered":"Delegada de Barinas imparti\u00f3 Taller sobre la violencia contra las mujeres con discapacidad a futuros asesores y asesoras de DDHH"},"content":{"rendered":"\t\t<div data-elementor-type=\"wp-post\" data-elementor-id=\"16395\" class=\"elementor elementor-16395\">\n\t\t\t\t\t\t<section class=\"elementor-section elementor-top-section elementor-element elementor-element-72225493 elementor-section-boxed elementor-section-height-default elementor-section-height-default\" data-id=\"72225493\" data-element_type=\"section\" data-e-type=\"section\">\n\t\t\t\t\t\t<div class=\"elementor-container elementor-column-gap-default\">\n\t\t\t\t\t<div class=\"elementor-column elementor-col-100 elementor-top-column elementor-element elementor-element-b80d3b0\" data-id=\"b80d3b0\" data-element_type=\"column\" data-e-type=\"column\">\n\t\t\t<div class=\"elementor-widget-wrap elementor-element-populated\">\n\t\t\t\t\t\t<div class=\"elementor-element elementor-element-37a197e8 elementor-widget elementor-widget-text-editor\" data-id=\"37a197e8\" data-element_type=\"widget\" data-e-type=\"widget\" data-widget_type=\"text-editor.default\">\n\t\t\t\t<div class=\"elementor-widget-container\">\n\t\t\t\t\t\t\t\t\t\n<p><strong>(Barinas\/ 11-Dic-25) <\/strong>En un significativo esfuerzo por fortalecer la protecci\u00f3n de los derechos humanos en la regi\u00f3n, la Defensor\u00eda del Pueblo delegada del estado Barinas llev\u00f3 a cabo un taller de formaci\u00f3n especializado sobre la violencia contra las mujeres con discapacidad. <\/p>\n\n\n\n<figure class=\"wp-block-image size-full\"><img fetchpriority=\"high\" decoding=\"async\" width=\"1280\" height=\"720\" src=\"http:\/\/www.defensoria.gob.ve\/wp-content\/uploads\/2025\/12\/12e228ce-1274-4a42-9594-cbde314b6a21.jpg\" alt=\"\" class=\"wp-image-16396\" srcset=\"http:\/\/www.defensoria.gob.ve\/wp-content\/uploads\/2025\/12\/12e228ce-1274-4a42-9594-cbde314b6a21.jpg 1280w, http:\/\/www.defensoria.gob.ve\/wp-content\/uploads\/2025\/12\/12e228ce-1274-4a42-9594-cbde314b6a21-768x432.jpg 768w\" sizes=\"(max-width: 1280px) 100vw, 1280px\" \/><\/figure>\n\n\n\n<p>La actividad se desarroll\u00f3 en la sede defensorial llanera y estuvo dirigida a los participantes y aspirantes que integrar\u00e1n el Consejo de Asesores y Asesoras de Derechos Humanos de Ni\u00f1os, Ni\u00f1as y Adolescentes (NNA) del estado Barinas. <\/p>\n\n\n\n<p>Esta sesi\u00f3n formativa, enmarcada en las pol\u00edticas de sensibilizaci\u00f3n y derechos humanos de la instituci\u00f3n, tuvo como objetivo primordial, dotar a los futuros asesores y asesoras de DDHH de las herramientas y conocimientos necesarios y capacitarlos para identificar, prevenir y atender casos de violencia que afectan a esta poblaci\u00f3n doblemente vulnerable: mujeres con discapacidad. <\/p>\n\n\n\n<figure class=\"wp-block-image size-full\"><img decoding=\"async\" width=\"1280\" height=\"562\" src=\"http:\/\/www.defensoria.gob.ve\/wp-content\/uploads\/2025\/12\/b5cc7cbd-9e2a-43be-a216-4ee82830c4e7.jpg\" alt=\"\" class=\"wp-image-16397\" srcset=\"http:\/\/www.defensoria.gob.ve\/wp-content\/uploads\/2025\/12\/b5cc7cbd-9e2a-43be-a216-4ee82830c4e7.jpg 1280w, http:\/\/www.defensoria.gob.ve\/wp-content\/uploads\/2025\/12\/b5cc7cbd-9e2a-43be-a216-4ee82830c4e7-768x337.jpg 768w\" sizes=\"(max-width: 1280px) 100vw, 1280px\" \/><\/figure>\n\n\n\n<p>Con esta jornada, la Defensor\u00eda de Barinas reafirma su compromiso con la formaci\u00f3n integral de los futuros promotores de derechos, asegurando que el Consejo de Asesores de NNA est\u00e9 preparado para abordar las complejidades de la violencia de g\u00e9nero y la protecci\u00f3n de los derechos de las personas con discapacidad. <strong>FIN\/ PRENSA Defensor\u00eda<\/strong><\/p>\n\t\t\t\t\t\t\t\t<\/div>\n\t\t\t\t<\/div>\n\t\t\t\t\t<\/div>\n\t\t<\/div>\n\t\t\t\t\t<\/div>\n\t\t<\/section>\n\t\t\t\t<\/div>\n\t\t","protected":false},"excerpt":{"rendered":"<p>(Barinas\/ 11-Dic-25) En un significativo esfuerzo por fortalecer la protecci\u00f3n de los derechos humanos en la regi\u00f3n, la Defensor\u00eda del Pueblo delegada del estado Barinas llev\u00f3 a cabo un taller&hellip; <\/p>\n","protected":false},"author":5,"featured_media":16398,"comment_status":"closed","ping_status":"open","sticky":false,"template":"","format":"standard","meta":{"footnotes":""},"categories":[5],"tags":[],"class_list":["post-16395","post","type-post","status-publish","format-standard","has-post-thumbnail","hentry","category-regionales"],"yoast_head":"<!-- This site is optimized with the Yoast SEO plugin v27.4 - https:\/\/yoast.com\/product\/yoast-seo-wordpress\/ -->\n<title>Delegada de Barinas imparti\u00f3 Taller sobre la violencia contra las mujeres con discapacidad a futuros asesores y asesoras de DDHH -<\/title>\n<meta name=\"robots\" content=\"index, follow, max-snippet:-1, max-image-preview:large, max-video-preview:-1\" \/>\n<link rel=\"canonical\" href=\"http:\/\/www.defensoria.gob.ve\/?p=16395\" \/>\n<meta property=\"og:locale\" content=\"es_ES\" \/>\n<meta property=\"og:type\" content=\"article\" \/>\n<meta property=\"og:title\" content=\"Delegada de Barinas imparti\u00f3 Taller sobre la violencia contra las mujeres con discapacidad a futuros asesores y asesoras de DDHH -\" \/>\n<meta property=\"og:description\" content=\"(Barinas\/ 11-Dic-25) En un significativo esfuerzo por fortalecer la protecci\u00f3n de los derechos humanos en la regi\u00f3n, la Defensor\u00eda del Pueblo delegada del estado Barinas llev\u00f3 a cabo un taller&hellip;\" \/>\n<meta property=\"og:url\" content=\"http:\/\/www.defensoria.gob.ve\/?p=16395\" \/>\n<meta property=\"article:published_time\" content=\"2025-12-11T20:29:33+00:00\" \/>\n<meta property=\"article:modified_time\" content=\"2025-12-11T20:29:59+00:00\" \/>\n<meta property=\"og:image\" content=\"http:\/\/www.defensoria.gob.ve\/wp-content\/uploads\/2025\/12\/ed9626c0-d9ed-4687-8238-2c38c0a43e33.jpg\" \/>\n\t<meta property=\"og:image:width\" content=\"1280\" \/>\n\t<meta property=\"og:image:height\" content=\"720\" \/>\n\t<meta property=\"og:image:type\" content=\"image\/jpeg\" \/>\n<meta name=\"author\" content=\"JC.\" \/>\n<meta name=\"twitter:card\" content=\"summary_large_image\" \/>\n<meta name=\"twitter:label1\" content=\"Escrito por\" \/>\n\t<meta name=\"twitter:data1\" content=\"JC.\" \/>\n\t<meta name=\"twitter:label2\" content=\"Tiempo estimado de lectura\" \/>\n\t<meta name=\"twitter:data2\" content=\"2 minutos\" \/>\n<script type=\"application\/ld+json\" class=\"yoast-schema-graph\">{\"@context\":\"https:\\\/\\\/schema.org\",\"@graph\":[{\"@type\":\"Article\",\"@id\":\"http:\\\/\\\/www.defensoria.gob.ve\\\/?p=16395#article\",\"isPartOf\":{\"@id\":\"http:\\\/\\\/www.defensoria.gob.ve\\\/?p=16395\"},\"author\":{\"name\":\"JC.\",\"@id\":\"http:\\\/\\\/www.defensoria.gob.ve\\\/#\\\/schema\\\/person\\\/fba14293189d7b1933ac7fba9d89e24a\"},\"headline\":\"Delegada de Barinas imparti\u00f3 Taller sobre la violencia contra las mujeres con discapacidad a futuros asesores y asesoras de DDHH\",\"datePublished\":\"2025-12-11T20:29:33+00:00\",\"dateModified\":\"2025-12-11T20:29:59+00:00\",\"mainEntityOfPage\":{\"@id\":\"http:\\\/\\\/www.defensoria.gob.ve\\\/?p=16395\"},\"wordCount\":222,\"image\":{\"@id\":\"http:\\\/\\\/www.defensoria.gob.ve\\\/?p=16395#primaryimage\"},\"thumbnailUrl\":\"http:\\\/\\\/www.defensoria.gob.ve\\\/wp-content\\\/uploads\\\/2025\\\/12\\\/ed9626c0-d9ed-4687-8238-2c38c0a43e33.jpg\",\"articleSection\":[\"REGIONALES\"],\"inLanguage\":\"es\"},{\"@type\":\"WebPage\",\"@id\":\"http:\\\/\\\/www.defensoria.gob.ve\\\/?p=16395\",\"url\":\"http:\\\/\\\/www.defensoria.gob.ve\\\/?p=16395\",\"name\":\"Delegada de Barinas imparti\u00f3 Taller sobre la violencia contra las mujeres con discapacidad a futuros asesores y asesoras de DDHH -\",\"isPartOf\":{\"@id\":\"http:\\\/\\\/www.defensoria.gob.ve\\\/#website\"},\"primaryImageOfPage\":{\"@id\":\"http:\\\/\\\/www.defensoria.gob.ve\\\/?p=16395#primaryimage\"},\"image\":{\"@id\":\"http:\\\/\\\/www.defensoria.gob.ve\\\/?p=16395#primaryimage\"},\"thumbnailUrl\":\"http:\\\/\\\/www.defensoria.gob.ve\\\/wp-content\\\/uploads\\\/2025\\\/12\\\/ed9626c0-d9ed-4687-8238-2c38c0a43e33.jpg\",\"datePublished\":\"2025-12-11T20:29:33+00:00\",\"dateModified\":\"2025-12-11T20:29:59+00:00\",\"author\":{\"@id\":\"http:\\\/\\\/www.defensoria.gob.ve\\\/#\\\/schema\\\/person\\\/fba14293189d7b1933ac7fba9d89e24a\"},\"breadcrumb\":{\"@id\":\"http:\\\/\\\/www.defensoria.gob.ve\\\/?p=16395#breadcrumb\"},\"inLanguage\":\"es\",\"potentialAction\":[{\"@type\":\"ReadAction\",\"target\":[\"http:\\\/\\\/www.defensoria.gob.ve\\\/?p=16395\"]}]},{\"@type\":\"ImageObject\",\"inLanguage\":\"es\",\"@id\":\"http:\\\/\\\/www.defensoria.gob.ve\\\/?p=16395#primaryimage\",\"url\":\"http:\\\/\\\/www.defensoria.gob.ve\\\/wp-content\\\/uploads\\\/2025\\\/12\\\/ed9626c0-d9ed-4687-8238-2c38c0a43e33.jpg\",\"contentUrl\":\"http:\\\/\\\/www.defensoria.gob.ve\\\/wp-content\\\/uploads\\\/2025\\\/12\\\/ed9626c0-d9ed-4687-8238-2c38c0a43e33.jpg\",\"width\":1280,\"height\":720},{\"@type\":\"BreadcrumbList\",\"@id\":\"http:\\\/\\\/www.defensoria.gob.ve\\\/?p=16395#breadcrumb\",\"itemListElement\":[{\"@type\":\"ListItem\",\"position\":1,\"name\":\"Portada\",\"item\":\"http:\\\/\\\/www.defensoria.gob.ve\\\/\"},{\"@type\":\"ListItem\",\"position\":2,\"name\":\"Delegada de Barinas imparti\u00f3 Taller sobre la violencia contra las mujeres con discapacidad a futuros asesores y asesoras de DDHH\"}]},{\"@type\":\"WebSite\",\"@id\":\"http:\\\/\\\/www.defensoria.gob.ve\\\/#website\",\"url\":\"http:\\\/\\\/www.defensoria.gob.ve\\\/\",\"name\":\"\",\"description\":\"Instituci\u00f3n del Poder Ciudadano para la Promoci\u00f3n, Defensa y Vigilancia de los Derechos Humanos. \",\"potentialAction\":[{\"@type\":\"SearchAction\",\"target\":{\"@type\":\"EntryPoint\",\"urlTemplate\":\"http:\\\/\\\/www.defensoria.gob.ve\\\/?s={search_term_string}\"},\"query-input\":{\"@type\":\"PropertyValueSpecification\",\"valueRequired\":true,\"valueName\":\"search_term_string\"}}],\"inLanguage\":\"es\"},{\"@type\":\"Person\",\"@id\":\"http:\\\/\\\/www.defensoria.gob.ve\\\/#\\\/schema\\\/person\\\/fba14293189d7b1933ac7fba9d89e24a\",\"name\":\"JC.\",\"image\":{\"@type\":\"ImageObject\",\"inLanguage\":\"es\",\"@id\":\"https:\\\/\\\/secure.gravatar.com\\\/avatar\\\/f398a4de948606b38f0299d90ca738c674b648694bc725ed46503c240269dbf8?s=96&d=mm&r=g\",\"url\":\"https:\\\/\\\/secure.gravatar.com\\\/avatar\\\/f398a4de948606b38f0299d90ca738c674b648694bc725ed46503c240269dbf8?s=96&d=mm&r=g\",\"contentUrl\":\"https:\\\/\\\/secure.gravatar.com\\\/avatar\\\/f398a4de948606b38f0299d90ca738c674b648694bc725ed46503c240269dbf8?s=96&d=mm&r=g\",\"caption\":\"JC.\"},\"url\":\"http:\\\/\\\/www.defensoria.gob.ve\\\/?author=5\"}]}<\/script>\n<!-- \/ Yoast SEO plugin. -->","yoast_head_json":{"title":"Delegada de Barinas imparti\u00f3 Taller sobre la violencia contra las mujeres con discapacidad a futuros asesores y asesoras de DDHH -","robots":{"index":"index","follow":"follow","max-snippet":"max-snippet:-1","max-image-preview":"max-image-preview:large","max-video-preview":"max-video-preview:-1"},"canonical":"http:\/\/www.defensoria.gob.ve\/?p=16395","og_locale":"es_ES","og_type":"article","og_title":"Delegada de Barinas imparti\u00f3 Taller sobre la violencia contra las mujeres con discapacidad a futuros asesores y asesoras de DDHH -","og_description":"(Barinas\/ 11-Dic-25) En un significativo esfuerzo por fortalecer la protecci\u00f3n de los derechos humanos en la regi\u00f3n, la Defensor\u00eda del Pueblo delegada del estado Barinas llev\u00f3 a cabo un taller&hellip;","og_url":"http:\/\/www.defensoria.gob.ve\/?p=16395","article_published_time":"2025-12-11T20:29:33+00:00","article_modified_time":"2025-12-11T20:29:59+00:00","og_image":[{"width":1280,"height":720,"url":"http:\/\/www.defensoria.gob.ve\/wp-content\/uploads\/2025\/12\/ed9626c0-d9ed-4687-8238-2c38c0a43e33.jpg","type":"image\/jpeg"}],"author":"JC.","twitter_card":"summary_large_image","twitter_misc":{"Escrito por":"JC.","Tiempo estimado de lectura":"2 minutos"},"schema":{"@context":"https:\/\/schema.org","@graph":[{"@type":"Article","@id":"http:\/\/www.defensoria.gob.ve\/?p=16395#article","isPartOf":{"@id":"http:\/\/www.defensoria.gob.ve\/?p=16395"},"author":{"name":"JC.","@id":"http:\/\/www.defensoria.gob.ve\/#\/schema\/person\/fba14293189d7b1933ac7fba9d89e24a"},"headline":"Delegada de Barinas imparti\u00f3 Taller sobre la violencia contra las mujeres con discapacidad a futuros asesores y asesoras de DDHH","datePublished":"2025-12-11T20:29:33+00:00","dateModified":"2025-12-11T20:29:59+00:00","mainEntityOfPage":{"@id":"http:\/\/www.defensoria.gob.ve\/?p=16395"},"wordCount":222,"image":{"@id":"http:\/\/www.defensoria.gob.ve\/?p=16395#primaryimage"},"thumbnailUrl":"http:\/\/www.defensoria.gob.ve\/wp-content\/uploads\/2025\/12\/ed9626c0-d9ed-4687-8238-2c38c0a43e33.jpg","articleSection":["REGIONALES"],"inLanguage":"es"},{"@type":"WebPage","@id":"http:\/\/www.defensoria.gob.ve\/?p=16395","url":"http:\/\/www.defensoria.gob.ve\/?p=16395","name":"Delegada de Barinas imparti\u00f3 Taller sobre la violencia contra las mujeres con discapacidad a futuros asesores y asesoras de DDHH -","isPartOf":{"@id":"http:\/\/www.defensoria.gob.ve\/#website"},"primaryImageOfPage":{"@id":"http:\/\/www.defensoria.gob.ve\/?p=16395#primaryimage"},"image":{"@id":"http:\/\/www.defensoria.gob.ve\/?p=16395#primaryimage"},"thumbnailUrl":"http:\/\/www.defensoria.gob.ve\/wp-content\/uploads\/2025\/12\/ed9626c0-d9ed-4687-8238-2c38c0a43e33.jpg","datePublished":"2025-12-11T20:29:33+00:00","dateModified":"2025-12-11T20:29:59+00:00","author":{"@id":"http:\/\/www.defensoria.gob.ve\/#\/schema\/person\/fba14293189d7b1933ac7fba9d89e24a"},"breadcrumb":{"@id":"http:\/\/www.defensoria.gob.ve\/?p=16395#breadcrumb"},"inLanguage":"es","potentialAction":[{"@type":"ReadAction","target":["http:\/\/www.defensoria.gob.ve\/?p=16395"]}]},{"@type":"ImageObject","inLanguage":"es","@id":"http:\/\/www.defensoria.gob.ve\/?p=16395#primaryimage","url":"http:\/\/www.defensoria.gob.ve\/wp-content\/uploads\/2025\/12\/ed9626c0-d9ed-4687-8238-2c38c0a43e33.jpg","contentUrl":"http:\/\/www.defensoria.gob.ve\/wp-content\/uploads\/2025\/12\/ed9626c0-d9ed-4687-8238-2c38c0a43e33.jpg","width":1280,"height":720},{"@type":"BreadcrumbList","@id":"http:\/\/www.defensoria.gob.ve\/?p=16395#breadcrumb","itemListElement":[{"@type":"ListItem","position":1,"name":"Portada","item":"http:\/\/www.defensoria.gob.ve\/"},{"@type":"ListItem","position":2,"name":"Delegada de Barinas imparti\u00f3 Taller sobre la violencia contra las mujeres con discapacidad a futuros asesores y asesoras de DDHH"}]},{"@type":"WebSite","@id":"http:\/\/www.defensoria.gob.ve\/#website","url":"http:\/\/www.defensoria.gob.ve\/","name":"","description":"Instituci\u00f3n del Poder Ciudadano para la Promoci\u00f3n, Defensa y Vigilancia de los Derechos Humanos. ","potentialAction":[{"@type":"SearchAction","target":{"@type":"EntryPoint","urlTemplate":"http:\/\/www.defensoria.gob.ve\/?s={search_term_string}"},"query-input":{"@type":"PropertyValueSpecification","valueRequired":true,"valueName":"search_term_string"}}],"inLanguage":"es"},{"@type":"Person","@id":"http:\/\/www.defensoria.gob.ve\/#\/schema\/person\/fba14293189d7b1933ac7fba9d89e24a","name":"JC.","image":{"@type":"ImageObject","inLanguage":"es","@id":"https:\/\/secure.gravatar.com\/avatar\/f398a4de948606b38f0299d90ca738c674b648694bc725ed46503c240269dbf8?s=96&d=mm&r=g","url":"https:\/\/secure.gravatar.com\/avatar\/f398a4de948606b38f0299d90ca738c674b648694bc725ed46503c240269dbf8?s=96&d=mm&r=g","contentUrl":"https:\/\/secure.gravatar.com\/avatar\/f398a4de948606b38f0299d90ca738c674b648694bc725ed46503c240269dbf8?s=96&d=mm&r=g","caption":"JC."},"url":"http:\/\/www.defensoria.gob.ve\/?author=5"}]}},"_links":{"self":[{"href":"http:\/\/www.defensoria.gob.ve\/index.php?rest_route=\/wp\/v2\/posts\/16395","targetHints":{"allow":["GET"]}}],"collection":[{"href":"http:\/\/www.defensoria.gob.ve\/index.php?rest_route=\/wp\/v2\/posts"}],"about":[{"href":"http:\/\/www.defensoria.gob.ve\/index.php?rest_route=\/wp\/v2\/types\/post"}],"author":[{"embeddable":true,"href":"http:\/\/www.defensoria.gob.ve\/index.php?rest_route=\/wp\/v2\/users\/5"}],"replies":[{"embeddable":true,"href":"http:\/\/www.defensoria.gob.ve\/index.php?rest_route=%2Fwp%2Fv2%2Fcomments&post=16395"}],"version-history":[{"count":4,"href":"http:\/\/www.defensoria.gob.ve\/index.php?rest_route=\/wp\/v2\/posts\/16395\/revisions"}],"predecessor-version":[{"id":16402,"href":"http:\/\/www.defensoria.gob.ve\/index.php?rest_route=\/wp\/v2\/posts\/16395\/revisions\/16402"}],"wp:featuredmedia":[{"embeddable":true,"href":"http:\/\/www.defensoria.gob.ve\/index.php?rest_route=\/wp\/v2\/media\/16398"}],"wp:attachment":[{"href":"http:\/\/www.defensoria.gob.ve\/index.php?rest_route=%2Fwp%2Fv2%2Fmedia&parent=16395"}],"wp:term":[{"taxonomy":"category","embeddable":true,"href":"http:\/\/www.defensoria.gob.ve\/index.php?rest_route=%2Fwp%2Fv2%2Fcategories&post=16395"},{"taxonomy":"post_tag","embeddable":true,"href":"http:\/\/www.defensoria.gob.ve\/index.php?rest_route=%2Fwp%2Fv2%2Ftags&post=16395"}],"curies":[{"name":"wp","href":"https:\/\/api.w.org\/{rel}","templated":true}]}}