 
{"id":17128,"date":"2026-01-26T12:18:22","date_gmt":"2026-01-26T16:18:22","guid":{"rendered":"http:\/\/www.defensoria.gob.ve\/?p=17128"},"modified":"2026-01-26T12:18:58","modified_gmt":"2026-01-26T16:18:58","slug":"delegada-del-edo-sucre-realiza-labor-de-vigilancia-en-el-iapes-para-garantizar-derechos-de-privados-y-privadas-de-libertad","status":"publish","type":"post","link":"http:\/\/www.defensoria.gob.ve\/?p=17128","title":{"rendered":"Delegada del Edo. Sucre realiza labor de vigilancia en el IAPES para garantizar derechos de privados y privadas de libertad"},"content":{"rendered":"\t\t<div data-elementor-type=\"wp-post\" data-elementor-id=\"17128\" class=\"elementor elementor-17128\">\n\t\t\t\t\t\t<section class=\"elementor-section elementor-top-section elementor-element elementor-element-c8119d5 elementor-section-boxed elementor-section-height-default elementor-section-height-default\" data-id=\"c8119d5\" data-element_type=\"section\" data-e-type=\"section\">\n\t\t\t\t\t\t<div class=\"elementor-container elementor-column-gap-default\">\n\t\t\t\t\t<div class=\"elementor-column elementor-col-100 elementor-top-column elementor-element elementor-element-26eb7146\" data-id=\"26eb7146\" data-element_type=\"column\" data-e-type=\"column\">\n\t\t\t<div class=\"elementor-widget-wrap elementor-element-populated\">\n\t\t\t\t\t\t<div class=\"elementor-element elementor-element-436d288c elementor-widget elementor-widget-text-editor\" data-id=\"436d288c\" data-element_type=\"widget\" data-e-type=\"widget\" data-widget_type=\"text-editor.default\">\n\t\t\t\t<div class=\"elementor-widget-container\">\n\t\t\t\t\t\t\t\t\t\n<p><strong>(Sucre\/26-Ene-26)<\/strong> En el marco de sus funciones de inspecci\u00f3n y defensa de los derechos humanos, la Defensor\u00eda Delegada del estado Sucre llev\u00f3 a cabo una jornada de supervisi\u00f3n en la sede del Instituto Aut\u00f3nomo de Polic\u00eda del estado Sucre (IAPES). <\/p>\n\n\n\n<p>La actividad estuvo encabezada por la Defensora Delegada, Milagros Otero, y la funcionaria Darlyanni Rojas, quienes realizaron un despliegue por el IAPES para constatar las condiciones de reclusi\u00f3n y garantizar el respeto a las garant\u00edas constitucionales de la poblaci\u00f3n privada de libertad. <\/p>\n\n\n\n<p>Durante la visita, las autoridades defensoriales se trasladaron al Patio N\u00famero 1, donde establecieron un di\u00e1logo directo y personalizado con los privados y las privadas de libertad. Esta labor permiti\u00f3 supervisar el trato y las condiciones de habitabilidad dentro del centro de detenci\u00f3n preventiva. <\/p>\n\n\n\n<figure class=\"wp-block-image size-full\"><img fetchpriority=\"high\" decoding=\"async\" width=\"768\" height=\"556\" src=\"http:\/\/www.defensoria.gob.ve\/wp-content\/uploads\/2026\/01\/reeff.png\" alt=\"\" class=\"wp-image-17129\"\/><\/figure>\n\n\n\n<p>Adem\u00e1s, de escuchar las inquietudes y solicitudes de los internos en el Patio 1 para canalizar sus casos ante los entes competentes. Al mismo tiempo, verificar el cumplimiento de los derechos fundamentales y fortalecer la comunicaci\u00f3n entre los detenidos y la instituci\u00f3n. <\/p>\n\n\n\n<p>Con esta acci\u00f3n realizada la gesti\u00f3n liderada por el ente defensorial ratifica su compromiso con la vigilancia permanente del sistema policial en el estado Sucre, asegurando que la dignidad humana prevalezca en todo momento. <strong>FIN \/ PRENSA Defensor\u00eda<\/strong><\/p>\n\t\t\t\t\t\t\t\t<\/div>\n\t\t\t\t<\/div>\n\t\t\t\t\t<\/div>\n\t\t<\/div>\n\t\t\t\t\t<\/div>\n\t\t<\/section>\n\t\t\t\t<\/div>\n\t\t","protected":false},"excerpt":{"rendered":"<p>(Sucre\/26-Ene-26) En el marco de sus funciones de inspecci\u00f3n y defensa de los derechos humanos, la Defensor\u00eda Delegada del estado Sucre llev\u00f3 a cabo una jornada de supervisi\u00f3n en la&hellip; <\/p>\n","protected":false},"author":5,"featured_media":17130,"comment_status":"closed","ping_status":"open","sticky":false,"template":"","format":"standard","meta":{"footnotes":""},"categories":[5],"tags":[],"class_list":["post-17128","post","type-post","status-publish","format-standard","has-post-thumbnail","hentry","category-regionales"],"yoast_head":"<!-- This site is optimized with the Yoast SEO plugin v27.4 - https:\/\/yoast.com\/product\/yoast-seo-wordpress\/ -->\n<title>Delegada del Edo. Sucre realiza labor de vigilancia en el IAPES para garantizar derechos de privados y privadas de libertad -<\/title>\n<meta name=\"robots\" content=\"index, follow, max-snippet:-1, max-image-preview:large, max-video-preview:-1\" \/>\n<link rel=\"canonical\" href=\"http:\/\/www.defensoria.gob.ve\/?p=17128\" \/>\n<meta property=\"og:locale\" content=\"es_ES\" \/>\n<meta property=\"og:type\" content=\"article\" \/>\n<meta property=\"og:title\" content=\"Delegada del Edo. Sucre realiza labor de vigilancia en el IAPES para garantizar derechos de privados y privadas de libertad -\" \/>\n<meta property=\"og:description\" content=\"(Sucre\/26-Ene-26) En el marco de sus funciones de inspecci\u00f3n y defensa de los derechos humanos, la Defensor\u00eda Delegada del estado Sucre llev\u00f3 a cabo una jornada de supervisi\u00f3n en la&hellip;\" \/>\n<meta property=\"og:url\" content=\"http:\/\/www.defensoria.gob.ve\/?p=17128\" \/>\n<meta property=\"article:published_time\" content=\"2026-01-26T16:18:22+00:00\" \/>\n<meta property=\"article:modified_time\" content=\"2026-01-26T16:18:58+00:00\" \/>\n<meta property=\"og:image\" content=\"http:\/\/www.defensoria.gob.ve\/wp-content\/uploads\/2026\/01\/fffffff11.png\" \/>\n\t<meta property=\"og:image:width\" content=\"803\" \/>\n\t<meta property=\"og:image:height\" content=\"569\" \/>\n\t<meta property=\"og:image:type\" content=\"image\/png\" \/>\n<meta name=\"author\" content=\"JC.\" \/>\n<meta name=\"twitter:card\" content=\"summary_large_image\" \/>\n<meta name=\"twitter:label1\" content=\"Escrito por\" \/>\n\t<meta name=\"twitter:data1\" content=\"JC.\" \/>\n\t<meta name=\"twitter:label2\" content=\"Tiempo estimado de lectura\" \/>\n\t<meta name=\"twitter:data2\" content=\"2 minutos\" \/>\n<script type=\"application\/ld+json\" class=\"yoast-schema-graph\">{\"@context\":\"https:\\\/\\\/schema.org\",\"@graph\":[{\"@type\":\"Article\",\"@id\":\"http:\\\/\\\/www.defensoria.gob.ve\\\/?p=17128#article\",\"isPartOf\":{\"@id\":\"http:\\\/\\\/www.defensoria.gob.ve\\\/?p=17128\"},\"author\":{\"name\":\"JC.\",\"@id\":\"http:\\\/\\\/www.defensoria.gob.ve\\\/#\\\/schema\\\/person\\\/fba14293189d7b1933ac7fba9d89e24a\"},\"headline\":\"Delegada del Edo. Sucre realiza labor de vigilancia en el IAPES para garantizar derechos de privados y privadas de libertad\",\"datePublished\":\"2026-01-26T16:18:22+00:00\",\"dateModified\":\"2026-01-26T16:18:58+00:00\",\"mainEntityOfPage\":{\"@id\":\"http:\\\/\\\/www.defensoria.gob.ve\\\/?p=17128\"},\"wordCount\":241,\"image\":{\"@id\":\"http:\\\/\\\/www.defensoria.gob.ve\\\/?p=17128#primaryimage\"},\"thumbnailUrl\":\"http:\\\/\\\/www.defensoria.gob.ve\\\/wp-content\\\/uploads\\\/2026\\\/01\\\/fffffff11.png\",\"articleSection\":[\"REGIONALES\"],\"inLanguage\":\"es\"},{\"@type\":\"WebPage\",\"@id\":\"http:\\\/\\\/www.defensoria.gob.ve\\\/?p=17128\",\"url\":\"http:\\\/\\\/www.defensoria.gob.ve\\\/?p=17128\",\"name\":\"Delegada del Edo. Sucre realiza labor de vigilancia en el IAPES para garantizar derechos de privados y privadas de libertad -\",\"isPartOf\":{\"@id\":\"http:\\\/\\\/www.defensoria.gob.ve\\\/#website\"},\"primaryImageOfPage\":{\"@id\":\"http:\\\/\\\/www.defensoria.gob.ve\\\/?p=17128#primaryimage\"},\"image\":{\"@id\":\"http:\\\/\\\/www.defensoria.gob.ve\\\/?p=17128#primaryimage\"},\"thumbnailUrl\":\"http:\\\/\\\/www.defensoria.gob.ve\\\/wp-content\\\/uploads\\\/2026\\\/01\\\/fffffff11.png\",\"datePublished\":\"2026-01-26T16:18:22+00:00\",\"dateModified\":\"2026-01-26T16:18:58+00:00\",\"author\":{\"@id\":\"http:\\\/\\\/www.defensoria.gob.ve\\\/#\\\/schema\\\/person\\\/fba14293189d7b1933ac7fba9d89e24a\"},\"breadcrumb\":{\"@id\":\"http:\\\/\\\/www.defensoria.gob.ve\\\/?p=17128#breadcrumb\"},\"inLanguage\":\"es\",\"potentialAction\":[{\"@type\":\"ReadAction\",\"target\":[\"http:\\\/\\\/www.defensoria.gob.ve\\\/?p=17128\"]}]},{\"@type\":\"ImageObject\",\"inLanguage\":\"es\",\"@id\":\"http:\\\/\\\/www.defensoria.gob.ve\\\/?p=17128#primaryimage\",\"url\":\"http:\\\/\\\/www.defensoria.gob.ve\\\/wp-content\\\/uploads\\\/2026\\\/01\\\/fffffff11.png\",\"contentUrl\":\"http:\\\/\\\/www.defensoria.gob.ve\\\/wp-content\\\/uploads\\\/2026\\\/01\\\/fffffff11.png\",\"width\":803,\"height\":569},{\"@type\":\"BreadcrumbList\",\"@id\":\"http:\\\/\\\/www.defensoria.gob.ve\\\/?p=17128#breadcrumb\",\"itemListElement\":[{\"@type\":\"ListItem\",\"position\":1,\"name\":\"Portada\",\"item\":\"http:\\\/\\\/www.defensoria.gob.ve\\\/\"},{\"@type\":\"ListItem\",\"position\":2,\"name\":\"Delegada del Edo. Sucre realiza labor de vigilancia en el IAPES para garantizar derechos de privados y privadas de libertad\"}]},{\"@type\":\"WebSite\",\"@id\":\"http:\\\/\\\/www.defensoria.gob.ve\\\/#website\",\"url\":\"http:\\\/\\\/www.defensoria.gob.ve\\\/\",\"name\":\"\",\"description\":\"Instituci\u00f3n del Poder Ciudadano para la Promoci\u00f3n, Defensa y Vigilancia de los Derechos Humanos. \",\"potentialAction\":[{\"@type\":\"SearchAction\",\"target\":{\"@type\":\"EntryPoint\",\"urlTemplate\":\"http:\\\/\\\/www.defensoria.gob.ve\\\/?s={search_term_string}\"},\"query-input\":{\"@type\":\"PropertyValueSpecification\",\"valueRequired\":true,\"valueName\":\"search_term_string\"}}],\"inLanguage\":\"es\"},{\"@type\":\"Person\",\"@id\":\"http:\\\/\\\/www.defensoria.gob.ve\\\/#\\\/schema\\\/person\\\/fba14293189d7b1933ac7fba9d89e24a\",\"name\":\"JC.\",\"image\":{\"@type\":\"ImageObject\",\"inLanguage\":\"es\",\"@id\":\"https:\\\/\\\/secure.gravatar.com\\\/avatar\\\/f398a4de948606b38f0299d90ca738c674b648694bc725ed46503c240269dbf8?s=96&d=mm&r=g\",\"url\":\"https:\\\/\\\/secure.gravatar.com\\\/avatar\\\/f398a4de948606b38f0299d90ca738c674b648694bc725ed46503c240269dbf8?s=96&d=mm&r=g\",\"contentUrl\":\"https:\\\/\\\/secure.gravatar.com\\\/avatar\\\/f398a4de948606b38f0299d90ca738c674b648694bc725ed46503c240269dbf8?s=96&d=mm&r=g\",\"caption\":\"JC.\"},\"url\":\"http:\\\/\\\/www.defensoria.gob.ve\\\/?author=5\"}]}<\/script>\n<!-- \/ Yoast SEO plugin. -->","yoast_head_json":{"title":"Delegada del Edo. Sucre realiza labor de vigilancia en el IAPES para garantizar derechos de privados y privadas de libertad -","robots":{"index":"index","follow":"follow","max-snippet":"max-snippet:-1","max-image-preview":"max-image-preview:large","max-video-preview":"max-video-preview:-1"},"canonical":"http:\/\/www.defensoria.gob.ve\/?p=17128","og_locale":"es_ES","og_type":"article","og_title":"Delegada del Edo. Sucre realiza labor de vigilancia en el IAPES para garantizar derechos de privados y privadas de libertad -","og_description":"(Sucre\/26-Ene-26) En el marco de sus funciones de inspecci\u00f3n y defensa de los derechos humanos, la Defensor\u00eda Delegada del estado Sucre llev\u00f3 a cabo una jornada de supervisi\u00f3n en la&hellip;","og_url":"http:\/\/www.defensoria.gob.ve\/?p=17128","article_published_time":"2026-01-26T16:18:22+00:00","article_modified_time":"2026-01-26T16:18:58+00:00","og_image":[{"width":803,"height":569,"url":"http:\/\/www.defensoria.gob.ve\/wp-content\/uploads\/2026\/01\/fffffff11.png","type":"image\/png"}],"author":"JC.","twitter_card":"summary_large_image","twitter_misc":{"Escrito por":"JC.","Tiempo estimado de lectura":"2 minutos"},"schema":{"@context":"https:\/\/schema.org","@graph":[{"@type":"Article","@id":"http:\/\/www.defensoria.gob.ve\/?p=17128#article","isPartOf":{"@id":"http:\/\/www.defensoria.gob.ve\/?p=17128"},"author":{"name":"JC.","@id":"http:\/\/www.defensoria.gob.ve\/#\/schema\/person\/fba14293189d7b1933ac7fba9d89e24a"},"headline":"Delegada del Edo. Sucre realiza labor de vigilancia en el IAPES para garantizar derechos de privados y privadas de libertad","datePublished":"2026-01-26T16:18:22+00:00","dateModified":"2026-01-26T16:18:58+00:00","mainEntityOfPage":{"@id":"http:\/\/www.defensoria.gob.ve\/?p=17128"},"wordCount":241,"image":{"@id":"http:\/\/www.defensoria.gob.ve\/?p=17128#primaryimage"},"thumbnailUrl":"http:\/\/www.defensoria.gob.ve\/wp-content\/uploads\/2026\/01\/fffffff11.png","articleSection":["REGIONALES"],"inLanguage":"es"},{"@type":"WebPage","@id":"http:\/\/www.defensoria.gob.ve\/?p=17128","url":"http:\/\/www.defensoria.gob.ve\/?p=17128","name":"Delegada del Edo. Sucre realiza labor de vigilancia en el IAPES para garantizar derechos de privados y privadas de libertad -","isPartOf":{"@id":"http:\/\/www.defensoria.gob.ve\/#website"},"primaryImageOfPage":{"@id":"http:\/\/www.defensoria.gob.ve\/?p=17128#primaryimage"},"image":{"@id":"http:\/\/www.defensoria.gob.ve\/?p=17128#primaryimage"},"thumbnailUrl":"http:\/\/www.defensoria.gob.ve\/wp-content\/uploads\/2026\/01\/fffffff11.png","datePublished":"2026-01-26T16:18:22+00:00","dateModified":"2026-01-26T16:18:58+00:00","author":{"@id":"http:\/\/www.defensoria.gob.ve\/#\/schema\/person\/fba14293189d7b1933ac7fba9d89e24a"},"breadcrumb":{"@id":"http:\/\/www.defensoria.gob.ve\/?p=17128#breadcrumb"},"inLanguage":"es","potentialAction":[{"@type":"ReadAction","target":["http:\/\/www.defensoria.gob.ve\/?p=17128"]}]},{"@type":"ImageObject","inLanguage":"es","@id":"http:\/\/www.defensoria.gob.ve\/?p=17128#primaryimage","url":"http:\/\/www.defensoria.gob.ve\/wp-content\/uploads\/2026\/01\/fffffff11.png","contentUrl":"http:\/\/www.defensoria.gob.ve\/wp-content\/uploads\/2026\/01\/fffffff11.png","width":803,"height":569},{"@type":"BreadcrumbList","@id":"http:\/\/www.defensoria.gob.ve\/?p=17128#breadcrumb","itemListElement":[{"@type":"ListItem","position":1,"name":"Portada","item":"http:\/\/www.defensoria.gob.ve\/"},{"@type":"ListItem","position":2,"name":"Delegada del Edo. Sucre realiza labor de vigilancia en el IAPES para garantizar derechos de privados y privadas de libertad"}]},{"@type":"WebSite","@id":"http:\/\/www.defensoria.gob.ve\/#website","url":"http:\/\/www.defensoria.gob.ve\/","name":"","description":"Instituci\u00f3n del Poder Ciudadano para la Promoci\u00f3n, Defensa y Vigilancia de los Derechos Humanos. ","potentialAction":[{"@type":"SearchAction","target":{"@type":"EntryPoint","urlTemplate":"http:\/\/www.defensoria.gob.ve\/?s={search_term_string}"},"query-input":{"@type":"PropertyValueSpecification","valueRequired":true,"valueName":"search_term_string"}}],"inLanguage":"es"},{"@type":"Person","@id":"http:\/\/www.defensoria.gob.ve\/#\/schema\/person\/fba14293189d7b1933ac7fba9d89e24a","name":"JC.","image":{"@type":"ImageObject","inLanguage":"es","@id":"https:\/\/secure.gravatar.com\/avatar\/f398a4de948606b38f0299d90ca738c674b648694bc725ed46503c240269dbf8?s=96&d=mm&r=g","url":"https:\/\/secure.gravatar.com\/avatar\/f398a4de948606b38f0299d90ca738c674b648694bc725ed46503c240269dbf8?s=96&d=mm&r=g","contentUrl":"https:\/\/secure.gravatar.com\/avatar\/f398a4de948606b38f0299d90ca738c674b648694bc725ed46503c240269dbf8?s=96&d=mm&r=g","caption":"JC."},"url":"http:\/\/www.defensoria.gob.ve\/?author=5"}]}},"_links":{"self":[{"href":"http:\/\/www.defensoria.gob.ve\/index.php?rest_route=\/wp\/v2\/posts\/17128","targetHints":{"allow":["GET"]}}],"collection":[{"href":"http:\/\/www.defensoria.gob.ve\/index.php?rest_route=\/wp\/v2\/posts"}],"about":[{"href":"http:\/\/www.defensoria.gob.ve\/index.php?rest_route=\/wp\/v2\/types\/post"}],"author":[{"embeddable":true,"href":"http:\/\/www.defensoria.gob.ve\/index.php?rest_route=\/wp\/v2\/users\/5"}],"replies":[{"embeddable":true,"href":"http:\/\/www.defensoria.gob.ve\/index.php?rest_route=%2Fwp%2Fv2%2Fcomments&post=17128"}],"version-history":[{"count":4,"href":"http:\/\/www.defensoria.gob.ve\/index.php?rest_route=\/wp\/v2\/posts\/17128\/revisions"}],"predecessor-version":[{"id":17134,"href":"http:\/\/www.defensoria.gob.ve\/index.php?rest_route=\/wp\/v2\/posts\/17128\/revisions\/17134"}],"wp:featuredmedia":[{"embeddable":true,"href":"http:\/\/www.defensoria.gob.ve\/index.php?rest_route=\/wp\/v2\/media\/17130"}],"wp:attachment":[{"href":"http:\/\/www.defensoria.gob.ve\/index.php?rest_route=%2Fwp%2Fv2%2Fmedia&parent=17128"}],"wp:term":[{"taxonomy":"category","embeddable":true,"href":"http:\/\/www.defensoria.gob.ve\/index.php?rest_route=%2Fwp%2Fv2%2Fcategories&post=17128"},{"taxonomy":"post_tag","embeddable":true,"href":"http:\/\/www.defensoria.gob.ve\/index.php?rest_route=%2Fwp%2Fv2%2Ftags&post=17128"}],"curies":[{"name":"wp","href":"https:\/\/api.w.org\/{rel}","templated":true}]}}