 
{"id":17140,"date":"2026-01-26T17:03:29","date_gmt":"2026-01-26T21:03:29","guid":{"rendered":"http:\/\/www.defensoria.gob.ve\/?p=17140"},"modified":"2026-01-26T17:04:35","modified_gmt":"2026-01-26T21:04:35","slug":"delegada-de-portuguesa-realiza-varias-actividades-de-promocion-de-ddhh","status":"publish","type":"post","link":"http:\/\/www.defensoria.gob.ve\/?p=17140","title":{"rendered":"Delegada de Portuguesa realiza varias actividades de promoci\u00f3n de DDHH"},"content":{"rendered":"\t\t<div data-elementor-type=\"wp-post\" data-elementor-id=\"17140\" class=\"elementor elementor-17140\">\n\t\t\t\t\t\t<section class=\"elementor-section elementor-top-section elementor-element elementor-element-37fe39ea elementor-section-boxed elementor-section-height-default elementor-section-height-default\" data-id=\"37fe39ea\" data-element_type=\"section\" data-e-type=\"section\">\n\t\t\t\t\t\t<div class=\"elementor-container elementor-column-gap-default\">\n\t\t\t\t\t<div class=\"elementor-column elementor-col-100 elementor-top-column elementor-element elementor-element-77fad39a\" data-id=\"77fad39a\" data-element_type=\"column\" data-e-type=\"column\">\n\t\t\t<div class=\"elementor-widget-wrap elementor-element-populated\">\n\t\t\t\t\t\t<div class=\"elementor-element elementor-element-3a3bdec5 elementor-widget elementor-widget-text-editor\" data-id=\"3a3bdec5\" data-element_type=\"widget\" data-e-type=\"widget\" data-widget_type=\"text-editor.default\">\n\t\t\t\t<div class=\"elementor-widget-container\">\n\t\t\t\t\t\t\t\t\t\n<p><strong>(Portuguesa\/26-Ene-26)<\/strong> La Defensor\u00eda delegada del estado Portuguesa realiz\u00f3 varias actividades de promoci\u00f3n de derechos humanos en entes p\u00fablicos de la entidad, con el fin de incentivar y concienciar sobre los derechos fundamentales del hombre, mujer, ni\u00f1os, ni\u00f1as y adolescentes, adultos mayores y personas con discapacidad.<br><br>En ese sentido, la Defensora delegada, Raquel Vieira de Real, realiz\u00f3 una charla sobre la Ley Org\u00e1nica para Inclusi\u00f3n, Igualdad y Desarrollo Integral de las personas con Discapacidad en la Biblioteca Digital de la Universidad Nacional Experimental de las Artes (Unearte) del municipio Araure.<\/p>\n\n\n\n<figure class=\"wp-block-image size-full\"><img fetchpriority=\"high\" decoding=\"async\" width=\"700\" height=\"351\" src=\"http:\/\/www.defensoria.gob.ve\/wp-content\/uploads\/2026\/01\/ewewff.png\" alt=\"\" class=\"wp-image-17141\"\/><\/figure>\n\n\n\n<p>En la actividad participaron adem\u00e1s de las funcionarias Rauly Henr\u00edquez y Rocelli Troconis, Conapdis, Centro de Atenci\u00f3n Integral de Deficiencia Visual, Instituto de Educaci\u00f3n Especial, Taller de Educaci\u00f3n Laboral P\u00e1ez, Fundaci\u00f3n mano sobre mano, Apociport, APPV.<br><br>La intenci\u00f3n de este evento formativo es proteger los derechos a las personas con discapacidad, al mismo tiempo que se informa como defenderse ante cualquier circunstancia, teniendo presente que: la importancia de la accesibilidad al entorno f\u00edsico, econ\u00f3mico y cultural, a la salud, la educaci\u00f3n, a la informaci\u00f3n y las comunicaciones, para que puedan gozar plenamente de todos los derechos humanos y las libertades fundamentales. <strong>FIN \/ PRENSA Defensor\u00eda<\/strong><\/p>\n\n\n\n<p><\/p>\n\t\t\t\t\t\t\t\t<\/div>\n\t\t\t\t<\/div>\n\t\t\t\t\t<\/div>\n\t\t<\/div>\n\t\t\t\t\t<\/div>\n\t\t<\/section>\n\t\t\t\t<\/div>\n\t\t","protected":false},"excerpt":{"rendered":"<p>(Portuguesa\/26-Ene-26) La Defensor\u00eda delegada del estado Portuguesa realiz\u00f3 varias actividades de promoci\u00f3n de derechos humanos en entes p\u00fablicos de la entidad, con el fin de incentivar y concienciar sobre los&hellip; <\/p>\n","protected":false},"author":5,"featured_media":17142,"comment_status":"closed","ping_status":"open","sticky":false,"template":"","format":"standard","meta":{"footnotes":""},"categories":[5],"tags":[],"class_list":["post-17140","post","type-post","status-publish","format-standard","has-post-thumbnail","hentry","category-regionales"],"yoast_head":"<!-- This site is optimized with the Yoast SEO plugin v27.4 - https:\/\/yoast.com\/product\/yoast-seo-wordpress\/ -->\n<title>Delegada de Portuguesa realiza varias actividades de promoci\u00f3n de DDHH -<\/title>\n<meta name=\"robots\" content=\"index, follow, max-snippet:-1, max-image-preview:large, max-video-preview:-1\" \/>\n<link rel=\"canonical\" href=\"http:\/\/www.defensoria.gob.ve\/?p=17140\" \/>\n<meta property=\"og:locale\" content=\"es_ES\" \/>\n<meta property=\"og:type\" content=\"article\" \/>\n<meta property=\"og:title\" content=\"Delegada de Portuguesa realiza varias actividades de promoci\u00f3n de DDHH -\" \/>\n<meta property=\"og:description\" content=\"(Portuguesa\/26-Ene-26) La Defensor\u00eda delegada del estado Portuguesa realiz\u00f3 varias actividades de promoci\u00f3n de derechos humanos en entes p\u00fablicos de la entidad, con el fin de incentivar y concienciar sobre los&hellip;\" \/>\n<meta property=\"og:url\" content=\"http:\/\/www.defensoria.gob.ve\/?p=17140\" \/>\n<meta property=\"article:published_time\" content=\"2026-01-26T21:03:29+00:00\" \/>\n<meta property=\"article:modified_time\" content=\"2026-01-26T21:04:35+00:00\" \/>\n<meta property=\"og:image\" content=\"http:\/\/www.defensoria.gob.ve\/wp-content\/uploads\/2026\/01\/fefefefff.png\" \/>\n\t<meta property=\"og:image:width\" content=\"915\" \/>\n\t<meta property=\"og:image:height\" content=\"342\" \/>\n\t<meta property=\"og:image:type\" content=\"image\/png\" \/>\n<meta name=\"author\" content=\"JC.\" \/>\n<meta name=\"twitter:card\" content=\"summary_large_image\" \/>\n<meta name=\"twitter:label1\" content=\"Escrito por\" \/>\n\t<meta name=\"twitter:data1\" content=\"JC.\" \/>\n\t<meta name=\"twitter:label2\" content=\"Tiempo estimado de lectura\" \/>\n\t<meta name=\"twitter:data2\" content=\"2 minutos\" \/>\n<script type=\"application\/ld+json\" class=\"yoast-schema-graph\">{\"@context\":\"https:\\\/\\\/schema.org\",\"@graph\":[{\"@type\":\"Article\",\"@id\":\"http:\\\/\\\/www.defensoria.gob.ve\\\/?p=17140#article\",\"isPartOf\":{\"@id\":\"http:\\\/\\\/www.defensoria.gob.ve\\\/?p=17140\"},\"author\":{\"name\":\"JC.\",\"@id\":\"http:\\\/\\\/www.defensoria.gob.ve\\\/#\\\/schema\\\/person\\\/fba14293189d7b1933ac7fba9d89e24a\"},\"headline\":\"Delegada de Portuguesa realiza varias actividades de promoci\u00f3n de DDHH\",\"datePublished\":\"2026-01-26T21:03:29+00:00\",\"dateModified\":\"2026-01-26T21:04:35+00:00\",\"mainEntityOfPage\":{\"@id\":\"http:\\\/\\\/www.defensoria.gob.ve\\\/?p=17140\"},\"wordCount\":225,\"image\":{\"@id\":\"http:\\\/\\\/www.defensoria.gob.ve\\\/?p=17140#primaryimage\"},\"thumbnailUrl\":\"http:\\\/\\\/www.defensoria.gob.ve\\\/wp-content\\\/uploads\\\/2026\\\/01\\\/fefefefff.png\",\"articleSection\":[\"REGIONALES\"],\"inLanguage\":\"es\"},{\"@type\":\"WebPage\",\"@id\":\"http:\\\/\\\/www.defensoria.gob.ve\\\/?p=17140\",\"url\":\"http:\\\/\\\/www.defensoria.gob.ve\\\/?p=17140\",\"name\":\"Delegada de Portuguesa realiza varias actividades de promoci\u00f3n de DDHH -\",\"isPartOf\":{\"@id\":\"http:\\\/\\\/www.defensoria.gob.ve\\\/#website\"},\"primaryImageOfPage\":{\"@id\":\"http:\\\/\\\/www.defensoria.gob.ve\\\/?p=17140#primaryimage\"},\"image\":{\"@id\":\"http:\\\/\\\/www.defensoria.gob.ve\\\/?p=17140#primaryimage\"},\"thumbnailUrl\":\"http:\\\/\\\/www.defensoria.gob.ve\\\/wp-content\\\/uploads\\\/2026\\\/01\\\/fefefefff.png\",\"datePublished\":\"2026-01-26T21:03:29+00:00\",\"dateModified\":\"2026-01-26T21:04:35+00:00\",\"author\":{\"@id\":\"http:\\\/\\\/www.defensoria.gob.ve\\\/#\\\/schema\\\/person\\\/fba14293189d7b1933ac7fba9d89e24a\"},\"breadcrumb\":{\"@id\":\"http:\\\/\\\/www.defensoria.gob.ve\\\/?p=17140#breadcrumb\"},\"inLanguage\":\"es\",\"potentialAction\":[{\"@type\":\"ReadAction\",\"target\":[\"http:\\\/\\\/www.defensoria.gob.ve\\\/?p=17140\"]}]},{\"@type\":\"ImageObject\",\"inLanguage\":\"es\",\"@id\":\"http:\\\/\\\/www.defensoria.gob.ve\\\/?p=17140#primaryimage\",\"url\":\"http:\\\/\\\/www.defensoria.gob.ve\\\/wp-content\\\/uploads\\\/2026\\\/01\\\/fefefefff.png\",\"contentUrl\":\"http:\\\/\\\/www.defensoria.gob.ve\\\/wp-content\\\/uploads\\\/2026\\\/01\\\/fefefefff.png\",\"width\":915,\"height\":342},{\"@type\":\"BreadcrumbList\",\"@id\":\"http:\\\/\\\/www.defensoria.gob.ve\\\/?p=17140#breadcrumb\",\"itemListElement\":[{\"@type\":\"ListItem\",\"position\":1,\"name\":\"Portada\",\"item\":\"http:\\\/\\\/www.defensoria.gob.ve\\\/\"},{\"@type\":\"ListItem\",\"position\":2,\"name\":\"Delegada de Portuguesa realiza varias actividades de promoci\u00f3n de DDHH\"}]},{\"@type\":\"WebSite\",\"@id\":\"http:\\\/\\\/www.defensoria.gob.ve\\\/#website\",\"url\":\"http:\\\/\\\/www.defensoria.gob.ve\\\/\",\"name\":\"\",\"description\":\"Instituci\u00f3n del Poder Ciudadano para la Promoci\u00f3n, Defensa y Vigilancia de los Derechos Humanos. \",\"potentialAction\":[{\"@type\":\"SearchAction\",\"target\":{\"@type\":\"EntryPoint\",\"urlTemplate\":\"http:\\\/\\\/www.defensoria.gob.ve\\\/?s={search_term_string}\"},\"query-input\":{\"@type\":\"PropertyValueSpecification\",\"valueRequired\":true,\"valueName\":\"search_term_string\"}}],\"inLanguage\":\"es\"},{\"@type\":\"Person\",\"@id\":\"http:\\\/\\\/www.defensoria.gob.ve\\\/#\\\/schema\\\/person\\\/fba14293189d7b1933ac7fba9d89e24a\",\"name\":\"JC.\",\"image\":{\"@type\":\"ImageObject\",\"inLanguage\":\"es\",\"@id\":\"https:\\\/\\\/secure.gravatar.com\\\/avatar\\\/f398a4de948606b38f0299d90ca738c674b648694bc725ed46503c240269dbf8?s=96&d=mm&r=g\",\"url\":\"https:\\\/\\\/secure.gravatar.com\\\/avatar\\\/f398a4de948606b38f0299d90ca738c674b648694bc725ed46503c240269dbf8?s=96&d=mm&r=g\",\"contentUrl\":\"https:\\\/\\\/secure.gravatar.com\\\/avatar\\\/f398a4de948606b38f0299d90ca738c674b648694bc725ed46503c240269dbf8?s=96&d=mm&r=g\",\"caption\":\"JC.\"},\"url\":\"http:\\\/\\\/www.defensoria.gob.ve\\\/?author=5\"}]}<\/script>\n<!-- \/ Yoast SEO plugin. -->","yoast_head_json":{"title":"Delegada de Portuguesa realiza varias actividades de promoci\u00f3n de DDHH -","robots":{"index":"index","follow":"follow","max-snippet":"max-snippet:-1","max-image-preview":"max-image-preview:large","max-video-preview":"max-video-preview:-1"},"canonical":"http:\/\/www.defensoria.gob.ve\/?p=17140","og_locale":"es_ES","og_type":"article","og_title":"Delegada de Portuguesa realiza varias actividades de promoci\u00f3n de DDHH -","og_description":"(Portuguesa\/26-Ene-26) La Defensor\u00eda delegada del estado Portuguesa realiz\u00f3 varias actividades de promoci\u00f3n de derechos humanos en entes p\u00fablicos de la entidad, con el fin de incentivar y concienciar sobre los&hellip;","og_url":"http:\/\/www.defensoria.gob.ve\/?p=17140","article_published_time":"2026-01-26T21:03:29+00:00","article_modified_time":"2026-01-26T21:04:35+00:00","og_image":[{"width":915,"height":342,"url":"http:\/\/www.defensoria.gob.ve\/wp-content\/uploads\/2026\/01\/fefefefff.png","type":"image\/png"}],"author":"JC.","twitter_card":"summary_large_image","twitter_misc":{"Escrito por":"JC.","Tiempo estimado de lectura":"2 minutos"},"schema":{"@context":"https:\/\/schema.org","@graph":[{"@type":"Article","@id":"http:\/\/www.defensoria.gob.ve\/?p=17140#article","isPartOf":{"@id":"http:\/\/www.defensoria.gob.ve\/?p=17140"},"author":{"name":"JC.","@id":"http:\/\/www.defensoria.gob.ve\/#\/schema\/person\/fba14293189d7b1933ac7fba9d89e24a"},"headline":"Delegada de Portuguesa realiza varias actividades de promoci\u00f3n de DDHH","datePublished":"2026-01-26T21:03:29+00:00","dateModified":"2026-01-26T21:04:35+00:00","mainEntityOfPage":{"@id":"http:\/\/www.defensoria.gob.ve\/?p=17140"},"wordCount":225,"image":{"@id":"http:\/\/www.defensoria.gob.ve\/?p=17140#primaryimage"},"thumbnailUrl":"http:\/\/www.defensoria.gob.ve\/wp-content\/uploads\/2026\/01\/fefefefff.png","articleSection":["REGIONALES"],"inLanguage":"es"},{"@type":"WebPage","@id":"http:\/\/www.defensoria.gob.ve\/?p=17140","url":"http:\/\/www.defensoria.gob.ve\/?p=17140","name":"Delegada de Portuguesa realiza varias actividades de promoci\u00f3n de DDHH -","isPartOf":{"@id":"http:\/\/www.defensoria.gob.ve\/#website"},"primaryImageOfPage":{"@id":"http:\/\/www.defensoria.gob.ve\/?p=17140#primaryimage"},"image":{"@id":"http:\/\/www.defensoria.gob.ve\/?p=17140#primaryimage"},"thumbnailUrl":"http:\/\/www.defensoria.gob.ve\/wp-content\/uploads\/2026\/01\/fefefefff.png","datePublished":"2026-01-26T21:03:29+00:00","dateModified":"2026-01-26T21:04:35+00:00","author":{"@id":"http:\/\/www.defensoria.gob.ve\/#\/schema\/person\/fba14293189d7b1933ac7fba9d89e24a"},"breadcrumb":{"@id":"http:\/\/www.defensoria.gob.ve\/?p=17140#breadcrumb"},"inLanguage":"es","potentialAction":[{"@type":"ReadAction","target":["http:\/\/www.defensoria.gob.ve\/?p=17140"]}]},{"@type":"ImageObject","inLanguage":"es","@id":"http:\/\/www.defensoria.gob.ve\/?p=17140#primaryimage","url":"http:\/\/www.defensoria.gob.ve\/wp-content\/uploads\/2026\/01\/fefefefff.png","contentUrl":"http:\/\/www.defensoria.gob.ve\/wp-content\/uploads\/2026\/01\/fefefefff.png","width":915,"height":342},{"@type":"BreadcrumbList","@id":"http:\/\/www.defensoria.gob.ve\/?p=17140#breadcrumb","itemListElement":[{"@type":"ListItem","position":1,"name":"Portada","item":"http:\/\/www.defensoria.gob.ve\/"},{"@type":"ListItem","position":2,"name":"Delegada de Portuguesa realiza varias actividades de promoci\u00f3n de DDHH"}]},{"@type":"WebSite","@id":"http:\/\/www.defensoria.gob.ve\/#website","url":"http:\/\/www.defensoria.gob.ve\/","name":"","description":"Instituci\u00f3n del Poder Ciudadano para la Promoci\u00f3n, Defensa y Vigilancia de los Derechos Humanos. ","potentialAction":[{"@type":"SearchAction","target":{"@type":"EntryPoint","urlTemplate":"http:\/\/www.defensoria.gob.ve\/?s={search_term_string}"},"query-input":{"@type":"PropertyValueSpecification","valueRequired":true,"valueName":"search_term_string"}}],"inLanguage":"es"},{"@type":"Person","@id":"http:\/\/www.defensoria.gob.ve\/#\/schema\/person\/fba14293189d7b1933ac7fba9d89e24a","name":"JC.","image":{"@type":"ImageObject","inLanguage":"es","@id":"https:\/\/secure.gravatar.com\/avatar\/f398a4de948606b38f0299d90ca738c674b648694bc725ed46503c240269dbf8?s=96&d=mm&r=g","url":"https:\/\/secure.gravatar.com\/avatar\/f398a4de948606b38f0299d90ca738c674b648694bc725ed46503c240269dbf8?s=96&d=mm&r=g","contentUrl":"https:\/\/secure.gravatar.com\/avatar\/f398a4de948606b38f0299d90ca738c674b648694bc725ed46503c240269dbf8?s=96&d=mm&r=g","caption":"JC."},"url":"http:\/\/www.defensoria.gob.ve\/?author=5"}]}},"_links":{"self":[{"href":"http:\/\/www.defensoria.gob.ve\/index.php?rest_route=\/wp\/v2\/posts\/17140","targetHints":{"allow":["GET"]}}],"collection":[{"href":"http:\/\/www.defensoria.gob.ve\/index.php?rest_route=\/wp\/v2\/posts"}],"about":[{"href":"http:\/\/www.defensoria.gob.ve\/index.php?rest_route=\/wp\/v2\/types\/post"}],"author":[{"embeddable":true,"href":"http:\/\/www.defensoria.gob.ve\/index.php?rest_route=\/wp\/v2\/users\/5"}],"replies":[{"embeddable":true,"href":"http:\/\/www.defensoria.gob.ve\/index.php?rest_route=%2Fwp%2Fv2%2Fcomments&post=17140"}],"version-history":[{"count":4,"href":"http:\/\/www.defensoria.gob.ve\/index.php?rest_route=\/wp\/v2\/posts\/17140\/revisions"}],"predecessor-version":[{"id":17146,"href":"http:\/\/www.defensoria.gob.ve\/index.php?rest_route=\/wp\/v2\/posts\/17140\/revisions\/17146"}],"wp:featuredmedia":[{"embeddable":true,"href":"http:\/\/www.defensoria.gob.ve\/index.php?rest_route=\/wp\/v2\/media\/17142"}],"wp:attachment":[{"href":"http:\/\/www.defensoria.gob.ve\/index.php?rest_route=%2Fwp%2Fv2%2Fmedia&parent=17140"}],"wp:term":[{"taxonomy":"category","embeddable":true,"href":"http:\/\/www.defensoria.gob.ve\/index.php?rest_route=%2Fwp%2Fv2%2Fcategories&post=17140"},{"taxonomy":"post_tag","embeddable":true,"href":"http:\/\/www.defensoria.gob.ve\/index.php?rest_route=%2Fwp%2Fv2%2Ftags&post=17140"}],"curies":[{"name":"wp","href":"https:\/\/api.w.org\/{rel}","templated":true}]}}