 
{"id":17154,"date":"2026-01-28T11:41:33","date_gmt":"2026-01-28T15:41:33","guid":{"rendered":"http:\/\/www.defensoria.gob.ve\/?p=17154"},"modified":"2026-01-28T11:42:06","modified_gmt":"2026-01-28T15:42:06","slug":"delegada-de-trujillo-impartio-talleres-sobre-atribuciones-y-competencias-de-la-defensoria-del-pueblo","status":"publish","type":"post","link":"http:\/\/www.defensoria.gob.ve\/?p=17154","title":{"rendered":"Delegada de Trujillo imparti\u00f3 talleres sobre Atribuciones y Competencias de la Defensor\u00eda del Pueblo"},"content":{"rendered":"\t\t<div data-elementor-type=\"wp-post\" data-elementor-id=\"17154\" class=\"elementor elementor-17154\">\n\t\t\t\t\t\t<section class=\"elementor-section elementor-top-section elementor-element elementor-element-6bd1e994 elementor-section-boxed elementor-section-height-default elementor-section-height-default\" data-id=\"6bd1e994\" data-element_type=\"section\" data-e-type=\"section\">\n\t\t\t\t\t\t<div class=\"elementor-container elementor-column-gap-default\">\n\t\t\t\t\t<div class=\"elementor-column elementor-col-100 elementor-top-column elementor-element elementor-element-11ce38a3\" data-id=\"11ce38a3\" data-element_type=\"column\" data-e-type=\"column\">\n\t\t\t<div class=\"elementor-widget-wrap elementor-element-populated\">\n\t\t\t\t\t\t<div class=\"elementor-element elementor-element-77f808da elementor-widget elementor-widget-text-editor\" data-id=\"77f808da\" data-element_type=\"widget\" data-e-type=\"widget\" data-widget_type=\"text-editor.default\">\n\t\t\t\t<div class=\"elementor-widget-container\">\n\t\t\t\t\t\t\t\t\t\n<p><strong>(Trujillo\/28-Ene-26) <\/strong>La Defensor\u00eda delegada del estado Trujillo realiz\u00f3 labor de promoci\u00f3n al impartir los talleres sobre: Atribuciones y Competencias de la Defensor\u00eda del Pueblo, Comunicaci\u00f3n Asertiva en el \u00c1mbito Laboral, Responsabilidades Derivadas del Ejercicio de la Funci\u00f3n P\u00fablica, Violencia entre Pares, dirigidos al personal de la Unidad Educativa Juan Jos\u00e9 Landaeta, ubicada en la Flecha v\u00eda Timotes, parroquia La Puerta, municipio Valera.<\/p>\n\n\n\n<p>Asimismo, los servidores y las servidoras del ente defensorial entregaron material divulgativo sobre las atribuciones y competencias de la DdP.<\/p>\n\n\n\n<p><strong>Labor de vigilancia en el Conas<\/strong><\/p>\n\n\n\n<p>Por su parte, servidores y servidoras de la Instituci\u00f3n Nacional de los Derechos Humanos realiz\u00f3 labor de vigilancia al participar en una jornada de Atenci\u00f3n M\u00e9dica Integral a los privados y las privadas de libertad recluidos en la sede del Comando Nacional Antiextorsi\u00f3n y Secuestro (Conas), ubicado en el sector el Cumbre, municipio Valera.<\/p>\n\n\n\n<figure class=\"wp-block-image size-full\"><img fetchpriority=\"high\" decoding=\"async\" width=\"461\" height=\"201\" src=\"http:\/\/www.defensoria.gob.ve\/wp-content\/uploads\/2026\/01\/NNN.png\" alt=\"\" class=\"wp-image-17156\"\/><\/figure>\n\n\n\n<p><strong>Jornada de atenci\u00f3n en Tribunal M\u00f3vil<\/strong><\/p>\n\n\n\n<p>Tambi\u00e9n el personal de la delegada brind\u00f3 atenci\u00f3n oportuna y directa en diferentes materias a peticionarios que se presentaron en la Jornada del Tribunal M\u00f3vil desde la sede del IPASME en Plata III de la parroquia Juan Ignacio Montilla en el municipio Valera.<\/p>\n\n\n\n<figure class=\"wp-block-image size-full\"><img decoding=\"async\" width=\"372\" height=\"181\" src=\"http:\/\/www.defensoria.gob.ve\/wp-content\/uploads\/2026\/01\/NNNN.png\" alt=\"\" class=\"wp-image-17157\"\/><\/figure>\n\n\n\n<p><strong>Inspecci\u00f3n a entidades bancarias<\/strong><\/p>\n\n\n\n<p>Adem\u00e1s, en labor de vigilancia de los derechos humanos, servidores y servidoras defensoriales se trasladaron a varias entidades bancarias del estado, a los fines de vigilar el cumplimiento de los derechos de los pensionados y las pensionadas.<\/p>\n\n\n\n<figure class=\"wp-block-image size-full\"><img decoding=\"async\" width=\"496\" height=\"234\" src=\"http:\/\/www.defensoria.gob.ve\/wp-content\/uploads\/2026\/01\/MMMMM.png\" alt=\"\" class=\"wp-image-17158\"\/><\/figure>\n\n\n\n<p>Los bancos que se visitaron fueron los siguientes: Banco del Tesoro, Banco Nacional de Cr\u00e9dito, Banco Fondo Com\u00fan, Banco Provincial, 100% Banco, Banco Provincial, Bancaribe. <strong>FIN \/ PRENSA Defensor\u00eda<\/strong><\/p>\n\t\t\t\t\t\t\t\t<\/div>\n\t\t\t\t<\/div>\n\t\t\t\t\t<\/div>\n\t\t<\/div>\n\t\t\t\t\t<\/div>\n\t\t<\/section>\n\t\t\t\t<\/div>\n\t\t","protected":false},"excerpt":{"rendered":"<p>(Trujillo\/28-Ene-26) La Defensor\u00eda delegada del estado Trujillo realiz\u00f3 labor de promoci\u00f3n al impartir los talleres sobre: Atribuciones y Competencias de la Defensor\u00eda del Pueblo, Comunicaci\u00f3n Asertiva en el \u00c1mbito Laboral,&hellip; <\/p>\n","protected":false},"author":5,"featured_media":17155,"comment_status":"closed","ping_status":"open","sticky":false,"template":"","format":"standard","meta":{"footnotes":""},"categories":[5],"tags":[],"class_list":["post-17154","post","type-post","status-publish","format-standard","has-post-thumbnail","hentry","category-regionales"],"yoast_head":"<!-- This site is optimized with the Yoast SEO plugin v27.4 - https:\/\/yoast.com\/product\/yoast-seo-wordpress\/ -->\n<title>Delegada de Trujillo imparti\u00f3 talleres sobre Atribuciones y Competencias de la Defensor\u00eda del Pueblo -<\/title>\n<meta name=\"robots\" content=\"index, follow, max-snippet:-1, max-image-preview:large, max-video-preview:-1\" \/>\n<link rel=\"canonical\" href=\"http:\/\/www.defensoria.gob.ve\/?p=17154\" \/>\n<meta property=\"og:locale\" content=\"es_ES\" \/>\n<meta property=\"og:type\" content=\"article\" \/>\n<meta property=\"og:title\" content=\"Delegada de Trujillo imparti\u00f3 talleres sobre Atribuciones y Competencias de la Defensor\u00eda del Pueblo -\" \/>\n<meta property=\"og:description\" content=\"(Trujillo\/28-Ene-26) La Defensor\u00eda delegada del estado Trujillo realiz\u00f3 labor de promoci\u00f3n al impartir los talleres sobre: Atribuciones y Competencias de la Defensor\u00eda del Pueblo, Comunicaci\u00f3n Asertiva en el \u00c1mbito Laboral,&hellip;\" \/>\n<meta property=\"og:url\" content=\"http:\/\/www.defensoria.gob.ve\/?p=17154\" \/>\n<meta property=\"article:published_time\" content=\"2026-01-28T15:41:33+00:00\" \/>\n<meta property=\"article:modified_time\" content=\"2026-01-28T15:42:06+00:00\" \/>\n<meta property=\"og:image\" content=\"http:\/\/www.defensoria.gob.ve\/wp-content\/uploads\/2026\/01\/LKJ.png\" \/>\n\t<meta property=\"og:image:width\" content=\"461\" \/>\n\t<meta property=\"og:image:height\" content=\"282\" \/>\n\t<meta property=\"og:image:type\" content=\"image\/png\" \/>\n<meta name=\"author\" content=\"JC.\" \/>\n<meta name=\"twitter:card\" content=\"summary_large_image\" \/>\n<meta name=\"twitter:label1\" content=\"Escrito por\" \/>\n\t<meta name=\"twitter:data1\" content=\"JC.\" \/>\n\t<meta name=\"twitter:label2\" content=\"Tiempo estimado de lectura\" \/>\n\t<meta name=\"twitter:data2\" content=\"2 minutos\" \/>\n<script type=\"application\/ld+json\" class=\"yoast-schema-graph\">{\"@context\":\"https:\\\/\\\/schema.org\",\"@graph\":[{\"@type\":\"Article\",\"@id\":\"http:\\\/\\\/www.defensoria.gob.ve\\\/?p=17154#article\",\"isPartOf\":{\"@id\":\"http:\\\/\\\/www.defensoria.gob.ve\\\/?p=17154\"},\"author\":{\"name\":\"JC.\",\"@id\":\"http:\\\/\\\/www.defensoria.gob.ve\\\/#\\\/schema\\\/person\\\/fba14293189d7b1933ac7fba9d89e24a\"},\"headline\":\"Delegada de Trujillo imparti\u00f3 talleres sobre Atribuciones y Competencias de la Defensor\u00eda del Pueblo\",\"datePublished\":\"2026-01-28T15:41:33+00:00\",\"dateModified\":\"2026-01-28T15:42:06+00:00\",\"mainEntityOfPage\":{\"@id\":\"http:\\\/\\\/www.defensoria.gob.ve\\\/?p=17154\"},\"wordCount\":296,\"image\":{\"@id\":\"http:\\\/\\\/www.defensoria.gob.ve\\\/?p=17154#primaryimage\"},\"thumbnailUrl\":\"http:\\\/\\\/www.defensoria.gob.ve\\\/wp-content\\\/uploads\\\/2026\\\/01\\\/LKJ.png\",\"articleSection\":[\"REGIONALES\"],\"inLanguage\":\"es\"},{\"@type\":\"WebPage\",\"@id\":\"http:\\\/\\\/www.defensoria.gob.ve\\\/?p=17154\",\"url\":\"http:\\\/\\\/www.defensoria.gob.ve\\\/?p=17154\",\"name\":\"Delegada de Trujillo imparti\u00f3 talleres sobre Atribuciones y Competencias de la Defensor\u00eda del Pueblo -\",\"isPartOf\":{\"@id\":\"http:\\\/\\\/www.defensoria.gob.ve\\\/#website\"},\"primaryImageOfPage\":{\"@id\":\"http:\\\/\\\/www.defensoria.gob.ve\\\/?p=17154#primaryimage\"},\"image\":{\"@id\":\"http:\\\/\\\/www.defensoria.gob.ve\\\/?p=17154#primaryimage\"},\"thumbnailUrl\":\"http:\\\/\\\/www.defensoria.gob.ve\\\/wp-content\\\/uploads\\\/2026\\\/01\\\/LKJ.png\",\"datePublished\":\"2026-01-28T15:41:33+00:00\",\"dateModified\":\"2026-01-28T15:42:06+00:00\",\"author\":{\"@id\":\"http:\\\/\\\/www.defensoria.gob.ve\\\/#\\\/schema\\\/person\\\/fba14293189d7b1933ac7fba9d89e24a\"},\"breadcrumb\":{\"@id\":\"http:\\\/\\\/www.defensoria.gob.ve\\\/?p=17154#breadcrumb\"},\"inLanguage\":\"es\",\"potentialAction\":[{\"@type\":\"ReadAction\",\"target\":[\"http:\\\/\\\/www.defensoria.gob.ve\\\/?p=17154\"]}]},{\"@type\":\"ImageObject\",\"inLanguage\":\"es\",\"@id\":\"http:\\\/\\\/www.defensoria.gob.ve\\\/?p=17154#primaryimage\",\"url\":\"http:\\\/\\\/www.defensoria.gob.ve\\\/wp-content\\\/uploads\\\/2026\\\/01\\\/LKJ.png\",\"contentUrl\":\"http:\\\/\\\/www.defensoria.gob.ve\\\/wp-content\\\/uploads\\\/2026\\\/01\\\/LKJ.png\",\"width\":461,\"height\":282},{\"@type\":\"BreadcrumbList\",\"@id\":\"http:\\\/\\\/www.defensoria.gob.ve\\\/?p=17154#breadcrumb\",\"itemListElement\":[{\"@type\":\"ListItem\",\"position\":1,\"name\":\"Portada\",\"item\":\"http:\\\/\\\/www.defensoria.gob.ve\\\/\"},{\"@type\":\"ListItem\",\"position\":2,\"name\":\"Delegada de Trujillo imparti\u00f3 talleres sobre Atribuciones y Competencias de la Defensor\u00eda del Pueblo\"}]},{\"@type\":\"WebSite\",\"@id\":\"http:\\\/\\\/www.defensoria.gob.ve\\\/#website\",\"url\":\"http:\\\/\\\/www.defensoria.gob.ve\\\/\",\"name\":\"\",\"description\":\"Instituci\u00f3n del Poder Ciudadano para la Promoci\u00f3n, Defensa y Vigilancia de los Derechos Humanos. \",\"potentialAction\":[{\"@type\":\"SearchAction\",\"target\":{\"@type\":\"EntryPoint\",\"urlTemplate\":\"http:\\\/\\\/www.defensoria.gob.ve\\\/?s={search_term_string}\"},\"query-input\":{\"@type\":\"PropertyValueSpecification\",\"valueRequired\":true,\"valueName\":\"search_term_string\"}}],\"inLanguage\":\"es\"},{\"@type\":\"Person\",\"@id\":\"http:\\\/\\\/www.defensoria.gob.ve\\\/#\\\/schema\\\/person\\\/fba14293189d7b1933ac7fba9d89e24a\",\"name\":\"JC.\",\"image\":{\"@type\":\"ImageObject\",\"inLanguage\":\"es\",\"@id\":\"https:\\\/\\\/secure.gravatar.com\\\/avatar\\\/f398a4de948606b38f0299d90ca738c674b648694bc725ed46503c240269dbf8?s=96&d=mm&r=g\",\"url\":\"https:\\\/\\\/secure.gravatar.com\\\/avatar\\\/f398a4de948606b38f0299d90ca738c674b648694bc725ed46503c240269dbf8?s=96&d=mm&r=g\",\"contentUrl\":\"https:\\\/\\\/secure.gravatar.com\\\/avatar\\\/f398a4de948606b38f0299d90ca738c674b648694bc725ed46503c240269dbf8?s=96&d=mm&r=g\",\"caption\":\"JC.\"},\"url\":\"http:\\\/\\\/www.defensoria.gob.ve\\\/?author=5\"}]}<\/script>\n<!-- \/ Yoast SEO plugin. -->","yoast_head_json":{"title":"Delegada de Trujillo imparti\u00f3 talleres sobre Atribuciones y Competencias de la Defensor\u00eda del Pueblo -","robots":{"index":"index","follow":"follow","max-snippet":"max-snippet:-1","max-image-preview":"max-image-preview:large","max-video-preview":"max-video-preview:-1"},"canonical":"http:\/\/www.defensoria.gob.ve\/?p=17154","og_locale":"es_ES","og_type":"article","og_title":"Delegada de Trujillo imparti\u00f3 talleres sobre Atribuciones y Competencias de la Defensor\u00eda del Pueblo -","og_description":"(Trujillo\/28-Ene-26) La Defensor\u00eda delegada del estado Trujillo realiz\u00f3 labor de promoci\u00f3n al impartir los talleres sobre: Atribuciones y Competencias de la Defensor\u00eda del Pueblo, Comunicaci\u00f3n Asertiva en el \u00c1mbito Laboral,&hellip;","og_url":"http:\/\/www.defensoria.gob.ve\/?p=17154","article_published_time":"2026-01-28T15:41:33+00:00","article_modified_time":"2026-01-28T15:42:06+00:00","og_image":[{"width":461,"height":282,"url":"http:\/\/www.defensoria.gob.ve\/wp-content\/uploads\/2026\/01\/LKJ.png","type":"image\/png"}],"author":"JC.","twitter_card":"summary_large_image","twitter_misc":{"Escrito por":"JC.","Tiempo estimado de lectura":"2 minutos"},"schema":{"@context":"https:\/\/schema.org","@graph":[{"@type":"Article","@id":"http:\/\/www.defensoria.gob.ve\/?p=17154#article","isPartOf":{"@id":"http:\/\/www.defensoria.gob.ve\/?p=17154"},"author":{"name":"JC.","@id":"http:\/\/www.defensoria.gob.ve\/#\/schema\/person\/fba14293189d7b1933ac7fba9d89e24a"},"headline":"Delegada de Trujillo imparti\u00f3 talleres sobre Atribuciones y Competencias de la Defensor\u00eda del Pueblo","datePublished":"2026-01-28T15:41:33+00:00","dateModified":"2026-01-28T15:42:06+00:00","mainEntityOfPage":{"@id":"http:\/\/www.defensoria.gob.ve\/?p=17154"},"wordCount":296,"image":{"@id":"http:\/\/www.defensoria.gob.ve\/?p=17154#primaryimage"},"thumbnailUrl":"http:\/\/www.defensoria.gob.ve\/wp-content\/uploads\/2026\/01\/LKJ.png","articleSection":["REGIONALES"],"inLanguage":"es"},{"@type":"WebPage","@id":"http:\/\/www.defensoria.gob.ve\/?p=17154","url":"http:\/\/www.defensoria.gob.ve\/?p=17154","name":"Delegada de Trujillo imparti\u00f3 talleres sobre Atribuciones y Competencias de la Defensor\u00eda del Pueblo -","isPartOf":{"@id":"http:\/\/www.defensoria.gob.ve\/#website"},"primaryImageOfPage":{"@id":"http:\/\/www.defensoria.gob.ve\/?p=17154#primaryimage"},"image":{"@id":"http:\/\/www.defensoria.gob.ve\/?p=17154#primaryimage"},"thumbnailUrl":"http:\/\/www.defensoria.gob.ve\/wp-content\/uploads\/2026\/01\/LKJ.png","datePublished":"2026-01-28T15:41:33+00:00","dateModified":"2026-01-28T15:42:06+00:00","author":{"@id":"http:\/\/www.defensoria.gob.ve\/#\/schema\/person\/fba14293189d7b1933ac7fba9d89e24a"},"breadcrumb":{"@id":"http:\/\/www.defensoria.gob.ve\/?p=17154#breadcrumb"},"inLanguage":"es","potentialAction":[{"@type":"ReadAction","target":["http:\/\/www.defensoria.gob.ve\/?p=17154"]}]},{"@type":"ImageObject","inLanguage":"es","@id":"http:\/\/www.defensoria.gob.ve\/?p=17154#primaryimage","url":"http:\/\/www.defensoria.gob.ve\/wp-content\/uploads\/2026\/01\/LKJ.png","contentUrl":"http:\/\/www.defensoria.gob.ve\/wp-content\/uploads\/2026\/01\/LKJ.png","width":461,"height":282},{"@type":"BreadcrumbList","@id":"http:\/\/www.defensoria.gob.ve\/?p=17154#breadcrumb","itemListElement":[{"@type":"ListItem","position":1,"name":"Portada","item":"http:\/\/www.defensoria.gob.ve\/"},{"@type":"ListItem","position":2,"name":"Delegada de Trujillo imparti\u00f3 talleres sobre Atribuciones y Competencias de la Defensor\u00eda del Pueblo"}]},{"@type":"WebSite","@id":"http:\/\/www.defensoria.gob.ve\/#website","url":"http:\/\/www.defensoria.gob.ve\/","name":"","description":"Instituci\u00f3n del Poder Ciudadano para la Promoci\u00f3n, Defensa y Vigilancia de los Derechos Humanos. ","potentialAction":[{"@type":"SearchAction","target":{"@type":"EntryPoint","urlTemplate":"http:\/\/www.defensoria.gob.ve\/?s={search_term_string}"},"query-input":{"@type":"PropertyValueSpecification","valueRequired":true,"valueName":"search_term_string"}}],"inLanguage":"es"},{"@type":"Person","@id":"http:\/\/www.defensoria.gob.ve\/#\/schema\/person\/fba14293189d7b1933ac7fba9d89e24a","name":"JC.","image":{"@type":"ImageObject","inLanguage":"es","@id":"https:\/\/secure.gravatar.com\/avatar\/f398a4de948606b38f0299d90ca738c674b648694bc725ed46503c240269dbf8?s=96&d=mm&r=g","url":"https:\/\/secure.gravatar.com\/avatar\/f398a4de948606b38f0299d90ca738c674b648694bc725ed46503c240269dbf8?s=96&d=mm&r=g","contentUrl":"https:\/\/secure.gravatar.com\/avatar\/f398a4de948606b38f0299d90ca738c674b648694bc725ed46503c240269dbf8?s=96&d=mm&r=g","caption":"JC."},"url":"http:\/\/www.defensoria.gob.ve\/?author=5"}]}},"_links":{"self":[{"href":"http:\/\/www.defensoria.gob.ve\/index.php?rest_route=\/wp\/v2\/posts\/17154","targetHints":{"allow":["GET"]}}],"collection":[{"href":"http:\/\/www.defensoria.gob.ve\/index.php?rest_route=\/wp\/v2\/posts"}],"about":[{"href":"http:\/\/www.defensoria.gob.ve\/index.php?rest_route=\/wp\/v2\/types\/post"}],"author":[{"embeddable":true,"href":"http:\/\/www.defensoria.gob.ve\/index.php?rest_route=\/wp\/v2\/users\/5"}],"replies":[{"embeddable":true,"href":"http:\/\/www.defensoria.gob.ve\/index.php?rest_route=%2Fwp%2Fv2%2Fcomments&post=17154"}],"version-history":[{"count":4,"href":"http:\/\/www.defensoria.gob.ve\/index.php?rest_route=\/wp\/v2\/posts\/17154\/revisions"}],"predecessor-version":[{"id":17162,"href":"http:\/\/www.defensoria.gob.ve\/index.php?rest_route=\/wp\/v2\/posts\/17154\/revisions\/17162"}],"wp:featuredmedia":[{"embeddable":true,"href":"http:\/\/www.defensoria.gob.ve\/index.php?rest_route=\/wp\/v2\/media\/17155"}],"wp:attachment":[{"href":"http:\/\/www.defensoria.gob.ve\/index.php?rest_route=%2Fwp%2Fv2%2Fmedia&parent=17154"}],"wp:term":[{"taxonomy":"category","embeddable":true,"href":"http:\/\/www.defensoria.gob.ve\/index.php?rest_route=%2Fwp%2Fv2%2Fcategories&post=17154"},{"taxonomy":"post_tag","embeddable":true,"href":"http:\/\/www.defensoria.gob.ve\/index.php?rest_route=%2Fwp%2Fv2%2Ftags&post=17154"}],"curies":[{"name":"wp","href":"https:\/\/api.w.org\/{rel}","templated":true}]}}