 
{"id":18138,"date":"2026-03-12T10:12:10","date_gmt":"2026-03-12T14:12:10","guid":{"rendered":"http:\/\/www.defensoria.gob.ve\/?p=18138"},"modified":"2026-03-12T10:21:50","modified_gmt":"2026-03-12T14:21:50","slug":"defensor-del-pueblo-e-tarek-william-saab-impulsa-conmemoracion-del-dia-internacional-de-la-mujer-con-caminata-por-la-igualdad-en-tachira","status":"publish","type":"post","link":"http:\/\/www.defensoria.gob.ve\/?p=18138","title":{"rendered":"Defensor del Pueblo (E), Tarek William Saab, impulsa conmemoraci\u00f3n del D\u00eda Internacional de la Mujer con caminata por la igualdad en T\u00e1chira"},"content":{"rendered":"\t\t<div data-elementor-type=\"wp-post\" data-elementor-id=\"18138\" class=\"elementor elementor-18138\">\n\t\t\t\t\t\t<section class=\"elementor-section elementor-top-section elementor-element elementor-element-1bdc4228 elementor-section-boxed elementor-section-height-default elementor-section-height-default\" data-id=\"1bdc4228\" data-element_type=\"section\" data-e-type=\"section\">\n\t\t\t\t\t\t<div class=\"elementor-container elementor-column-gap-default\">\n\t\t\t\t\t<div class=\"elementor-column elementor-col-100 elementor-top-column elementor-element elementor-element-1d2edca\" data-id=\"1d2edca\" data-element_type=\"column\" data-e-type=\"column\">\n\t\t\t<div class=\"elementor-widget-wrap elementor-element-populated\">\n\t\t\t\t\t\t<div class=\"elementor-element elementor-element-e613031 elementor-widget elementor-widget-text-editor\" data-id=\"e613031\" data-element_type=\"widget\" data-e-type=\"widget\" data-widget_type=\"text-editor.default\">\n\t\t\t\t<div class=\"elementor-widget-container\">\n\t\t\t\t\t\t\t\t\t\n<p>(T\u00e1chira \/12-Mar-26) En el marco de la conmemoraci\u00f3n del D\u00eda Internacional de la Mujer, celebrado el pasado 08 de marzo, la Defensora delegada del estado T\u00e1chira, Celeste Buitrago, bajo los lineamientos del Defensor del Pueblo (E), Tarek William Saab, particip\u00f3 en una significativa caminata junto a diversos organismos de seguridad de la regi\u00f3n, reafirmando el compromiso institucional con la defensa de los derechos, el respeto y la valoraci\u00f3n del rol femenino en la sociedad.<\/p>\n\n<p>La actividad, que congreg\u00f3 a funcionarios y funcionarias de los distintos cuerpos de seguridad regional, sirvi\u00f3 como escenario para destacar la labor esencial que desempe\u00f1an las mujeres en el resguardo y protecci\u00f3n de la ciudadan\u00eda.<\/p>\n\n<figure class=\"wp-block-image size-full\"><img fetchpriority=\"high\" decoding=\"async\" width=\"1280\" height=\"963\" class=\"wp-image-18139\" src=\"http:\/\/www.defensoria.gob.ve\/wp-content\/uploads\/2026\/03\/WhatsApp-Image-2026-03-10-at-3.53.34-PM.jpeg\" alt=\"\" srcset=\"http:\/\/www.defensoria.gob.ve\/wp-content\/uploads\/2026\/03\/WhatsApp-Image-2026-03-10-at-3.53.34-PM.jpeg 1280w, http:\/\/www.defensoria.gob.ve\/wp-content\/uploads\/2026\/03\/WhatsApp-Image-2026-03-10-at-3.53.34-PM-768x578.jpeg 768w\" sizes=\"(max-width: 1280px) 100vw, 1280px\" \/><\/figure>\n\n<p>Durante el recorrido, la Defensora delegada en el estado T\u00e1chira, Celeste Buitrago Delgado, hizo especial \u00e9nfasis en la necesidad de continuar promoviendo espacios de igualdad y fortaleciendo el liderazgo femenino dentro de las instituciones p\u00fablicas, siguiendo el mandato del Defensor del Pueblo de garantizar el pleno ejercicio de los derechos humanos de la mujer.<\/p>\n\n<p>El Comisario Mayor Wilman Rivera Torres, Director de Seguridad Ciudadana, acompa\u00f1\u00f3 la jornada junto a la Defensora Buitrago, subrayando que la dedicaci\u00f3n y vocaci\u00f3n de servicio de las mujeres son pilares fundamentales para el bienestar del estado.<\/p>\n\n<p>Con esta participaci\u00f3n la Defensor\u00eda ratifica su voluntad de seguir trabajando en pol\u00edticas que garanticen la equidad y el reconocimiento pleno de las mujeres en todos los \u00e1mbitos del ejercicio p\u00fablico, celebrando no solo su presencia, sino su impacto determinante en la construcci\u00f3n de una sociedad m\u00e1s justa y segura. FIN<\/p>\n\t\t\t\t\t\t\t\t<\/div>\n\t\t\t\t<\/div>\n\t\t\t\t\t<\/div>\n\t\t<\/div>\n\t\t\t\t\t<\/div>\n\t\t<\/section>\n\t\t\t\t<\/div>\n\t\t","protected":false},"excerpt":{"rendered":"<p>(T\u00e1chira \/12-Mar-26) En el marco de la conmemoraci\u00f3n del D\u00eda Internacional de la Mujer, celebrado el pasado 08 de marzo, la Defensora delegada del estado T\u00e1chira, Celeste Buitrago, bajo los&hellip; <\/p>\n","protected":false},"author":14,"featured_media":18140,"comment_status":"closed","ping_status":"open","sticky":false,"template":"","format":"standard","meta":{"footnotes":""},"categories":[5],"tags":[],"class_list":["post-18138","post","type-post","status-publish","format-standard","has-post-thumbnail","hentry","category-regionales"],"yoast_head":"<!-- This site is optimized with the Yoast SEO plugin v27.4 - https:\/\/yoast.com\/product\/yoast-seo-wordpress\/ -->\n<title>Defensor del Pueblo (E), Tarek William Saab, impulsa conmemoraci\u00f3n del D\u00eda Internacional de la Mujer con caminata por la igualdad en T\u00e1chira -<\/title>\n<meta name=\"robots\" content=\"index, follow, max-snippet:-1, max-image-preview:large, max-video-preview:-1\" \/>\n<link rel=\"canonical\" href=\"http:\/\/www.defensoria.gob.ve\/?p=18138\" \/>\n<meta property=\"og:locale\" content=\"es_ES\" \/>\n<meta property=\"og:type\" content=\"article\" \/>\n<meta property=\"og:title\" content=\"Defensor del Pueblo (E), Tarek William Saab, impulsa conmemoraci\u00f3n del D\u00eda Internacional de la Mujer con caminata por la igualdad en T\u00e1chira -\" \/>\n<meta property=\"og:description\" content=\"(T\u00e1chira \/12-Mar-26) En el marco de la conmemoraci\u00f3n del D\u00eda Internacional de la Mujer, celebrado el pasado 08 de marzo, la Defensora delegada del estado T\u00e1chira, Celeste Buitrago, bajo los&hellip;\" \/>\n<meta property=\"og:url\" content=\"http:\/\/www.defensoria.gob.ve\/?p=18138\" \/>\n<meta property=\"article:published_time\" content=\"2026-03-12T14:12:10+00:00\" \/>\n<meta property=\"article:modified_time\" content=\"2026-03-12T14:21:50+00:00\" \/>\n<meta property=\"og:image\" content=\"http:\/\/www.defensoria.gob.ve\/wp-content\/uploads\/2026\/03\/WhatsApp-Image-2026-03-10-at-3.53.35-PM.jpeg\" \/>\n\t<meta property=\"og:image:width\" content=\"1280\" \/>\n\t<meta property=\"og:image:height\" content=\"963\" \/>\n\t<meta property=\"og:image:type\" content=\"image\/jpeg\" \/>\n<meta name=\"author\" content=\"KF.\" \/>\n<meta name=\"twitter:card\" content=\"summary_large_image\" \/>\n<meta name=\"twitter:label1\" content=\"Escrito por\" \/>\n\t<meta name=\"twitter:data1\" content=\"KF.\" \/>\n\t<meta name=\"twitter:label2\" content=\"Tiempo estimado de lectura\" \/>\n\t<meta name=\"twitter:data2\" content=\"2 minutos\" \/>\n<script type=\"application\/ld+json\" class=\"yoast-schema-graph\">{\"@context\":\"https:\\\/\\\/schema.org\",\"@graph\":[{\"@type\":\"Article\",\"@id\":\"http:\\\/\\\/www.defensoria.gob.ve\\\/?p=18138#article\",\"isPartOf\":{\"@id\":\"http:\\\/\\\/www.defensoria.gob.ve\\\/?p=18138\"},\"author\":{\"name\":\"KF.\",\"@id\":\"http:\\\/\\\/www.defensoria.gob.ve\\\/#\\\/schema\\\/person\\\/0fcc680c550d91982c4c009f5b19b8ec\"},\"headline\":\"Defensor del Pueblo (E), Tarek William Saab, impulsa conmemoraci\u00f3n del D\u00eda Internacional de la Mujer con caminata por la igualdad en T\u00e1chira\",\"datePublished\":\"2026-03-12T14:12:10+00:00\",\"dateModified\":\"2026-03-12T14:21:50+00:00\",\"mainEntityOfPage\":{\"@id\":\"http:\\\/\\\/www.defensoria.gob.ve\\\/?p=18138\"},\"wordCount\":294,\"image\":{\"@id\":\"http:\\\/\\\/www.defensoria.gob.ve\\\/?p=18138#primaryimage\"},\"thumbnailUrl\":\"http:\\\/\\\/www.defensoria.gob.ve\\\/wp-content\\\/uploads\\\/2026\\\/03\\\/WhatsApp-Image-2026-03-10-at-3.53.35-PM.jpeg\",\"articleSection\":[\"REGIONALES\"],\"inLanguage\":\"es\"},{\"@type\":\"WebPage\",\"@id\":\"http:\\\/\\\/www.defensoria.gob.ve\\\/?p=18138\",\"url\":\"http:\\\/\\\/www.defensoria.gob.ve\\\/?p=18138\",\"name\":\"Defensor del Pueblo (E), Tarek William Saab, impulsa conmemoraci\u00f3n del D\u00eda Internacional de la Mujer con caminata por la igualdad en T\u00e1chira -\",\"isPartOf\":{\"@id\":\"http:\\\/\\\/www.defensoria.gob.ve\\\/#website\"},\"primaryImageOfPage\":{\"@id\":\"http:\\\/\\\/www.defensoria.gob.ve\\\/?p=18138#primaryimage\"},\"image\":{\"@id\":\"http:\\\/\\\/www.defensoria.gob.ve\\\/?p=18138#primaryimage\"},\"thumbnailUrl\":\"http:\\\/\\\/www.defensoria.gob.ve\\\/wp-content\\\/uploads\\\/2026\\\/03\\\/WhatsApp-Image-2026-03-10-at-3.53.35-PM.jpeg\",\"datePublished\":\"2026-03-12T14:12:10+00:00\",\"dateModified\":\"2026-03-12T14:21:50+00:00\",\"author\":{\"@id\":\"http:\\\/\\\/www.defensoria.gob.ve\\\/#\\\/schema\\\/person\\\/0fcc680c550d91982c4c009f5b19b8ec\"},\"breadcrumb\":{\"@id\":\"http:\\\/\\\/www.defensoria.gob.ve\\\/?p=18138#breadcrumb\"},\"inLanguage\":\"es\",\"potentialAction\":[{\"@type\":\"ReadAction\",\"target\":[\"http:\\\/\\\/www.defensoria.gob.ve\\\/?p=18138\"]}]},{\"@type\":\"ImageObject\",\"inLanguage\":\"es\",\"@id\":\"http:\\\/\\\/www.defensoria.gob.ve\\\/?p=18138#primaryimage\",\"url\":\"http:\\\/\\\/www.defensoria.gob.ve\\\/wp-content\\\/uploads\\\/2026\\\/03\\\/WhatsApp-Image-2026-03-10-at-3.53.35-PM.jpeg\",\"contentUrl\":\"http:\\\/\\\/www.defensoria.gob.ve\\\/wp-content\\\/uploads\\\/2026\\\/03\\\/WhatsApp-Image-2026-03-10-at-3.53.35-PM.jpeg\",\"width\":1280,\"height\":963},{\"@type\":\"BreadcrumbList\",\"@id\":\"http:\\\/\\\/www.defensoria.gob.ve\\\/?p=18138#breadcrumb\",\"itemListElement\":[{\"@type\":\"ListItem\",\"position\":1,\"name\":\"Portada\",\"item\":\"http:\\\/\\\/www.defensoria.gob.ve\\\/\"},{\"@type\":\"ListItem\",\"position\":2,\"name\":\"Defensor del Pueblo (E), Tarek William Saab, impulsa conmemoraci\u00f3n del D\u00eda Internacional de la Mujer con caminata por la igualdad en T\u00e1chira\"}]},{\"@type\":\"WebSite\",\"@id\":\"http:\\\/\\\/www.defensoria.gob.ve\\\/#website\",\"url\":\"http:\\\/\\\/www.defensoria.gob.ve\\\/\",\"name\":\"\",\"description\":\"Instituci\u00f3n del Poder Ciudadano para la Promoci\u00f3n, Defensa y Vigilancia de los Derechos Humanos. \",\"potentialAction\":[{\"@type\":\"SearchAction\",\"target\":{\"@type\":\"EntryPoint\",\"urlTemplate\":\"http:\\\/\\\/www.defensoria.gob.ve\\\/?s={search_term_string}\"},\"query-input\":{\"@type\":\"PropertyValueSpecification\",\"valueRequired\":true,\"valueName\":\"search_term_string\"}}],\"inLanguage\":\"es\"},{\"@type\":\"Person\",\"@id\":\"http:\\\/\\\/www.defensoria.gob.ve\\\/#\\\/schema\\\/person\\\/0fcc680c550d91982c4c009f5b19b8ec\",\"name\":\"KF.\",\"image\":{\"@type\":\"ImageObject\",\"inLanguage\":\"es\",\"@id\":\"https:\\\/\\\/secure.gravatar.com\\\/avatar\\\/d7d0d6b70133abf46e0bf5e7f5f63f5ae46353601f9ad9a981c38691d4b186b0?s=96&d=mm&r=g\",\"url\":\"https:\\\/\\\/secure.gravatar.com\\\/avatar\\\/d7d0d6b70133abf46e0bf5e7f5f63f5ae46353601f9ad9a981c38691d4b186b0?s=96&d=mm&r=g\",\"contentUrl\":\"https:\\\/\\\/secure.gravatar.com\\\/avatar\\\/d7d0d6b70133abf46e0bf5e7f5f63f5ae46353601f9ad9a981c38691d4b186b0?s=96&d=mm&r=g\",\"caption\":\"KF.\"},\"url\":\"http:\\\/\\\/www.defensoria.gob.ve\\\/?author=14\"}]}<\/script>\n<!-- \/ Yoast SEO plugin. -->","yoast_head_json":{"title":"Defensor del Pueblo (E), Tarek William Saab, impulsa conmemoraci\u00f3n del D\u00eda Internacional de la Mujer con caminata por la igualdad en T\u00e1chira -","robots":{"index":"index","follow":"follow","max-snippet":"max-snippet:-1","max-image-preview":"max-image-preview:large","max-video-preview":"max-video-preview:-1"},"canonical":"http:\/\/www.defensoria.gob.ve\/?p=18138","og_locale":"es_ES","og_type":"article","og_title":"Defensor del Pueblo (E), Tarek William Saab, impulsa conmemoraci\u00f3n del D\u00eda Internacional de la Mujer con caminata por la igualdad en T\u00e1chira -","og_description":"(T\u00e1chira \/12-Mar-26) En el marco de la conmemoraci\u00f3n del D\u00eda Internacional de la Mujer, celebrado el pasado 08 de marzo, la Defensora delegada del estado T\u00e1chira, Celeste Buitrago, bajo los&hellip;","og_url":"http:\/\/www.defensoria.gob.ve\/?p=18138","article_published_time":"2026-03-12T14:12:10+00:00","article_modified_time":"2026-03-12T14:21:50+00:00","og_image":[{"width":1280,"height":963,"url":"http:\/\/www.defensoria.gob.ve\/wp-content\/uploads\/2026\/03\/WhatsApp-Image-2026-03-10-at-3.53.35-PM.jpeg","type":"image\/jpeg"}],"author":"KF.","twitter_card":"summary_large_image","twitter_misc":{"Escrito por":"KF.","Tiempo estimado de lectura":"2 minutos"},"schema":{"@context":"https:\/\/schema.org","@graph":[{"@type":"Article","@id":"http:\/\/www.defensoria.gob.ve\/?p=18138#article","isPartOf":{"@id":"http:\/\/www.defensoria.gob.ve\/?p=18138"},"author":{"name":"KF.","@id":"http:\/\/www.defensoria.gob.ve\/#\/schema\/person\/0fcc680c550d91982c4c009f5b19b8ec"},"headline":"Defensor del Pueblo (E), Tarek William Saab, impulsa conmemoraci\u00f3n del D\u00eda Internacional de la Mujer con caminata por la igualdad en T\u00e1chira","datePublished":"2026-03-12T14:12:10+00:00","dateModified":"2026-03-12T14:21:50+00:00","mainEntityOfPage":{"@id":"http:\/\/www.defensoria.gob.ve\/?p=18138"},"wordCount":294,"image":{"@id":"http:\/\/www.defensoria.gob.ve\/?p=18138#primaryimage"},"thumbnailUrl":"http:\/\/www.defensoria.gob.ve\/wp-content\/uploads\/2026\/03\/WhatsApp-Image-2026-03-10-at-3.53.35-PM.jpeg","articleSection":["REGIONALES"],"inLanguage":"es"},{"@type":"WebPage","@id":"http:\/\/www.defensoria.gob.ve\/?p=18138","url":"http:\/\/www.defensoria.gob.ve\/?p=18138","name":"Defensor del Pueblo (E), Tarek William Saab, impulsa conmemoraci\u00f3n del D\u00eda Internacional de la Mujer con caminata por la igualdad en T\u00e1chira -","isPartOf":{"@id":"http:\/\/www.defensoria.gob.ve\/#website"},"primaryImageOfPage":{"@id":"http:\/\/www.defensoria.gob.ve\/?p=18138#primaryimage"},"image":{"@id":"http:\/\/www.defensoria.gob.ve\/?p=18138#primaryimage"},"thumbnailUrl":"http:\/\/www.defensoria.gob.ve\/wp-content\/uploads\/2026\/03\/WhatsApp-Image-2026-03-10-at-3.53.35-PM.jpeg","datePublished":"2026-03-12T14:12:10+00:00","dateModified":"2026-03-12T14:21:50+00:00","author":{"@id":"http:\/\/www.defensoria.gob.ve\/#\/schema\/person\/0fcc680c550d91982c4c009f5b19b8ec"},"breadcrumb":{"@id":"http:\/\/www.defensoria.gob.ve\/?p=18138#breadcrumb"},"inLanguage":"es","potentialAction":[{"@type":"ReadAction","target":["http:\/\/www.defensoria.gob.ve\/?p=18138"]}]},{"@type":"ImageObject","inLanguage":"es","@id":"http:\/\/www.defensoria.gob.ve\/?p=18138#primaryimage","url":"http:\/\/www.defensoria.gob.ve\/wp-content\/uploads\/2026\/03\/WhatsApp-Image-2026-03-10-at-3.53.35-PM.jpeg","contentUrl":"http:\/\/www.defensoria.gob.ve\/wp-content\/uploads\/2026\/03\/WhatsApp-Image-2026-03-10-at-3.53.35-PM.jpeg","width":1280,"height":963},{"@type":"BreadcrumbList","@id":"http:\/\/www.defensoria.gob.ve\/?p=18138#breadcrumb","itemListElement":[{"@type":"ListItem","position":1,"name":"Portada","item":"http:\/\/www.defensoria.gob.ve\/"},{"@type":"ListItem","position":2,"name":"Defensor del Pueblo (E), Tarek William Saab, impulsa conmemoraci\u00f3n del D\u00eda Internacional de la Mujer con caminata por la igualdad en T\u00e1chira"}]},{"@type":"WebSite","@id":"http:\/\/www.defensoria.gob.ve\/#website","url":"http:\/\/www.defensoria.gob.ve\/","name":"","description":"Instituci\u00f3n del Poder Ciudadano para la Promoci\u00f3n, Defensa y Vigilancia de los Derechos Humanos. ","potentialAction":[{"@type":"SearchAction","target":{"@type":"EntryPoint","urlTemplate":"http:\/\/www.defensoria.gob.ve\/?s={search_term_string}"},"query-input":{"@type":"PropertyValueSpecification","valueRequired":true,"valueName":"search_term_string"}}],"inLanguage":"es"},{"@type":"Person","@id":"http:\/\/www.defensoria.gob.ve\/#\/schema\/person\/0fcc680c550d91982c4c009f5b19b8ec","name":"KF.","image":{"@type":"ImageObject","inLanguage":"es","@id":"https:\/\/secure.gravatar.com\/avatar\/d7d0d6b70133abf46e0bf5e7f5f63f5ae46353601f9ad9a981c38691d4b186b0?s=96&d=mm&r=g","url":"https:\/\/secure.gravatar.com\/avatar\/d7d0d6b70133abf46e0bf5e7f5f63f5ae46353601f9ad9a981c38691d4b186b0?s=96&d=mm&r=g","contentUrl":"https:\/\/secure.gravatar.com\/avatar\/d7d0d6b70133abf46e0bf5e7f5f63f5ae46353601f9ad9a981c38691d4b186b0?s=96&d=mm&r=g","caption":"KF."},"url":"http:\/\/www.defensoria.gob.ve\/?author=14"}]}},"_links":{"self":[{"href":"http:\/\/www.defensoria.gob.ve\/index.php?rest_route=\/wp\/v2\/posts\/18138","targetHints":{"allow":["GET"]}}],"collection":[{"href":"http:\/\/www.defensoria.gob.ve\/index.php?rest_route=\/wp\/v2\/posts"}],"about":[{"href":"http:\/\/www.defensoria.gob.ve\/index.php?rest_route=\/wp\/v2\/types\/post"}],"author":[{"embeddable":true,"href":"http:\/\/www.defensoria.gob.ve\/index.php?rest_route=\/wp\/v2\/users\/14"}],"replies":[{"embeddable":true,"href":"http:\/\/www.defensoria.gob.ve\/index.php?rest_route=%2Fwp%2Fv2%2Fcomments&post=18138"}],"version-history":[{"count":4,"href":"http:\/\/www.defensoria.gob.ve\/index.php?rest_route=\/wp\/v2\/posts\/18138\/revisions"}],"predecessor-version":[{"id":18144,"href":"http:\/\/www.defensoria.gob.ve\/index.php?rest_route=\/wp\/v2\/posts\/18138\/revisions\/18144"}],"wp:featuredmedia":[{"embeddable":true,"href":"http:\/\/www.defensoria.gob.ve\/index.php?rest_route=\/wp\/v2\/media\/18140"}],"wp:attachment":[{"href":"http:\/\/www.defensoria.gob.ve\/index.php?rest_route=%2Fwp%2Fv2%2Fmedia&parent=18138"}],"wp:term":[{"taxonomy":"category","embeddable":true,"href":"http:\/\/www.defensoria.gob.ve\/index.php?rest_route=%2Fwp%2Fv2%2Fcategories&post=18138"},{"taxonomy":"post_tag","embeddable":true,"href":"http:\/\/www.defensoria.gob.ve\/index.php?rest_route=%2Fwp%2Fv2%2Ftags&post=18138"}],"curies":[{"name":"wp","href":"https:\/\/api.w.org\/{rel}","templated":true}]}}