 
{"id":18145,"date":"2026-03-12T10:19:17","date_gmt":"2026-03-12T14:19:17","guid":{"rendered":"http:\/\/www.defensoria.gob.ve\/?p=18145"},"modified":"2026-03-12T10:19:46","modified_gmt":"2026-03-12T14:19:46","slug":"defensor-del-pueblo-e-tarek-william-saab-informo-que-delegada-de-falcon-visito-el-hospital-ivss-dr-rafael-gallardo-de-coro","status":"publish","type":"post","link":"http:\/\/www.defensoria.gob.ve\/?p=18145","title":{"rendered":"Defensor del Pueblo (E), Tarek William Saab, inform\u00f3 que Delegada de Falc\u00f3n visit\u00f3 el Hospital IVSS \u00abDr. Rafael Gallardo\u00bb de Coro"},"content":{"rendered":"\t\t<div data-elementor-type=\"wp-post\" data-elementor-id=\"18145\" class=\"elementor elementor-18145\">\n\t\t\t\t\t\t<section class=\"elementor-section elementor-top-section elementor-element elementor-element-1bf8dbac elementor-section-boxed elementor-section-height-default elementor-section-height-default\" data-id=\"1bf8dbac\" data-element_type=\"section\" data-e-type=\"section\">\n\t\t\t\t\t\t<div class=\"elementor-container elementor-column-gap-default\">\n\t\t\t\t\t<div class=\"elementor-column elementor-col-100 elementor-top-column elementor-element elementor-element-6503763d\" data-id=\"6503763d\" data-element_type=\"column\" data-e-type=\"column\">\n\t\t\t<div class=\"elementor-widget-wrap elementor-element-populated\">\n\t\t\t\t\t\t<div class=\"elementor-element elementor-element-4e8761bd elementor-widget elementor-widget-text-editor\" data-id=\"4e8761bd\" data-element_type=\"widget\" data-e-type=\"widget\" data-widget_type=\"text-editor.default\">\n\t\t\t\t<div class=\"elementor-widget-container\">\n\t\t\t\t\t\t\t\t\t\n<p>(12-Mar-26) Cumpliendo labor de vigilancia y seguimiento a una buena prestaci\u00f3n de los servicios p\u00fablicos a la ciudadan\u00eda, el Defensor delegado de Falc\u00f3n, Edisoie Sandoval, hizo un recorrido por las instalaciones de este importante centro de salud p\u00fablica.<\/p>\n\n<p>La comisi\u00f3n defensorial fue recibida por la subdirectora de hospital, Elizabeth Rivero, quien en nombre de la Dra. Flor Apalmo acompa\u00f1\u00f3 el recorrido por los diversos espacios que integran las \u00e1reas de servicio del hospital.<\/p>\n\n<figure class=\"wp-block-image size-full\"><img fetchpriority=\"high\" decoding=\"async\" width=\"1040\" height=\"780\" class=\"wp-image-18146\" src=\"http:\/\/www.defensoria.gob.ve\/wp-content\/uploads\/2026\/03\/1005838420.jpg\" alt=\"\" srcset=\"http:\/\/www.defensoria.gob.ve\/wp-content\/uploads\/2026\/03\/1005838420.jpg 1040w, http:\/\/www.defensoria.gob.ve\/wp-content\/uploads\/2026\/03\/1005838420-768x576.jpg 768w\" sizes=\"(max-width: 1040px) 100vw, 1040px\" \/><\/figure>\n\n<p>Sandoval inform\u00f3 que en el mes de enero fueron atendidos 3.557 pacientes lo que nos da un promedio de 35 personas atendidas diariamente. As\u00ed mismo, que se cuenta con atenci\u00f3n especializada, los servicios cl\u00ednicos, Rayos X, farmacia y servicios generales; que funcionan las 24 horas diarias excepto las consultas que son de lunes a viernes.<\/p>\n\n<p>Por \u00faltimo se pudo verificar que el sistema de aguas servidas es deficiente por lo que se coordina con la Defensor\u00eda para elevar al MPP Salud para solventar esta novedad. FIN<\/p>\n\t\t\t\t\t\t\t\t<\/div>\n\t\t\t\t<\/div>\n\t\t\t\t\t<\/div>\n\t\t<\/div>\n\t\t\t\t\t<\/div>\n\t\t<\/section>\n\t\t\t\t<\/div>\n\t\t","protected":false},"excerpt":{"rendered":"<p>(12-Mar-26) Cumpliendo labor de vigilancia y seguimiento a una buena prestaci\u00f3n de los servicios p\u00fablicos a la ciudadan\u00eda, el Defensor delegado de Falc\u00f3n, Edisoie Sandoval, hizo un recorrido por las&hellip; <\/p>\n","protected":false},"author":14,"featured_media":18147,"comment_status":"closed","ping_status":"open","sticky":false,"template":"","format":"standard","meta":{"footnotes":""},"categories":[5],"tags":[],"class_list":["post-18145","post","type-post","status-publish","format-standard","has-post-thumbnail","hentry","category-regionales"],"yoast_head":"<!-- This site is optimized with the Yoast SEO plugin v27.4 - https:\/\/yoast.com\/product\/yoast-seo-wordpress\/ -->\n<title>Defensor del Pueblo (E), Tarek William Saab, inform\u00f3 que Delegada de Falc\u00f3n visit\u00f3 el Hospital IVSS &quot;Dr. Rafael Gallardo&quot; de Coro -<\/title>\n<meta name=\"robots\" content=\"index, follow, max-snippet:-1, max-image-preview:large, max-video-preview:-1\" \/>\n<link rel=\"canonical\" href=\"http:\/\/www.defensoria.gob.ve\/?p=18145\" \/>\n<meta property=\"og:locale\" content=\"es_ES\" \/>\n<meta property=\"og:type\" content=\"article\" \/>\n<meta property=\"og:title\" content=\"Defensor del Pueblo (E), Tarek William Saab, inform\u00f3 que Delegada de Falc\u00f3n visit\u00f3 el Hospital IVSS &quot;Dr. Rafael Gallardo&quot; de Coro -\" \/>\n<meta property=\"og:description\" content=\"(12-Mar-26) Cumpliendo labor de vigilancia y seguimiento a una buena prestaci\u00f3n de los servicios p\u00fablicos a la ciudadan\u00eda, el Defensor delegado de Falc\u00f3n, Edisoie Sandoval, hizo un recorrido por las&hellip;\" \/>\n<meta property=\"og:url\" content=\"http:\/\/www.defensoria.gob.ve\/?p=18145\" \/>\n<meta property=\"article:published_time\" content=\"2026-03-12T14:19:17+00:00\" \/>\n<meta property=\"article:modified_time\" content=\"2026-03-12T14:19:46+00:00\" \/>\n<meta property=\"og:image\" content=\"http:\/\/www.defensoria.gob.ve\/wp-content\/uploads\/2026\/03\/1005838428.jpg\" \/>\n\t<meta property=\"og:image:width\" content=\"1040\" \/>\n\t<meta property=\"og:image:height\" content=\"780\" \/>\n\t<meta property=\"og:image:type\" content=\"image\/jpeg\" \/>\n<meta name=\"author\" content=\"KF.\" \/>\n<meta name=\"twitter:card\" content=\"summary_large_image\" \/>\n<meta name=\"twitter:label1\" content=\"Escrito por\" \/>\n\t<meta name=\"twitter:data1\" content=\"KF.\" \/>\n\t<meta name=\"twitter:label2\" content=\"Tiempo estimado de lectura\" \/>\n\t<meta name=\"twitter:data2\" content=\"1 minuto\" \/>\n<script type=\"application\/ld+json\" class=\"yoast-schema-graph\">{\"@context\":\"https:\\\/\\\/schema.org\",\"@graph\":[{\"@type\":\"Article\",\"@id\":\"http:\\\/\\\/www.defensoria.gob.ve\\\/?p=18145#article\",\"isPartOf\":{\"@id\":\"http:\\\/\\\/www.defensoria.gob.ve\\\/?p=18145\"},\"author\":{\"name\":\"KF.\",\"@id\":\"http:\\\/\\\/www.defensoria.gob.ve\\\/#\\\/schema\\\/person\\\/0fcc680c550d91982c4c009f5b19b8ec\"},\"headline\":\"Defensor del Pueblo (E), Tarek William Saab, inform\u00f3 que Delegada de Falc\u00f3n visit\u00f3 el Hospital IVSS \u00abDr. Rafael Gallardo\u00bb de Coro\",\"datePublished\":\"2026-03-12T14:19:17+00:00\",\"dateModified\":\"2026-03-12T14:19:46+00:00\",\"mainEntityOfPage\":{\"@id\":\"http:\\\/\\\/www.defensoria.gob.ve\\\/?p=18145\"},\"wordCount\":187,\"image\":{\"@id\":\"http:\\\/\\\/www.defensoria.gob.ve\\\/?p=18145#primaryimage\"},\"thumbnailUrl\":\"http:\\\/\\\/www.defensoria.gob.ve\\\/wp-content\\\/uploads\\\/2026\\\/03\\\/1005838428.jpg\",\"articleSection\":[\"REGIONALES\"],\"inLanguage\":\"es\"},{\"@type\":\"WebPage\",\"@id\":\"http:\\\/\\\/www.defensoria.gob.ve\\\/?p=18145\",\"url\":\"http:\\\/\\\/www.defensoria.gob.ve\\\/?p=18145\",\"name\":\"Defensor del Pueblo (E), Tarek William Saab, inform\u00f3 que Delegada de Falc\u00f3n visit\u00f3 el Hospital IVSS \\\"Dr. Rafael Gallardo\\\" de Coro -\",\"isPartOf\":{\"@id\":\"http:\\\/\\\/www.defensoria.gob.ve\\\/#website\"},\"primaryImageOfPage\":{\"@id\":\"http:\\\/\\\/www.defensoria.gob.ve\\\/?p=18145#primaryimage\"},\"image\":{\"@id\":\"http:\\\/\\\/www.defensoria.gob.ve\\\/?p=18145#primaryimage\"},\"thumbnailUrl\":\"http:\\\/\\\/www.defensoria.gob.ve\\\/wp-content\\\/uploads\\\/2026\\\/03\\\/1005838428.jpg\",\"datePublished\":\"2026-03-12T14:19:17+00:00\",\"dateModified\":\"2026-03-12T14:19:46+00:00\",\"author\":{\"@id\":\"http:\\\/\\\/www.defensoria.gob.ve\\\/#\\\/schema\\\/person\\\/0fcc680c550d91982c4c009f5b19b8ec\"},\"breadcrumb\":{\"@id\":\"http:\\\/\\\/www.defensoria.gob.ve\\\/?p=18145#breadcrumb\"},\"inLanguage\":\"es\",\"potentialAction\":[{\"@type\":\"ReadAction\",\"target\":[\"http:\\\/\\\/www.defensoria.gob.ve\\\/?p=18145\"]}]},{\"@type\":\"ImageObject\",\"inLanguage\":\"es\",\"@id\":\"http:\\\/\\\/www.defensoria.gob.ve\\\/?p=18145#primaryimage\",\"url\":\"http:\\\/\\\/www.defensoria.gob.ve\\\/wp-content\\\/uploads\\\/2026\\\/03\\\/1005838428.jpg\",\"contentUrl\":\"http:\\\/\\\/www.defensoria.gob.ve\\\/wp-content\\\/uploads\\\/2026\\\/03\\\/1005838428.jpg\",\"width\":1040,\"height\":780},{\"@type\":\"BreadcrumbList\",\"@id\":\"http:\\\/\\\/www.defensoria.gob.ve\\\/?p=18145#breadcrumb\",\"itemListElement\":[{\"@type\":\"ListItem\",\"position\":1,\"name\":\"Portada\",\"item\":\"http:\\\/\\\/www.defensoria.gob.ve\\\/\"},{\"@type\":\"ListItem\",\"position\":2,\"name\":\"Defensor del Pueblo (E), Tarek William Saab, inform\u00f3 que Delegada de Falc\u00f3n visit\u00f3 el Hospital IVSS \u00abDr. Rafael Gallardo\u00bb de Coro\"}]},{\"@type\":\"WebSite\",\"@id\":\"http:\\\/\\\/www.defensoria.gob.ve\\\/#website\",\"url\":\"http:\\\/\\\/www.defensoria.gob.ve\\\/\",\"name\":\"\",\"description\":\"Instituci\u00f3n del Poder Ciudadano para la Promoci\u00f3n, Defensa y Vigilancia de los Derechos Humanos. \",\"potentialAction\":[{\"@type\":\"SearchAction\",\"target\":{\"@type\":\"EntryPoint\",\"urlTemplate\":\"http:\\\/\\\/www.defensoria.gob.ve\\\/?s={search_term_string}\"},\"query-input\":{\"@type\":\"PropertyValueSpecification\",\"valueRequired\":true,\"valueName\":\"search_term_string\"}}],\"inLanguage\":\"es\"},{\"@type\":\"Person\",\"@id\":\"http:\\\/\\\/www.defensoria.gob.ve\\\/#\\\/schema\\\/person\\\/0fcc680c550d91982c4c009f5b19b8ec\",\"name\":\"KF.\",\"image\":{\"@type\":\"ImageObject\",\"inLanguage\":\"es\",\"@id\":\"https:\\\/\\\/secure.gravatar.com\\\/avatar\\\/d7d0d6b70133abf46e0bf5e7f5f63f5ae46353601f9ad9a981c38691d4b186b0?s=96&d=mm&r=g\",\"url\":\"https:\\\/\\\/secure.gravatar.com\\\/avatar\\\/d7d0d6b70133abf46e0bf5e7f5f63f5ae46353601f9ad9a981c38691d4b186b0?s=96&d=mm&r=g\",\"contentUrl\":\"https:\\\/\\\/secure.gravatar.com\\\/avatar\\\/d7d0d6b70133abf46e0bf5e7f5f63f5ae46353601f9ad9a981c38691d4b186b0?s=96&d=mm&r=g\",\"caption\":\"KF.\"},\"url\":\"http:\\\/\\\/www.defensoria.gob.ve\\\/?author=14\"}]}<\/script>\n<!-- \/ Yoast SEO plugin. -->","yoast_head_json":{"title":"Defensor del Pueblo (E), Tarek William Saab, inform\u00f3 que Delegada de Falc\u00f3n visit\u00f3 el Hospital IVSS \"Dr. Rafael Gallardo\" de Coro -","robots":{"index":"index","follow":"follow","max-snippet":"max-snippet:-1","max-image-preview":"max-image-preview:large","max-video-preview":"max-video-preview:-1"},"canonical":"http:\/\/www.defensoria.gob.ve\/?p=18145","og_locale":"es_ES","og_type":"article","og_title":"Defensor del Pueblo (E), Tarek William Saab, inform\u00f3 que Delegada de Falc\u00f3n visit\u00f3 el Hospital IVSS \"Dr. Rafael Gallardo\" de Coro -","og_description":"(12-Mar-26) Cumpliendo labor de vigilancia y seguimiento a una buena prestaci\u00f3n de los servicios p\u00fablicos a la ciudadan\u00eda, el Defensor delegado de Falc\u00f3n, Edisoie Sandoval, hizo un recorrido por las&hellip;","og_url":"http:\/\/www.defensoria.gob.ve\/?p=18145","article_published_time":"2026-03-12T14:19:17+00:00","article_modified_time":"2026-03-12T14:19:46+00:00","og_image":[{"width":1040,"height":780,"url":"http:\/\/www.defensoria.gob.ve\/wp-content\/uploads\/2026\/03\/1005838428.jpg","type":"image\/jpeg"}],"author":"KF.","twitter_card":"summary_large_image","twitter_misc":{"Escrito por":"KF.","Tiempo estimado de lectura":"1 minuto"},"schema":{"@context":"https:\/\/schema.org","@graph":[{"@type":"Article","@id":"http:\/\/www.defensoria.gob.ve\/?p=18145#article","isPartOf":{"@id":"http:\/\/www.defensoria.gob.ve\/?p=18145"},"author":{"name":"KF.","@id":"http:\/\/www.defensoria.gob.ve\/#\/schema\/person\/0fcc680c550d91982c4c009f5b19b8ec"},"headline":"Defensor del Pueblo (E), Tarek William Saab, inform\u00f3 que Delegada de Falc\u00f3n visit\u00f3 el Hospital IVSS \u00abDr. Rafael Gallardo\u00bb de Coro","datePublished":"2026-03-12T14:19:17+00:00","dateModified":"2026-03-12T14:19:46+00:00","mainEntityOfPage":{"@id":"http:\/\/www.defensoria.gob.ve\/?p=18145"},"wordCount":187,"image":{"@id":"http:\/\/www.defensoria.gob.ve\/?p=18145#primaryimage"},"thumbnailUrl":"http:\/\/www.defensoria.gob.ve\/wp-content\/uploads\/2026\/03\/1005838428.jpg","articleSection":["REGIONALES"],"inLanguage":"es"},{"@type":"WebPage","@id":"http:\/\/www.defensoria.gob.ve\/?p=18145","url":"http:\/\/www.defensoria.gob.ve\/?p=18145","name":"Defensor del Pueblo (E), Tarek William Saab, inform\u00f3 que Delegada de Falc\u00f3n visit\u00f3 el Hospital IVSS \"Dr. Rafael Gallardo\" de Coro -","isPartOf":{"@id":"http:\/\/www.defensoria.gob.ve\/#website"},"primaryImageOfPage":{"@id":"http:\/\/www.defensoria.gob.ve\/?p=18145#primaryimage"},"image":{"@id":"http:\/\/www.defensoria.gob.ve\/?p=18145#primaryimage"},"thumbnailUrl":"http:\/\/www.defensoria.gob.ve\/wp-content\/uploads\/2026\/03\/1005838428.jpg","datePublished":"2026-03-12T14:19:17+00:00","dateModified":"2026-03-12T14:19:46+00:00","author":{"@id":"http:\/\/www.defensoria.gob.ve\/#\/schema\/person\/0fcc680c550d91982c4c009f5b19b8ec"},"breadcrumb":{"@id":"http:\/\/www.defensoria.gob.ve\/?p=18145#breadcrumb"},"inLanguage":"es","potentialAction":[{"@type":"ReadAction","target":["http:\/\/www.defensoria.gob.ve\/?p=18145"]}]},{"@type":"ImageObject","inLanguage":"es","@id":"http:\/\/www.defensoria.gob.ve\/?p=18145#primaryimage","url":"http:\/\/www.defensoria.gob.ve\/wp-content\/uploads\/2026\/03\/1005838428.jpg","contentUrl":"http:\/\/www.defensoria.gob.ve\/wp-content\/uploads\/2026\/03\/1005838428.jpg","width":1040,"height":780},{"@type":"BreadcrumbList","@id":"http:\/\/www.defensoria.gob.ve\/?p=18145#breadcrumb","itemListElement":[{"@type":"ListItem","position":1,"name":"Portada","item":"http:\/\/www.defensoria.gob.ve\/"},{"@type":"ListItem","position":2,"name":"Defensor del Pueblo (E), Tarek William Saab, inform\u00f3 que Delegada de Falc\u00f3n visit\u00f3 el Hospital IVSS \u00abDr. Rafael Gallardo\u00bb de Coro"}]},{"@type":"WebSite","@id":"http:\/\/www.defensoria.gob.ve\/#website","url":"http:\/\/www.defensoria.gob.ve\/","name":"","description":"Instituci\u00f3n del Poder Ciudadano para la Promoci\u00f3n, Defensa y Vigilancia de los Derechos Humanos. ","potentialAction":[{"@type":"SearchAction","target":{"@type":"EntryPoint","urlTemplate":"http:\/\/www.defensoria.gob.ve\/?s={search_term_string}"},"query-input":{"@type":"PropertyValueSpecification","valueRequired":true,"valueName":"search_term_string"}}],"inLanguage":"es"},{"@type":"Person","@id":"http:\/\/www.defensoria.gob.ve\/#\/schema\/person\/0fcc680c550d91982c4c009f5b19b8ec","name":"KF.","image":{"@type":"ImageObject","inLanguage":"es","@id":"https:\/\/secure.gravatar.com\/avatar\/d7d0d6b70133abf46e0bf5e7f5f63f5ae46353601f9ad9a981c38691d4b186b0?s=96&d=mm&r=g","url":"https:\/\/secure.gravatar.com\/avatar\/d7d0d6b70133abf46e0bf5e7f5f63f5ae46353601f9ad9a981c38691d4b186b0?s=96&d=mm&r=g","contentUrl":"https:\/\/secure.gravatar.com\/avatar\/d7d0d6b70133abf46e0bf5e7f5f63f5ae46353601f9ad9a981c38691d4b186b0?s=96&d=mm&r=g","caption":"KF."},"url":"http:\/\/www.defensoria.gob.ve\/?author=14"}]}},"_links":{"self":[{"href":"http:\/\/www.defensoria.gob.ve\/index.php?rest_route=\/wp\/v2\/posts\/18145","targetHints":{"allow":["GET"]}}],"collection":[{"href":"http:\/\/www.defensoria.gob.ve\/index.php?rest_route=\/wp\/v2\/posts"}],"about":[{"href":"http:\/\/www.defensoria.gob.ve\/index.php?rest_route=\/wp\/v2\/types\/post"}],"author":[{"embeddable":true,"href":"http:\/\/www.defensoria.gob.ve\/index.php?rest_route=\/wp\/v2\/users\/14"}],"replies":[{"embeddable":true,"href":"http:\/\/www.defensoria.gob.ve\/index.php?rest_route=%2Fwp%2Fv2%2Fcomments&post=18145"}],"version-history":[{"count":4,"href":"http:\/\/www.defensoria.gob.ve\/index.php?rest_route=\/wp\/v2\/posts\/18145\/revisions"}],"predecessor-version":[{"id":18151,"href":"http:\/\/www.defensoria.gob.ve\/index.php?rest_route=\/wp\/v2\/posts\/18145\/revisions\/18151"}],"wp:featuredmedia":[{"embeddable":true,"href":"http:\/\/www.defensoria.gob.ve\/index.php?rest_route=\/wp\/v2\/media\/18147"}],"wp:attachment":[{"href":"http:\/\/www.defensoria.gob.ve\/index.php?rest_route=%2Fwp%2Fv2%2Fmedia&parent=18145"}],"wp:term":[{"taxonomy":"category","embeddable":true,"href":"http:\/\/www.defensoria.gob.ve\/index.php?rest_route=%2Fwp%2Fv2%2Fcategories&post=18145"},{"taxonomy":"post_tag","embeddable":true,"href":"http:\/\/www.defensoria.gob.ve\/index.php?rest_route=%2Fwp%2Fv2%2Ftags&post=18145"}],"curies":[{"name":"wp","href":"https:\/\/api.w.org\/{rel}","templated":true}]}}