 
{"id":18152,"date":"2026-03-12T15:33:45","date_gmt":"2026-03-12T19:33:45","guid":{"rendered":"http:\/\/www.defensoria.gob.ve\/?p=18152"},"modified":"2026-03-12T15:34:25","modified_gmt":"2026-03-12T19:34:25","slug":"defensor-del-pueblo-e-tarek-william-saab-fortalece-la-formacion-en-proteccion-de-ninez-y-adolescencia-en-aragua","status":"publish","type":"post","link":"http:\/\/www.defensoria.gob.ve\/?p=18152","title":{"rendered":"Defensor del Pueblo (E), Tarek William Saab fortalece la formaci\u00f3n en protecci\u00f3n de ni\u00f1ez y adolescencia en Aragua"},"content":{"rendered":"\t\t<div data-elementor-type=\"wp-post\" data-elementor-id=\"18152\" class=\"elementor elementor-18152\">\n\t\t\t\t\t\t<section class=\"elementor-section elementor-top-section elementor-element elementor-element-7567c0cc elementor-section-boxed elementor-section-height-default elementor-section-height-default\" data-id=\"7567c0cc\" data-element_type=\"section\" data-e-type=\"section\">\n\t\t\t\t\t\t<div class=\"elementor-container elementor-column-gap-default\">\n\t\t\t\t\t<div class=\"elementor-column elementor-col-100 elementor-top-column elementor-element elementor-element-56d7bf91\" data-id=\"56d7bf91\" data-element_type=\"column\" data-e-type=\"column\">\n\t\t\t<div class=\"elementor-widget-wrap elementor-element-populated\">\n\t\t\t\t\t\t<div class=\"elementor-element elementor-element-36dd0ed0 elementor-widget elementor-widget-text-editor\" data-id=\"36dd0ed0\" data-element_type=\"widget\" data-e-type=\"widget\" data-widget_type=\"text-editor.default\">\n\t\t\t\t<div class=\"elementor-widget-container\">\n\t\t\t\t\t\t\t\t\t\n<p>(Aragua\/ 12-Mar-26) En un esfuerzo continuo por garantizar los derechos humanos de la poblaci\u00f3n infantil y juvenil, la Defensora Delegada del estado Aragua, Irene Sampedro Pel\u00e1ez, lider\u00f3 una importante jornada de promoci\u00f3n y formaci\u00f3n en la Escuela T\u00e9cnica de Artes Musicales \u00abFederico Villena\u00bb, ubicada en el municipio Girardot.<br \/>La actividad se desarroll\u00f3 en articulaci\u00f3n con el Instituto Aut\u00f3nomo Consejo Nacional de Derechos de Ni\u00f1os, Ni\u00f1as y Adolescentes (IDENNA) y tuvo como objetivo central profundizar en la \u00abDoctrina de Protecci\u00f3n de Ni\u00f1os, Ni\u00f1as y Adolescentes\u00bb, analizando adem\u00e1s la naturaleza jur\u00eddica y la autonom\u00eda de los Consejos de Protecci\u00f3n.<\/p>\n\n<figure class=\"wp-block-image size-full\"><img fetchpriority=\"high\" decoding=\"async\" width=\"1080\" height=\"485\" class=\"wp-image-18154\" src=\"http:\/\/www.defensoria.gob.ve\/wp-content\/uploads\/2026\/03\/Act-1-Foto-1-1.jpeg\" alt=\"\" srcset=\"http:\/\/www.defensoria.gob.ve\/wp-content\/uploads\/2026\/03\/Act-1-Foto-1-1.jpeg 1080w, http:\/\/www.defensoria.gob.ve\/wp-content\/uploads\/2026\/03\/Act-1-Foto-1-1-768x345.jpeg 768w\" sizes=\"(max-width: 1080px) 100vw, 1080px\" \/><\/figure>\n\n<p><br \/>La comisi\u00f3n defensorial fue recibida por el director del plantel, Juan Romero, quien facilit\u00f3 el espacio para este encuentro que reuni\u00f3 a actores claves del sistema de protecci\u00f3n de NNA. La jornada destac\u00f3 por su amplia convocatoria, contando con la presencia de consejeros de 11 municipios de la entidad: Sucre, Zamora, Lamas, Francisco Linares Alc\u00e1ntara, Jos\u00e9 F\u00e9lix Ribas, Tovar, Bol\u00edvar, San Sebasti\u00e1n, Mari\u00f1o, Libertador y Santos Michelena.<br \/>Asimismo, se sumaron representantes de organizaciones aliadas como las Aldeas Infantiles SOS y la Fundaci\u00f3n Regional El Ni\u00f1o Sim\u00f3n, fortaleciendo la red de apoyo estatal y civil.<br \/>Con esta iniciativa, la Defensor\u00eda del Pueblo contin\u00faa promoviendo una cultura de respeto y vigilancia de los derechos de los ni\u00f1os, ni\u00f1as y adolescentes. FIN<\/p>\n\t\t\t\t\t\t\t\t<\/div>\n\t\t\t\t<\/div>\n\t\t\t\t\t<\/div>\n\t\t<\/div>\n\t\t\t\t\t<\/div>\n\t\t<\/section>\n\t\t\t\t<\/div>\n\t\t","protected":false},"excerpt":{"rendered":"<p>(Aragua\/ 12-Mar-26) En un esfuerzo continuo por garantizar los derechos humanos de la poblaci\u00f3n infantil y juvenil, la Defensora Delegada del estado Aragua, Irene Sampedro Pel\u00e1ez, lider\u00f3 una importante jornada&hellip; <\/p>\n","protected":false},"author":14,"featured_media":18155,"comment_status":"closed","ping_status":"open","sticky":false,"template":"","format":"standard","meta":{"footnotes":""},"categories":[5],"tags":[],"class_list":["post-18152","post","type-post","status-publish","format-standard","has-post-thumbnail","hentry","category-regionales"],"yoast_head":"<!-- This site is optimized with the Yoast SEO plugin v27.4 - https:\/\/yoast.com\/product\/yoast-seo-wordpress\/ -->\n<title>Defensor del Pueblo (E), Tarek William Saab fortalece la formaci\u00f3n en protecci\u00f3n de ni\u00f1ez y adolescencia en Aragua -<\/title>\n<meta name=\"robots\" content=\"index, follow, max-snippet:-1, max-image-preview:large, max-video-preview:-1\" \/>\n<link rel=\"canonical\" href=\"http:\/\/www.defensoria.gob.ve\/?p=18152\" \/>\n<meta property=\"og:locale\" content=\"es_ES\" \/>\n<meta property=\"og:type\" content=\"article\" \/>\n<meta property=\"og:title\" content=\"Defensor del Pueblo (E), Tarek William Saab fortalece la formaci\u00f3n en protecci\u00f3n de ni\u00f1ez y adolescencia en Aragua -\" \/>\n<meta property=\"og:description\" content=\"(Aragua\/ 12-Mar-26) En un esfuerzo continuo por garantizar los derechos humanos de la poblaci\u00f3n infantil y juvenil, la Defensora Delegada del estado Aragua, Irene Sampedro Pel\u00e1ez, lider\u00f3 una importante jornada&hellip;\" \/>\n<meta property=\"og:url\" content=\"http:\/\/www.defensoria.gob.ve\/?p=18152\" \/>\n<meta property=\"article:published_time\" content=\"2026-03-12T19:33:45+00:00\" \/>\n<meta property=\"article:modified_time\" content=\"2026-03-12T19:34:25+00:00\" \/>\n<meta property=\"og:image\" content=\"http:\/\/www.defensoria.gob.ve\/wp-content\/uploads\/2026\/03\/Act-1-Foto-2.jpeg\" \/>\n\t<meta property=\"og:image:width\" content=\"894\" \/>\n\t<meta property=\"og:image:height\" content=\"750\" \/>\n\t<meta property=\"og:image:type\" content=\"image\/jpeg\" \/>\n<meta name=\"author\" content=\"KF.\" \/>\n<meta name=\"twitter:card\" content=\"summary_large_image\" \/>\n<meta name=\"twitter:label1\" content=\"Escrito por\" \/>\n\t<meta name=\"twitter:data1\" content=\"KF.\" \/>\n\t<meta name=\"twitter:label2\" content=\"Tiempo estimado de lectura\" \/>\n\t<meta name=\"twitter:data2\" content=\"2 minutos\" \/>\n<script type=\"application\/ld+json\" class=\"yoast-schema-graph\">{\"@context\":\"https:\\\/\\\/schema.org\",\"@graph\":[{\"@type\":\"Article\",\"@id\":\"http:\\\/\\\/www.defensoria.gob.ve\\\/?p=18152#article\",\"isPartOf\":{\"@id\":\"http:\\\/\\\/www.defensoria.gob.ve\\\/?p=18152\"},\"author\":{\"name\":\"KF.\",\"@id\":\"http:\\\/\\\/www.defensoria.gob.ve\\\/#\\\/schema\\\/person\\\/0fcc680c550d91982c4c009f5b19b8ec\"},\"headline\":\"Defensor del Pueblo (E), Tarek William Saab fortalece la formaci\u00f3n en protecci\u00f3n de ni\u00f1ez y adolescencia en Aragua\",\"datePublished\":\"2026-03-12T19:33:45+00:00\",\"dateModified\":\"2026-03-12T19:34:25+00:00\",\"mainEntityOfPage\":{\"@id\":\"http:\\\/\\\/www.defensoria.gob.ve\\\/?p=18152\"},\"wordCount\":266,\"image\":{\"@id\":\"http:\\\/\\\/www.defensoria.gob.ve\\\/?p=18152#primaryimage\"},\"thumbnailUrl\":\"http:\\\/\\\/www.defensoria.gob.ve\\\/wp-content\\\/uploads\\\/2026\\\/03\\\/Act-1-Foto-2.jpeg\",\"articleSection\":[\"REGIONALES\"],\"inLanguage\":\"es\"},{\"@type\":\"WebPage\",\"@id\":\"http:\\\/\\\/www.defensoria.gob.ve\\\/?p=18152\",\"url\":\"http:\\\/\\\/www.defensoria.gob.ve\\\/?p=18152\",\"name\":\"Defensor del Pueblo (E), Tarek William Saab fortalece la formaci\u00f3n en protecci\u00f3n de ni\u00f1ez y adolescencia en Aragua -\",\"isPartOf\":{\"@id\":\"http:\\\/\\\/www.defensoria.gob.ve\\\/#website\"},\"primaryImageOfPage\":{\"@id\":\"http:\\\/\\\/www.defensoria.gob.ve\\\/?p=18152#primaryimage\"},\"image\":{\"@id\":\"http:\\\/\\\/www.defensoria.gob.ve\\\/?p=18152#primaryimage\"},\"thumbnailUrl\":\"http:\\\/\\\/www.defensoria.gob.ve\\\/wp-content\\\/uploads\\\/2026\\\/03\\\/Act-1-Foto-2.jpeg\",\"datePublished\":\"2026-03-12T19:33:45+00:00\",\"dateModified\":\"2026-03-12T19:34:25+00:00\",\"author\":{\"@id\":\"http:\\\/\\\/www.defensoria.gob.ve\\\/#\\\/schema\\\/person\\\/0fcc680c550d91982c4c009f5b19b8ec\"},\"breadcrumb\":{\"@id\":\"http:\\\/\\\/www.defensoria.gob.ve\\\/?p=18152#breadcrumb\"},\"inLanguage\":\"es\",\"potentialAction\":[{\"@type\":\"ReadAction\",\"target\":[\"http:\\\/\\\/www.defensoria.gob.ve\\\/?p=18152\"]}]},{\"@type\":\"ImageObject\",\"inLanguage\":\"es\",\"@id\":\"http:\\\/\\\/www.defensoria.gob.ve\\\/?p=18152#primaryimage\",\"url\":\"http:\\\/\\\/www.defensoria.gob.ve\\\/wp-content\\\/uploads\\\/2026\\\/03\\\/Act-1-Foto-2.jpeg\",\"contentUrl\":\"http:\\\/\\\/www.defensoria.gob.ve\\\/wp-content\\\/uploads\\\/2026\\\/03\\\/Act-1-Foto-2.jpeg\",\"width\":894,\"height\":750},{\"@type\":\"BreadcrumbList\",\"@id\":\"http:\\\/\\\/www.defensoria.gob.ve\\\/?p=18152#breadcrumb\",\"itemListElement\":[{\"@type\":\"ListItem\",\"position\":1,\"name\":\"Portada\",\"item\":\"http:\\\/\\\/www.defensoria.gob.ve\\\/\"},{\"@type\":\"ListItem\",\"position\":2,\"name\":\"Defensor del Pueblo (E), Tarek William Saab fortalece la formaci\u00f3n en protecci\u00f3n de ni\u00f1ez y adolescencia en Aragua\"}]},{\"@type\":\"WebSite\",\"@id\":\"http:\\\/\\\/www.defensoria.gob.ve\\\/#website\",\"url\":\"http:\\\/\\\/www.defensoria.gob.ve\\\/\",\"name\":\"\",\"description\":\"Instituci\u00f3n del Poder Ciudadano para la Promoci\u00f3n, Defensa y Vigilancia de los Derechos Humanos. \",\"potentialAction\":[{\"@type\":\"SearchAction\",\"target\":{\"@type\":\"EntryPoint\",\"urlTemplate\":\"http:\\\/\\\/www.defensoria.gob.ve\\\/?s={search_term_string}\"},\"query-input\":{\"@type\":\"PropertyValueSpecification\",\"valueRequired\":true,\"valueName\":\"search_term_string\"}}],\"inLanguage\":\"es\"},{\"@type\":\"Person\",\"@id\":\"http:\\\/\\\/www.defensoria.gob.ve\\\/#\\\/schema\\\/person\\\/0fcc680c550d91982c4c009f5b19b8ec\",\"name\":\"KF.\",\"image\":{\"@type\":\"ImageObject\",\"inLanguage\":\"es\",\"@id\":\"https:\\\/\\\/secure.gravatar.com\\\/avatar\\\/d7d0d6b70133abf46e0bf5e7f5f63f5ae46353601f9ad9a981c38691d4b186b0?s=96&d=mm&r=g\",\"url\":\"https:\\\/\\\/secure.gravatar.com\\\/avatar\\\/d7d0d6b70133abf46e0bf5e7f5f63f5ae46353601f9ad9a981c38691d4b186b0?s=96&d=mm&r=g\",\"contentUrl\":\"https:\\\/\\\/secure.gravatar.com\\\/avatar\\\/d7d0d6b70133abf46e0bf5e7f5f63f5ae46353601f9ad9a981c38691d4b186b0?s=96&d=mm&r=g\",\"caption\":\"KF.\"},\"url\":\"http:\\\/\\\/www.defensoria.gob.ve\\\/?author=14\"}]}<\/script>\n<!-- \/ Yoast SEO plugin. -->","yoast_head_json":{"title":"Defensor del Pueblo (E), Tarek William Saab fortalece la formaci\u00f3n en protecci\u00f3n de ni\u00f1ez y adolescencia en Aragua -","robots":{"index":"index","follow":"follow","max-snippet":"max-snippet:-1","max-image-preview":"max-image-preview:large","max-video-preview":"max-video-preview:-1"},"canonical":"http:\/\/www.defensoria.gob.ve\/?p=18152","og_locale":"es_ES","og_type":"article","og_title":"Defensor del Pueblo (E), Tarek William Saab fortalece la formaci\u00f3n en protecci\u00f3n de ni\u00f1ez y adolescencia en Aragua -","og_description":"(Aragua\/ 12-Mar-26) En un esfuerzo continuo por garantizar los derechos humanos de la poblaci\u00f3n infantil y juvenil, la Defensora Delegada del estado Aragua, Irene Sampedro Pel\u00e1ez, lider\u00f3 una importante jornada&hellip;","og_url":"http:\/\/www.defensoria.gob.ve\/?p=18152","article_published_time":"2026-03-12T19:33:45+00:00","article_modified_time":"2026-03-12T19:34:25+00:00","og_image":[{"width":894,"height":750,"url":"http:\/\/www.defensoria.gob.ve\/wp-content\/uploads\/2026\/03\/Act-1-Foto-2.jpeg","type":"image\/jpeg"}],"author":"KF.","twitter_card":"summary_large_image","twitter_misc":{"Escrito por":"KF.","Tiempo estimado de lectura":"2 minutos"},"schema":{"@context":"https:\/\/schema.org","@graph":[{"@type":"Article","@id":"http:\/\/www.defensoria.gob.ve\/?p=18152#article","isPartOf":{"@id":"http:\/\/www.defensoria.gob.ve\/?p=18152"},"author":{"name":"KF.","@id":"http:\/\/www.defensoria.gob.ve\/#\/schema\/person\/0fcc680c550d91982c4c009f5b19b8ec"},"headline":"Defensor del Pueblo (E), Tarek William Saab fortalece la formaci\u00f3n en protecci\u00f3n de ni\u00f1ez y adolescencia en Aragua","datePublished":"2026-03-12T19:33:45+00:00","dateModified":"2026-03-12T19:34:25+00:00","mainEntityOfPage":{"@id":"http:\/\/www.defensoria.gob.ve\/?p=18152"},"wordCount":266,"image":{"@id":"http:\/\/www.defensoria.gob.ve\/?p=18152#primaryimage"},"thumbnailUrl":"http:\/\/www.defensoria.gob.ve\/wp-content\/uploads\/2026\/03\/Act-1-Foto-2.jpeg","articleSection":["REGIONALES"],"inLanguage":"es"},{"@type":"WebPage","@id":"http:\/\/www.defensoria.gob.ve\/?p=18152","url":"http:\/\/www.defensoria.gob.ve\/?p=18152","name":"Defensor del Pueblo (E), Tarek William Saab fortalece la formaci\u00f3n en protecci\u00f3n de ni\u00f1ez y adolescencia en Aragua -","isPartOf":{"@id":"http:\/\/www.defensoria.gob.ve\/#website"},"primaryImageOfPage":{"@id":"http:\/\/www.defensoria.gob.ve\/?p=18152#primaryimage"},"image":{"@id":"http:\/\/www.defensoria.gob.ve\/?p=18152#primaryimage"},"thumbnailUrl":"http:\/\/www.defensoria.gob.ve\/wp-content\/uploads\/2026\/03\/Act-1-Foto-2.jpeg","datePublished":"2026-03-12T19:33:45+00:00","dateModified":"2026-03-12T19:34:25+00:00","author":{"@id":"http:\/\/www.defensoria.gob.ve\/#\/schema\/person\/0fcc680c550d91982c4c009f5b19b8ec"},"breadcrumb":{"@id":"http:\/\/www.defensoria.gob.ve\/?p=18152#breadcrumb"},"inLanguage":"es","potentialAction":[{"@type":"ReadAction","target":["http:\/\/www.defensoria.gob.ve\/?p=18152"]}]},{"@type":"ImageObject","inLanguage":"es","@id":"http:\/\/www.defensoria.gob.ve\/?p=18152#primaryimage","url":"http:\/\/www.defensoria.gob.ve\/wp-content\/uploads\/2026\/03\/Act-1-Foto-2.jpeg","contentUrl":"http:\/\/www.defensoria.gob.ve\/wp-content\/uploads\/2026\/03\/Act-1-Foto-2.jpeg","width":894,"height":750},{"@type":"BreadcrumbList","@id":"http:\/\/www.defensoria.gob.ve\/?p=18152#breadcrumb","itemListElement":[{"@type":"ListItem","position":1,"name":"Portada","item":"http:\/\/www.defensoria.gob.ve\/"},{"@type":"ListItem","position":2,"name":"Defensor del Pueblo (E), Tarek William Saab fortalece la formaci\u00f3n en protecci\u00f3n de ni\u00f1ez y adolescencia en Aragua"}]},{"@type":"WebSite","@id":"http:\/\/www.defensoria.gob.ve\/#website","url":"http:\/\/www.defensoria.gob.ve\/","name":"","description":"Instituci\u00f3n del Poder Ciudadano para la Promoci\u00f3n, Defensa y Vigilancia de los Derechos Humanos. ","potentialAction":[{"@type":"SearchAction","target":{"@type":"EntryPoint","urlTemplate":"http:\/\/www.defensoria.gob.ve\/?s={search_term_string}"},"query-input":{"@type":"PropertyValueSpecification","valueRequired":true,"valueName":"search_term_string"}}],"inLanguage":"es"},{"@type":"Person","@id":"http:\/\/www.defensoria.gob.ve\/#\/schema\/person\/0fcc680c550d91982c4c009f5b19b8ec","name":"KF.","image":{"@type":"ImageObject","inLanguage":"es","@id":"https:\/\/secure.gravatar.com\/avatar\/d7d0d6b70133abf46e0bf5e7f5f63f5ae46353601f9ad9a981c38691d4b186b0?s=96&d=mm&r=g","url":"https:\/\/secure.gravatar.com\/avatar\/d7d0d6b70133abf46e0bf5e7f5f63f5ae46353601f9ad9a981c38691d4b186b0?s=96&d=mm&r=g","contentUrl":"https:\/\/secure.gravatar.com\/avatar\/d7d0d6b70133abf46e0bf5e7f5f63f5ae46353601f9ad9a981c38691d4b186b0?s=96&d=mm&r=g","caption":"KF."},"url":"http:\/\/www.defensoria.gob.ve\/?author=14"}]}},"_links":{"self":[{"href":"http:\/\/www.defensoria.gob.ve\/index.php?rest_route=\/wp\/v2\/posts\/18152","targetHints":{"allow":["GET"]}}],"collection":[{"href":"http:\/\/www.defensoria.gob.ve\/index.php?rest_route=\/wp\/v2\/posts"}],"about":[{"href":"http:\/\/www.defensoria.gob.ve\/index.php?rest_route=\/wp\/v2\/types\/post"}],"author":[{"embeddable":true,"href":"http:\/\/www.defensoria.gob.ve\/index.php?rest_route=\/wp\/v2\/users\/14"}],"replies":[{"embeddable":true,"href":"http:\/\/www.defensoria.gob.ve\/index.php?rest_route=%2Fwp%2Fv2%2Fcomments&post=18152"}],"version-history":[{"count":4,"href":"http:\/\/www.defensoria.gob.ve\/index.php?rest_route=\/wp\/v2\/posts\/18152\/revisions"}],"predecessor-version":[{"id":18159,"href":"http:\/\/www.defensoria.gob.ve\/index.php?rest_route=\/wp\/v2\/posts\/18152\/revisions\/18159"}],"wp:featuredmedia":[{"embeddable":true,"href":"http:\/\/www.defensoria.gob.ve\/index.php?rest_route=\/wp\/v2\/media\/18155"}],"wp:attachment":[{"href":"http:\/\/www.defensoria.gob.ve\/index.php?rest_route=%2Fwp%2Fv2%2Fmedia&parent=18152"}],"wp:term":[{"taxonomy":"category","embeddable":true,"href":"http:\/\/www.defensoria.gob.ve\/index.php?rest_route=%2Fwp%2Fv2%2Fcategories&post=18152"},{"taxonomy":"post_tag","embeddable":true,"href":"http:\/\/www.defensoria.gob.ve\/index.php?rest_route=%2Fwp%2Fv2%2Ftags&post=18152"}],"curies":[{"name":"wp","href":"https:\/\/api.w.org\/{rel}","templated":true}]}}