 
{"id":18170,"date":"2026-03-13T10:57:07","date_gmt":"2026-03-13T14:57:07","guid":{"rendered":"http:\/\/www.defensoria.gob.ve\/?p=18170"},"modified":"2026-03-13T10:57:46","modified_gmt":"2026-03-13T14:57:46","slug":"defensor-del-pueblo-e-tarek-william-saab-elogio-jornada-social-amor-en-accion-juntos-como-familia","status":"publish","type":"post","link":"http:\/\/www.defensoria.gob.ve\/?p=18170","title":{"rendered":"Defensor del Pueblo (E), Tarek William Saab elogi\u00f3 jornada social \u00abAmor en Acci\u00f3n Juntos como Familia\u00bb"},"content":{"rendered":"\t\t<div data-elementor-type=\"wp-post\" data-elementor-id=\"18170\" class=\"elementor elementor-18170\">\n\t\t\t\t\t\t<section class=\"elementor-section elementor-top-section elementor-element elementor-element-613804f8 elementor-section-boxed elementor-section-height-default elementor-section-height-default\" data-id=\"613804f8\" data-element_type=\"section\" data-e-type=\"section\">\n\t\t\t\t\t\t<div class=\"elementor-container elementor-column-gap-default\">\n\t\t\t\t\t<div class=\"elementor-column elementor-col-100 elementor-top-column elementor-element elementor-element-49770a75\" data-id=\"49770a75\" data-element_type=\"column\" data-e-type=\"column\">\n\t\t\t<div class=\"elementor-widget-wrap elementor-element-populated\">\n\t\t\t\t\t\t<div class=\"elementor-element elementor-element-30f54dae elementor-widget elementor-widget-text-editor\" data-id=\"30f54dae\" data-element_type=\"widget\" data-e-type=\"widget\" data-widget_type=\"text-editor.default\">\n\t\t\t\t<div class=\"elementor-widget-container\">\n\t\t\t\t\t\t\t\t\t\n<p>(T\u00e1chira\/13-Mar 2026) El equipo de la Sede delegada Municipal Garc\u00eda de Hevia, perteneciente a la Defensor\u00eda del Pueblo delegada en el estado T\u00e1chira, particip\u00f3 activamente en una jornada social n\u00famero 179 del programa \u00abAmor en Acci\u00f3n Juntos como Familia\u00bb, organizado por la Fundaci\u00f3n de la Familia Tachirense.<\/p>\n\n<p>El evento tuvo lugar en el sector Boca de Grita, una zona de gran relevancia debido a su ubicaci\u00f3n fronteriza con Colombia, la cual destaca por ser un punto de encuentro din\u00e1mico entre culturas.<\/p>\n\n<p>La presencia de la Defensor\u00eda en este espacio permiti\u00f3 acercar la instituci\u00f3n a los ciudadanos y ciudadanas en un entorno de convivencia y servicio. Durante la jornada, los funcionarios defensoriales desarrollaron una labor informativa clave, dando a conocer las competencias y atribuciones del ente en materia de promoci\u00f3n, defensa y vigilancia de los derechos humanos.<\/p>\n\n<figure class=\"wp-block-image size-full\"><img fetchpriority=\"high\" decoding=\"async\" width=\"1600\" height=\"1204\" class=\"wp-image-18171\" src=\"http:\/\/www.defensoria.gob.ve\/wp-content\/uploads\/2026\/03\/WhatsApp-Image-2026-03-12-at-2.30.25-PM-5.jpeg\" alt=\"\" srcset=\"http:\/\/www.defensoria.gob.ve\/wp-content\/uploads\/2026\/03\/WhatsApp-Image-2026-03-12-at-2.30.25-PM-5.jpeg 1600w, http:\/\/www.defensoria.gob.ve\/wp-content\/uploads\/2026\/03\/WhatsApp-Image-2026-03-12-at-2.30.25-PM-5-768x578.jpeg 768w, http:\/\/www.defensoria.gob.ve\/wp-content\/uploads\/2026\/03\/WhatsApp-Image-2026-03-12-at-2.30.25-PM-5-1536x1156.jpeg 1536w\" sizes=\"(max-width: 1600px) 100vw, 1600px\" \/><\/figure>\n\n<p>Asimismo, se brind\u00f3 atenci\u00f3n directa a los asistentes mediante la recepci\u00f3n de denuncias y se impartieron procesos de formaci\u00f3n ciudadana, fortaleciendo as\u00ed el conocimiento sobre los mecanismos de protecci\u00f3n de los derechos fundamentales.<\/p>\n\n<p>Con esta participaci\u00f3n, la Defensor\u00eda del Pueblo reafirma su compromiso de desplegarse en todo el territorio tachirense, garantizando el acceso a la justicia y la educaci\u00f3n en derechos humanos, especialmente en comunidades fronterizas que requieren de un acompa\u00f1amiento constante del Estado. FIN<\/p>\n\t\t\t\t\t\t\t\t<\/div>\n\t\t\t\t<\/div>\n\t\t\t\t\t<\/div>\n\t\t<\/div>\n\t\t\t\t\t<\/div>\n\t\t<\/section>\n\t\t\t\t<\/div>\n\t\t","protected":false},"excerpt":{"rendered":"<p>(T\u00e1chira\/13-Mar 2026) El equipo de la Sede delegada Municipal Garc\u00eda de Hevia, perteneciente a la Defensor\u00eda del Pueblo delegada en el estado T\u00e1chira, particip\u00f3 activamente en una jornada social n\u00famero&hellip; <\/p>\n","protected":false},"author":14,"featured_media":18172,"comment_status":"closed","ping_status":"open","sticky":false,"template":"","format":"standard","meta":{"footnotes":""},"categories":[5],"tags":[],"class_list":["post-18170","post","type-post","status-publish","format-standard","has-post-thumbnail","hentry","category-regionales"],"yoast_head":"<!-- This site is optimized with the Yoast SEO plugin v27.4 - https:\/\/yoast.com\/product\/yoast-seo-wordpress\/ -->\n<title>Defensor del Pueblo (E), Tarek William Saab elogi\u00f3 jornada social &quot;Amor en Acci\u00f3n Juntos como Familia&quot; -<\/title>\n<meta name=\"robots\" content=\"index, follow, max-snippet:-1, max-image-preview:large, max-video-preview:-1\" \/>\n<link rel=\"canonical\" href=\"http:\/\/www.defensoria.gob.ve\/?p=18170\" \/>\n<meta property=\"og:locale\" content=\"es_ES\" \/>\n<meta property=\"og:type\" content=\"article\" \/>\n<meta property=\"og:title\" content=\"Defensor del Pueblo (E), Tarek William Saab elogi\u00f3 jornada social &quot;Amor en Acci\u00f3n Juntos como Familia&quot; -\" \/>\n<meta property=\"og:description\" content=\"(T\u00e1chira\/13-Mar 2026) El equipo de la Sede delegada Municipal Garc\u00eda de Hevia, perteneciente a la Defensor\u00eda del Pueblo delegada en el estado T\u00e1chira, particip\u00f3 activamente en una jornada social n\u00famero&hellip;\" \/>\n<meta property=\"og:url\" content=\"http:\/\/www.defensoria.gob.ve\/?p=18170\" \/>\n<meta property=\"article:published_time\" content=\"2026-03-13T14:57:07+00:00\" \/>\n<meta property=\"article:modified_time\" content=\"2026-03-13T14:57:46+00:00\" \/>\n<meta property=\"og:image\" content=\"http:\/\/www.defensoria.gob.ve\/wp-content\/uploads\/2026\/03\/WhatsApp-Image-2026-03-12-at-2.30.25-PM-4.jpeg\" \/>\n\t<meta property=\"og:image:width\" content=\"1600\" \/>\n\t<meta property=\"og:image:height\" content=\"1204\" \/>\n\t<meta property=\"og:image:type\" content=\"image\/jpeg\" \/>\n<meta name=\"author\" content=\"KF.\" \/>\n<meta name=\"twitter:card\" content=\"summary_large_image\" \/>\n<meta name=\"twitter:label1\" content=\"Escrito por\" \/>\n\t<meta name=\"twitter:data1\" content=\"KF.\" \/>\n\t<meta name=\"twitter:label2\" content=\"Tiempo estimado de lectura\" \/>\n\t<meta name=\"twitter:data2\" content=\"2 minutos\" \/>\n<script type=\"application\/ld+json\" class=\"yoast-schema-graph\">{\"@context\":\"https:\\\/\\\/schema.org\",\"@graph\":[{\"@type\":\"Article\",\"@id\":\"http:\\\/\\\/www.defensoria.gob.ve\\\/?p=18170#article\",\"isPartOf\":{\"@id\":\"http:\\\/\\\/www.defensoria.gob.ve\\\/?p=18170\"},\"author\":{\"name\":\"KF.\",\"@id\":\"http:\\\/\\\/www.defensoria.gob.ve\\\/#\\\/schema\\\/person\\\/0fcc680c550d91982c4c009f5b19b8ec\"},\"headline\":\"Defensor del Pueblo (E), Tarek William Saab elogi\u00f3 jornada social \u00abAmor en Acci\u00f3n Juntos como Familia\u00bb\",\"datePublished\":\"2026-03-13T14:57:07+00:00\",\"dateModified\":\"2026-03-13T14:57:46+00:00\",\"mainEntityOfPage\":{\"@id\":\"http:\\\/\\\/www.defensoria.gob.ve\\\/?p=18170\"},\"wordCount\":247,\"image\":{\"@id\":\"http:\\\/\\\/www.defensoria.gob.ve\\\/?p=18170#primaryimage\"},\"thumbnailUrl\":\"http:\\\/\\\/www.defensoria.gob.ve\\\/wp-content\\\/uploads\\\/2026\\\/03\\\/WhatsApp-Image-2026-03-12-at-2.30.25-PM-4.jpeg\",\"articleSection\":[\"REGIONALES\"],\"inLanguage\":\"es\"},{\"@type\":\"WebPage\",\"@id\":\"http:\\\/\\\/www.defensoria.gob.ve\\\/?p=18170\",\"url\":\"http:\\\/\\\/www.defensoria.gob.ve\\\/?p=18170\",\"name\":\"Defensor del Pueblo (E), Tarek William Saab elogi\u00f3 jornada social \\\"Amor en Acci\u00f3n Juntos como Familia\\\" -\",\"isPartOf\":{\"@id\":\"http:\\\/\\\/www.defensoria.gob.ve\\\/#website\"},\"primaryImageOfPage\":{\"@id\":\"http:\\\/\\\/www.defensoria.gob.ve\\\/?p=18170#primaryimage\"},\"image\":{\"@id\":\"http:\\\/\\\/www.defensoria.gob.ve\\\/?p=18170#primaryimage\"},\"thumbnailUrl\":\"http:\\\/\\\/www.defensoria.gob.ve\\\/wp-content\\\/uploads\\\/2026\\\/03\\\/WhatsApp-Image-2026-03-12-at-2.30.25-PM-4.jpeg\",\"datePublished\":\"2026-03-13T14:57:07+00:00\",\"dateModified\":\"2026-03-13T14:57:46+00:00\",\"author\":{\"@id\":\"http:\\\/\\\/www.defensoria.gob.ve\\\/#\\\/schema\\\/person\\\/0fcc680c550d91982c4c009f5b19b8ec\"},\"breadcrumb\":{\"@id\":\"http:\\\/\\\/www.defensoria.gob.ve\\\/?p=18170#breadcrumb\"},\"inLanguage\":\"es\",\"potentialAction\":[{\"@type\":\"ReadAction\",\"target\":[\"http:\\\/\\\/www.defensoria.gob.ve\\\/?p=18170\"]}]},{\"@type\":\"ImageObject\",\"inLanguage\":\"es\",\"@id\":\"http:\\\/\\\/www.defensoria.gob.ve\\\/?p=18170#primaryimage\",\"url\":\"http:\\\/\\\/www.defensoria.gob.ve\\\/wp-content\\\/uploads\\\/2026\\\/03\\\/WhatsApp-Image-2026-03-12-at-2.30.25-PM-4.jpeg\",\"contentUrl\":\"http:\\\/\\\/www.defensoria.gob.ve\\\/wp-content\\\/uploads\\\/2026\\\/03\\\/WhatsApp-Image-2026-03-12-at-2.30.25-PM-4.jpeg\",\"width\":1600,\"height\":1204},{\"@type\":\"BreadcrumbList\",\"@id\":\"http:\\\/\\\/www.defensoria.gob.ve\\\/?p=18170#breadcrumb\",\"itemListElement\":[{\"@type\":\"ListItem\",\"position\":1,\"name\":\"Portada\",\"item\":\"http:\\\/\\\/www.defensoria.gob.ve\\\/\"},{\"@type\":\"ListItem\",\"position\":2,\"name\":\"Defensor del Pueblo (E), Tarek William Saab elogi\u00f3 jornada social \u00abAmor en Acci\u00f3n Juntos como Familia\u00bb\"}]},{\"@type\":\"WebSite\",\"@id\":\"http:\\\/\\\/www.defensoria.gob.ve\\\/#website\",\"url\":\"http:\\\/\\\/www.defensoria.gob.ve\\\/\",\"name\":\"\",\"description\":\"Instituci\u00f3n del Poder Ciudadano para la Promoci\u00f3n, Defensa y Vigilancia de los Derechos Humanos. \",\"potentialAction\":[{\"@type\":\"SearchAction\",\"target\":{\"@type\":\"EntryPoint\",\"urlTemplate\":\"http:\\\/\\\/www.defensoria.gob.ve\\\/?s={search_term_string}\"},\"query-input\":{\"@type\":\"PropertyValueSpecification\",\"valueRequired\":true,\"valueName\":\"search_term_string\"}}],\"inLanguage\":\"es\"},{\"@type\":\"Person\",\"@id\":\"http:\\\/\\\/www.defensoria.gob.ve\\\/#\\\/schema\\\/person\\\/0fcc680c550d91982c4c009f5b19b8ec\",\"name\":\"KF.\",\"image\":{\"@type\":\"ImageObject\",\"inLanguage\":\"es\",\"@id\":\"https:\\\/\\\/secure.gravatar.com\\\/avatar\\\/d7d0d6b70133abf46e0bf5e7f5f63f5ae46353601f9ad9a981c38691d4b186b0?s=96&d=mm&r=g\",\"url\":\"https:\\\/\\\/secure.gravatar.com\\\/avatar\\\/d7d0d6b70133abf46e0bf5e7f5f63f5ae46353601f9ad9a981c38691d4b186b0?s=96&d=mm&r=g\",\"contentUrl\":\"https:\\\/\\\/secure.gravatar.com\\\/avatar\\\/d7d0d6b70133abf46e0bf5e7f5f63f5ae46353601f9ad9a981c38691d4b186b0?s=96&d=mm&r=g\",\"caption\":\"KF.\"},\"url\":\"http:\\\/\\\/www.defensoria.gob.ve\\\/?author=14\"}]}<\/script>\n<!-- \/ Yoast SEO plugin. -->","yoast_head_json":{"title":"Defensor del Pueblo (E), Tarek William Saab elogi\u00f3 jornada social \"Amor en Acci\u00f3n Juntos como Familia\" -","robots":{"index":"index","follow":"follow","max-snippet":"max-snippet:-1","max-image-preview":"max-image-preview:large","max-video-preview":"max-video-preview:-1"},"canonical":"http:\/\/www.defensoria.gob.ve\/?p=18170","og_locale":"es_ES","og_type":"article","og_title":"Defensor del Pueblo (E), Tarek William Saab elogi\u00f3 jornada social \"Amor en Acci\u00f3n Juntos como Familia\" -","og_description":"(T\u00e1chira\/13-Mar 2026) El equipo de la Sede delegada Municipal Garc\u00eda de Hevia, perteneciente a la Defensor\u00eda del Pueblo delegada en el estado T\u00e1chira, particip\u00f3 activamente en una jornada social n\u00famero&hellip;","og_url":"http:\/\/www.defensoria.gob.ve\/?p=18170","article_published_time":"2026-03-13T14:57:07+00:00","article_modified_time":"2026-03-13T14:57:46+00:00","og_image":[{"width":1600,"height":1204,"url":"http:\/\/www.defensoria.gob.ve\/wp-content\/uploads\/2026\/03\/WhatsApp-Image-2026-03-12-at-2.30.25-PM-4.jpeg","type":"image\/jpeg"}],"author":"KF.","twitter_card":"summary_large_image","twitter_misc":{"Escrito por":"KF.","Tiempo estimado de lectura":"2 minutos"},"schema":{"@context":"https:\/\/schema.org","@graph":[{"@type":"Article","@id":"http:\/\/www.defensoria.gob.ve\/?p=18170#article","isPartOf":{"@id":"http:\/\/www.defensoria.gob.ve\/?p=18170"},"author":{"name":"KF.","@id":"http:\/\/www.defensoria.gob.ve\/#\/schema\/person\/0fcc680c550d91982c4c009f5b19b8ec"},"headline":"Defensor del Pueblo (E), Tarek William Saab elogi\u00f3 jornada social \u00abAmor en Acci\u00f3n Juntos como Familia\u00bb","datePublished":"2026-03-13T14:57:07+00:00","dateModified":"2026-03-13T14:57:46+00:00","mainEntityOfPage":{"@id":"http:\/\/www.defensoria.gob.ve\/?p=18170"},"wordCount":247,"image":{"@id":"http:\/\/www.defensoria.gob.ve\/?p=18170#primaryimage"},"thumbnailUrl":"http:\/\/www.defensoria.gob.ve\/wp-content\/uploads\/2026\/03\/WhatsApp-Image-2026-03-12-at-2.30.25-PM-4.jpeg","articleSection":["REGIONALES"],"inLanguage":"es"},{"@type":"WebPage","@id":"http:\/\/www.defensoria.gob.ve\/?p=18170","url":"http:\/\/www.defensoria.gob.ve\/?p=18170","name":"Defensor del Pueblo (E), Tarek William Saab elogi\u00f3 jornada social \"Amor en Acci\u00f3n Juntos como Familia\" -","isPartOf":{"@id":"http:\/\/www.defensoria.gob.ve\/#website"},"primaryImageOfPage":{"@id":"http:\/\/www.defensoria.gob.ve\/?p=18170#primaryimage"},"image":{"@id":"http:\/\/www.defensoria.gob.ve\/?p=18170#primaryimage"},"thumbnailUrl":"http:\/\/www.defensoria.gob.ve\/wp-content\/uploads\/2026\/03\/WhatsApp-Image-2026-03-12-at-2.30.25-PM-4.jpeg","datePublished":"2026-03-13T14:57:07+00:00","dateModified":"2026-03-13T14:57:46+00:00","author":{"@id":"http:\/\/www.defensoria.gob.ve\/#\/schema\/person\/0fcc680c550d91982c4c009f5b19b8ec"},"breadcrumb":{"@id":"http:\/\/www.defensoria.gob.ve\/?p=18170#breadcrumb"},"inLanguage":"es","potentialAction":[{"@type":"ReadAction","target":["http:\/\/www.defensoria.gob.ve\/?p=18170"]}]},{"@type":"ImageObject","inLanguage":"es","@id":"http:\/\/www.defensoria.gob.ve\/?p=18170#primaryimage","url":"http:\/\/www.defensoria.gob.ve\/wp-content\/uploads\/2026\/03\/WhatsApp-Image-2026-03-12-at-2.30.25-PM-4.jpeg","contentUrl":"http:\/\/www.defensoria.gob.ve\/wp-content\/uploads\/2026\/03\/WhatsApp-Image-2026-03-12-at-2.30.25-PM-4.jpeg","width":1600,"height":1204},{"@type":"BreadcrumbList","@id":"http:\/\/www.defensoria.gob.ve\/?p=18170#breadcrumb","itemListElement":[{"@type":"ListItem","position":1,"name":"Portada","item":"http:\/\/www.defensoria.gob.ve\/"},{"@type":"ListItem","position":2,"name":"Defensor del Pueblo (E), Tarek William Saab elogi\u00f3 jornada social \u00abAmor en Acci\u00f3n Juntos como Familia\u00bb"}]},{"@type":"WebSite","@id":"http:\/\/www.defensoria.gob.ve\/#website","url":"http:\/\/www.defensoria.gob.ve\/","name":"","description":"Instituci\u00f3n del Poder Ciudadano para la Promoci\u00f3n, Defensa y Vigilancia de los Derechos Humanos. ","potentialAction":[{"@type":"SearchAction","target":{"@type":"EntryPoint","urlTemplate":"http:\/\/www.defensoria.gob.ve\/?s={search_term_string}"},"query-input":{"@type":"PropertyValueSpecification","valueRequired":true,"valueName":"search_term_string"}}],"inLanguage":"es"},{"@type":"Person","@id":"http:\/\/www.defensoria.gob.ve\/#\/schema\/person\/0fcc680c550d91982c4c009f5b19b8ec","name":"KF.","image":{"@type":"ImageObject","inLanguage":"es","@id":"https:\/\/secure.gravatar.com\/avatar\/d7d0d6b70133abf46e0bf5e7f5f63f5ae46353601f9ad9a981c38691d4b186b0?s=96&d=mm&r=g","url":"https:\/\/secure.gravatar.com\/avatar\/d7d0d6b70133abf46e0bf5e7f5f63f5ae46353601f9ad9a981c38691d4b186b0?s=96&d=mm&r=g","contentUrl":"https:\/\/secure.gravatar.com\/avatar\/d7d0d6b70133abf46e0bf5e7f5f63f5ae46353601f9ad9a981c38691d4b186b0?s=96&d=mm&r=g","caption":"KF."},"url":"http:\/\/www.defensoria.gob.ve\/?author=14"}]}},"_links":{"self":[{"href":"http:\/\/www.defensoria.gob.ve\/index.php?rest_route=\/wp\/v2\/posts\/18170","targetHints":{"allow":["GET"]}}],"collection":[{"href":"http:\/\/www.defensoria.gob.ve\/index.php?rest_route=\/wp\/v2\/posts"}],"about":[{"href":"http:\/\/www.defensoria.gob.ve\/index.php?rest_route=\/wp\/v2\/types\/post"}],"author":[{"embeddable":true,"href":"http:\/\/www.defensoria.gob.ve\/index.php?rest_route=\/wp\/v2\/users\/14"}],"replies":[{"embeddable":true,"href":"http:\/\/www.defensoria.gob.ve\/index.php?rest_route=%2Fwp%2Fv2%2Fcomments&post=18170"}],"version-history":[{"count":4,"href":"http:\/\/www.defensoria.gob.ve\/index.php?rest_route=\/wp\/v2\/posts\/18170\/revisions"}],"predecessor-version":[{"id":18176,"href":"http:\/\/www.defensoria.gob.ve\/index.php?rest_route=\/wp\/v2\/posts\/18170\/revisions\/18176"}],"wp:featuredmedia":[{"embeddable":true,"href":"http:\/\/www.defensoria.gob.ve\/index.php?rest_route=\/wp\/v2\/media\/18172"}],"wp:attachment":[{"href":"http:\/\/www.defensoria.gob.ve\/index.php?rest_route=%2Fwp%2Fv2%2Fmedia&parent=18170"}],"wp:term":[{"taxonomy":"category","embeddable":true,"href":"http:\/\/www.defensoria.gob.ve\/index.php?rest_route=%2Fwp%2Fv2%2Fcategories&post=18170"},{"taxonomy":"post_tag","embeddable":true,"href":"http:\/\/www.defensoria.gob.ve\/index.php?rest_route=%2Fwp%2Fv2%2Ftags&post=18170"}],"curies":[{"name":"wp","href":"https:\/\/api.w.org\/{rel}","templated":true}]}}