 
{"id":18177,"date":"2026-03-13T12:32:58","date_gmt":"2026-03-13T16:32:58","guid":{"rendered":"http:\/\/www.defensoria.gob.ve\/?p=18177"},"modified":"2026-03-13T12:33:53","modified_gmt":"2026-03-13T16:33:53","slug":"cumpliendo-con-las-directrices-emanadas-por-el-defensor-del-pueblo-e-tarek-william-saab-delegada-de-barinas-dicta-taller-sobre-ddhh-y-responsabilidad-penal-del-adolescente","status":"publish","type":"post","link":"http:\/\/www.defensoria.gob.ve\/?p=18177","title":{"rendered":"Cumpliendo con las directrices emanadas por el Defensor del Pueblo (E), Tarek William Saab Delegada de Barinas dicta taller sobre DDHH y responsabilidad penal del adolescente"},"content":{"rendered":"\t\t<div data-elementor-type=\"wp-post\" data-elementor-id=\"18177\" class=\"elementor elementor-18177\">\n\t\t\t\t\t\t<section class=\"elementor-section elementor-top-section elementor-element elementor-element-79897990 elementor-section-boxed elementor-section-height-default elementor-section-height-default\" data-id=\"79897990\" data-element_type=\"section\" data-e-type=\"section\">\n\t\t\t\t\t\t<div class=\"elementor-container elementor-column-gap-default\">\n\t\t\t\t\t<div class=\"elementor-column elementor-col-100 elementor-top-column elementor-element elementor-element-f286515\" data-id=\"f286515\" data-element_type=\"column\" data-e-type=\"column\">\n\t\t\t<div class=\"elementor-widget-wrap elementor-element-populated\">\n\t\t\t\t\t\t<div class=\"elementor-element elementor-element-6f2af461 elementor-widget elementor-widget-text-editor\" data-id=\"6f2af461\" data-element_type=\"widget\" data-e-type=\"widget\" data-widget_type=\"text-editor.default\">\n\t\t\t\t<div class=\"elementor-widget-container\">\n\t\t\t\t\t\t\t\t\t\n<p>(Barinas\/13-mar-26) Cumpliendo con las directrices emanadas por el Defensor del Pueblo (E), Tarek William Saab, la Defensor\u00eda Delegada del estado Barinas, bajo la gesti\u00f3n del Abg. Jes\u00fas P\u00e9rez, llev\u00f3 a cabo una jornada de formaci\u00f3n especializada sobre los Derechos humanos de los adolescentes en conflicto con la ley penal.<\/p>\n\n<p>El taller, titulado \u201cDerechos Humanos, Atribuciones y Competencias de la Defensor\u00eda del Pueblo\u201d, tuvo como objetivo principal fortalecer el conocimiento t\u00e9cnico y legal de los participantes respecto al Sistema de Responsabilidad Penal del Adolescente.<\/p>\n\n<p>Durante la actividad, se enfatiz\u00f3 la importancia de garantizar el debido proceso y la protecci\u00f3n integral de los j\u00f3venes entre 14 y 17 a\u00f1os, cuya responsabilidad jur\u00eddica tiene un enfoque estrictamente socio-educativo.<\/p>\n\n<p>Esta iniciativa forma parte del programa de formaci\u00f3n continua que impulsa la Escuela Nacional de Derechos Humanos para asegurar que los servidores p\u00fablicos y la comunidad organizada cuenten con herramientas legales que promuevan una cultura de paz y respeto a la dignidad humana. FIN<\/p>\n\t\t\t\t\t\t\t\t<\/div>\n\t\t\t\t<\/div>\n\t\t\t\t\t<\/div>\n\t\t<\/div>\n\t\t\t\t\t<\/div>\n\t\t<\/section>\n\t\t\t\t<\/div>\n\t\t","protected":false},"excerpt":{"rendered":"<p>(Barinas\/13-mar-26) Cumpliendo con las directrices emanadas por el Defensor del Pueblo (E), Tarek William Saab, la Defensor\u00eda Delegada del estado Barinas, bajo la gesti\u00f3n del Abg. Jes\u00fas P\u00e9rez, llev\u00f3 a&hellip; <\/p>\n","protected":false},"author":14,"featured_media":18180,"comment_status":"closed","ping_status":"open","sticky":false,"template":"","format":"standard","meta":{"footnotes":""},"categories":[5],"tags":[],"class_list":["post-18177","post","type-post","status-publish","format-standard","has-post-thumbnail","hentry","category-regionales"],"yoast_head":"<!-- This site is optimized with the Yoast SEO plugin v27.4 - https:\/\/yoast.com\/product\/yoast-seo-wordpress\/ -->\n<title>Cumpliendo con las directrices emanadas por el Defensor del Pueblo (E), Tarek William Saab Delegada de Barinas dicta taller sobre DDHH y responsabilidad penal del adolescente -<\/title>\n<meta name=\"robots\" content=\"index, follow, max-snippet:-1, max-image-preview:large, max-video-preview:-1\" \/>\n<link rel=\"canonical\" href=\"http:\/\/www.defensoria.gob.ve\/?p=18177\" \/>\n<meta property=\"og:locale\" content=\"es_ES\" \/>\n<meta property=\"og:type\" content=\"article\" \/>\n<meta property=\"og:title\" content=\"Cumpliendo con las directrices emanadas por el Defensor del Pueblo (E), Tarek William Saab Delegada de Barinas dicta taller sobre DDHH y responsabilidad penal del adolescente -\" \/>\n<meta property=\"og:description\" content=\"(Barinas\/13-mar-26) Cumpliendo con las directrices emanadas por el Defensor del Pueblo (E), Tarek William Saab, la Defensor\u00eda Delegada del estado Barinas, bajo la gesti\u00f3n del Abg. Jes\u00fas P\u00e9rez, llev\u00f3 a&hellip;\" \/>\n<meta property=\"og:url\" content=\"http:\/\/www.defensoria.gob.ve\/?p=18177\" \/>\n<meta property=\"article:published_time\" content=\"2026-03-13T16:32:58+00:00\" \/>\n<meta property=\"article:modified_time\" content=\"2026-03-13T16:33:53+00:00\" \/>\n<meta property=\"og:image\" content=\"http:\/\/www.defensoria.gob.ve\/wp-content\/uploads\/2026\/03\/WhatsApp-Image-2026-03-13-at-11.35.27-AM.jpeg\" \/>\n\t<meta property=\"og:image:width\" content=\"721\" \/>\n\t<meta property=\"og:image:height\" content=\"878\" \/>\n\t<meta property=\"og:image:type\" content=\"image\/jpeg\" \/>\n<meta name=\"author\" content=\"KF.\" \/>\n<meta name=\"twitter:card\" content=\"summary_large_image\" \/>\n<meta name=\"twitter:label1\" content=\"Escrito por\" \/>\n\t<meta name=\"twitter:data1\" content=\"KF.\" \/>\n\t<meta name=\"twitter:label2\" content=\"Tiempo estimado de lectura\" \/>\n\t<meta name=\"twitter:data2\" content=\"1 minuto\" \/>\n<script type=\"application\/ld+json\" class=\"yoast-schema-graph\">{\"@context\":\"https:\\\/\\\/schema.org\",\"@graph\":[{\"@type\":\"Article\",\"@id\":\"http:\\\/\\\/www.defensoria.gob.ve\\\/?p=18177#article\",\"isPartOf\":{\"@id\":\"http:\\\/\\\/www.defensoria.gob.ve\\\/?p=18177\"},\"author\":{\"name\":\"KF.\",\"@id\":\"http:\\\/\\\/www.defensoria.gob.ve\\\/#\\\/schema\\\/person\\\/0fcc680c550d91982c4c009f5b19b8ec\"},\"headline\":\"Cumpliendo con las directrices emanadas por el Defensor del Pueblo (E), Tarek William Saab Delegada de Barinas dicta taller sobre DDHH y responsabilidad penal del adolescente\",\"datePublished\":\"2026-03-13T16:32:58+00:00\",\"dateModified\":\"2026-03-13T16:33:53+00:00\",\"mainEntityOfPage\":{\"@id\":\"http:\\\/\\\/www.defensoria.gob.ve\\\/?p=18177\"},\"wordCount\":197,\"image\":{\"@id\":\"http:\\\/\\\/www.defensoria.gob.ve\\\/?p=18177#primaryimage\"},\"thumbnailUrl\":\"http:\\\/\\\/www.defensoria.gob.ve\\\/wp-content\\\/uploads\\\/2026\\\/03\\\/WhatsApp-Image-2026-03-13-at-11.35.27-AM.jpeg\",\"articleSection\":[\"REGIONALES\"],\"inLanguage\":\"es\"},{\"@type\":\"WebPage\",\"@id\":\"http:\\\/\\\/www.defensoria.gob.ve\\\/?p=18177\",\"url\":\"http:\\\/\\\/www.defensoria.gob.ve\\\/?p=18177\",\"name\":\"Cumpliendo con las directrices emanadas por el Defensor del Pueblo (E), Tarek William Saab Delegada de Barinas dicta taller sobre DDHH y responsabilidad penal del adolescente -\",\"isPartOf\":{\"@id\":\"http:\\\/\\\/www.defensoria.gob.ve\\\/#website\"},\"primaryImageOfPage\":{\"@id\":\"http:\\\/\\\/www.defensoria.gob.ve\\\/?p=18177#primaryimage\"},\"image\":{\"@id\":\"http:\\\/\\\/www.defensoria.gob.ve\\\/?p=18177#primaryimage\"},\"thumbnailUrl\":\"http:\\\/\\\/www.defensoria.gob.ve\\\/wp-content\\\/uploads\\\/2026\\\/03\\\/WhatsApp-Image-2026-03-13-at-11.35.27-AM.jpeg\",\"datePublished\":\"2026-03-13T16:32:58+00:00\",\"dateModified\":\"2026-03-13T16:33:53+00:00\",\"author\":{\"@id\":\"http:\\\/\\\/www.defensoria.gob.ve\\\/#\\\/schema\\\/person\\\/0fcc680c550d91982c4c009f5b19b8ec\"},\"breadcrumb\":{\"@id\":\"http:\\\/\\\/www.defensoria.gob.ve\\\/?p=18177#breadcrumb\"},\"inLanguage\":\"es\",\"potentialAction\":[{\"@type\":\"ReadAction\",\"target\":[\"http:\\\/\\\/www.defensoria.gob.ve\\\/?p=18177\"]}]},{\"@type\":\"ImageObject\",\"inLanguage\":\"es\",\"@id\":\"http:\\\/\\\/www.defensoria.gob.ve\\\/?p=18177#primaryimage\",\"url\":\"http:\\\/\\\/www.defensoria.gob.ve\\\/wp-content\\\/uploads\\\/2026\\\/03\\\/WhatsApp-Image-2026-03-13-at-11.35.27-AM.jpeg\",\"contentUrl\":\"http:\\\/\\\/www.defensoria.gob.ve\\\/wp-content\\\/uploads\\\/2026\\\/03\\\/WhatsApp-Image-2026-03-13-at-11.35.27-AM.jpeg\",\"width\":721,\"height\":878},{\"@type\":\"BreadcrumbList\",\"@id\":\"http:\\\/\\\/www.defensoria.gob.ve\\\/?p=18177#breadcrumb\",\"itemListElement\":[{\"@type\":\"ListItem\",\"position\":1,\"name\":\"Portada\",\"item\":\"http:\\\/\\\/www.defensoria.gob.ve\\\/\"},{\"@type\":\"ListItem\",\"position\":2,\"name\":\"Cumpliendo con las directrices emanadas por el Defensor del Pueblo (E), Tarek William Saab Delegada de Barinas dicta taller sobre DDHH y responsabilidad penal del adolescente\"}]},{\"@type\":\"WebSite\",\"@id\":\"http:\\\/\\\/www.defensoria.gob.ve\\\/#website\",\"url\":\"http:\\\/\\\/www.defensoria.gob.ve\\\/\",\"name\":\"\",\"description\":\"Instituci\u00f3n del Poder Ciudadano para la Promoci\u00f3n, Defensa y Vigilancia de los Derechos Humanos. \",\"potentialAction\":[{\"@type\":\"SearchAction\",\"target\":{\"@type\":\"EntryPoint\",\"urlTemplate\":\"http:\\\/\\\/www.defensoria.gob.ve\\\/?s={search_term_string}\"},\"query-input\":{\"@type\":\"PropertyValueSpecification\",\"valueRequired\":true,\"valueName\":\"search_term_string\"}}],\"inLanguage\":\"es\"},{\"@type\":\"Person\",\"@id\":\"http:\\\/\\\/www.defensoria.gob.ve\\\/#\\\/schema\\\/person\\\/0fcc680c550d91982c4c009f5b19b8ec\",\"name\":\"KF.\",\"image\":{\"@type\":\"ImageObject\",\"inLanguage\":\"es\",\"@id\":\"https:\\\/\\\/secure.gravatar.com\\\/avatar\\\/d7d0d6b70133abf46e0bf5e7f5f63f5ae46353601f9ad9a981c38691d4b186b0?s=96&d=mm&r=g\",\"url\":\"https:\\\/\\\/secure.gravatar.com\\\/avatar\\\/d7d0d6b70133abf46e0bf5e7f5f63f5ae46353601f9ad9a981c38691d4b186b0?s=96&d=mm&r=g\",\"contentUrl\":\"https:\\\/\\\/secure.gravatar.com\\\/avatar\\\/d7d0d6b70133abf46e0bf5e7f5f63f5ae46353601f9ad9a981c38691d4b186b0?s=96&d=mm&r=g\",\"caption\":\"KF.\"},\"url\":\"http:\\\/\\\/www.defensoria.gob.ve\\\/?author=14\"}]}<\/script>\n<!-- \/ Yoast SEO plugin. -->","yoast_head_json":{"title":"Cumpliendo con las directrices emanadas por el Defensor del Pueblo (E), Tarek William Saab Delegada de Barinas dicta taller sobre DDHH y responsabilidad penal del adolescente -","robots":{"index":"index","follow":"follow","max-snippet":"max-snippet:-1","max-image-preview":"max-image-preview:large","max-video-preview":"max-video-preview:-1"},"canonical":"http:\/\/www.defensoria.gob.ve\/?p=18177","og_locale":"es_ES","og_type":"article","og_title":"Cumpliendo con las directrices emanadas por el Defensor del Pueblo (E), Tarek William Saab Delegada de Barinas dicta taller sobre DDHH y responsabilidad penal del adolescente -","og_description":"(Barinas\/13-mar-26) Cumpliendo con las directrices emanadas por el Defensor del Pueblo (E), Tarek William Saab, la Defensor\u00eda Delegada del estado Barinas, bajo la gesti\u00f3n del Abg. Jes\u00fas P\u00e9rez, llev\u00f3 a&hellip;","og_url":"http:\/\/www.defensoria.gob.ve\/?p=18177","article_published_time":"2026-03-13T16:32:58+00:00","article_modified_time":"2026-03-13T16:33:53+00:00","og_image":[{"width":721,"height":878,"url":"http:\/\/www.defensoria.gob.ve\/wp-content\/uploads\/2026\/03\/WhatsApp-Image-2026-03-13-at-11.35.27-AM.jpeg","type":"image\/jpeg"}],"author":"KF.","twitter_card":"summary_large_image","twitter_misc":{"Escrito por":"KF.","Tiempo estimado de lectura":"1 minuto"},"schema":{"@context":"https:\/\/schema.org","@graph":[{"@type":"Article","@id":"http:\/\/www.defensoria.gob.ve\/?p=18177#article","isPartOf":{"@id":"http:\/\/www.defensoria.gob.ve\/?p=18177"},"author":{"name":"KF.","@id":"http:\/\/www.defensoria.gob.ve\/#\/schema\/person\/0fcc680c550d91982c4c009f5b19b8ec"},"headline":"Cumpliendo con las directrices emanadas por el Defensor del Pueblo (E), Tarek William Saab Delegada de Barinas dicta taller sobre DDHH y responsabilidad penal del adolescente","datePublished":"2026-03-13T16:32:58+00:00","dateModified":"2026-03-13T16:33:53+00:00","mainEntityOfPage":{"@id":"http:\/\/www.defensoria.gob.ve\/?p=18177"},"wordCount":197,"image":{"@id":"http:\/\/www.defensoria.gob.ve\/?p=18177#primaryimage"},"thumbnailUrl":"http:\/\/www.defensoria.gob.ve\/wp-content\/uploads\/2026\/03\/WhatsApp-Image-2026-03-13-at-11.35.27-AM.jpeg","articleSection":["REGIONALES"],"inLanguage":"es"},{"@type":"WebPage","@id":"http:\/\/www.defensoria.gob.ve\/?p=18177","url":"http:\/\/www.defensoria.gob.ve\/?p=18177","name":"Cumpliendo con las directrices emanadas por el Defensor del Pueblo (E), Tarek William Saab Delegada de Barinas dicta taller sobre DDHH y responsabilidad penal del adolescente -","isPartOf":{"@id":"http:\/\/www.defensoria.gob.ve\/#website"},"primaryImageOfPage":{"@id":"http:\/\/www.defensoria.gob.ve\/?p=18177#primaryimage"},"image":{"@id":"http:\/\/www.defensoria.gob.ve\/?p=18177#primaryimage"},"thumbnailUrl":"http:\/\/www.defensoria.gob.ve\/wp-content\/uploads\/2026\/03\/WhatsApp-Image-2026-03-13-at-11.35.27-AM.jpeg","datePublished":"2026-03-13T16:32:58+00:00","dateModified":"2026-03-13T16:33:53+00:00","author":{"@id":"http:\/\/www.defensoria.gob.ve\/#\/schema\/person\/0fcc680c550d91982c4c009f5b19b8ec"},"breadcrumb":{"@id":"http:\/\/www.defensoria.gob.ve\/?p=18177#breadcrumb"},"inLanguage":"es","potentialAction":[{"@type":"ReadAction","target":["http:\/\/www.defensoria.gob.ve\/?p=18177"]}]},{"@type":"ImageObject","inLanguage":"es","@id":"http:\/\/www.defensoria.gob.ve\/?p=18177#primaryimage","url":"http:\/\/www.defensoria.gob.ve\/wp-content\/uploads\/2026\/03\/WhatsApp-Image-2026-03-13-at-11.35.27-AM.jpeg","contentUrl":"http:\/\/www.defensoria.gob.ve\/wp-content\/uploads\/2026\/03\/WhatsApp-Image-2026-03-13-at-11.35.27-AM.jpeg","width":721,"height":878},{"@type":"BreadcrumbList","@id":"http:\/\/www.defensoria.gob.ve\/?p=18177#breadcrumb","itemListElement":[{"@type":"ListItem","position":1,"name":"Portada","item":"http:\/\/www.defensoria.gob.ve\/"},{"@type":"ListItem","position":2,"name":"Cumpliendo con las directrices emanadas por el Defensor del Pueblo (E), Tarek William Saab Delegada de Barinas dicta taller sobre DDHH y responsabilidad penal del adolescente"}]},{"@type":"WebSite","@id":"http:\/\/www.defensoria.gob.ve\/#website","url":"http:\/\/www.defensoria.gob.ve\/","name":"","description":"Instituci\u00f3n del Poder Ciudadano para la Promoci\u00f3n, Defensa y Vigilancia de los Derechos Humanos. ","potentialAction":[{"@type":"SearchAction","target":{"@type":"EntryPoint","urlTemplate":"http:\/\/www.defensoria.gob.ve\/?s={search_term_string}"},"query-input":{"@type":"PropertyValueSpecification","valueRequired":true,"valueName":"search_term_string"}}],"inLanguage":"es"},{"@type":"Person","@id":"http:\/\/www.defensoria.gob.ve\/#\/schema\/person\/0fcc680c550d91982c4c009f5b19b8ec","name":"KF.","image":{"@type":"ImageObject","inLanguage":"es","@id":"https:\/\/secure.gravatar.com\/avatar\/d7d0d6b70133abf46e0bf5e7f5f63f5ae46353601f9ad9a981c38691d4b186b0?s=96&d=mm&r=g","url":"https:\/\/secure.gravatar.com\/avatar\/d7d0d6b70133abf46e0bf5e7f5f63f5ae46353601f9ad9a981c38691d4b186b0?s=96&d=mm&r=g","contentUrl":"https:\/\/secure.gravatar.com\/avatar\/d7d0d6b70133abf46e0bf5e7f5f63f5ae46353601f9ad9a981c38691d4b186b0?s=96&d=mm&r=g","caption":"KF."},"url":"http:\/\/www.defensoria.gob.ve\/?author=14"}]}},"_links":{"self":[{"href":"http:\/\/www.defensoria.gob.ve\/index.php?rest_route=\/wp\/v2\/posts\/18177","targetHints":{"allow":["GET"]}}],"collection":[{"href":"http:\/\/www.defensoria.gob.ve\/index.php?rest_route=\/wp\/v2\/posts"}],"about":[{"href":"http:\/\/www.defensoria.gob.ve\/index.php?rest_route=\/wp\/v2\/types\/post"}],"author":[{"embeddable":true,"href":"http:\/\/www.defensoria.gob.ve\/index.php?rest_route=\/wp\/v2\/users\/14"}],"replies":[{"embeddable":true,"href":"http:\/\/www.defensoria.gob.ve\/index.php?rest_route=%2Fwp%2Fv2%2Fcomments&post=18177"}],"version-history":[{"count":4,"href":"http:\/\/www.defensoria.gob.ve\/index.php?rest_route=\/wp\/v2\/posts\/18177\/revisions"}],"predecessor-version":[{"id":18184,"href":"http:\/\/www.defensoria.gob.ve\/index.php?rest_route=\/wp\/v2\/posts\/18177\/revisions\/18184"}],"wp:featuredmedia":[{"embeddable":true,"href":"http:\/\/www.defensoria.gob.ve\/index.php?rest_route=\/wp\/v2\/media\/18180"}],"wp:attachment":[{"href":"http:\/\/www.defensoria.gob.ve\/index.php?rest_route=%2Fwp%2Fv2%2Fmedia&parent=18177"}],"wp:term":[{"taxonomy":"category","embeddable":true,"href":"http:\/\/www.defensoria.gob.ve\/index.php?rest_route=%2Fwp%2Fv2%2Fcategories&post=18177"},{"taxonomy":"post_tag","embeddable":true,"href":"http:\/\/www.defensoria.gob.ve\/index.php?rest_route=%2Fwp%2Fv2%2Ftags&post=18177"}],"curies":[{"name":"wp","href":"https:\/\/api.w.org\/{rel}","templated":true}]}}