 
{"id":18186,"date":"2026-03-13T12:40:42","date_gmt":"2026-03-13T16:40:42","guid":{"rendered":"http:\/\/www.defensoria.gob.ve\/?p=18186"},"modified":"2026-03-13T12:41:21","modified_gmt":"2026-03-13T16:41:21","slug":"defensor-del-pueblo-e-tarek-william-saab-informo-de-la-instalacion-del-comite-operativo-para-el-manejo-de-las-cuencas-hidrograficas-en-falcon","status":"publish","type":"post","link":"http:\/\/www.defensoria.gob.ve\/?p=18186","title":{"rendered":"Defensor del Pueblo (E), Tarek William Saab inform\u00f3 de la instalaci\u00f3n del Comit\u00e9 Operativo para el Manejo de las Cuencas Hidrogr\u00e1ficas en Falc\u00f3n"},"content":{"rendered":"\t\t<div data-elementor-type=\"wp-post\" data-elementor-id=\"18186\" class=\"elementor elementor-18186\">\n\t\t\t\t\t\t<section class=\"elementor-section elementor-top-section elementor-element elementor-element-34650ffb elementor-section-boxed elementor-section-height-default elementor-section-height-default\" data-id=\"34650ffb\" data-element_type=\"section\" data-e-type=\"section\">\n\t\t\t\t\t\t<div class=\"elementor-container elementor-column-gap-default\">\n\t\t\t\t\t<div class=\"elementor-column elementor-col-100 elementor-top-column elementor-element elementor-element-2ff65f44\" data-id=\"2ff65f44\" data-element_type=\"column\" data-e-type=\"column\">\n\t\t\t<div class=\"elementor-widget-wrap elementor-element-populated\">\n\t\t\t\t\t\t<div class=\"elementor-element elementor-element-1cda63f6 elementor-widget elementor-widget-text-editor\" data-id=\"1cda63f6\" data-element_type=\"widget\" data-e-type=\"widget\" data-widget_type=\"text-editor.default\">\n\t\t\t\t<div class=\"elementor-widget-container\">\n\t\t\t\t\t\t\t\t\t\n<p style=\"text-align: justify;\">(Falc\u00f3n\/ 13-Mar-25) El pasado mi\u00e9rcoles 11 de marzo, en el Sal\u00f3n de la Resistencia Ind\u00edgena de la Defensor\u00eda del Pueblo de la Delegada del estado Falc\u00f3n, se llev\u00f3 a cabo la instalaci\u00f3n del Comit\u00e9 Operativo para el Manejo de las Cuencas Hidrogr\u00e1ficas en la regi\u00f3n, con el objetivo fundamental de la recuperaci\u00f3n estrat\u00e9gica de estos afluentes, acci\u00f3n realizada en el marco del Programa de Protecci\u00f3n Ambiental que lleva a cabo la Defensor\u00eda delegada de la entidad.<\/p>\n\n<figure class=\"wp-block-image size-full\"><img fetchpriority=\"high\" decoding=\"async\" width=\"1020\" height=\"764\" class=\"wp-image-18187\" src=\"http:\/\/www.defensoria.gob.ve\/wp-content\/uploads\/2026\/03\/WhatsApp-Image-2026-03-13-at-11.41.35-AM.jpeg\" alt=\"\" srcset=\"http:\/\/www.defensoria.gob.ve\/wp-content\/uploads\/2026\/03\/WhatsApp-Image-2026-03-13-at-11.41.35-AM.jpeg 1020w, http:\/\/www.defensoria.gob.ve\/wp-content\/uploads\/2026\/03\/WhatsApp-Image-2026-03-13-at-11.41.35-AM-768x575.jpeg 768w\" sizes=\"(max-width: 1020px) 100vw, 1020px\" \/><\/figure>\n\n<p>Cabe destacar que el Comit\u00e9 Operativo para el Manejo de las Cuencas Hidrogr\u00e1ficas cont\u00f3 con la participaci\u00f3n de diversas instituciones que unen esfuerzos en pro de garantizar un servicio \u00f3ptimo a las comunidades, entre las cuales se encuentran: MINAGUAS, FUNDACITE, Secretar\u00eda de Ambiente Regional, UNEFM, Ministerio del Poder Popular de Agricultura y Tierras, C\u00e1mara Municipal de Sucre, UNEFM y la Defensor\u00eda del Pueblo. FIN<\/p>\n\t\t\t\t\t\t\t\t<\/div>\n\t\t\t\t<\/div>\n\t\t\t\t\t<\/div>\n\t\t<\/div>\n\t\t\t\t\t<\/div>\n\t\t<\/section>\n\t\t\t\t<\/div>\n\t\t","protected":false},"excerpt":{"rendered":"<p>(Falc\u00f3n\/ 13-Mar-25) El pasado mi\u00e9rcoles 11 de marzo, en el Sal\u00f3n de la Resistencia Ind\u00edgena de la Defensor\u00eda del Pueblo de la Delegada del estado Falc\u00f3n, se llev\u00f3 a cabo&hellip; <\/p>\n","protected":false},"author":14,"featured_media":18188,"comment_status":"closed","ping_status":"open","sticky":false,"template":"","format":"standard","meta":{"footnotes":""},"categories":[5],"tags":[],"class_list":["post-18186","post","type-post","status-publish","format-standard","has-post-thumbnail","hentry","category-regionales"],"yoast_head":"<!-- This site is optimized with the Yoast SEO plugin v27.4 - https:\/\/yoast.com\/product\/yoast-seo-wordpress\/ -->\n<title>Defensor del Pueblo (E), Tarek William Saab inform\u00f3 de la instalaci\u00f3n del Comit\u00e9 Operativo para el Manejo de las Cuencas Hidrogr\u00e1ficas en Falc\u00f3n -<\/title>\n<meta name=\"robots\" content=\"index, follow, max-snippet:-1, max-image-preview:large, max-video-preview:-1\" \/>\n<link rel=\"canonical\" href=\"http:\/\/www.defensoria.gob.ve\/?p=18186\" \/>\n<meta property=\"og:locale\" content=\"es_ES\" \/>\n<meta property=\"og:type\" content=\"article\" \/>\n<meta property=\"og:title\" content=\"Defensor del Pueblo (E), Tarek William Saab inform\u00f3 de la instalaci\u00f3n del Comit\u00e9 Operativo para el Manejo de las Cuencas Hidrogr\u00e1ficas en Falc\u00f3n -\" \/>\n<meta property=\"og:description\" content=\"(Falc\u00f3n\/ 13-Mar-25) El pasado mi\u00e9rcoles 11 de marzo, en el Sal\u00f3n de la Resistencia Ind\u00edgena de la Defensor\u00eda del Pueblo de la Delegada del estado Falc\u00f3n, se llev\u00f3 a cabo&hellip;\" \/>\n<meta property=\"og:url\" content=\"http:\/\/www.defensoria.gob.ve\/?p=18186\" \/>\n<meta property=\"article:published_time\" content=\"2026-03-13T16:40:42+00:00\" \/>\n<meta property=\"article:modified_time\" content=\"2026-03-13T16:41:21+00:00\" \/>\n<meta property=\"og:image\" content=\"http:\/\/www.defensoria.gob.ve\/wp-content\/uploads\/2026\/03\/WhatsApp-Image-2026-03-13-at-11.41.34-AM.jpeg\" \/>\n\t<meta property=\"og:image:width\" content=\"1080\" \/>\n\t<meta property=\"og:image:height\" content=\"607\" \/>\n\t<meta property=\"og:image:type\" content=\"image\/jpeg\" \/>\n<meta name=\"author\" content=\"KF.\" \/>\n<meta name=\"twitter:card\" content=\"summary_large_image\" \/>\n<meta name=\"twitter:label1\" content=\"Escrito por\" \/>\n\t<meta name=\"twitter:data1\" content=\"KF.\" \/>\n\t<meta name=\"twitter:label2\" content=\"Tiempo estimado de lectura\" \/>\n\t<meta name=\"twitter:data2\" content=\"1 minuto\" \/>\n<script type=\"application\/ld+json\" class=\"yoast-schema-graph\">{\"@context\":\"https:\\\/\\\/schema.org\",\"@graph\":[{\"@type\":\"Article\",\"@id\":\"http:\\\/\\\/www.defensoria.gob.ve\\\/?p=18186#article\",\"isPartOf\":{\"@id\":\"http:\\\/\\\/www.defensoria.gob.ve\\\/?p=18186\"},\"author\":{\"name\":\"KF.\",\"@id\":\"http:\\\/\\\/www.defensoria.gob.ve\\\/#\\\/schema\\\/person\\\/0fcc680c550d91982c4c009f5b19b8ec\"},\"headline\":\"Defensor del Pueblo (E), Tarek William Saab inform\u00f3 de la instalaci\u00f3n del Comit\u00e9 Operativo para el Manejo de las Cuencas Hidrogr\u00e1ficas en Falc\u00f3n\",\"datePublished\":\"2026-03-13T16:40:42+00:00\",\"dateModified\":\"2026-03-13T16:41:21+00:00\",\"mainEntityOfPage\":{\"@id\":\"http:\\\/\\\/www.defensoria.gob.ve\\\/?p=18186\"},\"wordCount\":184,\"image\":{\"@id\":\"http:\\\/\\\/www.defensoria.gob.ve\\\/?p=18186#primaryimage\"},\"thumbnailUrl\":\"http:\\\/\\\/www.defensoria.gob.ve\\\/wp-content\\\/uploads\\\/2026\\\/03\\\/WhatsApp-Image-2026-03-13-at-11.41.34-AM.jpeg\",\"articleSection\":[\"REGIONALES\"],\"inLanguage\":\"es\"},{\"@type\":\"WebPage\",\"@id\":\"http:\\\/\\\/www.defensoria.gob.ve\\\/?p=18186\",\"url\":\"http:\\\/\\\/www.defensoria.gob.ve\\\/?p=18186\",\"name\":\"Defensor del Pueblo (E), Tarek William Saab inform\u00f3 de la instalaci\u00f3n del Comit\u00e9 Operativo para el Manejo de las Cuencas Hidrogr\u00e1ficas en Falc\u00f3n -\",\"isPartOf\":{\"@id\":\"http:\\\/\\\/www.defensoria.gob.ve\\\/#website\"},\"primaryImageOfPage\":{\"@id\":\"http:\\\/\\\/www.defensoria.gob.ve\\\/?p=18186#primaryimage\"},\"image\":{\"@id\":\"http:\\\/\\\/www.defensoria.gob.ve\\\/?p=18186#primaryimage\"},\"thumbnailUrl\":\"http:\\\/\\\/www.defensoria.gob.ve\\\/wp-content\\\/uploads\\\/2026\\\/03\\\/WhatsApp-Image-2026-03-13-at-11.41.34-AM.jpeg\",\"datePublished\":\"2026-03-13T16:40:42+00:00\",\"dateModified\":\"2026-03-13T16:41:21+00:00\",\"author\":{\"@id\":\"http:\\\/\\\/www.defensoria.gob.ve\\\/#\\\/schema\\\/person\\\/0fcc680c550d91982c4c009f5b19b8ec\"},\"breadcrumb\":{\"@id\":\"http:\\\/\\\/www.defensoria.gob.ve\\\/?p=18186#breadcrumb\"},\"inLanguage\":\"es\",\"potentialAction\":[{\"@type\":\"ReadAction\",\"target\":[\"http:\\\/\\\/www.defensoria.gob.ve\\\/?p=18186\"]}]},{\"@type\":\"ImageObject\",\"inLanguage\":\"es\",\"@id\":\"http:\\\/\\\/www.defensoria.gob.ve\\\/?p=18186#primaryimage\",\"url\":\"http:\\\/\\\/www.defensoria.gob.ve\\\/wp-content\\\/uploads\\\/2026\\\/03\\\/WhatsApp-Image-2026-03-13-at-11.41.34-AM.jpeg\",\"contentUrl\":\"http:\\\/\\\/www.defensoria.gob.ve\\\/wp-content\\\/uploads\\\/2026\\\/03\\\/WhatsApp-Image-2026-03-13-at-11.41.34-AM.jpeg\",\"width\":1080,\"height\":607},{\"@type\":\"BreadcrumbList\",\"@id\":\"http:\\\/\\\/www.defensoria.gob.ve\\\/?p=18186#breadcrumb\",\"itemListElement\":[{\"@type\":\"ListItem\",\"position\":1,\"name\":\"Portada\",\"item\":\"http:\\\/\\\/www.defensoria.gob.ve\\\/\"},{\"@type\":\"ListItem\",\"position\":2,\"name\":\"Defensor del Pueblo (E), Tarek William Saab inform\u00f3 de la instalaci\u00f3n del Comit\u00e9 Operativo para el Manejo de las Cuencas Hidrogr\u00e1ficas en Falc\u00f3n\"}]},{\"@type\":\"WebSite\",\"@id\":\"http:\\\/\\\/www.defensoria.gob.ve\\\/#website\",\"url\":\"http:\\\/\\\/www.defensoria.gob.ve\\\/\",\"name\":\"\",\"description\":\"Instituci\u00f3n del Poder Ciudadano para la Promoci\u00f3n, Defensa y Vigilancia de los Derechos Humanos. \",\"potentialAction\":[{\"@type\":\"SearchAction\",\"target\":{\"@type\":\"EntryPoint\",\"urlTemplate\":\"http:\\\/\\\/www.defensoria.gob.ve\\\/?s={search_term_string}\"},\"query-input\":{\"@type\":\"PropertyValueSpecification\",\"valueRequired\":true,\"valueName\":\"search_term_string\"}}],\"inLanguage\":\"es\"},{\"@type\":\"Person\",\"@id\":\"http:\\\/\\\/www.defensoria.gob.ve\\\/#\\\/schema\\\/person\\\/0fcc680c550d91982c4c009f5b19b8ec\",\"name\":\"KF.\",\"image\":{\"@type\":\"ImageObject\",\"inLanguage\":\"es\",\"@id\":\"https:\\\/\\\/secure.gravatar.com\\\/avatar\\\/d7d0d6b70133abf46e0bf5e7f5f63f5ae46353601f9ad9a981c38691d4b186b0?s=96&d=mm&r=g\",\"url\":\"https:\\\/\\\/secure.gravatar.com\\\/avatar\\\/d7d0d6b70133abf46e0bf5e7f5f63f5ae46353601f9ad9a981c38691d4b186b0?s=96&d=mm&r=g\",\"contentUrl\":\"https:\\\/\\\/secure.gravatar.com\\\/avatar\\\/d7d0d6b70133abf46e0bf5e7f5f63f5ae46353601f9ad9a981c38691d4b186b0?s=96&d=mm&r=g\",\"caption\":\"KF.\"},\"url\":\"http:\\\/\\\/www.defensoria.gob.ve\\\/?author=14\"}]}<\/script>\n<!-- \/ Yoast SEO plugin. -->","yoast_head_json":{"title":"Defensor del Pueblo (E), Tarek William Saab inform\u00f3 de la instalaci\u00f3n del Comit\u00e9 Operativo para el Manejo de las Cuencas Hidrogr\u00e1ficas en Falc\u00f3n -","robots":{"index":"index","follow":"follow","max-snippet":"max-snippet:-1","max-image-preview":"max-image-preview:large","max-video-preview":"max-video-preview:-1"},"canonical":"http:\/\/www.defensoria.gob.ve\/?p=18186","og_locale":"es_ES","og_type":"article","og_title":"Defensor del Pueblo (E), Tarek William Saab inform\u00f3 de la instalaci\u00f3n del Comit\u00e9 Operativo para el Manejo de las Cuencas Hidrogr\u00e1ficas en Falc\u00f3n -","og_description":"(Falc\u00f3n\/ 13-Mar-25) El pasado mi\u00e9rcoles 11 de marzo, en el Sal\u00f3n de la Resistencia Ind\u00edgena de la Defensor\u00eda del Pueblo de la Delegada del estado Falc\u00f3n, se llev\u00f3 a cabo&hellip;","og_url":"http:\/\/www.defensoria.gob.ve\/?p=18186","article_published_time":"2026-03-13T16:40:42+00:00","article_modified_time":"2026-03-13T16:41:21+00:00","og_image":[{"width":1080,"height":607,"url":"http:\/\/www.defensoria.gob.ve\/wp-content\/uploads\/2026\/03\/WhatsApp-Image-2026-03-13-at-11.41.34-AM.jpeg","type":"image\/jpeg"}],"author":"KF.","twitter_card":"summary_large_image","twitter_misc":{"Escrito por":"KF.","Tiempo estimado de lectura":"1 minuto"},"schema":{"@context":"https:\/\/schema.org","@graph":[{"@type":"Article","@id":"http:\/\/www.defensoria.gob.ve\/?p=18186#article","isPartOf":{"@id":"http:\/\/www.defensoria.gob.ve\/?p=18186"},"author":{"name":"KF.","@id":"http:\/\/www.defensoria.gob.ve\/#\/schema\/person\/0fcc680c550d91982c4c009f5b19b8ec"},"headline":"Defensor del Pueblo (E), Tarek William Saab inform\u00f3 de la instalaci\u00f3n del Comit\u00e9 Operativo para el Manejo de las Cuencas Hidrogr\u00e1ficas en Falc\u00f3n","datePublished":"2026-03-13T16:40:42+00:00","dateModified":"2026-03-13T16:41:21+00:00","mainEntityOfPage":{"@id":"http:\/\/www.defensoria.gob.ve\/?p=18186"},"wordCount":184,"image":{"@id":"http:\/\/www.defensoria.gob.ve\/?p=18186#primaryimage"},"thumbnailUrl":"http:\/\/www.defensoria.gob.ve\/wp-content\/uploads\/2026\/03\/WhatsApp-Image-2026-03-13-at-11.41.34-AM.jpeg","articleSection":["REGIONALES"],"inLanguage":"es"},{"@type":"WebPage","@id":"http:\/\/www.defensoria.gob.ve\/?p=18186","url":"http:\/\/www.defensoria.gob.ve\/?p=18186","name":"Defensor del Pueblo (E), Tarek William Saab inform\u00f3 de la instalaci\u00f3n del Comit\u00e9 Operativo para el Manejo de las Cuencas Hidrogr\u00e1ficas en Falc\u00f3n -","isPartOf":{"@id":"http:\/\/www.defensoria.gob.ve\/#website"},"primaryImageOfPage":{"@id":"http:\/\/www.defensoria.gob.ve\/?p=18186#primaryimage"},"image":{"@id":"http:\/\/www.defensoria.gob.ve\/?p=18186#primaryimage"},"thumbnailUrl":"http:\/\/www.defensoria.gob.ve\/wp-content\/uploads\/2026\/03\/WhatsApp-Image-2026-03-13-at-11.41.34-AM.jpeg","datePublished":"2026-03-13T16:40:42+00:00","dateModified":"2026-03-13T16:41:21+00:00","author":{"@id":"http:\/\/www.defensoria.gob.ve\/#\/schema\/person\/0fcc680c550d91982c4c009f5b19b8ec"},"breadcrumb":{"@id":"http:\/\/www.defensoria.gob.ve\/?p=18186#breadcrumb"},"inLanguage":"es","potentialAction":[{"@type":"ReadAction","target":["http:\/\/www.defensoria.gob.ve\/?p=18186"]}]},{"@type":"ImageObject","inLanguage":"es","@id":"http:\/\/www.defensoria.gob.ve\/?p=18186#primaryimage","url":"http:\/\/www.defensoria.gob.ve\/wp-content\/uploads\/2026\/03\/WhatsApp-Image-2026-03-13-at-11.41.34-AM.jpeg","contentUrl":"http:\/\/www.defensoria.gob.ve\/wp-content\/uploads\/2026\/03\/WhatsApp-Image-2026-03-13-at-11.41.34-AM.jpeg","width":1080,"height":607},{"@type":"BreadcrumbList","@id":"http:\/\/www.defensoria.gob.ve\/?p=18186#breadcrumb","itemListElement":[{"@type":"ListItem","position":1,"name":"Portada","item":"http:\/\/www.defensoria.gob.ve\/"},{"@type":"ListItem","position":2,"name":"Defensor del Pueblo (E), Tarek William Saab inform\u00f3 de la instalaci\u00f3n del Comit\u00e9 Operativo para el Manejo de las Cuencas Hidrogr\u00e1ficas en Falc\u00f3n"}]},{"@type":"WebSite","@id":"http:\/\/www.defensoria.gob.ve\/#website","url":"http:\/\/www.defensoria.gob.ve\/","name":"","description":"Instituci\u00f3n del Poder Ciudadano para la Promoci\u00f3n, Defensa y Vigilancia de los Derechos Humanos. ","potentialAction":[{"@type":"SearchAction","target":{"@type":"EntryPoint","urlTemplate":"http:\/\/www.defensoria.gob.ve\/?s={search_term_string}"},"query-input":{"@type":"PropertyValueSpecification","valueRequired":true,"valueName":"search_term_string"}}],"inLanguage":"es"},{"@type":"Person","@id":"http:\/\/www.defensoria.gob.ve\/#\/schema\/person\/0fcc680c550d91982c4c009f5b19b8ec","name":"KF.","image":{"@type":"ImageObject","inLanguage":"es","@id":"https:\/\/secure.gravatar.com\/avatar\/d7d0d6b70133abf46e0bf5e7f5f63f5ae46353601f9ad9a981c38691d4b186b0?s=96&d=mm&r=g","url":"https:\/\/secure.gravatar.com\/avatar\/d7d0d6b70133abf46e0bf5e7f5f63f5ae46353601f9ad9a981c38691d4b186b0?s=96&d=mm&r=g","contentUrl":"https:\/\/secure.gravatar.com\/avatar\/d7d0d6b70133abf46e0bf5e7f5f63f5ae46353601f9ad9a981c38691d4b186b0?s=96&d=mm&r=g","caption":"KF."},"url":"http:\/\/www.defensoria.gob.ve\/?author=14"}]}},"_links":{"self":[{"href":"http:\/\/www.defensoria.gob.ve\/index.php?rest_route=\/wp\/v2\/posts\/18186","targetHints":{"allow":["GET"]}}],"collection":[{"href":"http:\/\/www.defensoria.gob.ve\/index.php?rest_route=\/wp\/v2\/posts"}],"about":[{"href":"http:\/\/www.defensoria.gob.ve\/index.php?rest_route=\/wp\/v2\/types\/post"}],"author":[{"embeddable":true,"href":"http:\/\/www.defensoria.gob.ve\/index.php?rest_route=\/wp\/v2\/users\/14"}],"replies":[{"embeddable":true,"href":"http:\/\/www.defensoria.gob.ve\/index.php?rest_route=%2Fwp%2Fv2%2Fcomments&post=18186"}],"version-history":[{"count":4,"href":"http:\/\/www.defensoria.gob.ve\/index.php?rest_route=\/wp\/v2\/posts\/18186\/revisions"}],"predecessor-version":[{"id":18192,"href":"http:\/\/www.defensoria.gob.ve\/index.php?rest_route=\/wp\/v2\/posts\/18186\/revisions\/18192"}],"wp:featuredmedia":[{"embeddable":true,"href":"http:\/\/www.defensoria.gob.ve\/index.php?rest_route=\/wp\/v2\/media\/18188"}],"wp:attachment":[{"href":"http:\/\/www.defensoria.gob.ve\/index.php?rest_route=%2Fwp%2Fv2%2Fmedia&parent=18186"}],"wp:term":[{"taxonomy":"category","embeddable":true,"href":"http:\/\/www.defensoria.gob.ve\/index.php?rest_route=%2Fwp%2Fv2%2Fcategories&post=18186"},{"taxonomy":"post_tag","embeddable":true,"href":"http:\/\/www.defensoria.gob.ve\/index.php?rest_route=%2Fwp%2Fv2%2Ftags&post=18186"}],"curies":[{"name":"wp","href":"https:\/\/api.w.org\/{rel}","templated":true}]}}