 
{"id":18193,"date":"2026-03-13T15:45:59","date_gmt":"2026-03-13T19:45:59","guid":{"rendered":"http:\/\/www.defensoria.gob.ve\/?p=18193"},"modified":"2026-03-13T15:47:30","modified_gmt":"2026-03-13T19:47:30","slug":"defensor-del-pueblo-tarek-william-saab-reafirma-compromiso-institucional-con-la-igualdad-de-genero-en-sesion-especial-del-consejo-legislativo-del-edo-delta-amacuro","status":"publish","type":"post","link":"http:\/\/www.defensoria.gob.ve\/?p=18193","title":{"rendered":"Defensor del Pueblo, Tarek William Saab reafirma compromiso institucional con la igualdad de g\u00e9nero en Sesi\u00f3n Especial del Consejo Legislativo del Edo. Delta Amacuro"},"content":{"rendered":"\t\t<div data-elementor-type=\"wp-post\" data-elementor-id=\"18193\" class=\"elementor elementor-18193\">\n\t\t\t\t\t\t<section class=\"elementor-section elementor-top-section elementor-element elementor-element-7a2a7165 elementor-section-boxed elementor-section-height-default elementor-section-height-default\" data-id=\"7a2a7165\" data-element_type=\"section\" data-e-type=\"section\">\n\t\t\t\t\t\t<div class=\"elementor-container elementor-column-gap-default\">\n\t\t\t\t\t<div class=\"elementor-column elementor-col-100 elementor-top-column elementor-element elementor-element-152e9cad\" data-id=\"152e9cad\" data-element_type=\"column\" data-e-type=\"column\">\n\t\t\t<div class=\"elementor-widget-wrap elementor-element-populated\">\n\t\t\t\t\t\t<div class=\"elementor-element elementor-element-3e7487a6 elementor-widget elementor-widget-text-editor\" data-id=\"3e7487a6\" data-element_type=\"widget\" data-e-type=\"widget\" data-widget_type=\"text-editor.default\">\n\t\t\t\t<div class=\"elementor-widget-container\">\n\t\t\t\t\t\t\t\t\t\n<p>(Delta Amacuro\/13-Mar-26) En el marco de la conmemoraci\u00f3n del D\u00eda Internacional de la Mujer, la Defensora Delegada de la entidad, Dulce Mirabal Hern\u00e1ndez, asisti\u00f3 a la Sesi\u00f3n Especial, celebrada en el seno del Consejo Legislativo del Estado Delta Amacuro, reafirmando el papel crucial de las instituciones en la protecci\u00f3n y promoci\u00f3n de los Derechos de las Mujeres.<\/p>\n\n<figure class=\"wp-block-image size-full\"><img fetchpriority=\"high\" decoding=\"async\" width=\"1200\" height=\"1600\" class=\"wp-image-18194\" src=\"http:\/\/www.defensoria.gob.ve\/wp-content\/uploads\/2026\/03\/WhatsApp-Image-2026-03-13-at-3.41.59-PM.jpeg\" alt=\"\" srcset=\"http:\/\/www.defensoria.gob.ve\/wp-content\/uploads\/2026\/03\/WhatsApp-Image-2026-03-13-at-3.41.59-PM.jpeg 1200w, http:\/\/www.defensoria.gob.ve\/wp-content\/uploads\/2026\/03\/WhatsApp-Image-2026-03-13-at-3.41.59-PM-768x1024.jpeg 768w, http:\/\/www.defensoria.gob.ve\/wp-content\/uploads\/2026\/03\/WhatsApp-Image-2026-03-13-at-3.41.59-PM-1152x1536.jpeg 1152w\" sizes=\"(max-width: 1200px) 100vw, 1200px\" \/><\/figure>\n\n<p><br \/>Durante el acto solemne, que reuni\u00f3 a diversas autoridades civiles, militares y representantes de movimientos sociales, la Abogada Mirabal Hern\u00e1ndez destac\u00f3 que esta fecha trasciende la celebraci\u00f3n para convertirse en un espacio de profunda reflexi\u00f3n y balance sobre los avances en materia de equidad y justicia social.<br \/>\u00abNuestra presencia hoy aqu\u00ed no es solo protocolar; es un testimonio del compromiso inquebrantable de la Defensor\u00eda del Pueblo para garantizar que cada mujer viva una vida libre de violencia y con pleno ejercicio de sus facultades legales y humanas\u00bb, se\u00f1al\u00f3 la Defensora Delegada Mirabal. FIN<\/p>\n\t\t\t\t\t\t\t\t<\/div>\n\t\t\t\t<\/div>\n\t\t\t\t\t<\/div>\n\t\t<\/div>\n\t\t\t\t\t<\/div>\n\t\t<\/section>\n\t\t\t\t<\/div>\n\t\t","protected":false},"excerpt":{"rendered":"<p>(Delta Amacuro\/13-Mar-26) En el marco de la conmemoraci\u00f3n del D\u00eda Internacional de la Mujer, la Defensora Delegada de la entidad, Dulce Mirabal Hern\u00e1ndez, asisti\u00f3 a la Sesi\u00f3n Especial, celebrada en&hellip; <\/p>\n","protected":false},"author":14,"featured_media":18195,"comment_status":"closed","ping_status":"open","sticky":false,"template":"","format":"standard","meta":{"footnotes":""},"categories":[5],"tags":[],"class_list":["post-18193","post","type-post","status-publish","format-standard","has-post-thumbnail","hentry","category-regionales"],"yoast_head":"<!-- This site is optimized with the Yoast SEO plugin v27.4 - https:\/\/yoast.com\/product\/yoast-seo-wordpress\/ -->\n<title>Defensor del Pueblo, Tarek William Saab reafirma compromiso institucional con la igualdad de g\u00e9nero en Sesi\u00f3n Especial del Consejo Legislativo del Edo. Delta Amacuro -<\/title>\n<meta name=\"robots\" content=\"index, follow, max-snippet:-1, max-image-preview:large, max-video-preview:-1\" \/>\n<link rel=\"canonical\" href=\"http:\/\/www.defensoria.gob.ve\/?p=18193\" \/>\n<meta property=\"og:locale\" content=\"es_ES\" \/>\n<meta property=\"og:type\" content=\"article\" \/>\n<meta property=\"og:title\" content=\"Defensor del Pueblo, Tarek William Saab reafirma compromiso institucional con la igualdad de g\u00e9nero en Sesi\u00f3n Especial del Consejo Legislativo del Edo. Delta Amacuro -\" \/>\n<meta property=\"og:description\" content=\"(Delta Amacuro\/13-Mar-26) En el marco de la conmemoraci\u00f3n del D\u00eda Internacional de la Mujer, la Defensora Delegada de la entidad, Dulce Mirabal Hern\u00e1ndez, asisti\u00f3 a la Sesi\u00f3n Especial, celebrada en&hellip;\" \/>\n<meta property=\"og:url\" content=\"http:\/\/www.defensoria.gob.ve\/?p=18193\" \/>\n<meta property=\"article:published_time\" content=\"2026-03-13T19:45:59+00:00\" \/>\n<meta property=\"article:modified_time\" content=\"2026-03-13T19:47:30+00:00\" \/>\n<meta property=\"og:image\" content=\"http:\/\/www.defensoria.gob.ve\/wp-content\/uploads\/2026\/03\/WhatsApp-Image-2026-03-13-at-3.41.38-PM.jpeg\" \/>\n\t<meta property=\"og:image:width\" content=\"1210\" \/>\n\t<meta property=\"og:image:height\" content=\"699\" \/>\n\t<meta property=\"og:image:type\" content=\"image\/jpeg\" \/>\n<meta name=\"author\" content=\"KF.\" \/>\n<meta name=\"twitter:card\" content=\"summary_large_image\" \/>\n<meta name=\"twitter:label1\" content=\"Escrito por\" \/>\n\t<meta name=\"twitter:data1\" content=\"KF.\" \/>\n\t<meta name=\"twitter:label2\" content=\"Tiempo estimado de lectura\" \/>\n\t<meta name=\"twitter:data2\" content=\"1 minuto\" \/>\n<script type=\"application\/ld+json\" class=\"yoast-schema-graph\">{\"@context\":\"https:\\\/\\\/schema.org\",\"@graph\":[{\"@type\":\"Article\",\"@id\":\"http:\\\/\\\/www.defensoria.gob.ve\\\/?p=18193#article\",\"isPartOf\":{\"@id\":\"http:\\\/\\\/www.defensoria.gob.ve\\\/?p=18193\"},\"author\":{\"name\":\"KF.\",\"@id\":\"http:\\\/\\\/www.defensoria.gob.ve\\\/#\\\/schema\\\/person\\\/0fcc680c550d91982c4c009f5b19b8ec\"},\"headline\":\"Defensor del Pueblo, Tarek William Saab reafirma compromiso institucional con la igualdad de g\u00e9nero en Sesi\u00f3n Especial del Consejo Legislativo del Edo. Delta Amacuro\",\"datePublished\":\"2026-03-13T19:45:59+00:00\",\"dateModified\":\"2026-03-13T19:47:30+00:00\",\"mainEntityOfPage\":{\"@id\":\"http:\\\/\\\/www.defensoria.gob.ve\\\/?p=18193\"},\"wordCount\":188,\"image\":{\"@id\":\"http:\\\/\\\/www.defensoria.gob.ve\\\/?p=18193#primaryimage\"},\"thumbnailUrl\":\"http:\\\/\\\/www.defensoria.gob.ve\\\/wp-content\\\/uploads\\\/2026\\\/03\\\/WhatsApp-Image-2026-03-13-at-3.41.38-PM.jpeg\",\"articleSection\":[\"REGIONALES\"],\"inLanguage\":\"es\"},{\"@type\":\"WebPage\",\"@id\":\"http:\\\/\\\/www.defensoria.gob.ve\\\/?p=18193\",\"url\":\"http:\\\/\\\/www.defensoria.gob.ve\\\/?p=18193\",\"name\":\"Defensor del Pueblo, Tarek William Saab reafirma compromiso institucional con la igualdad de g\u00e9nero en Sesi\u00f3n Especial del Consejo Legislativo del Edo. Delta Amacuro -\",\"isPartOf\":{\"@id\":\"http:\\\/\\\/www.defensoria.gob.ve\\\/#website\"},\"primaryImageOfPage\":{\"@id\":\"http:\\\/\\\/www.defensoria.gob.ve\\\/?p=18193#primaryimage\"},\"image\":{\"@id\":\"http:\\\/\\\/www.defensoria.gob.ve\\\/?p=18193#primaryimage\"},\"thumbnailUrl\":\"http:\\\/\\\/www.defensoria.gob.ve\\\/wp-content\\\/uploads\\\/2026\\\/03\\\/WhatsApp-Image-2026-03-13-at-3.41.38-PM.jpeg\",\"datePublished\":\"2026-03-13T19:45:59+00:00\",\"dateModified\":\"2026-03-13T19:47:30+00:00\",\"author\":{\"@id\":\"http:\\\/\\\/www.defensoria.gob.ve\\\/#\\\/schema\\\/person\\\/0fcc680c550d91982c4c009f5b19b8ec\"},\"breadcrumb\":{\"@id\":\"http:\\\/\\\/www.defensoria.gob.ve\\\/?p=18193#breadcrumb\"},\"inLanguage\":\"es\",\"potentialAction\":[{\"@type\":\"ReadAction\",\"target\":[\"http:\\\/\\\/www.defensoria.gob.ve\\\/?p=18193\"]}]},{\"@type\":\"ImageObject\",\"inLanguage\":\"es\",\"@id\":\"http:\\\/\\\/www.defensoria.gob.ve\\\/?p=18193#primaryimage\",\"url\":\"http:\\\/\\\/www.defensoria.gob.ve\\\/wp-content\\\/uploads\\\/2026\\\/03\\\/WhatsApp-Image-2026-03-13-at-3.41.38-PM.jpeg\",\"contentUrl\":\"http:\\\/\\\/www.defensoria.gob.ve\\\/wp-content\\\/uploads\\\/2026\\\/03\\\/WhatsApp-Image-2026-03-13-at-3.41.38-PM.jpeg\",\"width\":1210,\"height\":699},{\"@type\":\"BreadcrumbList\",\"@id\":\"http:\\\/\\\/www.defensoria.gob.ve\\\/?p=18193#breadcrumb\",\"itemListElement\":[{\"@type\":\"ListItem\",\"position\":1,\"name\":\"Portada\",\"item\":\"http:\\\/\\\/www.defensoria.gob.ve\\\/\"},{\"@type\":\"ListItem\",\"position\":2,\"name\":\"Defensor del Pueblo, Tarek William Saab reafirma compromiso institucional con la igualdad de g\u00e9nero en Sesi\u00f3n Especial del Consejo Legislativo del Edo. Delta Amacuro\"}]},{\"@type\":\"WebSite\",\"@id\":\"http:\\\/\\\/www.defensoria.gob.ve\\\/#website\",\"url\":\"http:\\\/\\\/www.defensoria.gob.ve\\\/\",\"name\":\"\",\"description\":\"Instituci\u00f3n del Poder Ciudadano para la Promoci\u00f3n, Defensa y Vigilancia de los Derechos Humanos. \",\"potentialAction\":[{\"@type\":\"SearchAction\",\"target\":{\"@type\":\"EntryPoint\",\"urlTemplate\":\"http:\\\/\\\/www.defensoria.gob.ve\\\/?s={search_term_string}\"},\"query-input\":{\"@type\":\"PropertyValueSpecification\",\"valueRequired\":true,\"valueName\":\"search_term_string\"}}],\"inLanguage\":\"es\"},{\"@type\":\"Person\",\"@id\":\"http:\\\/\\\/www.defensoria.gob.ve\\\/#\\\/schema\\\/person\\\/0fcc680c550d91982c4c009f5b19b8ec\",\"name\":\"KF.\",\"image\":{\"@type\":\"ImageObject\",\"inLanguage\":\"es\",\"@id\":\"https:\\\/\\\/secure.gravatar.com\\\/avatar\\\/d7d0d6b70133abf46e0bf5e7f5f63f5ae46353601f9ad9a981c38691d4b186b0?s=96&d=mm&r=g\",\"url\":\"https:\\\/\\\/secure.gravatar.com\\\/avatar\\\/d7d0d6b70133abf46e0bf5e7f5f63f5ae46353601f9ad9a981c38691d4b186b0?s=96&d=mm&r=g\",\"contentUrl\":\"https:\\\/\\\/secure.gravatar.com\\\/avatar\\\/d7d0d6b70133abf46e0bf5e7f5f63f5ae46353601f9ad9a981c38691d4b186b0?s=96&d=mm&r=g\",\"caption\":\"KF.\"},\"url\":\"http:\\\/\\\/www.defensoria.gob.ve\\\/?author=14\"}]}<\/script>\n<!-- \/ Yoast SEO plugin. -->","yoast_head_json":{"title":"Defensor del Pueblo, Tarek William Saab reafirma compromiso institucional con la igualdad de g\u00e9nero en Sesi\u00f3n Especial del Consejo Legislativo del Edo. Delta Amacuro -","robots":{"index":"index","follow":"follow","max-snippet":"max-snippet:-1","max-image-preview":"max-image-preview:large","max-video-preview":"max-video-preview:-1"},"canonical":"http:\/\/www.defensoria.gob.ve\/?p=18193","og_locale":"es_ES","og_type":"article","og_title":"Defensor del Pueblo, Tarek William Saab reafirma compromiso institucional con la igualdad de g\u00e9nero en Sesi\u00f3n Especial del Consejo Legislativo del Edo. Delta Amacuro -","og_description":"(Delta Amacuro\/13-Mar-26) En el marco de la conmemoraci\u00f3n del D\u00eda Internacional de la Mujer, la Defensora Delegada de la entidad, Dulce Mirabal Hern\u00e1ndez, asisti\u00f3 a la Sesi\u00f3n Especial, celebrada en&hellip;","og_url":"http:\/\/www.defensoria.gob.ve\/?p=18193","article_published_time":"2026-03-13T19:45:59+00:00","article_modified_time":"2026-03-13T19:47:30+00:00","og_image":[{"width":1210,"height":699,"url":"http:\/\/www.defensoria.gob.ve\/wp-content\/uploads\/2026\/03\/WhatsApp-Image-2026-03-13-at-3.41.38-PM.jpeg","type":"image\/jpeg"}],"author":"KF.","twitter_card":"summary_large_image","twitter_misc":{"Escrito por":"KF.","Tiempo estimado de lectura":"1 minuto"},"schema":{"@context":"https:\/\/schema.org","@graph":[{"@type":"Article","@id":"http:\/\/www.defensoria.gob.ve\/?p=18193#article","isPartOf":{"@id":"http:\/\/www.defensoria.gob.ve\/?p=18193"},"author":{"name":"KF.","@id":"http:\/\/www.defensoria.gob.ve\/#\/schema\/person\/0fcc680c550d91982c4c009f5b19b8ec"},"headline":"Defensor del Pueblo, Tarek William Saab reafirma compromiso institucional con la igualdad de g\u00e9nero en Sesi\u00f3n Especial del Consejo Legislativo del Edo. Delta Amacuro","datePublished":"2026-03-13T19:45:59+00:00","dateModified":"2026-03-13T19:47:30+00:00","mainEntityOfPage":{"@id":"http:\/\/www.defensoria.gob.ve\/?p=18193"},"wordCount":188,"image":{"@id":"http:\/\/www.defensoria.gob.ve\/?p=18193#primaryimage"},"thumbnailUrl":"http:\/\/www.defensoria.gob.ve\/wp-content\/uploads\/2026\/03\/WhatsApp-Image-2026-03-13-at-3.41.38-PM.jpeg","articleSection":["REGIONALES"],"inLanguage":"es"},{"@type":"WebPage","@id":"http:\/\/www.defensoria.gob.ve\/?p=18193","url":"http:\/\/www.defensoria.gob.ve\/?p=18193","name":"Defensor del Pueblo, Tarek William Saab reafirma compromiso institucional con la igualdad de g\u00e9nero en Sesi\u00f3n Especial del Consejo Legislativo del Edo. Delta Amacuro -","isPartOf":{"@id":"http:\/\/www.defensoria.gob.ve\/#website"},"primaryImageOfPage":{"@id":"http:\/\/www.defensoria.gob.ve\/?p=18193#primaryimage"},"image":{"@id":"http:\/\/www.defensoria.gob.ve\/?p=18193#primaryimage"},"thumbnailUrl":"http:\/\/www.defensoria.gob.ve\/wp-content\/uploads\/2026\/03\/WhatsApp-Image-2026-03-13-at-3.41.38-PM.jpeg","datePublished":"2026-03-13T19:45:59+00:00","dateModified":"2026-03-13T19:47:30+00:00","author":{"@id":"http:\/\/www.defensoria.gob.ve\/#\/schema\/person\/0fcc680c550d91982c4c009f5b19b8ec"},"breadcrumb":{"@id":"http:\/\/www.defensoria.gob.ve\/?p=18193#breadcrumb"},"inLanguage":"es","potentialAction":[{"@type":"ReadAction","target":["http:\/\/www.defensoria.gob.ve\/?p=18193"]}]},{"@type":"ImageObject","inLanguage":"es","@id":"http:\/\/www.defensoria.gob.ve\/?p=18193#primaryimage","url":"http:\/\/www.defensoria.gob.ve\/wp-content\/uploads\/2026\/03\/WhatsApp-Image-2026-03-13-at-3.41.38-PM.jpeg","contentUrl":"http:\/\/www.defensoria.gob.ve\/wp-content\/uploads\/2026\/03\/WhatsApp-Image-2026-03-13-at-3.41.38-PM.jpeg","width":1210,"height":699},{"@type":"BreadcrumbList","@id":"http:\/\/www.defensoria.gob.ve\/?p=18193#breadcrumb","itemListElement":[{"@type":"ListItem","position":1,"name":"Portada","item":"http:\/\/www.defensoria.gob.ve\/"},{"@type":"ListItem","position":2,"name":"Defensor del Pueblo, Tarek William Saab reafirma compromiso institucional con la igualdad de g\u00e9nero en Sesi\u00f3n Especial del Consejo Legislativo del Edo. Delta Amacuro"}]},{"@type":"WebSite","@id":"http:\/\/www.defensoria.gob.ve\/#website","url":"http:\/\/www.defensoria.gob.ve\/","name":"","description":"Instituci\u00f3n del Poder Ciudadano para la Promoci\u00f3n, Defensa y Vigilancia de los Derechos Humanos. ","potentialAction":[{"@type":"SearchAction","target":{"@type":"EntryPoint","urlTemplate":"http:\/\/www.defensoria.gob.ve\/?s={search_term_string}"},"query-input":{"@type":"PropertyValueSpecification","valueRequired":true,"valueName":"search_term_string"}}],"inLanguage":"es"},{"@type":"Person","@id":"http:\/\/www.defensoria.gob.ve\/#\/schema\/person\/0fcc680c550d91982c4c009f5b19b8ec","name":"KF.","image":{"@type":"ImageObject","inLanguage":"es","@id":"https:\/\/secure.gravatar.com\/avatar\/d7d0d6b70133abf46e0bf5e7f5f63f5ae46353601f9ad9a981c38691d4b186b0?s=96&d=mm&r=g","url":"https:\/\/secure.gravatar.com\/avatar\/d7d0d6b70133abf46e0bf5e7f5f63f5ae46353601f9ad9a981c38691d4b186b0?s=96&d=mm&r=g","contentUrl":"https:\/\/secure.gravatar.com\/avatar\/d7d0d6b70133abf46e0bf5e7f5f63f5ae46353601f9ad9a981c38691d4b186b0?s=96&d=mm&r=g","caption":"KF."},"url":"http:\/\/www.defensoria.gob.ve\/?author=14"}]}},"_links":{"self":[{"href":"http:\/\/www.defensoria.gob.ve\/index.php?rest_route=\/wp\/v2\/posts\/18193","targetHints":{"allow":["GET"]}}],"collection":[{"href":"http:\/\/www.defensoria.gob.ve\/index.php?rest_route=\/wp\/v2\/posts"}],"about":[{"href":"http:\/\/www.defensoria.gob.ve\/index.php?rest_route=\/wp\/v2\/types\/post"}],"author":[{"embeddable":true,"href":"http:\/\/www.defensoria.gob.ve\/index.php?rest_route=\/wp\/v2\/users\/14"}],"replies":[{"embeddable":true,"href":"http:\/\/www.defensoria.gob.ve\/index.php?rest_route=%2Fwp%2Fv2%2Fcomments&post=18193"}],"version-history":[{"count":4,"href":"http:\/\/www.defensoria.gob.ve\/index.php?rest_route=\/wp\/v2\/posts\/18193\/revisions"}],"predecessor-version":[{"id":18199,"href":"http:\/\/www.defensoria.gob.ve\/index.php?rest_route=\/wp\/v2\/posts\/18193\/revisions\/18199"}],"wp:featuredmedia":[{"embeddable":true,"href":"http:\/\/www.defensoria.gob.ve\/index.php?rest_route=\/wp\/v2\/media\/18195"}],"wp:attachment":[{"href":"http:\/\/www.defensoria.gob.ve\/index.php?rest_route=%2Fwp%2Fv2%2Fmedia&parent=18193"}],"wp:term":[{"taxonomy":"category","embeddable":true,"href":"http:\/\/www.defensoria.gob.ve\/index.php?rest_route=%2Fwp%2Fv2%2Fcategories&post=18193"},{"taxonomy":"post_tag","embeddable":true,"href":"http:\/\/www.defensoria.gob.ve\/index.php?rest_route=%2Fwp%2Fv2%2Ftags&post=18193"}],"curies":[{"name":"wp","href":"https:\/\/api.w.org\/{rel}","templated":true}]}}