 
{"id":18228,"date":"2026-03-17T13:55:52","date_gmt":"2026-03-17T17:55:52","guid":{"rendered":"http:\/\/www.defensoria.gob.ve\/?p=18228"},"modified":"2026-03-17T13:56:57","modified_gmt":"2026-03-17T17:56:57","slug":"defensor-del-pueblo-e-tarek-william-saab-informo-sobre-taller-de-proteccion-para-nna-realizado-por-la-delegada-del-edo-tachira-junto-al-idenna","status":"publish","type":"post","link":"http:\/\/www.defensoria.gob.ve\/?p=18228","title":{"rendered":"Defensor del Pueblo (E), Tarek William Saab inform\u00f3 sobre taller de protecci\u00f3n para NNA realizado por la delegada del Edo. T\u00e1chira junto al Idenna"},"content":{"rendered":"\t\t<div data-elementor-type=\"wp-post\" data-elementor-id=\"18228\" class=\"elementor elementor-18228\">\n\t\t\t\t\t\t<section class=\"elementor-section elementor-top-section elementor-element elementor-element-25714000 elementor-section-boxed elementor-section-height-default elementor-section-height-default\" data-id=\"25714000\" data-element_type=\"section\" data-e-type=\"section\">\n\t\t\t\t\t\t<div class=\"elementor-container elementor-column-gap-default\">\n\t\t\t\t\t<div class=\"elementor-column elementor-col-100 elementor-top-column elementor-element elementor-element-55b7ae5c\" data-id=\"55b7ae5c\" data-element_type=\"column\" data-e-type=\"column\">\n\t\t\t<div class=\"elementor-widget-wrap elementor-element-populated\">\n\t\t\t\t\t\t<div class=\"elementor-element elementor-element-6be5bf2e elementor-widget elementor-widget-text-editor\" data-id=\"6be5bf2e\" data-element_type=\"widget\" data-e-type=\"widget\" data-widget_type=\"text-editor.default\">\n\t\t\t\t<div class=\"elementor-widget-container\">\n\t\t\t\t\t\t\t\t\t\n<p>(T\u00e1chira\/17-mar-26) La Defensor\u00eda del Pueblo Delegada en el estado T\u00e1chira junto con el Instituto Aut\u00f3nomo Consejo Nacional de Derechos de Ni\u00f1os, Ni\u00f1as y Adolescentes IDENNA estadal, llevaron a cabo un taller: \u00abMarco Legal y operativo, doctrina de protecci\u00f3n Integral: un cambio de mirada\u00bb, dirigido a consejeros y consejeras de Protecci\u00f3n de NNA, provenientes de 29 municipios del Edo. T\u00e1chira.<\/p>\n\n<figure class=\"wp-block-image size-full\"><img fetchpriority=\"high\" decoding=\"async\" width=\"1080\" height=\"810\" class=\"wp-image-18229\" src=\"http:\/\/www.defensoria.gob.ve\/wp-content\/uploads\/2026\/03\/foto-1.webp\" alt=\"\" srcset=\"http:\/\/www.defensoria.gob.ve\/wp-content\/uploads\/2026\/03\/foto-1.webp 1080w, http:\/\/www.defensoria.gob.ve\/wp-content\/uploads\/2026\/03\/foto-1-768x576.webp 768w\" sizes=\"(max-width: 1080px) 100vw, 1080px\" \/><\/figure>\n\n<p><br \/>El encuentro formativo, inici\u00f3 con las palabras de bienvenida a cargo de la Defensora Delegada en la entidad regional Dra. Celeste Buitrago Delgado, quien se\u00f1al\u00f3 \u00abnos sentimos gratamente complacidos de tener a los consejeros y consejeras en este espacio para el encuentro, el debate y afianzamiento de nuestro Sistema de Protecci\u00f3n Integral de ni\u00f1os, ni\u00f1as y adolescentes\u00bb.<\/p>\n\n<p><br \/>En la jornada, se desarrollaron las ponencias: Doctrina de Protecci\u00f3n: un cambio de mirada, a cargo del coordinador de Formaci\u00f3n de IDENNA. El Procedimiento administrativo para la Sustanciaci\u00f3n de Expedientes, por parte de la Dra. Duglis Meza, representante de la Defensor\u00eda del Pueblo en materia de protecci\u00f3n del NNA.<\/p>\n\n<figure class=\"wp-block-image size-full\"><img decoding=\"async\" width=\"1080\" height=\"810\" class=\"wp-image-18230\" src=\"http:\/\/www.defensoria.gob.ve\/wp-content\/uploads\/2026\/03\/foto-2.webp\" alt=\"\" srcset=\"http:\/\/www.defensoria.gob.ve\/wp-content\/uploads\/2026\/03\/foto-2.webp 1080w, http:\/\/www.defensoria.gob.ve\/wp-content\/uploads\/2026\/03\/foto-2-768x576.webp 768w\" sizes=\"(max-width: 1080px) 100vw, 1080px\" \/><\/figure>\n\n<p><br \/>Igualmente, la psic\u00f3loga de Programas del IDENNA, realiz\u00f3 una breve exposici\u00f3n sobre el tema: \u00abcuidar desde el bienestar: el arte del autocuidado\u00bb, con el prop\u00f3sito de brindar a los consejeros y consejeras herramientas para el autocuidado y reconocimiento de los factores de riesgo, entendido como las alteraciones derivadas de ambientes estresantes; a partir de la identificaci\u00f3n y diferenciaci\u00f3n de un cansancio esperado &#8211; normal o patol\u00f3gico. En la jornada que se extendi\u00f3 hasta la tarde, tambi\u00e9n se realizaron mesas de trabajo para la resoluci\u00f3n de casos pr\u00e1cticos. FIN<\/p>\n\t\t\t\t\t\t\t\t<\/div>\n\t\t\t\t<\/div>\n\t\t\t\t\t<\/div>\n\t\t<\/div>\n\t\t\t\t\t<\/div>\n\t\t<\/section>\n\t\t\t\t<\/div>\n\t\t","protected":false},"excerpt":{"rendered":"<p>(T\u00e1chira\/17-mar-26) La Defensor\u00eda del Pueblo Delegada en el estado T\u00e1chira junto con el Instituto Aut\u00f3nomo Consejo Nacional de Derechos de Ni\u00f1os, Ni\u00f1as y Adolescentes IDENNA estadal, llevaron a cabo un&hellip; <\/p>\n","protected":false},"author":14,"featured_media":18231,"comment_status":"closed","ping_status":"open","sticky":false,"template":"","format":"standard","meta":{"footnotes":""},"categories":[5],"tags":[],"class_list":["post-18228","post","type-post","status-publish","format-standard","has-post-thumbnail","hentry","category-regionales"],"yoast_head":"<!-- This site is optimized with the Yoast SEO plugin v27.4 - https:\/\/yoast.com\/product\/yoast-seo-wordpress\/ -->\n<title>Defensor del Pueblo (E), Tarek William Saab inform\u00f3 sobre taller de protecci\u00f3n para NNA realizado por la delegada del Edo. T\u00e1chira junto al Idenna -<\/title>\n<meta name=\"robots\" content=\"index, follow, max-snippet:-1, max-image-preview:large, max-video-preview:-1\" \/>\n<link rel=\"canonical\" href=\"http:\/\/www.defensoria.gob.ve\/?p=18228\" \/>\n<meta property=\"og:locale\" content=\"es_ES\" \/>\n<meta property=\"og:type\" content=\"article\" \/>\n<meta property=\"og:title\" content=\"Defensor del Pueblo (E), Tarek William Saab inform\u00f3 sobre taller de protecci\u00f3n para NNA realizado por la delegada del Edo. T\u00e1chira junto al Idenna -\" \/>\n<meta property=\"og:description\" content=\"(T\u00e1chira\/17-mar-26) La Defensor\u00eda del Pueblo Delegada en el estado T\u00e1chira junto con el Instituto Aut\u00f3nomo Consejo Nacional de Derechos de Ni\u00f1os, Ni\u00f1as y Adolescentes IDENNA estadal, llevaron a cabo un&hellip;\" \/>\n<meta property=\"og:url\" content=\"http:\/\/www.defensoria.gob.ve\/?p=18228\" \/>\n<meta property=\"article:published_time\" content=\"2026-03-17T17:55:52+00:00\" \/>\n<meta property=\"article:modified_time\" content=\"2026-03-17T17:56:57+00:00\" \/>\n<meta property=\"og:image\" content=\"http:\/\/www.defensoria.gob.ve\/wp-content\/uploads\/2026\/03\/foto-5.webp\" \/>\n\t<meta property=\"og:image:width\" content=\"1080\" \/>\n\t<meta property=\"og:image:height\" content=\"810\" \/>\n\t<meta property=\"og:image:type\" content=\"image\/webp\" \/>\n<meta name=\"author\" content=\"KF.\" \/>\n<meta name=\"twitter:card\" content=\"summary_large_image\" \/>\n<meta name=\"twitter:label1\" content=\"Escrito por\" \/>\n\t<meta name=\"twitter:data1\" content=\"KF.\" \/>\n\t<meta name=\"twitter:label2\" content=\"Tiempo estimado de lectura\" \/>\n\t<meta name=\"twitter:data2\" content=\"2 minutos\" \/>\n<script type=\"application\/ld+json\" class=\"yoast-schema-graph\">{\"@context\":\"https:\\\/\\\/schema.org\",\"@graph\":[{\"@type\":\"Article\",\"@id\":\"http:\\\/\\\/www.defensoria.gob.ve\\\/?p=18228#article\",\"isPartOf\":{\"@id\":\"http:\\\/\\\/www.defensoria.gob.ve\\\/?p=18228\"},\"author\":{\"name\":\"KF.\",\"@id\":\"http:\\\/\\\/www.defensoria.gob.ve\\\/#\\\/schema\\\/person\\\/0fcc680c550d91982c4c009f5b19b8ec\"},\"headline\":\"Defensor del Pueblo (E), Tarek William Saab inform\u00f3 sobre taller de protecci\u00f3n para NNA realizado por la delegada del Edo. T\u00e1chira junto al Idenna\",\"datePublished\":\"2026-03-17T17:55:52+00:00\",\"dateModified\":\"2026-03-17T17:56:57+00:00\",\"mainEntityOfPage\":{\"@id\":\"http:\\\/\\\/www.defensoria.gob.ve\\\/?p=18228\"},\"wordCount\":306,\"image\":{\"@id\":\"http:\\\/\\\/www.defensoria.gob.ve\\\/?p=18228#primaryimage\"},\"thumbnailUrl\":\"http:\\\/\\\/www.defensoria.gob.ve\\\/wp-content\\\/uploads\\\/2026\\\/03\\\/foto-5.webp\",\"articleSection\":[\"REGIONALES\"],\"inLanguage\":\"es\"},{\"@type\":\"WebPage\",\"@id\":\"http:\\\/\\\/www.defensoria.gob.ve\\\/?p=18228\",\"url\":\"http:\\\/\\\/www.defensoria.gob.ve\\\/?p=18228\",\"name\":\"Defensor del Pueblo (E), Tarek William Saab inform\u00f3 sobre taller de protecci\u00f3n para NNA realizado por la delegada del Edo. T\u00e1chira junto al Idenna -\",\"isPartOf\":{\"@id\":\"http:\\\/\\\/www.defensoria.gob.ve\\\/#website\"},\"primaryImageOfPage\":{\"@id\":\"http:\\\/\\\/www.defensoria.gob.ve\\\/?p=18228#primaryimage\"},\"image\":{\"@id\":\"http:\\\/\\\/www.defensoria.gob.ve\\\/?p=18228#primaryimage\"},\"thumbnailUrl\":\"http:\\\/\\\/www.defensoria.gob.ve\\\/wp-content\\\/uploads\\\/2026\\\/03\\\/foto-5.webp\",\"datePublished\":\"2026-03-17T17:55:52+00:00\",\"dateModified\":\"2026-03-17T17:56:57+00:00\",\"author\":{\"@id\":\"http:\\\/\\\/www.defensoria.gob.ve\\\/#\\\/schema\\\/person\\\/0fcc680c550d91982c4c009f5b19b8ec\"},\"breadcrumb\":{\"@id\":\"http:\\\/\\\/www.defensoria.gob.ve\\\/?p=18228#breadcrumb\"},\"inLanguage\":\"es\",\"potentialAction\":[{\"@type\":\"ReadAction\",\"target\":[\"http:\\\/\\\/www.defensoria.gob.ve\\\/?p=18228\"]}]},{\"@type\":\"ImageObject\",\"inLanguage\":\"es\",\"@id\":\"http:\\\/\\\/www.defensoria.gob.ve\\\/?p=18228#primaryimage\",\"url\":\"http:\\\/\\\/www.defensoria.gob.ve\\\/wp-content\\\/uploads\\\/2026\\\/03\\\/foto-5.webp\",\"contentUrl\":\"http:\\\/\\\/www.defensoria.gob.ve\\\/wp-content\\\/uploads\\\/2026\\\/03\\\/foto-5.webp\",\"width\":1080,\"height\":810},{\"@type\":\"BreadcrumbList\",\"@id\":\"http:\\\/\\\/www.defensoria.gob.ve\\\/?p=18228#breadcrumb\",\"itemListElement\":[{\"@type\":\"ListItem\",\"position\":1,\"name\":\"Portada\",\"item\":\"http:\\\/\\\/www.defensoria.gob.ve\\\/\"},{\"@type\":\"ListItem\",\"position\":2,\"name\":\"Defensor del Pueblo (E), Tarek William Saab inform\u00f3 sobre taller de protecci\u00f3n para NNA realizado por la delegada del Edo. T\u00e1chira junto al Idenna\"}]},{\"@type\":\"WebSite\",\"@id\":\"http:\\\/\\\/www.defensoria.gob.ve\\\/#website\",\"url\":\"http:\\\/\\\/www.defensoria.gob.ve\\\/\",\"name\":\"\",\"description\":\"Instituci\u00f3n del Poder Ciudadano para la Promoci\u00f3n, Defensa y Vigilancia de los Derechos Humanos.\",\"potentialAction\":[{\"@type\":\"SearchAction\",\"target\":{\"@type\":\"EntryPoint\",\"urlTemplate\":\"http:\\\/\\\/www.defensoria.gob.ve\\\/?s={search_term_string}\"},\"query-input\":{\"@type\":\"PropertyValueSpecification\",\"valueRequired\":true,\"valueName\":\"search_term_string\"}}],\"inLanguage\":\"es\"},{\"@type\":\"Person\",\"@id\":\"http:\\\/\\\/www.defensoria.gob.ve\\\/#\\\/schema\\\/person\\\/0fcc680c550d91982c4c009f5b19b8ec\",\"name\":\"KF.\",\"image\":{\"@type\":\"ImageObject\",\"inLanguage\":\"es\",\"@id\":\"https:\\\/\\\/secure.gravatar.com\\\/avatar\\\/d7d0d6b70133abf46e0bf5e7f5f63f5ae46353601f9ad9a981c38691d4b186b0?s=96&d=mm&r=g\",\"url\":\"https:\\\/\\\/secure.gravatar.com\\\/avatar\\\/d7d0d6b70133abf46e0bf5e7f5f63f5ae46353601f9ad9a981c38691d4b186b0?s=96&d=mm&r=g\",\"contentUrl\":\"https:\\\/\\\/secure.gravatar.com\\\/avatar\\\/d7d0d6b70133abf46e0bf5e7f5f63f5ae46353601f9ad9a981c38691d4b186b0?s=96&d=mm&r=g\",\"caption\":\"KF.\"},\"url\":\"http:\\\/\\\/www.defensoria.gob.ve\\\/?author=14\"}]}<\/script>\n<!-- \/ Yoast SEO plugin. -->","yoast_head_json":{"title":"Defensor del Pueblo (E), Tarek William Saab inform\u00f3 sobre taller de protecci\u00f3n para NNA realizado por la delegada del Edo. T\u00e1chira junto al Idenna -","robots":{"index":"index","follow":"follow","max-snippet":"max-snippet:-1","max-image-preview":"max-image-preview:large","max-video-preview":"max-video-preview:-1"},"canonical":"http:\/\/www.defensoria.gob.ve\/?p=18228","og_locale":"es_ES","og_type":"article","og_title":"Defensor del Pueblo (E), Tarek William Saab inform\u00f3 sobre taller de protecci\u00f3n para NNA realizado por la delegada del Edo. T\u00e1chira junto al Idenna -","og_description":"(T\u00e1chira\/17-mar-26) La Defensor\u00eda del Pueblo Delegada en el estado T\u00e1chira junto con el Instituto Aut\u00f3nomo Consejo Nacional de Derechos de Ni\u00f1os, Ni\u00f1as y Adolescentes IDENNA estadal, llevaron a cabo un&hellip;","og_url":"http:\/\/www.defensoria.gob.ve\/?p=18228","article_published_time":"2026-03-17T17:55:52+00:00","article_modified_time":"2026-03-17T17:56:57+00:00","og_image":[{"width":1080,"height":810,"url":"http:\/\/www.defensoria.gob.ve\/wp-content\/uploads\/2026\/03\/foto-5.webp","type":"image\/webp"}],"author":"KF.","twitter_card":"summary_large_image","twitter_misc":{"Escrito por":"KF.","Tiempo estimado de lectura":"2 minutos"},"schema":{"@context":"https:\/\/schema.org","@graph":[{"@type":"Article","@id":"http:\/\/www.defensoria.gob.ve\/?p=18228#article","isPartOf":{"@id":"http:\/\/www.defensoria.gob.ve\/?p=18228"},"author":{"name":"KF.","@id":"http:\/\/www.defensoria.gob.ve\/#\/schema\/person\/0fcc680c550d91982c4c009f5b19b8ec"},"headline":"Defensor del Pueblo (E), Tarek William Saab inform\u00f3 sobre taller de protecci\u00f3n para NNA realizado por la delegada del Edo. T\u00e1chira junto al Idenna","datePublished":"2026-03-17T17:55:52+00:00","dateModified":"2026-03-17T17:56:57+00:00","mainEntityOfPage":{"@id":"http:\/\/www.defensoria.gob.ve\/?p=18228"},"wordCount":306,"image":{"@id":"http:\/\/www.defensoria.gob.ve\/?p=18228#primaryimage"},"thumbnailUrl":"http:\/\/www.defensoria.gob.ve\/wp-content\/uploads\/2026\/03\/foto-5.webp","articleSection":["REGIONALES"],"inLanguage":"es"},{"@type":"WebPage","@id":"http:\/\/www.defensoria.gob.ve\/?p=18228","url":"http:\/\/www.defensoria.gob.ve\/?p=18228","name":"Defensor del Pueblo (E), Tarek William Saab inform\u00f3 sobre taller de protecci\u00f3n para NNA realizado por la delegada del Edo. T\u00e1chira junto al Idenna -","isPartOf":{"@id":"http:\/\/www.defensoria.gob.ve\/#website"},"primaryImageOfPage":{"@id":"http:\/\/www.defensoria.gob.ve\/?p=18228#primaryimage"},"image":{"@id":"http:\/\/www.defensoria.gob.ve\/?p=18228#primaryimage"},"thumbnailUrl":"http:\/\/www.defensoria.gob.ve\/wp-content\/uploads\/2026\/03\/foto-5.webp","datePublished":"2026-03-17T17:55:52+00:00","dateModified":"2026-03-17T17:56:57+00:00","author":{"@id":"http:\/\/www.defensoria.gob.ve\/#\/schema\/person\/0fcc680c550d91982c4c009f5b19b8ec"},"breadcrumb":{"@id":"http:\/\/www.defensoria.gob.ve\/?p=18228#breadcrumb"},"inLanguage":"es","potentialAction":[{"@type":"ReadAction","target":["http:\/\/www.defensoria.gob.ve\/?p=18228"]}]},{"@type":"ImageObject","inLanguage":"es","@id":"http:\/\/www.defensoria.gob.ve\/?p=18228#primaryimage","url":"http:\/\/www.defensoria.gob.ve\/wp-content\/uploads\/2026\/03\/foto-5.webp","contentUrl":"http:\/\/www.defensoria.gob.ve\/wp-content\/uploads\/2026\/03\/foto-5.webp","width":1080,"height":810},{"@type":"BreadcrumbList","@id":"http:\/\/www.defensoria.gob.ve\/?p=18228#breadcrumb","itemListElement":[{"@type":"ListItem","position":1,"name":"Portada","item":"http:\/\/www.defensoria.gob.ve\/"},{"@type":"ListItem","position":2,"name":"Defensor del Pueblo (E), Tarek William Saab inform\u00f3 sobre taller de protecci\u00f3n para NNA realizado por la delegada del Edo. T\u00e1chira junto al Idenna"}]},{"@type":"WebSite","@id":"http:\/\/www.defensoria.gob.ve\/#website","url":"http:\/\/www.defensoria.gob.ve\/","name":"","description":"Instituci\u00f3n del Poder Ciudadano para la Promoci\u00f3n, Defensa y Vigilancia de los Derechos Humanos.","potentialAction":[{"@type":"SearchAction","target":{"@type":"EntryPoint","urlTemplate":"http:\/\/www.defensoria.gob.ve\/?s={search_term_string}"},"query-input":{"@type":"PropertyValueSpecification","valueRequired":true,"valueName":"search_term_string"}}],"inLanguage":"es"},{"@type":"Person","@id":"http:\/\/www.defensoria.gob.ve\/#\/schema\/person\/0fcc680c550d91982c4c009f5b19b8ec","name":"KF.","image":{"@type":"ImageObject","inLanguage":"es","@id":"https:\/\/secure.gravatar.com\/avatar\/d7d0d6b70133abf46e0bf5e7f5f63f5ae46353601f9ad9a981c38691d4b186b0?s=96&d=mm&r=g","url":"https:\/\/secure.gravatar.com\/avatar\/d7d0d6b70133abf46e0bf5e7f5f63f5ae46353601f9ad9a981c38691d4b186b0?s=96&d=mm&r=g","contentUrl":"https:\/\/secure.gravatar.com\/avatar\/d7d0d6b70133abf46e0bf5e7f5f63f5ae46353601f9ad9a981c38691d4b186b0?s=96&d=mm&r=g","caption":"KF."},"url":"http:\/\/www.defensoria.gob.ve\/?author=14"}]}},"_links":{"self":[{"href":"http:\/\/www.defensoria.gob.ve\/index.php?rest_route=\/wp\/v2\/posts\/18228","targetHints":{"allow":["GET"]}}],"collection":[{"href":"http:\/\/www.defensoria.gob.ve\/index.php?rest_route=\/wp\/v2\/posts"}],"about":[{"href":"http:\/\/www.defensoria.gob.ve\/index.php?rest_route=\/wp\/v2\/types\/post"}],"author":[{"embeddable":true,"href":"http:\/\/www.defensoria.gob.ve\/index.php?rest_route=\/wp\/v2\/users\/14"}],"replies":[{"embeddable":true,"href":"http:\/\/www.defensoria.gob.ve\/index.php?rest_route=%2Fwp%2Fv2%2Fcomments&post=18228"}],"version-history":[{"count":4,"href":"http:\/\/www.defensoria.gob.ve\/index.php?rest_route=\/wp\/v2\/posts\/18228\/revisions"}],"predecessor-version":[{"id":18235,"href":"http:\/\/www.defensoria.gob.ve\/index.php?rest_route=\/wp\/v2\/posts\/18228\/revisions\/18235"}],"wp:featuredmedia":[{"embeddable":true,"href":"http:\/\/www.defensoria.gob.ve\/index.php?rest_route=\/wp\/v2\/media\/18231"}],"wp:attachment":[{"href":"http:\/\/www.defensoria.gob.ve\/index.php?rest_route=%2Fwp%2Fv2%2Fmedia&parent=18228"}],"wp:term":[{"taxonomy":"category","embeddable":true,"href":"http:\/\/www.defensoria.gob.ve\/index.php?rest_route=%2Fwp%2Fv2%2Fcategories&post=18228"},{"taxonomy":"post_tag","embeddable":true,"href":"http:\/\/www.defensoria.gob.ve\/index.php?rest_route=%2Fwp%2Fv2%2Ftags&post=18228"}],"curies":[{"name":"wp","href":"https:\/\/api.w.org\/{rel}","templated":true}]}}