 
{"id":18236,"date":"2026-03-17T15:01:21","date_gmt":"2026-03-17T19:01:21","guid":{"rendered":"http:\/\/www.defensoria.gob.ve\/?p=18236"},"modified":"2026-03-17T15:01:44","modified_gmt":"2026-03-17T19:01:44","slug":"defensor-del-pueblo-e-tarek-william-saab-informo-que-delegada-de-delta-amacuro-desplego-jornada-de-atencion-y-formacion-ciudadana-en-tucupita","status":"publish","type":"post","link":"http:\/\/www.defensoria.gob.ve\/?p=18236","title":{"rendered":"Defensor del Pueblo (E), Tarek William Saab inform\u00f3 que Delegada de Delta Amacuro despleg\u00f3 jornada de atenci\u00f3n y formaci\u00f3n ciudadana en Tucupita"},"content":{"rendered":"\t\t<div data-elementor-type=\"wp-post\" data-elementor-id=\"18236\" class=\"elementor elementor-18236\">\n\t\t\t\t\t\t<section class=\"elementor-section elementor-top-section elementor-element elementor-element-4d1268a1 elementor-section-boxed elementor-section-height-default elementor-section-height-default\" data-id=\"4d1268a1\" data-element_type=\"section\" data-e-type=\"section\">\n\t\t\t\t\t\t<div class=\"elementor-container elementor-column-gap-default\">\n\t\t\t\t\t<div class=\"elementor-column elementor-col-100 elementor-top-column elementor-element elementor-element-4b99a098\" data-id=\"4b99a098\" data-element_type=\"column\" data-e-type=\"column\">\n\t\t\t<div class=\"elementor-widget-wrap elementor-element-populated\">\n\t\t\t\t\t\t<div class=\"elementor-element elementor-element-4ffdab2c elementor-widget elementor-widget-text-editor\" data-id=\"4ffdab2c\" data-element_type=\"widget\" data-e-type=\"widget\" data-widget_type=\"text-editor.default\">\n\t\t\t\t<div class=\"elementor-widget-container\">\n\t\t\t\t\t\t\t\t\t\n<p>(Delta Amacuro\/ 17-03-26) Fortaleciendo el v\u00ednculo directo con el poder popular, la Defensora Delegada del estado Delta Amacuro, Dulce Mirabal Hern\u00e1ndez, lider\u00f3 una jornada de atenci\u00f3n ciudadana y formaci\u00f3n denominada \u00abHaciendo Comunidad\u00bb. El despliegue tuvo lugar en las instalaciones de la Escuela de Empoderamiento y Emprendimiento \u00abMelania de Brito\u00bb, consolidando un espacio de soluciones y aprendizaje para los habitantes del municipio Tucupita de la Parroquia San Jos\u00e9.<br \/>Durante la actividad, el equipo de la Defensor\u00eda brind\u00f3 asesor\u00eda t\u00e9cnica y legal en diversas materias, garantizando el acceso a la justicia y la orientaci\u00f3n oportuna a ciudadanos y ciudadanas que presentaron casos de distinta \u00edndole.<\/p>\n\n<figure class=\"wp-block-image size-full\"><img fetchpriority=\"high\" decoding=\"async\" width=\"2560\" height=\"1928\" class=\"wp-image-18237\" src=\"http:\/\/www.defensoria.gob.ve\/wp-content\/uploads\/2026\/03\/1002305392-scaled.jpg\" alt=\"\" srcset=\"http:\/\/www.defensoria.gob.ve\/wp-content\/uploads\/2026\/03\/1002305392-scaled.jpg 2560w, http:\/\/www.defensoria.gob.ve\/wp-content\/uploads\/2026\/03\/1002305392-768x578.jpg 768w, http:\/\/www.defensoria.gob.ve\/wp-content\/uploads\/2026\/03\/1002305392-1536x1157.jpg 1536w, http:\/\/www.defensoria.gob.ve\/wp-content\/uploads\/2026\/03\/1002305392-2048x1542.jpg 2048w\" sizes=\"(max-width: 2560px) 100vw, 2560px\" \/><\/figure>\n\n<p><br \/><br \/>M\u00e1s all\u00e1 de la asistencia jur\u00eddica, la jornada se centr\u00f3 en la prevenci\u00f3n y el crecimiento humano a trav\u00e9s de charlas y conversatorios. Estos espacios de di\u00e1logo permitieron abordar temas cr\u00edticos para la convivencia ciudadana y el fortalecimiento de los derechos humanos en el \u00e1mbito comunitario.<br \/>\u00abNuestra misi\u00f3n es estar donde el pueblo nos necesita. No somos una instituci\u00f3n de oficina, somos una instituci\u00f3n de calle. Al traer estas jornadas a la Escuela Melania de Brito, buscamos que cada mujer y cada hombre de la Parroquia San Jos\u00e9 se sienta respaldado y, sobre todo, formado para defender sus propios derechos\u00bb, afirm\u00f3 la Abogada Mirabal Hern\u00e1ndez. FIN<\/p>\n\t\t\t\t\t\t\t\t<\/div>\n\t\t\t\t<\/div>\n\t\t\t\t\t<\/div>\n\t\t<\/div>\n\t\t\t\t\t<\/div>\n\t\t<\/section>\n\t\t\t\t<\/div>\n\t\t","protected":false},"excerpt":{"rendered":"<p>(Delta Amacuro\/ 17-03-26) Fortaleciendo el v\u00ednculo directo con el poder popular, la Defensora Delegada del estado Delta Amacuro, Dulce Mirabal Hern\u00e1ndez, lider\u00f3 una jornada de atenci\u00f3n ciudadana y formaci\u00f3n denominada&hellip; <\/p>\n","protected":false},"author":14,"featured_media":18239,"comment_status":"closed","ping_status":"open","sticky":false,"template":"","format":"standard","meta":{"footnotes":""},"categories":[5],"tags":[],"class_list":["post-18236","post","type-post","status-publish","format-standard","has-post-thumbnail","hentry","category-regionales"],"yoast_head":"<!-- This site is optimized with the Yoast SEO plugin v27.4 - https:\/\/yoast.com\/product\/yoast-seo-wordpress\/ -->\n<title>Defensor del Pueblo (E), Tarek William Saab inform\u00f3 que Delegada de Delta Amacuro despleg\u00f3 jornada de atenci\u00f3n y formaci\u00f3n ciudadana en Tucupita -<\/title>\n<meta name=\"robots\" content=\"index, follow, max-snippet:-1, max-image-preview:large, max-video-preview:-1\" \/>\n<link rel=\"canonical\" href=\"http:\/\/www.defensoria.gob.ve\/?p=18236\" \/>\n<meta property=\"og:locale\" content=\"es_ES\" \/>\n<meta property=\"og:type\" content=\"article\" \/>\n<meta property=\"og:title\" content=\"Defensor del Pueblo (E), Tarek William Saab inform\u00f3 que Delegada de Delta Amacuro despleg\u00f3 jornada de atenci\u00f3n y formaci\u00f3n ciudadana en Tucupita -\" \/>\n<meta property=\"og:description\" content=\"(Delta Amacuro\/ 17-03-26) Fortaleciendo el v\u00ednculo directo con el poder popular, la Defensora Delegada del estado Delta Amacuro, Dulce Mirabal Hern\u00e1ndez, lider\u00f3 una jornada de atenci\u00f3n ciudadana y formaci\u00f3n denominada&hellip;\" \/>\n<meta property=\"og:url\" content=\"http:\/\/www.defensoria.gob.ve\/?p=18236\" \/>\n<meta property=\"article:published_time\" content=\"2026-03-17T19:01:21+00:00\" \/>\n<meta property=\"article:modified_time\" content=\"2026-03-17T19:01:44+00:00\" \/>\n<meta property=\"og:image\" content=\"http:\/\/www.defensoria.gob.ve\/wp-content\/uploads\/2026\/03\/1002305413-scaled.jpg\" \/>\n\t<meta property=\"og:image:width\" content=\"2560\" \/>\n\t<meta property=\"og:image:height\" content=\"1928\" \/>\n\t<meta property=\"og:image:type\" content=\"image\/jpeg\" \/>\n<meta name=\"author\" content=\"KF.\" \/>\n<meta name=\"twitter:card\" content=\"summary_large_image\" \/>\n<meta name=\"twitter:label1\" content=\"Escrito por\" \/>\n\t<meta name=\"twitter:data1\" content=\"KF.\" \/>\n\t<meta name=\"twitter:label2\" content=\"Tiempo estimado de lectura\" \/>\n\t<meta name=\"twitter:data2\" content=\"2 minutos\" \/>\n<script type=\"application\/ld+json\" class=\"yoast-schema-graph\">{\"@context\":\"https:\\\/\\\/schema.org\",\"@graph\":[{\"@type\":\"Article\",\"@id\":\"http:\\\/\\\/www.defensoria.gob.ve\\\/?p=18236#article\",\"isPartOf\":{\"@id\":\"http:\\\/\\\/www.defensoria.gob.ve\\\/?p=18236\"},\"author\":{\"name\":\"KF.\",\"@id\":\"http:\\\/\\\/www.defensoria.gob.ve\\\/#\\\/schema\\\/person\\\/0fcc680c550d91982c4c009f5b19b8ec\"},\"headline\":\"Defensor del Pueblo (E), Tarek William Saab inform\u00f3 que Delegada de Delta Amacuro despleg\u00f3 jornada de atenci\u00f3n y formaci\u00f3n ciudadana en Tucupita\",\"datePublished\":\"2026-03-17T19:01:21+00:00\",\"dateModified\":\"2026-03-17T19:01:44+00:00\",\"mainEntityOfPage\":{\"@id\":\"http:\\\/\\\/www.defensoria.gob.ve\\\/?p=18236\"},\"wordCount\":252,\"image\":{\"@id\":\"http:\\\/\\\/www.defensoria.gob.ve\\\/?p=18236#primaryimage\"},\"thumbnailUrl\":\"http:\\\/\\\/www.defensoria.gob.ve\\\/wp-content\\\/uploads\\\/2026\\\/03\\\/1002305413-scaled.jpg\",\"articleSection\":[\"REGIONALES\"],\"inLanguage\":\"es\"},{\"@type\":\"WebPage\",\"@id\":\"http:\\\/\\\/www.defensoria.gob.ve\\\/?p=18236\",\"url\":\"http:\\\/\\\/www.defensoria.gob.ve\\\/?p=18236\",\"name\":\"Defensor del Pueblo (E), Tarek William Saab inform\u00f3 que Delegada de Delta Amacuro despleg\u00f3 jornada de atenci\u00f3n y formaci\u00f3n ciudadana en Tucupita -\",\"isPartOf\":{\"@id\":\"http:\\\/\\\/www.defensoria.gob.ve\\\/#website\"},\"primaryImageOfPage\":{\"@id\":\"http:\\\/\\\/www.defensoria.gob.ve\\\/?p=18236#primaryimage\"},\"image\":{\"@id\":\"http:\\\/\\\/www.defensoria.gob.ve\\\/?p=18236#primaryimage\"},\"thumbnailUrl\":\"http:\\\/\\\/www.defensoria.gob.ve\\\/wp-content\\\/uploads\\\/2026\\\/03\\\/1002305413-scaled.jpg\",\"datePublished\":\"2026-03-17T19:01:21+00:00\",\"dateModified\":\"2026-03-17T19:01:44+00:00\",\"author\":{\"@id\":\"http:\\\/\\\/www.defensoria.gob.ve\\\/#\\\/schema\\\/person\\\/0fcc680c550d91982c4c009f5b19b8ec\"},\"breadcrumb\":{\"@id\":\"http:\\\/\\\/www.defensoria.gob.ve\\\/?p=18236#breadcrumb\"},\"inLanguage\":\"es\",\"potentialAction\":[{\"@type\":\"ReadAction\",\"target\":[\"http:\\\/\\\/www.defensoria.gob.ve\\\/?p=18236\"]}]},{\"@type\":\"ImageObject\",\"inLanguage\":\"es\",\"@id\":\"http:\\\/\\\/www.defensoria.gob.ve\\\/?p=18236#primaryimage\",\"url\":\"http:\\\/\\\/www.defensoria.gob.ve\\\/wp-content\\\/uploads\\\/2026\\\/03\\\/1002305413-scaled.jpg\",\"contentUrl\":\"http:\\\/\\\/www.defensoria.gob.ve\\\/wp-content\\\/uploads\\\/2026\\\/03\\\/1002305413-scaled.jpg\",\"width\":2560,\"height\":1928},{\"@type\":\"BreadcrumbList\",\"@id\":\"http:\\\/\\\/www.defensoria.gob.ve\\\/?p=18236#breadcrumb\",\"itemListElement\":[{\"@type\":\"ListItem\",\"position\":1,\"name\":\"Portada\",\"item\":\"http:\\\/\\\/www.defensoria.gob.ve\\\/\"},{\"@type\":\"ListItem\",\"position\":2,\"name\":\"Defensor del Pueblo (E), Tarek William Saab inform\u00f3 que Delegada de Delta Amacuro despleg\u00f3 jornada de atenci\u00f3n y formaci\u00f3n ciudadana en Tucupita\"}]},{\"@type\":\"WebSite\",\"@id\":\"http:\\\/\\\/www.defensoria.gob.ve\\\/#website\",\"url\":\"http:\\\/\\\/www.defensoria.gob.ve\\\/\",\"name\":\"\",\"description\":\"Instituci\u00f3n del Poder Ciudadano para la Promoci\u00f3n, Defensa y Vigilancia de los Derechos Humanos.\",\"potentialAction\":[{\"@type\":\"SearchAction\",\"target\":{\"@type\":\"EntryPoint\",\"urlTemplate\":\"http:\\\/\\\/www.defensoria.gob.ve\\\/?s={search_term_string}\"},\"query-input\":{\"@type\":\"PropertyValueSpecification\",\"valueRequired\":true,\"valueName\":\"search_term_string\"}}],\"inLanguage\":\"es\"},{\"@type\":\"Person\",\"@id\":\"http:\\\/\\\/www.defensoria.gob.ve\\\/#\\\/schema\\\/person\\\/0fcc680c550d91982c4c009f5b19b8ec\",\"name\":\"KF.\",\"image\":{\"@type\":\"ImageObject\",\"inLanguage\":\"es\",\"@id\":\"https:\\\/\\\/secure.gravatar.com\\\/avatar\\\/d7d0d6b70133abf46e0bf5e7f5f63f5ae46353601f9ad9a981c38691d4b186b0?s=96&d=mm&r=g\",\"url\":\"https:\\\/\\\/secure.gravatar.com\\\/avatar\\\/d7d0d6b70133abf46e0bf5e7f5f63f5ae46353601f9ad9a981c38691d4b186b0?s=96&d=mm&r=g\",\"contentUrl\":\"https:\\\/\\\/secure.gravatar.com\\\/avatar\\\/d7d0d6b70133abf46e0bf5e7f5f63f5ae46353601f9ad9a981c38691d4b186b0?s=96&d=mm&r=g\",\"caption\":\"KF.\"},\"url\":\"http:\\\/\\\/www.defensoria.gob.ve\\\/?author=14\"}]}<\/script>\n<!-- \/ Yoast SEO plugin. -->","yoast_head_json":{"title":"Defensor del Pueblo (E), Tarek William Saab inform\u00f3 que Delegada de Delta Amacuro despleg\u00f3 jornada de atenci\u00f3n y formaci\u00f3n ciudadana en Tucupita -","robots":{"index":"index","follow":"follow","max-snippet":"max-snippet:-1","max-image-preview":"max-image-preview:large","max-video-preview":"max-video-preview:-1"},"canonical":"http:\/\/www.defensoria.gob.ve\/?p=18236","og_locale":"es_ES","og_type":"article","og_title":"Defensor del Pueblo (E), Tarek William Saab inform\u00f3 que Delegada de Delta Amacuro despleg\u00f3 jornada de atenci\u00f3n y formaci\u00f3n ciudadana en Tucupita -","og_description":"(Delta Amacuro\/ 17-03-26) Fortaleciendo el v\u00ednculo directo con el poder popular, la Defensora Delegada del estado Delta Amacuro, Dulce Mirabal Hern\u00e1ndez, lider\u00f3 una jornada de atenci\u00f3n ciudadana y formaci\u00f3n denominada&hellip;","og_url":"http:\/\/www.defensoria.gob.ve\/?p=18236","article_published_time":"2026-03-17T19:01:21+00:00","article_modified_time":"2026-03-17T19:01:44+00:00","og_image":[{"width":2560,"height":1928,"url":"http:\/\/www.defensoria.gob.ve\/wp-content\/uploads\/2026\/03\/1002305413-scaled.jpg","type":"image\/jpeg"}],"author":"KF.","twitter_card":"summary_large_image","twitter_misc":{"Escrito por":"KF.","Tiempo estimado de lectura":"2 minutos"},"schema":{"@context":"https:\/\/schema.org","@graph":[{"@type":"Article","@id":"http:\/\/www.defensoria.gob.ve\/?p=18236#article","isPartOf":{"@id":"http:\/\/www.defensoria.gob.ve\/?p=18236"},"author":{"name":"KF.","@id":"http:\/\/www.defensoria.gob.ve\/#\/schema\/person\/0fcc680c550d91982c4c009f5b19b8ec"},"headline":"Defensor del Pueblo (E), Tarek William Saab inform\u00f3 que Delegada de Delta Amacuro despleg\u00f3 jornada de atenci\u00f3n y formaci\u00f3n ciudadana en Tucupita","datePublished":"2026-03-17T19:01:21+00:00","dateModified":"2026-03-17T19:01:44+00:00","mainEntityOfPage":{"@id":"http:\/\/www.defensoria.gob.ve\/?p=18236"},"wordCount":252,"image":{"@id":"http:\/\/www.defensoria.gob.ve\/?p=18236#primaryimage"},"thumbnailUrl":"http:\/\/www.defensoria.gob.ve\/wp-content\/uploads\/2026\/03\/1002305413-scaled.jpg","articleSection":["REGIONALES"],"inLanguage":"es"},{"@type":"WebPage","@id":"http:\/\/www.defensoria.gob.ve\/?p=18236","url":"http:\/\/www.defensoria.gob.ve\/?p=18236","name":"Defensor del Pueblo (E), Tarek William Saab inform\u00f3 que Delegada de Delta Amacuro despleg\u00f3 jornada de atenci\u00f3n y formaci\u00f3n ciudadana en Tucupita -","isPartOf":{"@id":"http:\/\/www.defensoria.gob.ve\/#website"},"primaryImageOfPage":{"@id":"http:\/\/www.defensoria.gob.ve\/?p=18236#primaryimage"},"image":{"@id":"http:\/\/www.defensoria.gob.ve\/?p=18236#primaryimage"},"thumbnailUrl":"http:\/\/www.defensoria.gob.ve\/wp-content\/uploads\/2026\/03\/1002305413-scaled.jpg","datePublished":"2026-03-17T19:01:21+00:00","dateModified":"2026-03-17T19:01:44+00:00","author":{"@id":"http:\/\/www.defensoria.gob.ve\/#\/schema\/person\/0fcc680c550d91982c4c009f5b19b8ec"},"breadcrumb":{"@id":"http:\/\/www.defensoria.gob.ve\/?p=18236#breadcrumb"},"inLanguage":"es","potentialAction":[{"@type":"ReadAction","target":["http:\/\/www.defensoria.gob.ve\/?p=18236"]}]},{"@type":"ImageObject","inLanguage":"es","@id":"http:\/\/www.defensoria.gob.ve\/?p=18236#primaryimage","url":"http:\/\/www.defensoria.gob.ve\/wp-content\/uploads\/2026\/03\/1002305413-scaled.jpg","contentUrl":"http:\/\/www.defensoria.gob.ve\/wp-content\/uploads\/2026\/03\/1002305413-scaled.jpg","width":2560,"height":1928},{"@type":"BreadcrumbList","@id":"http:\/\/www.defensoria.gob.ve\/?p=18236#breadcrumb","itemListElement":[{"@type":"ListItem","position":1,"name":"Portada","item":"http:\/\/www.defensoria.gob.ve\/"},{"@type":"ListItem","position":2,"name":"Defensor del Pueblo (E), Tarek William Saab inform\u00f3 que Delegada de Delta Amacuro despleg\u00f3 jornada de atenci\u00f3n y formaci\u00f3n ciudadana en Tucupita"}]},{"@type":"WebSite","@id":"http:\/\/www.defensoria.gob.ve\/#website","url":"http:\/\/www.defensoria.gob.ve\/","name":"","description":"Instituci\u00f3n del Poder Ciudadano para la Promoci\u00f3n, Defensa y Vigilancia de los Derechos Humanos.","potentialAction":[{"@type":"SearchAction","target":{"@type":"EntryPoint","urlTemplate":"http:\/\/www.defensoria.gob.ve\/?s={search_term_string}"},"query-input":{"@type":"PropertyValueSpecification","valueRequired":true,"valueName":"search_term_string"}}],"inLanguage":"es"},{"@type":"Person","@id":"http:\/\/www.defensoria.gob.ve\/#\/schema\/person\/0fcc680c550d91982c4c009f5b19b8ec","name":"KF.","image":{"@type":"ImageObject","inLanguage":"es","@id":"https:\/\/secure.gravatar.com\/avatar\/d7d0d6b70133abf46e0bf5e7f5f63f5ae46353601f9ad9a981c38691d4b186b0?s=96&d=mm&r=g","url":"https:\/\/secure.gravatar.com\/avatar\/d7d0d6b70133abf46e0bf5e7f5f63f5ae46353601f9ad9a981c38691d4b186b0?s=96&d=mm&r=g","contentUrl":"https:\/\/secure.gravatar.com\/avatar\/d7d0d6b70133abf46e0bf5e7f5f63f5ae46353601f9ad9a981c38691d4b186b0?s=96&d=mm&r=g","caption":"KF."},"url":"http:\/\/www.defensoria.gob.ve\/?author=14"}]}},"_links":{"self":[{"href":"http:\/\/www.defensoria.gob.ve\/index.php?rest_route=\/wp\/v2\/posts\/18236","targetHints":{"allow":["GET"]}}],"collection":[{"href":"http:\/\/www.defensoria.gob.ve\/index.php?rest_route=\/wp\/v2\/posts"}],"about":[{"href":"http:\/\/www.defensoria.gob.ve\/index.php?rest_route=\/wp\/v2\/types\/post"}],"author":[{"embeddable":true,"href":"http:\/\/www.defensoria.gob.ve\/index.php?rest_route=\/wp\/v2\/users\/14"}],"replies":[{"embeddable":true,"href":"http:\/\/www.defensoria.gob.ve\/index.php?rest_route=%2Fwp%2Fv2%2Fcomments&post=18236"}],"version-history":[{"count":4,"href":"http:\/\/www.defensoria.gob.ve\/index.php?rest_route=\/wp\/v2\/posts\/18236\/revisions"}],"predecessor-version":[{"id":18243,"href":"http:\/\/www.defensoria.gob.ve\/index.php?rest_route=\/wp\/v2\/posts\/18236\/revisions\/18243"}],"wp:featuredmedia":[{"embeddable":true,"href":"http:\/\/www.defensoria.gob.ve\/index.php?rest_route=\/wp\/v2\/media\/18239"}],"wp:attachment":[{"href":"http:\/\/www.defensoria.gob.ve\/index.php?rest_route=%2Fwp%2Fv2%2Fmedia&parent=18236"}],"wp:term":[{"taxonomy":"category","embeddable":true,"href":"http:\/\/www.defensoria.gob.ve\/index.php?rest_route=%2Fwp%2Fv2%2Fcategories&post=18236"},{"taxonomy":"post_tag","embeddable":true,"href":"http:\/\/www.defensoria.gob.ve\/index.php?rest_route=%2Fwp%2Fv2%2Ftags&post=18236"}],"curies":[{"name":"wp","href":"https:\/\/api.w.org\/{rel}","templated":true}]}}