 
{"id":18244,"date":"2026-03-17T15:09:44","date_gmt":"2026-03-17T19:09:44","guid":{"rendered":"http:\/\/www.defensoria.gob.ve\/?p=18244"},"modified":"2026-03-17T15:10:13","modified_gmt":"2026-03-17T19:10:13","slug":"defensor-del-pueblo-e-tarek-william-saab-informo-que-defensoria-de-miranda-fortalece-proteccion-de-la-infancia-con-jornadas-de-formacion-en-barlovento","status":"publish","type":"post","link":"http:\/\/www.defensoria.gob.ve\/?p=18244","title":{"rendered":"Defensor del Pueblo (E), Tarek William Saab inform\u00f3 que Defensor\u00eda de Miranda fortalece protecci\u00f3n de la infancia con jornadas de formaci\u00f3n en Barlovento"},"content":{"rendered":"\t\t<div data-elementor-type=\"wp-post\" data-elementor-id=\"18244\" class=\"elementor elementor-18244\">\n\t\t\t\t\t\t<section class=\"elementor-section elementor-top-section elementor-element elementor-element-6b35c170 elementor-section-boxed elementor-section-height-default elementor-section-height-default\" data-id=\"6b35c170\" data-element_type=\"section\" data-e-type=\"section\">\n\t\t\t\t\t\t<div class=\"elementor-container elementor-column-gap-default\">\n\t\t\t\t\t<div class=\"elementor-column elementor-col-100 elementor-top-column elementor-element elementor-element-1cf2907\" data-id=\"1cf2907\" data-element_type=\"column\" data-e-type=\"column\">\n\t\t\t<div class=\"elementor-widget-wrap elementor-element-populated\">\n\t\t\t\t\t\t<div class=\"elementor-element elementor-element-2f062f10 elementor-widget elementor-widget-text-editor\" data-id=\"2f062f10\" data-element_type=\"widget\" data-e-type=\"widget\" data-widget_type=\"text-editor.default\">\n\t\t\t\t<div class=\"elementor-widget-container\">\n\t\t\t\t\t\t\t\t\t\n<p>(Miranda \/17-mar-26) En un esfuerzo conjunto por garantizar y promover los derechos de los sectores m\u00e1s vulnerables, la Defensor\u00eda Delegada de Miranda, bajo las directrices del Defensor del Pueblo, Tarek William Saab, impuls\u00f3 una serie de talleres de formaci\u00f3n especializados en materia de Ni\u00f1os, Ni\u00f1as y Adolescentes (NNA) dirigidos al Eje de Barlovento.<br \/>La actividad, liderada por el Dr. Jos\u00e9 Guzm\u00e1n, Defensor Delegado de Miranda, cont\u00f3 con el respaldo t\u00e9cnico del equipo defensorial de la subsede Guatire y la municipal de Bri\u00f3n. Esta iniciativa forma parte del Plan de Trabajo estrat\u00e9gico que mantienen la Defensor\u00eda del Pueblo y el IDENNA, representado en esta ocasi\u00f3n por su director regional, el Lic. Wuillians Pab\u00f3n.<\/p>\n\n<figure class=\"wp-block-image size-full\"><img fetchpriority=\"high\" decoding=\"async\" width=\"944\" height=\"1024\" class=\"wp-image-18245\" src=\"http:\/\/www.defensoria.gob.ve\/wp-content\/uploads\/2026\/03\/uiict1.jpg\" alt=\"\" srcset=\"http:\/\/www.defensoria.gob.ve\/wp-content\/uploads\/2026\/03\/uiict1.jpg 944w, http:\/\/www.defensoria.gob.ve\/wp-content\/uploads\/2026\/03\/uiict1-768x833.jpg 768w\" sizes=\"(max-width: 944px) 100vw, 944px\" \/><\/figure>\n\n<p><br \/>El encuentro formativo tuvo lugar en la sede del Consejo Municipal de Derechos de Ni\u00f1os, Ni\u00f1as y Adolescentes (CMDNNA) del municipio Acevedo, en la ciudad de Caucagua. La jornada fue coordinada localmente por la Lic. Noryellys Oliveros, quien destac\u00f3 la importancia de unificar criterios para la atenci\u00f3n de la infancia y adolescencia en la regi\u00f3n.<br \/>La convocatoria logr\u00f3 reunir a m\u00e1s de 70 integrantes del sistema de protecci\u00f3n del eje barlovente\u00f1o, incluyendo representantes de: Consejos de Protecci\u00f3n, Consejos Municipales de Derechos, Defensor\u00edas y Entidades de Atenci\u00f3n.<br \/>Los participantes pertenecen a los municipios Acevedo, Andr\u00e9s Bello, Bri\u00f3n, Buroz, P\u00e1ez y Pedro Gual, lo que garantiza una cobertura integral en toda la zona costera y agraria de la entidad mirandina. FIN<\/p>\n\t\t\t\t\t\t\t\t<\/div>\n\t\t\t\t<\/div>\n\t\t\t\t\t<\/div>\n\t\t<\/div>\n\t\t\t\t\t<\/div>\n\t\t<\/section>\n\t\t\t\t<\/div>\n\t\t","protected":false},"excerpt":{"rendered":"<p>(Miranda \/17-mar-26) En un esfuerzo conjunto por garantizar y promover los derechos de los sectores m\u00e1s vulnerables, la Defensor\u00eda Delegada de Miranda, bajo las directrices del Defensor del Pueblo, Tarek&hellip; <\/p>\n","protected":false},"author":14,"featured_media":18246,"comment_status":"closed","ping_status":"open","sticky":false,"template":"","format":"standard","meta":{"footnotes":""},"categories":[5],"tags":[],"class_list":["post-18244","post","type-post","status-publish","format-standard","has-post-thumbnail","hentry","category-regionales"],"yoast_head":"<!-- This site is optimized with the Yoast SEO plugin v27.4 - https:\/\/yoast.com\/product\/yoast-seo-wordpress\/ -->\n<title>Defensor del Pueblo (E), Tarek William Saab inform\u00f3 que Defensor\u00eda de Miranda fortalece protecci\u00f3n de la infancia con jornadas de formaci\u00f3n en Barlovento -<\/title>\n<meta name=\"robots\" content=\"index, follow, max-snippet:-1, max-image-preview:large, max-video-preview:-1\" \/>\n<link rel=\"canonical\" href=\"http:\/\/www.defensoria.gob.ve\/?p=18244\" \/>\n<meta property=\"og:locale\" content=\"es_ES\" \/>\n<meta property=\"og:type\" content=\"article\" \/>\n<meta property=\"og:title\" content=\"Defensor del Pueblo (E), Tarek William Saab inform\u00f3 que Defensor\u00eda de Miranda fortalece protecci\u00f3n de la infancia con jornadas de formaci\u00f3n en Barlovento -\" \/>\n<meta property=\"og:description\" content=\"(Miranda \/17-mar-26) En un esfuerzo conjunto por garantizar y promover los derechos de los sectores m\u00e1s vulnerables, la Defensor\u00eda Delegada de Miranda, bajo las directrices del Defensor del Pueblo, Tarek&hellip;\" \/>\n<meta property=\"og:url\" content=\"http:\/\/www.defensoria.gob.ve\/?p=18244\" \/>\n<meta property=\"article:published_time\" content=\"2026-03-17T19:09:44+00:00\" \/>\n<meta property=\"article:modified_time\" content=\"2026-03-17T19:10:13+00:00\" \/>\n<meta property=\"og:image\" content=\"http:\/\/www.defensoria.gob.ve\/wp-content\/uploads\/2026\/03\/x3y3jj.jpg\" \/>\n\t<meta property=\"og:image:width\" content=\"1024\" \/>\n\t<meta property=\"og:image:height\" content=\"697\" \/>\n\t<meta property=\"og:image:type\" content=\"image\/jpeg\" \/>\n<meta name=\"author\" content=\"KF.\" \/>\n<meta name=\"twitter:card\" content=\"summary_large_image\" \/>\n<meta name=\"twitter:label1\" content=\"Escrito por\" \/>\n\t<meta name=\"twitter:data1\" content=\"KF.\" \/>\n\t<meta name=\"twitter:label2\" content=\"Tiempo estimado de lectura\" \/>\n\t<meta name=\"twitter:data2\" content=\"2 minutos\" \/>\n<script type=\"application\/ld+json\" class=\"yoast-schema-graph\">{\"@context\":\"https:\\\/\\\/schema.org\",\"@graph\":[{\"@type\":\"Article\",\"@id\":\"http:\\\/\\\/www.defensoria.gob.ve\\\/?p=18244#article\",\"isPartOf\":{\"@id\":\"http:\\\/\\\/www.defensoria.gob.ve\\\/?p=18244\"},\"author\":{\"name\":\"KF.\",\"@id\":\"http:\\\/\\\/www.defensoria.gob.ve\\\/#\\\/schema\\\/person\\\/0fcc680c550d91982c4c009f5b19b8ec\"},\"headline\":\"Defensor del Pueblo (E), Tarek William Saab inform\u00f3 que Defensor\u00eda de Miranda fortalece protecci\u00f3n de la infancia con jornadas de formaci\u00f3n en Barlovento\",\"datePublished\":\"2026-03-17T19:09:44+00:00\",\"dateModified\":\"2026-03-17T19:10:13+00:00\",\"mainEntityOfPage\":{\"@id\":\"http:\\\/\\\/www.defensoria.gob.ve\\\/?p=18244\"},\"wordCount\":281,\"image\":{\"@id\":\"http:\\\/\\\/www.defensoria.gob.ve\\\/?p=18244#primaryimage\"},\"thumbnailUrl\":\"http:\\\/\\\/www.defensoria.gob.ve\\\/wp-content\\\/uploads\\\/2026\\\/03\\\/x3y3jj.jpg\",\"articleSection\":[\"REGIONALES\"],\"inLanguage\":\"es\"},{\"@type\":\"WebPage\",\"@id\":\"http:\\\/\\\/www.defensoria.gob.ve\\\/?p=18244\",\"url\":\"http:\\\/\\\/www.defensoria.gob.ve\\\/?p=18244\",\"name\":\"Defensor del Pueblo (E), Tarek William Saab inform\u00f3 que Defensor\u00eda de Miranda fortalece protecci\u00f3n de la infancia con jornadas de formaci\u00f3n en Barlovento -\",\"isPartOf\":{\"@id\":\"http:\\\/\\\/www.defensoria.gob.ve\\\/#website\"},\"primaryImageOfPage\":{\"@id\":\"http:\\\/\\\/www.defensoria.gob.ve\\\/?p=18244#primaryimage\"},\"image\":{\"@id\":\"http:\\\/\\\/www.defensoria.gob.ve\\\/?p=18244#primaryimage\"},\"thumbnailUrl\":\"http:\\\/\\\/www.defensoria.gob.ve\\\/wp-content\\\/uploads\\\/2026\\\/03\\\/x3y3jj.jpg\",\"datePublished\":\"2026-03-17T19:09:44+00:00\",\"dateModified\":\"2026-03-17T19:10:13+00:00\",\"author\":{\"@id\":\"http:\\\/\\\/www.defensoria.gob.ve\\\/#\\\/schema\\\/person\\\/0fcc680c550d91982c4c009f5b19b8ec\"},\"breadcrumb\":{\"@id\":\"http:\\\/\\\/www.defensoria.gob.ve\\\/?p=18244#breadcrumb\"},\"inLanguage\":\"es\",\"potentialAction\":[{\"@type\":\"ReadAction\",\"target\":[\"http:\\\/\\\/www.defensoria.gob.ve\\\/?p=18244\"]}]},{\"@type\":\"ImageObject\",\"inLanguage\":\"es\",\"@id\":\"http:\\\/\\\/www.defensoria.gob.ve\\\/?p=18244#primaryimage\",\"url\":\"http:\\\/\\\/www.defensoria.gob.ve\\\/wp-content\\\/uploads\\\/2026\\\/03\\\/x3y3jj.jpg\",\"contentUrl\":\"http:\\\/\\\/www.defensoria.gob.ve\\\/wp-content\\\/uploads\\\/2026\\\/03\\\/x3y3jj.jpg\",\"width\":1024,\"height\":697},{\"@type\":\"BreadcrumbList\",\"@id\":\"http:\\\/\\\/www.defensoria.gob.ve\\\/?p=18244#breadcrumb\",\"itemListElement\":[{\"@type\":\"ListItem\",\"position\":1,\"name\":\"Portada\",\"item\":\"http:\\\/\\\/www.defensoria.gob.ve\\\/\"},{\"@type\":\"ListItem\",\"position\":2,\"name\":\"Defensor del Pueblo (E), Tarek William Saab inform\u00f3 que Defensor\u00eda de Miranda fortalece protecci\u00f3n de la infancia con jornadas de formaci\u00f3n en Barlovento\"}]},{\"@type\":\"WebSite\",\"@id\":\"http:\\\/\\\/www.defensoria.gob.ve\\\/#website\",\"url\":\"http:\\\/\\\/www.defensoria.gob.ve\\\/\",\"name\":\"\",\"description\":\"Instituci\u00f3n del Poder Ciudadano para la Promoci\u00f3n, Defensa y Vigilancia de los Derechos Humanos.\",\"potentialAction\":[{\"@type\":\"SearchAction\",\"target\":{\"@type\":\"EntryPoint\",\"urlTemplate\":\"http:\\\/\\\/www.defensoria.gob.ve\\\/?s={search_term_string}\"},\"query-input\":{\"@type\":\"PropertyValueSpecification\",\"valueRequired\":true,\"valueName\":\"search_term_string\"}}],\"inLanguage\":\"es\"},{\"@type\":\"Person\",\"@id\":\"http:\\\/\\\/www.defensoria.gob.ve\\\/#\\\/schema\\\/person\\\/0fcc680c550d91982c4c009f5b19b8ec\",\"name\":\"KF.\",\"image\":{\"@type\":\"ImageObject\",\"inLanguage\":\"es\",\"@id\":\"https:\\\/\\\/secure.gravatar.com\\\/avatar\\\/d7d0d6b70133abf46e0bf5e7f5f63f5ae46353601f9ad9a981c38691d4b186b0?s=96&d=mm&r=g\",\"url\":\"https:\\\/\\\/secure.gravatar.com\\\/avatar\\\/d7d0d6b70133abf46e0bf5e7f5f63f5ae46353601f9ad9a981c38691d4b186b0?s=96&d=mm&r=g\",\"contentUrl\":\"https:\\\/\\\/secure.gravatar.com\\\/avatar\\\/d7d0d6b70133abf46e0bf5e7f5f63f5ae46353601f9ad9a981c38691d4b186b0?s=96&d=mm&r=g\",\"caption\":\"KF.\"},\"url\":\"http:\\\/\\\/www.defensoria.gob.ve\\\/?author=14\"}]}<\/script>\n<!-- \/ Yoast SEO plugin. -->","yoast_head_json":{"title":"Defensor del Pueblo (E), Tarek William Saab inform\u00f3 que Defensor\u00eda de Miranda fortalece protecci\u00f3n de la infancia con jornadas de formaci\u00f3n en Barlovento -","robots":{"index":"index","follow":"follow","max-snippet":"max-snippet:-1","max-image-preview":"max-image-preview:large","max-video-preview":"max-video-preview:-1"},"canonical":"http:\/\/www.defensoria.gob.ve\/?p=18244","og_locale":"es_ES","og_type":"article","og_title":"Defensor del Pueblo (E), Tarek William Saab inform\u00f3 que Defensor\u00eda de Miranda fortalece protecci\u00f3n de la infancia con jornadas de formaci\u00f3n en Barlovento -","og_description":"(Miranda \/17-mar-26) En un esfuerzo conjunto por garantizar y promover los derechos de los sectores m\u00e1s vulnerables, la Defensor\u00eda Delegada de Miranda, bajo las directrices del Defensor del Pueblo, Tarek&hellip;","og_url":"http:\/\/www.defensoria.gob.ve\/?p=18244","article_published_time":"2026-03-17T19:09:44+00:00","article_modified_time":"2026-03-17T19:10:13+00:00","og_image":[{"width":1024,"height":697,"url":"http:\/\/www.defensoria.gob.ve\/wp-content\/uploads\/2026\/03\/x3y3jj.jpg","type":"image\/jpeg"}],"author":"KF.","twitter_card":"summary_large_image","twitter_misc":{"Escrito por":"KF.","Tiempo estimado de lectura":"2 minutos"},"schema":{"@context":"https:\/\/schema.org","@graph":[{"@type":"Article","@id":"http:\/\/www.defensoria.gob.ve\/?p=18244#article","isPartOf":{"@id":"http:\/\/www.defensoria.gob.ve\/?p=18244"},"author":{"name":"KF.","@id":"http:\/\/www.defensoria.gob.ve\/#\/schema\/person\/0fcc680c550d91982c4c009f5b19b8ec"},"headline":"Defensor del Pueblo (E), Tarek William Saab inform\u00f3 que Defensor\u00eda de Miranda fortalece protecci\u00f3n de la infancia con jornadas de formaci\u00f3n en Barlovento","datePublished":"2026-03-17T19:09:44+00:00","dateModified":"2026-03-17T19:10:13+00:00","mainEntityOfPage":{"@id":"http:\/\/www.defensoria.gob.ve\/?p=18244"},"wordCount":281,"image":{"@id":"http:\/\/www.defensoria.gob.ve\/?p=18244#primaryimage"},"thumbnailUrl":"http:\/\/www.defensoria.gob.ve\/wp-content\/uploads\/2026\/03\/x3y3jj.jpg","articleSection":["REGIONALES"],"inLanguage":"es"},{"@type":"WebPage","@id":"http:\/\/www.defensoria.gob.ve\/?p=18244","url":"http:\/\/www.defensoria.gob.ve\/?p=18244","name":"Defensor del Pueblo (E), Tarek William Saab inform\u00f3 que Defensor\u00eda de Miranda fortalece protecci\u00f3n de la infancia con jornadas de formaci\u00f3n en Barlovento -","isPartOf":{"@id":"http:\/\/www.defensoria.gob.ve\/#website"},"primaryImageOfPage":{"@id":"http:\/\/www.defensoria.gob.ve\/?p=18244#primaryimage"},"image":{"@id":"http:\/\/www.defensoria.gob.ve\/?p=18244#primaryimage"},"thumbnailUrl":"http:\/\/www.defensoria.gob.ve\/wp-content\/uploads\/2026\/03\/x3y3jj.jpg","datePublished":"2026-03-17T19:09:44+00:00","dateModified":"2026-03-17T19:10:13+00:00","author":{"@id":"http:\/\/www.defensoria.gob.ve\/#\/schema\/person\/0fcc680c550d91982c4c009f5b19b8ec"},"breadcrumb":{"@id":"http:\/\/www.defensoria.gob.ve\/?p=18244#breadcrumb"},"inLanguage":"es","potentialAction":[{"@type":"ReadAction","target":["http:\/\/www.defensoria.gob.ve\/?p=18244"]}]},{"@type":"ImageObject","inLanguage":"es","@id":"http:\/\/www.defensoria.gob.ve\/?p=18244#primaryimage","url":"http:\/\/www.defensoria.gob.ve\/wp-content\/uploads\/2026\/03\/x3y3jj.jpg","contentUrl":"http:\/\/www.defensoria.gob.ve\/wp-content\/uploads\/2026\/03\/x3y3jj.jpg","width":1024,"height":697},{"@type":"BreadcrumbList","@id":"http:\/\/www.defensoria.gob.ve\/?p=18244#breadcrumb","itemListElement":[{"@type":"ListItem","position":1,"name":"Portada","item":"http:\/\/www.defensoria.gob.ve\/"},{"@type":"ListItem","position":2,"name":"Defensor del Pueblo (E), Tarek William Saab inform\u00f3 que Defensor\u00eda de Miranda fortalece protecci\u00f3n de la infancia con jornadas de formaci\u00f3n en Barlovento"}]},{"@type":"WebSite","@id":"http:\/\/www.defensoria.gob.ve\/#website","url":"http:\/\/www.defensoria.gob.ve\/","name":"","description":"Instituci\u00f3n del Poder Ciudadano para la Promoci\u00f3n, Defensa y Vigilancia de los Derechos Humanos.","potentialAction":[{"@type":"SearchAction","target":{"@type":"EntryPoint","urlTemplate":"http:\/\/www.defensoria.gob.ve\/?s={search_term_string}"},"query-input":{"@type":"PropertyValueSpecification","valueRequired":true,"valueName":"search_term_string"}}],"inLanguage":"es"},{"@type":"Person","@id":"http:\/\/www.defensoria.gob.ve\/#\/schema\/person\/0fcc680c550d91982c4c009f5b19b8ec","name":"KF.","image":{"@type":"ImageObject","inLanguage":"es","@id":"https:\/\/secure.gravatar.com\/avatar\/d7d0d6b70133abf46e0bf5e7f5f63f5ae46353601f9ad9a981c38691d4b186b0?s=96&d=mm&r=g","url":"https:\/\/secure.gravatar.com\/avatar\/d7d0d6b70133abf46e0bf5e7f5f63f5ae46353601f9ad9a981c38691d4b186b0?s=96&d=mm&r=g","contentUrl":"https:\/\/secure.gravatar.com\/avatar\/d7d0d6b70133abf46e0bf5e7f5f63f5ae46353601f9ad9a981c38691d4b186b0?s=96&d=mm&r=g","caption":"KF."},"url":"http:\/\/www.defensoria.gob.ve\/?author=14"}]}},"_links":{"self":[{"href":"http:\/\/www.defensoria.gob.ve\/index.php?rest_route=\/wp\/v2\/posts\/18244","targetHints":{"allow":["GET"]}}],"collection":[{"href":"http:\/\/www.defensoria.gob.ve\/index.php?rest_route=\/wp\/v2\/posts"}],"about":[{"href":"http:\/\/www.defensoria.gob.ve\/index.php?rest_route=\/wp\/v2\/types\/post"}],"author":[{"embeddable":true,"href":"http:\/\/www.defensoria.gob.ve\/index.php?rest_route=\/wp\/v2\/users\/14"}],"replies":[{"embeddable":true,"href":"http:\/\/www.defensoria.gob.ve\/index.php?rest_route=%2Fwp%2Fv2%2Fcomments&post=18244"}],"version-history":[{"count":4,"href":"http:\/\/www.defensoria.gob.ve\/index.php?rest_route=\/wp\/v2\/posts\/18244\/revisions"}],"predecessor-version":[{"id":18250,"href":"http:\/\/www.defensoria.gob.ve\/index.php?rest_route=\/wp\/v2\/posts\/18244\/revisions\/18250"}],"wp:featuredmedia":[{"embeddable":true,"href":"http:\/\/www.defensoria.gob.ve\/index.php?rest_route=\/wp\/v2\/media\/18246"}],"wp:attachment":[{"href":"http:\/\/www.defensoria.gob.ve\/index.php?rest_route=%2Fwp%2Fv2%2Fmedia&parent=18244"}],"wp:term":[{"taxonomy":"category","embeddable":true,"href":"http:\/\/www.defensoria.gob.ve\/index.php?rest_route=%2Fwp%2Fv2%2Fcategories&post=18244"},{"taxonomy":"post_tag","embeddable":true,"href":"http:\/\/www.defensoria.gob.ve\/index.php?rest_route=%2Fwp%2Fv2%2Ftags&post=18244"}],"curies":[{"name":"wp","href":"https:\/\/api.w.org\/{rel}","templated":true}]}}