 
{"id":18251,"date":"2026-03-17T15:17:06","date_gmt":"2026-03-17T19:17:06","guid":{"rendered":"http:\/\/www.defensoria.gob.ve\/?p=18251"},"modified":"2026-03-17T15:17:43","modified_gmt":"2026-03-17T19:17:43","slug":"defensor-del-pueblo-e-tarek-william-saab-comunico-que-defensoria-delegada-en-lara-reafirma-su-compromiso-con-los-derechos-de-la-mujer","status":"publish","type":"post","link":"http:\/\/www.defensoria.gob.ve\/?p=18251","title":{"rendered":"Defensor del Pueblo (E), Tarek William Saab comunic\u00f3 que Defensor\u00eda delegada en Lara reafirma su compromiso con los derechos de la mujer"},"content":{"rendered":"\t\t<div data-elementor-type=\"wp-post\" data-elementor-id=\"18251\" class=\"elementor elementor-18251\">\n\t\t\t\t\t\t<section class=\"elementor-section elementor-top-section elementor-element elementor-element-44bfd1eb elementor-section-boxed elementor-section-height-default elementor-section-height-default\" data-id=\"44bfd1eb\" data-element_type=\"section\" data-e-type=\"section\">\n\t\t\t\t\t\t<div class=\"elementor-container elementor-column-gap-default\">\n\t\t\t\t\t<div class=\"elementor-column elementor-col-100 elementor-top-column elementor-element elementor-element-60f8b888\" data-id=\"60f8b888\" data-element_type=\"column\" data-e-type=\"column\">\n\t\t\t<div class=\"elementor-widget-wrap elementor-element-populated\">\n\t\t\t\t\t\t<div class=\"elementor-element elementor-element-35208c67 elementor-widget elementor-widget-text-editor\" data-id=\"35208c67\" data-element_type=\"widget\" data-e-type=\"widget\" data-widget_type=\"text-editor.default\">\n\t\t\t\t<div class=\"elementor-widget-container\">\n\t\t\t\t\t\t\t\t\t\n<p>(Lara \/17-mar-26) En el marco de la conmemoraci\u00f3n del D\u00eda Internacional de la Mujer, celebrado el pasado 08 de marzo, la Defensor\u00eda del Pueblo del estado Lara reafirm\u00f3 su firme compromiso con la protecci\u00f3n, defensa y promoci\u00f3n de los derechos humanos de las mujeres venezolanas.<\/p>\n\n<p><br \/>La Dra. Arelis Rodr\u00edguez Ag\u00fcero, Defensora Delegada de la entidad, particip\u00f3 en una Sesi\u00f3n Especial celebrada en el Auditorio de la Gobernaci\u00f3n del estado Lara, el domingo 08 de marzo, evento que sirvi\u00f3 como un espacio de encuentro para destacar los avances y retos en materia de igualdad de g\u00e9nero.<\/p>\n\n<p><br \/>Actividad que cont\u00f3 con la participaci\u00f3n de Mar\u00eda Le\u00f3n Gibory, reconocida figura de la lucha social y popularmente llamada \u00abLa Leona de Ch\u00e1vez\u00bb, quien fungi\u00f3 como oradora de orden. Durante su intervenci\u00f3n, Le\u00f3n Gibory: Subray\u00f3 el rol protag\u00f3nico que han asumido las mujeres en la transformaci\u00f3n social y pol\u00edtica del pa\u00eds.<\/p>\n\n<figure class=\"wp-block-image size-full\"><img fetchpriority=\"high\" decoding=\"async\" width=\"963\" height=\"1280\" class=\"wp-image-18252\" src=\"http:\/\/www.defensoria.gob.ve\/wp-content\/uploads\/2026\/03\/WhatsApp-Image-2026-03-13-at-3.46.29-PM.jpeg\" alt=\"\" srcset=\"http:\/\/www.defensoria.gob.ve\/wp-content\/uploads\/2026\/03\/WhatsApp-Image-2026-03-13-at-3.46.29-PM.jpeg 963w, http:\/\/www.defensoria.gob.ve\/wp-content\/uploads\/2026\/03\/WhatsApp-Image-2026-03-13-at-3.46.29-PM-768x1021.jpeg 768w\" sizes=\"(max-width: 963px) 100vw, 963px\" \/><\/figure>\n\n<p><br \/>La presencia de la Defensor\u00eda Delegada en este acto protocolar subraya la labor diaria de la instituci\u00f3n en el acompa\u00f1amiento a las mujeres larenses, garantizando el acceso a la justicia y la vigilancia del cumplimiento de las leyes que protegen su integridad y dignidad.<\/p>\n\n<p><br \/>\u00abNuestra participaci\u00f3n en esta sesi\u00f3n no es solo protocolar; es un recordatorio de que la defensa y protecci\u00f3n de los derechos de la mujer es una prioridad absoluta para el Estado venezolano\u00bb, resalt\u00f3 la Delegada Rodr\u00edguez Ag\u00fcero durante el encuentro. FIN<\/p>\n\t\t\t\t\t\t\t\t<\/div>\n\t\t\t\t<\/div>\n\t\t\t\t\t<\/div>\n\t\t<\/div>\n\t\t\t\t\t<\/div>\n\t\t<\/section>\n\t\t\t\t<\/div>\n\t\t","protected":false},"excerpt":{"rendered":"<p>(Lara \/17-mar-26) En el marco de la conmemoraci\u00f3n del D\u00eda Internacional de la Mujer, celebrado el pasado 08 de marzo, la Defensor\u00eda del Pueblo del estado Lara reafirm\u00f3 su firme&hellip; <\/p>\n","protected":false},"author":14,"featured_media":18253,"comment_status":"closed","ping_status":"open","sticky":false,"template":"","format":"standard","meta":{"footnotes":""},"categories":[5],"tags":[],"class_list":["post-18251","post","type-post","status-publish","format-standard","has-post-thumbnail","hentry","category-regionales"],"yoast_head":"<!-- This site is optimized with the Yoast SEO plugin v27.4 - https:\/\/yoast.com\/product\/yoast-seo-wordpress\/ -->\n<title>Defensor del Pueblo (E), Tarek William Saab comunic\u00f3 que Defensor\u00eda delegada en Lara reafirma su compromiso con los derechos de la mujer -<\/title>\n<meta name=\"robots\" content=\"index, follow, max-snippet:-1, max-image-preview:large, max-video-preview:-1\" \/>\n<link rel=\"canonical\" href=\"http:\/\/www.defensoria.gob.ve\/?p=18251\" \/>\n<meta property=\"og:locale\" content=\"es_ES\" \/>\n<meta property=\"og:type\" content=\"article\" \/>\n<meta property=\"og:title\" content=\"Defensor del Pueblo (E), Tarek William Saab comunic\u00f3 que Defensor\u00eda delegada en Lara reafirma su compromiso con los derechos de la mujer -\" \/>\n<meta property=\"og:description\" content=\"(Lara \/17-mar-26) En el marco de la conmemoraci\u00f3n del D\u00eda Internacional de la Mujer, celebrado el pasado 08 de marzo, la Defensor\u00eda del Pueblo del estado Lara reafirm\u00f3 su firme&hellip;\" \/>\n<meta property=\"og:url\" content=\"http:\/\/www.defensoria.gob.ve\/?p=18251\" \/>\n<meta property=\"article:published_time\" content=\"2026-03-17T19:17:06+00:00\" \/>\n<meta property=\"article:modified_time\" content=\"2026-03-17T19:17:43+00:00\" \/>\n<meta property=\"og:image\" content=\"http:\/\/www.defensoria.gob.ve\/wp-content\/uploads\/2026\/03\/WhatsApp-Image-2026-03-13-at-3.47.26-PM.jpeg\" \/>\n\t<meta property=\"og:image:width\" content=\"1280\" \/>\n\t<meta property=\"og:image:height\" content=\"963\" \/>\n\t<meta property=\"og:image:type\" content=\"image\/jpeg\" \/>\n<meta name=\"author\" content=\"KF.\" \/>\n<meta name=\"twitter:card\" content=\"summary_large_image\" \/>\n<meta name=\"twitter:label1\" content=\"Escrito por\" \/>\n\t<meta name=\"twitter:data1\" content=\"KF.\" \/>\n\t<meta name=\"twitter:label2\" content=\"Tiempo estimado de lectura\" \/>\n\t<meta name=\"twitter:data2\" content=\"2 minutos\" \/>\n<script type=\"application\/ld+json\" class=\"yoast-schema-graph\">{\"@context\":\"https:\\\/\\\/schema.org\",\"@graph\":[{\"@type\":\"Article\",\"@id\":\"http:\\\/\\\/www.defensoria.gob.ve\\\/?p=18251#article\",\"isPartOf\":{\"@id\":\"http:\\\/\\\/www.defensoria.gob.ve\\\/?p=18251\"},\"author\":{\"name\":\"KF.\",\"@id\":\"http:\\\/\\\/www.defensoria.gob.ve\\\/#\\\/schema\\\/person\\\/0fcc680c550d91982c4c009f5b19b8ec\"},\"headline\":\"Defensor del Pueblo (E), Tarek William Saab comunic\u00f3 que Defensor\u00eda delegada en Lara reafirma su compromiso con los derechos de la mujer\",\"datePublished\":\"2026-03-17T19:17:06+00:00\",\"dateModified\":\"2026-03-17T19:17:43+00:00\",\"mainEntityOfPage\":{\"@id\":\"http:\\\/\\\/www.defensoria.gob.ve\\\/?p=18251\"},\"wordCount\":280,\"image\":{\"@id\":\"http:\\\/\\\/www.defensoria.gob.ve\\\/?p=18251#primaryimage\"},\"thumbnailUrl\":\"http:\\\/\\\/www.defensoria.gob.ve\\\/wp-content\\\/uploads\\\/2026\\\/03\\\/WhatsApp-Image-2026-03-13-at-3.47.26-PM.jpeg\",\"articleSection\":[\"REGIONALES\"],\"inLanguage\":\"es\"},{\"@type\":\"WebPage\",\"@id\":\"http:\\\/\\\/www.defensoria.gob.ve\\\/?p=18251\",\"url\":\"http:\\\/\\\/www.defensoria.gob.ve\\\/?p=18251\",\"name\":\"Defensor del Pueblo (E), Tarek William Saab comunic\u00f3 que Defensor\u00eda delegada en Lara reafirma su compromiso con los derechos de la mujer -\",\"isPartOf\":{\"@id\":\"http:\\\/\\\/www.defensoria.gob.ve\\\/#website\"},\"primaryImageOfPage\":{\"@id\":\"http:\\\/\\\/www.defensoria.gob.ve\\\/?p=18251#primaryimage\"},\"image\":{\"@id\":\"http:\\\/\\\/www.defensoria.gob.ve\\\/?p=18251#primaryimage\"},\"thumbnailUrl\":\"http:\\\/\\\/www.defensoria.gob.ve\\\/wp-content\\\/uploads\\\/2026\\\/03\\\/WhatsApp-Image-2026-03-13-at-3.47.26-PM.jpeg\",\"datePublished\":\"2026-03-17T19:17:06+00:00\",\"dateModified\":\"2026-03-17T19:17:43+00:00\",\"author\":{\"@id\":\"http:\\\/\\\/www.defensoria.gob.ve\\\/#\\\/schema\\\/person\\\/0fcc680c550d91982c4c009f5b19b8ec\"},\"breadcrumb\":{\"@id\":\"http:\\\/\\\/www.defensoria.gob.ve\\\/?p=18251#breadcrumb\"},\"inLanguage\":\"es\",\"potentialAction\":[{\"@type\":\"ReadAction\",\"target\":[\"http:\\\/\\\/www.defensoria.gob.ve\\\/?p=18251\"]}]},{\"@type\":\"ImageObject\",\"inLanguage\":\"es\",\"@id\":\"http:\\\/\\\/www.defensoria.gob.ve\\\/?p=18251#primaryimage\",\"url\":\"http:\\\/\\\/www.defensoria.gob.ve\\\/wp-content\\\/uploads\\\/2026\\\/03\\\/WhatsApp-Image-2026-03-13-at-3.47.26-PM.jpeg\",\"contentUrl\":\"http:\\\/\\\/www.defensoria.gob.ve\\\/wp-content\\\/uploads\\\/2026\\\/03\\\/WhatsApp-Image-2026-03-13-at-3.47.26-PM.jpeg\",\"width\":1280,\"height\":963},{\"@type\":\"BreadcrumbList\",\"@id\":\"http:\\\/\\\/www.defensoria.gob.ve\\\/?p=18251#breadcrumb\",\"itemListElement\":[{\"@type\":\"ListItem\",\"position\":1,\"name\":\"Portada\",\"item\":\"http:\\\/\\\/www.defensoria.gob.ve\\\/\"},{\"@type\":\"ListItem\",\"position\":2,\"name\":\"Defensor del Pueblo (E), Tarek William Saab comunic\u00f3 que Defensor\u00eda delegada en Lara reafirma su compromiso con los derechos de la mujer\"}]},{\"@type\":\"WebSite\",\"@id\":\"http:\\\/\\\/www.defensoria.gob.ve\\\/#website\",\"url\":\"http:\\\/\\\/www.defensoria.gob.ve\\\/\",\"name\":\"\",\"description\":\"Instituci\u00f3n del Poder Ciudadano para la Promoci\u00f3n, Defensa y Vigilancia de los Derechos Humanos.\",\"potentialAction\":[{\"@type\":\"SearchAction\",\"target\":{\"@type\":\"EntryPoint\",\"urlTemplate\":\"http:\\\/\\\/www.defensoria.gob.ve\\\/?s={search_term_string}\"},\"query-input\":{\"@type\":\"PropertyValueSpecification\",\"valueRequired\":true,\"valueName\":\"search_term_string\"}}],\"inLanguage\":\"es\"},{\"@type\":\"Person\",\"@id\":\"http:\\\/\\\/www.defensoria.gob.ve\\\/#\\\/schema\\\/person\\\/0fcc680c550d91982c4c009f5b19b8ec\",\"name\":\"KF.\",\"image\":{\"@type\":\"ImageObject\",\"inLanguage\":\"es\",\"@id\":\"https:\\\/\\\/secure.gravatar.com\\\/avatar\\\/d7d0d6b70133abf46e0bf5e7f5f63f5ae46353601f9ad9a981c38691d4b186b0?s=96&d=mm&r=g\",\"url\":\"https:\\\/\\\/secure.gravatar.com\\\/avatar\\\/d7d0d6b70133abf46e0bf5e7f5f63f5ae46353601f9ad9a981c38691d4b186b0?s=96&d=mm&r=g\",\"contentUrl\":\"https:\\\/\\\/secure.gravatar.com\\\/avatar\\\/d7d0d6b70133abf46e0bf5e7f5f63f5ae46353601f9ad9a981c38691d4b186b0?s=96&d=mm&r=g\",\"caption\":\"KF.\"},\"url\":\"http:\\\/\\\/www.defensoria.gob.ve\\\/?author=14\"}]}<\/script>\n<!-- \/ Yoast SEO plugin. -->","yoast_head_json":{"title":"Defensor del Pueblo (E), Tarek William Saab comunic\u00f3 que Defensor\u00eda delegada en Lara reafirma su compromiso con los derechos de la mujer -","robots":{"index":"index","follow":"follow","max-snippet":"max-snippet:-1","max-image-preview":"max-image-preview:large","max-video-preview":"max-video-preview:-1"},"canonical":"http:\/\/www.defensoria.gob.ve\/?p=18251","og_locale":"es_ES","og_type":"article","og_title":"Defensor del Pueblo (E), Tarek William Saab comunic\u00f3 que Defensor\u00eda delegada en Lara reafirma su compromiso con los derechos de la mujer -","og_description":"(Lara \/17-mar-26) En el marco de la conmemoraci\u00f3n del D\u00eda Internacional de la Mujer, celebrado el pasado 08 de marzo, la Defensor\u00eda del Pueblo del estado Lara reafirm\u00f3 su firme&hellip;","og_url":"http:\/\/www.defensoria.gob.ve\/?p=18251","article_published_time":"2026-03-17T19:17:06+00:00","article_modified_time":"2026-03-17T19:17:43+00:00","og_image":[{"width":1280,"height":963,"url":"http:\/\/www.defensoria.gob.ve\/wp-content\/uploads\/2026\/03\/WhatsApp-Image-2026-03-13-at-3.47.26-PM.jpeg","type":"image\/jpeg"}],"author":"KF.","twitter_card":"summary_large_image","twitter_misc":{"Escrito por":"KF.","Tiempo estimado de lectura":"2 minutos"},"schema":{"@context":"https:\/\/schema.org","@graph":[{"@type":"Article","@id":"http:\/\/www.defensoria.gob.ve\/?p=18251#article","isPartOf":{"@id":"http:\/\/www.defensoria.gob.ve\/?p=18251"},"author":{"name":"KF.","@id":"http:\/\/www.defensoria.gob.ve\/#\/schema\/person\/0fcc680c550d91982c4c009f5b19b8ec"},"headline":"Defensor del Pueblo (E), Tarek William Saab comunic\u00f3 que Defensor\u00eda delegada en Lara reafirma su compromiso con los derechos de la mujer","datePublished":"2026-03-17T19:17:06+00:00","dateModified":"2026-03-17T19:17:43+00:00","mainEntityOfPage":{"@id":"http:\/\/www.defensoria.gob.ve\/?p=18251"},"wordCount":280,"image":{"@id":"http:\/\/www.defensoria.gob.ve\/?p=18251#primaryimage"},"thumbnailUrl":"http:\/\/www.defensoria.gob.ve\/wp-content\/uploads\/2026\/03\/WhatsApp-Image-2026-03-13-at-3.47.26-PM.jpeg","articleSection":["REGIONALES"],"inLanguage":"es"},{"@type":"WebPage","@id":"http:\/\/www.defensoria.gob.ve\/?p=18251","url":"http:\/\/www.defensoria.gob.ve\/?p=18251","name":"Defensor del Pueblo (E), Tarek William Saab comunic\u00f3 que Defensor\u00eda delegada en Lara reafirma su compromiso con los derechos de la mujer -","isPartOf":{"@id":"http:\/\/www.defensoria.gob.ve\/#website"},"primaryImageOfPage":{"@id":"http:\/\/www.defensoria.gob.ve\/?p=18251#primaryimage"},"image":{"@id":"http:\/\/www.defensoria.gob.ve\/?p=18251#primaryimage"},"thumbnailUrl":"http:\/\/www.defensoria.gob.ve\/wp-content\/uploads\/2026\/03\/WhatsApp-Image-2026-03-13-at-3.47.26-PM.jpeg","datePublished":"2026-03-17T19:17:06+00:00","dateModified":"2026-03-17T19:17:43+00:00","author":{"@id":"http:\/\/www.defensoria.gob.ve\/#\/schema\/person\/0fcc680c550d91982c4c009f5b19b8ec"},"breadcrumb":{"@id":"http:\/\/www.defensoria.gob.ve\/?p=18251#breadcrumb"},"inLanguage":"es","potentialAction":[{"@type":"ReadAction","target":["http:\/\/www.defensoria.gob.ve\/?p=18251"]}]},{"@type":"ImageObject","inLanguage":"es","@id":"http:\/\/www.defensoria.gob.ve\/?p=18251#primaryimage","url":"http:\/\/www.defensoria.gob.ve\/wp-content\/uploads\/2026\/03\/WhatsApp-Image-2026-03-13-at-3.47.26-PM.jpeg","contentUrl":"http:\/\/www.defensoria.gob.ve\/wp-content\/uploads\/2026\/03\/WhatsApp-Image-2026-03-13-at-3.47.26-PM.jpeg","width":1280,"height":963},{"@type":"BreadcrumbList","@id":"http:\/\/www.defensoria.gob.ve\/?p=18251#breadcrumb","itemListElement":[{"@type":"ListItem","position":1,"name":"Portada","item":"http:\/\/www.defensoria.gob.ve\/"},{"@type":"ListItem","position":2,"name":"Defensor del Pueblo (E), Tarek William Saab comunic\u00f3 que Defensor\u00eda delegada en Lara reafirma su compromiso con los derechos de la mujer"}]},{"@type":"WebSite","@id":"http:\/\/www.defensoria.gob.ve\/#website","url":"http:\/\/www.defensoria.gob.ve\/","name":"","description":"Instituci\u00f3n del Poder Ciudadano para la Promoci\u00f3n, Defensa y Vigilancia de los Derechos Humanos.","potentialAction":[{"@type":"SearchAction","target":{"@type":"EntryPoint","urlTemplate":"http:\/\/www.defensoria.gob.ve\/?s={search_term_string}"},"query-input":{"@type":"PropertyValueSpecification","valueRequired":true,"valueName":"search_term_string"}}],"inLanguage":"es"},{"@type":"Person","@id":"http:\/\/www.defensoria.gob.ve\/#\/schema\/person\/0fcc680c550d91982c4c009f5b19b8ec","name":"KF.","image":{"@type":"ImageObject","inLanguage":"es","@id":"https:\/\/secure.gravatar.com\/avatar\/d7d0d6b70133abf46e0bf5e7f5f63f5ae46353601f9ad9a981c38691d4b186b0?s=96&d=mm&r=g","url":"https:\/\/secure.gravatar.com\/avatar\/d7d0d6b70133abf46e0bf5e7f5f63f5ae46353601f9ad9a981c38691d4b186b0?s=96&d=mm&r=g","contentUrl":"https:\/\/secure.gravatar.com\/avatar\/d7d0d6b70133abf46e0bf5e7f5f63f5ae46353601f9ad9a981c38691d4b186b0?s=96&d=mm&r=g","caption":"KF."},"url":"http:\/\/www.defensoria.gob.ve\/?author=14"}]}},"_links":{"self":[{"href":"http:\/\/www.defensoria.gob.ve\/index.php?rest_route=\/wp\/v2\/posts\/18251","targetHints":{"allow":["GET"]}}],"collection":[{"href":"http:\/\/www.defensoria.gob.ve\/index.php?rest_route=\/wp\/v2\/posts"}],"about":[{"href":"http:\/\/www.defensoria.gob.ve\/index.php?rest_route=\/wp\/v2\/types\/post"}],"author":[{"embeddable":true,"href":"http:\/\/www.defensoria.gob.ve\/index.php?rest_route=\/wp\/v2\/users\/14"}],"replies":[{"embeddable":true,"href":"http:\/\/www.defensoria.gob.ve\/index.php?rest_route=%2Fwp%2Fv2%2Fcomments&post=18251"}],"version-history":[{"count":4,"href":"http:\/\/www.defensoria.gob.ve\/index.php?rest_route=\/wp\/v2\/posts\/18251\/revisions"}],"predecessor-version":[{"id":18257,"href":"http:\/\/www.defensoria.gob.ve\/index.php?rest_route=\/wp\/v2\/posts\/18251\/revisions\/18257"}],"wp:featuredmedia":[{"embeddable":true,"href":"http:\/\/www.defensoria.gob.ve\/index.php?rest_route=\/wp\/v2\/media\/18253"}],"wp:attachment":[{"href":"http:\/\/www.defensoria.gob.ve\/index.php?rest_route=%2Fwp%2Fv2%2Fmedia&parent=18251"}],"wp:term":[{"taxonomy":"category","embeddable":true,"href":"http:\/\/www.defensoria.gob.ve\/index.php?rest_route=%2Fwp%2Fv2%2Fcategories&post=18251"},{"taxonomy":"post_tag","embeddable":true,"href":"http:\/\/www.defensoria.gob.ve\/index.php?rest_route=%2Fwp%2Fv2%2Ftags&post=18251"}],"curies":[{"name":"wp","href":"https:\/\/api.w.org\/{rel}","templated":true}]}}