 
{"id":18258,"date":"2026-03-17T15:24:36","date_gmt":"2026-03-17T19:24:36","guid":{"rendered":"http:\/\/www.defensoria.gob.ve\/?p=18258"},"modified":"2026-03-17T15:24:38","modified_gmt":"2026-03-17T19:24:38","slug":"defensor-del-pueblo-e-tarek-william-saab-impulsa-el-acceso-a-la-justicia-con-jornada-de-tribunal-movil-en-la-guaira-parroquia-carlos-soublette","status":"publish","type":"post","link":"http:\/\/www.defensoria.gob.ve\/?p=18258","title":{"rendered":"Defensor del Pueblo (E), Tarek William Saab impulsa el acceso a la justicia con jornada de Tribunal M\u00f3vil en La Guaira parroquia Carlos Soublette"},"content":{"rendered":"\n<p>(La Guaira\/ 17-Mar-26) Con el objetivo de descentralizar los servicios jur\u00eddicos y garantizar el pleno ejercicio de los derechos fundamentales, la Defensor\u00eda del Pueblo del estado La Guaira particip\u00f3 en una jornada especial de Tribunal M\u00f3vil, desarrollada en la plaza Los Cantores de 10 de marzo, parroquia Carlos Soublette.<\/p>\n\n\n\n<p>Durante este despliegue, el equipo de la Defensor\u00eda brind\u00f3 asesor\u00eda jur\u00eddica gratuita a los habitantes de la comunidad, ofreciendo orientaci\u00f3n en diversas materias legales y distribuyendo material divulgativo sobre la protecci\u00f3n y promoci\u00f3n de los derechos humanos.<\/p>\n\n\n\n<p>Esta actividad se llev\u00f3 a cabo bajo un enfoque de abordaje interinstitucional, contando con la participaci\u00f3n activa de la Defensa P\u00fablica, el Ministerio P\u00fablico, la Procuradur\u00eda del Estado y tribunales especializados en materia Civil, Laboral, Violencia de G\u00e9nero y Protecci\u00f3n de Ni\u00f1os, Ni\u00f1as y Adolescentes (Lopnna).<\/p>\n\n\n\n<p>A trav\u00e9s de estos operativos, la Defensor\u00eda del Pueblo reafirma su rol como garante de la legalidad y el bienestar social en el litoral central, promoviendo una cultura de paz y justicia directa, llevada al coraz\u00f3n de las comunidades para asegurar que la atenci\u00f3n jur\u00eddica llegue a quienes m\u00e1s lo necesitan. FIN<\/p>\n","protected":false},"excerpt":{"rendered":"<p>(La Guaira\/ 17-Mar-26) Con el objetivo de descentralizar los servicios jur\u00eddicos y garantizar el pleno ejercicio de los derechos fundamentales, la Defensor\u00eda del Pueblo del estado La Guaira particip\u00f3 en&hellip; <\/p>\n","protected":false},"author":14,"featured_media":18259,"comment_status":"closed","ping_status":"open","sticky":false,"template":"","format":"standard","meta":{"footnotes":""},"categories":[5],"tags":[],"class_list":["post-18258","post","type-post","status-publish","format-standard","has-post-thumbnail","hentry","category-regionales"],"yoast_head":"<!-- This site is optimized with the Yoast SEO plugin v27.4 - https:\/\/yoast.com\/product\/yoast-seo-wordpress\/ -->\n<title>Defensor del Pueblo (E), Tarek William Saab impulsa el acceso a la justicia con jornada de Tribunal M\u00f3vil en La Guaira parroquia Carlos Soublette -<\/title>\n<meta name=\"robots\" content=\"index, follow, max-snippet:-1, max-image-preview:large, max-video-preview:-1\" \/>\n<link rel=\"canonical\" href=\"http:\/\/www.defensoria.gob.ve\/?p=18258\" \/>\n<meta property=\"og:locale\" content=\"es_ES\" \/>\n<meta property=\"og:type\" content=\"article\" \/>\n<meta property=\"og:title\" content=\"Defensor del Pueblo (E), Tarek William Saab impulsa el acceso a la justicia con jornada de Tribunal M\u00f3vil en La Guaira parroquia Carlos Soublette -\" \/>\n<meta property=\"og:description\" content=\"(La Guaira\/ 17-Mar-26) Con el objetivo de descentralizar los servicios jur\u00eddicos y garantizar el pleno ejercicio de los derechos fundamentales, la Defensor\u00eda del Pueblo del estado La Guaira particip\u00f3 en&hellip;\" \/>\n<meta property=\"og:url\" content=\"http:\/\/www.defensoria.gob.ve\/?p=18258\" \/>\n<meta property=\"article:published_time\" content=\"2026-03-17T19:24:36+00:00\" \/>\n<meta property=\"article:modified_time\" content=\"2026-03-17T19:24:38+00:00\" \/>\n<meta property=\"og:image\" content=\"http:\/\/www.defensoria.gob.ve\/wp-content\/uploads\/2026\/03\/WhatsApp-Image-2026-03-17-at-2.55.26-PM.jpeg\" \/>\n\t<meta property=\"og:image:width\" content=\"1280\" \/>\n\t<meta property=\"og:image:height\" content=\"960\" \/>\n\t<meta property=\"og:image:type\" content=\"image\/jpeg\" \/>\n<meta name=\"author\" content=\"KF.\" \/>\n<meta name=\"twitter:card\" content=\"summary_large_image\" \/>\n<meta name=\"twitter:label1\" content=\"Escrito por\" \/>\n\t<meta name=\"twitter:data1\" content=\"KF.\" \/>\n\t<meta name=\"twitter:label2\" content=\"Tiempo estimado de lectura\" \/>\n\t<meta name=\"twitter:data2\" content=\"2 minutos\" \/>\n<script type=\"application\/ld+json\" class=\"yoast-schema-graph\">{\"@context\":\"https:\\\/\\\/schema.org\",\"@graph\":[{\"@type\":\"Article\",\"@id\":\"http:\\\/\\\/www.defensoria.gob.ve\\\/?p=18258#article\",\"isPartOf\":{\"@id\":\"http:\\\/\\\/www.defensoria.gob.ve\\\/?p=18258\"},\"author\":{\"name\":\"KF.\",\"@id\":\"http:\\\/\\\/www.defensoria.gob.ve\\\/#\\\/schema\\\/person\\\/0fcc680c550d91982c4c009f5b19b8ec\"},\"headline\":\"Defensor del Pueblo (E), Tarek William Saab impulsa el acceso a la justicia con jornada de Tribunal M\u00f3vil en La Guaira parroquia Carlos Soublette\",\"datePublished\":\"2026-03-17T19:24:36+00:00\",\"dateModified\":\"2026-03-17T19:24:38+00:00\",\"mainEntityOfPage\":{\"@id\":\"http:\\\/\\\/www.defensoria.gob.ve\\\/?p=18258\"},\"wordCount\":231,\"image\":{\"@id\":\"http:\\\/\\\/www.defensoria.gob.ve\\\/?p=18258#primaryimage\"},\"thumbnailUrl\":\"http:\\\/\\\/www.defensoria.gob.ve\\\/wp-content\\\/uploads\\\/2026\\\/03\\\/WhatsApp-Image-2026-03-17-at-2.55.26-PM.jpeg\",\"articleSection\":[\"REGIONALES\"],\"inLanguage\":\"es\"},{\"@type\":\"WebPage\",\"@id\":\"http:\\\/\\\/www.defensoria.gob.ve\\\/?p=18258\",\"url\":\"http:\\\/\\\/www.defensoria.gob.ve\\\/?p=18258\",\"name\":\"Defensor del Pueblo (E), Tarek William Saab impulsa el acceso a la justicia con jornada de Tribunal M\u00f3vil en La Guaira parroquia Carlos Soublette -\",\"isPartOf\":{\"@id\":\"http:\\\/\\\/www.defensoria.gob.ve\\\/#website\"},\"primaryImageOfPage\":{\"@id\":\"http:\\\/\\\/www.defensoria.gob.ve\\\/?p=18258#primaryimage\"},\"image\":{\"@id\":\"http:\\\/\\\/www.defensoria.gob.ve\\\/?p=18258#primaryimage\"},\"thumbnailUrl\":\"http:\\\/\\\/www.defensoria.gob.ve\\\/wp-content\\\/uploads\\\/2026\\\/03\\\/WhatsApp-Image-2026-03-17-at-2.55.26-PM.jpeg\",\"datePublished\":\"2026-03-17T19:24:36+00:00\",\"dateModified\":\"2026-03-17T19:24:38+00:00\",\"author\":{\"@id\":\"http:\\\/\\\/www.defensoria.gob.ve\\\/#\\\/schema\\\/person\\\/0fcc680c550d91982c4c009f5b19b8ec\"},\"breadcrumb\":{\"@id\":\"http:\\\/\\\/www.defensoria.gob.ve\\\/?p=18258#breadcrumb\"},\"inLanguage\":\"es\",\"potentialAction\":[{\"@type\":\"ReadAction\",\"target\":[\"http:\\\/\\\/www.defensoria.gob.ve\\\/?p=18258\"]}]},{\"@type\":\"ImageObject\",\"inLanguage\":\"es\",\"@id\":\"http:\\\/\\\/www.defensoria.gob.ve\\\/?p=18258#primaryimage\",\"url\":\"http:\\\/\\\/www.defensoria.gob.ve\\\/wp-content\\\/uploads\\\/2026\\\/03\\\/WhatsApp-Image-2026-03-17-at-2.55.26-PM.jpeg\",\"contentUrl\":\"http:\\\/\\\/www.defensoria.gob.ve\\\/wp-content\\\/uploads\\\/2026\\\/03\\\/WhatsApp-Image-2026-03-17-at-2.55.26-PM.jpeg\",\"width\":1280,\"height\":960},{\"@type\":\"BreadcrumbList\",\"@id\":\"http:\\\/\\\/www.defensoria.gob.ve\\\/?p=18258#breadcrumb\",\"itemListElement\":[{\"@type\":\"ListItem\",\"position\":1,\"name\":\"Portada\",\"item\":\"http:\\\/\\\/www.defensoria.gob.ve\\\/\"},{\"@type\":\"ListItem\",\"position\":2,\"name\":\"Defensor del Pueblo (E), Tarek William Saab impulsa el acceso a la justicia con jornada de Tribunal M\u00f3vil en La Guaira parroquia Carlos Soublette\"}]},{\"@type\":\"WebSite\",\"@id\":\"http:\\\/\\\/www.defensoria.gob.ve\\\/#website\",\"url\":\"http:\\\/\\\/www.defensoria.gob.ve\\\/\",\"name\":\"\",\"description\":\"Instituci\u00f3n del Poder Ciudadano para la Promoci\u00f3n, Defensa y Vigilancia de los Derechos Humanos.\",\"potentialAction\":[{\"@type\":\"SearchAction\",\"target\":{\"@type\":\"EntryPoint\",\"urlTemplate\":\"http:\\\/\\\/www.defensoria.gob.ve\\\/?s={search_term_string}\"},\"query-input\":{\"@type\":\"PropertyValueSpecification\",\"valueRequired\":true,\"valueName\":\"search_term_string\"}}],\"inLanguage\":\"es\"},{\"@type\":\"Person\",\"@id\":\"http:\\\/\\\/www.defensoria.gob.ve\\\/#\\\/schema\\\/person\\\/0fcc680c550d91982c4c009f5b19b8ec\",\"name\":\"KF.\",\"image\":{\"@type\":\"ImageObject\",\"inLanguage\":\"es\",\"@id\":\"https:\\\/\\\/secure.gravatar.com\\\/avatar\\\/d7d0d6b70133abf46e0bf5e7f5f63f5ae46353601f9ad9a981c38691d4b186b0?s=96&d=mm&r=g\",\"url\":\"https:\\\/\\\/secure.gravatar.com\\\/avatar\\\/d7d0d6b70133abf46e0bf5e7f5f63f5ae46353601f9ad9a981c38691d4b186b0?s=96&d=mm&r=g\",\"contentUrl\":\"https:\\\/\\\/secure.gravatar.com\\\/avatar\\\/d7d0d6b70133abf46e0bf5e7f5f63f5ae46353601f9ad9a981c38691d4b186b0?s=96&d=mm&r=g\",\"caption\":\"KF.\"},\"url\":\"http:\\\/\\\/www.defensoria.gob.ve\\\/?author=14\"}]}<\/script>\n<!-- \/ Yoast SEO plugin. -->","yoast_head_json":{"title":"Defensor del Pueblo (E), Tarek William Saab impulsa el acceso a la justicia con jornada de Tribunal M\u00f3vil en La Guaira parroquia Carlos Soublette -","robots":{"index":"index","follow":"follow","max-snippet":"max-snippet:-1","max-image-preview":"max-image-preview:large","max-video-preview":"max-video-preview:-1"},"canonical":"http:\/\/www.defensoria.gob.ve\/?p=18258","og_locale":"es_ES","og_type":"article","og_title":"Defensor del Pueblo (E), Tarek William Saab impulsa el acceso a la justicia con jornada de Tribunal M\u00f3vil en La Guaira parroquia Carlos Soublette -","og_description":"(La Guaira\/ 17-Mar-26) Con el objetivo de descentralizar los servicios jur\u00eddicos y garantizar el pleno ejercicio de los derechos fundamentales, la Defensor\u00eda del Pueblo del estado La Guaira particip\u00f3 en&hellip;","og_url":"http:\/\/www.defensoria.gob.ve\/?p=18258","article_published_time":"2026-03-17T19:24:36+00:00","article_modified_time":"2026-03-17T19:24:38+00:00","og_image":[{"width":1280,"height":960,"url":"http:\/\/www.defensoria.gob.ve\/wp-content\/uploads\/2026\/03\/WhatsApp-Image-2026-03-17-at-2.55.26-PM.jpeg","type":"image\/jpeg"}],"author":"KF.","twitter_card":"summary_large_image","twitter_misc":{"Escrito por":"KF.","Tiempo estimado de lectura":"2 minutos"},"schema":{"@context":"https:\/\/schema.org","@graph":[{"@type":"Article","@id":"http:\/\/www.defensoria.gob.ve\/?p=18258#article","isPartOf":{"@id":"http:\/\/www.defensoria.gob.ve\/?p=18258"},"author":{"name":"KF.","@id":"http:\/\/www.defensoria.gob.ve\/#\/schema\/person\/0fcc680c550d91982c4c009f5b19b8ec"},"headline":"Defensor del Pueblo (E), Tarek William Saab impulsa el acceso a la justicia con jornada de Tribunal M\u00f3vil en La Guaira parroquia Carlos Soublette","datePublished":"2026-03-17T19:24:36+00:00","dateModified":"2026-03-17T19:24:38+00:00","mainEntityOfPage":{"@id":"http:\/\/www.defensoria.gob.ve\/?p=18258"},"wordCount":231,"image":{"@id":"http:\/\/www.defensoria.gob.ve\/?p=18258#primaryimage"},"thumbnailUrl":"http:\/\/www.defensoria.gob.ve\/wp-content\/uploads\/2026\/03\/WhatsApp-Image-2026-03-17-at-2.55.26-PM.jpeg","articleSection":["REGIONALES"],"inLanguage":"es"},{"@type":"WebPage","@id":"http:\/\/www.defensoria.gob.ve\/?p=18258","url":"http:\/\/www.defensoria.gob.ve\/?p=18258","name":"Defensor del Pueblo (E), Tarek William Saab impulsa el acceso a la justicia con jornada de Tribunal M\u00f3vil en La Guaira parroquia Carlos Soublette -","isPartOf":{"@id":"http:\/\/www.defensoria.gob.ve\/#website"},"primaryImageOfPage":{"@id":"http:\/\/www.defensoria.gob.ve\/?p=18258#primaryimage"},"image":{"@id":"http:\/\/www.defensoria.gob.ve\/?p=18258#primaryimage"},"thumbnailUrl":"http:\/\/www.defensoria.gob.ve\/wp-content\/uploads\/2026\/03\/WhatsApp-Image-2026-03-17-at-2.55.26-PM.jpeg","datePublished":"2026-03-17T19:24:36+00:00","dateModified":"2026-03-17T19:24:38+00:00","author":{"@id":"http:\/\/www.defensoria.gob.ve\/#\/schema\/person\/0fcc680c550d91982c4c009f5b19b8ec"},"breadcrumb":{"@id":"http:\/\/www.defensoria.gob.ve\/?p=18258#breadcrumb"},"inLanguage":"es","potentialAction":[{"@type":"ReadAction","target":["http:\/\/www.defensoria.gob.ve\/?p=18258"]}]},{"@type":"ImageObject","inLanguage":"es","@id":"http:\/\/www.defensoria.gob.ve\/?p=18258#primaryimage","url":"http:\/\/www.defensoria.gob.ve\/wp-content\/uploads\/2026\/03\/WhatsApp-Image-2026-03-17-at-2.55.26-PM.jpeg","contentUrl":"http:\/\/www.defensoria.gob.ve\/wp-content\/uploads\/2026\/03\/WhatsApp-Image-2026-03-17-at-2.55.26-PM.jpeg","width":1280,"height":960},{"@type":"BreadcrumbList","@id":"http:\/\/www.defensoria.gob.ve\/?p=18258#breadcrumb","itemListElement":[{"@type":"ListItem","position":1,"name":"Portada","item":"http:\/\/www.defensoria.gob.ve\/"},{"@type":"ListItem","position":2,"name":"Defensor del Pueblo (E), Tarek William Saab impulsa el acceso a la justicia con jornada de Tribunal M\u00f3vil en La Guaira parroquia Carlos Soublette"}]},{"@type":"WebSite","@id":"http:\/\/www.defensoria.gob.ve\/#website","url":"http:\/\/www.defensoria.gob.ve\/","name":"","description":"Instituci\u00f3n del Poder Ciudadano para la Promoci\u00f3n, Defensa y Vigilancia de los Derechos Humanos.","potentialAction":[{"@type":"SearchAction","target":{"@type":"EntryPoint","urlTemplate":"http:\/\/www.defensoria.gob.ve\/?s={search_term_string}"},"query-input":{"@type":"PropertyValueSpecification","valueRequired":true,"valueName":"search_term_string"}}],"inLanguage":"es"},{"@type":"Person","@id":"http:\/\/www.defensoria.gob.ve\/#\/schema\/person\/0fcc680c550d91982c4c009f5b19b8ec","name":"KF.","image":{"@type":"ImageObject","inLanguage":"es","@id":"https:\/\/secure.gravatar.com\/avatar\/d7d0d6b70133abf46e0bf5e7f5f63f5ae46353601f9ad9a981c38691d4b186b0?s=96&d=mm&r=g","url":"https:\/\/secure.gravatar.com\/avatar\/d7d0d6b70133abf46e0bf5e7f5f63f5ae46353601f9ad9a981c38691d4b186b0?s=96&d=mm&r=g","contentUrl":"https:\/\/secure.gravatar.com\/avatar\/d7d0d6b70133abf46e0bf5e7f5f63f5ae46353601f9ad9a981c38691d4b186b0?s=96&d=mm&r=g","caption":"KF."},"url":"http:\/\/www.defensoria.gob.ve\/?author=14"}]}},"_links":{"self":[{"href":"http:\/\/www.defensoria.gob.ve\/index.php?rest_route=\/wp\/v2\/posts\/18258","targetHints":{"allow":["GET"]}}],"collection":[{"href":"http:\/\/www.defensoria.gob.ve\/index.php?rest_route=\/wp\/v2\/posts"}],"about":[{"href":"http:\/\/www.defensoria.gob.ve\/index.php?rest_route=\/wp\/v2\/types\/post"}],"author":[{"embeddable":true,"href":"http:\/\/www.defensoria.gob.ve\/index.php?rest_route=\/wp\/v2\/users\/14"}],"replies":[{"embeddable":true,"href":"http:\/\/www.defensoria.gob.ve\/index.php?rest_route=%2Fwp%2Fv2%2Fcomments&post=18258"}],"version-history":[{"count":1,"href":"http:\/\/www.defensoria.gob.ve\/index.php?rest_route=\/wp\/v2\/posts\/18258\/revisions"}],"predecessor-version":[{"id":18260,"href":"http:\/\/www.defensoria.gob.ve\/index.php?rest_route=\/wp\/v2\/posts\/18258\/revisions\/18260"}],"wp:featuredmedia":[{"embeddable":true,"href":"http:\/\/www.defensoria.gob.ve\/index.php?rest_route=\/wp\/v2\/media\/18259"}],"wp:attachment":[{"href":"http:\/\/www.defensoria.gob.ve\/index.php?rest_route=%2Fwp%2Fv2%2Fmedia&parent=18258"}],"wp:term":[{"taxonomy":"category","embeddable":true,"href":"http:\/\/www.defensoria.gob.ve\/index.php?rest_route=%2Fwp%2Fv2%2Fcategories&post=18258"},{"taxonomy":"post_tag","embeddable":true,"href":"http:\/\/www.defensoria.gob.ve\/index.php?rest_route=%2Fwp%2Fv2%2Ftags&post=18258"}],"curies":[{"name":"wp","href":"https:\/\/api.w.org\/{rel}","templated":true}]}}