 
{"id":18911,"date":"2026-04-27T11:13:38","date_gmt":"2026-04-27T15:13:38","guid":{"rendered":"http:\/\/www.defensoria.gob.ve\/?p=18911"},"modified":"2026-04-27T11:16:56","modified_gmt":"2026-04-27T15:16:56","slug":"defensoria-del-pueblo-de-yaracuy-culmina-diplomado-en-resolucion-de-conflictos-a-jueces-y-juezas-de-paz","status":"publish","type":"post","link":"http:\/\/www.defensoria.gob.ve\/?p=18911","title":{"rendered":"Defensor\u00eda del Pueblo de Yaracuy culmina Diplomado en Resoluci\u00f3n de Conflictos a jueces y juezas de paz"},"content":{"rendered":"\t\t<div data-elementor-type=\"wp-post\" data-elementor-id=\"18911\" class=\"elementor elementor-18911\">\n\t\t\t\t\t\t<section class=\"elementor-section elementor-top-section elementor-element elementor-element-3eaefea9 elementor-section-boxed elementor-section-height-default elementor-section-height-default\" data-id=\"3eaefea9\" data-element_type=\"section\" data-e-type=\"section\">\n\t\t\t\t\t\t<div class=\"elementor-container elementor-column-gap-default\">\n\t\t\t\t\t<div class=\"elementor-column elementor-col-100 elementor-top-column elementor-element elementor-element-4aa2f55a\" data-id=\"4aa2f55a\" data-element_type=\"column\" data-e-type=\"column\">\n\t\t\t<div class=\"elementor-widget-wrap elementor-element-populated\">\n\t\t\t\t\t\t<div class=\"elementor-element elementor-element-510c3047 elementor-widget elementor-widget-text-editor\" data-id=\"510c3047\" data-element_type=\"widget\" data-e-type=\"widget\" data-widget_type=\"text-editor.default\">\n\t\t\t\t<div class=\"elementor-widget-container\">\n\t\t\t\t\t\t\t\t\t\n<p>(Yaracuy\/27-Abr-26) La Defensor\u00eda Delegada del estado Yaracuy finaliz\u00f3 con \u00e9xito el primer \u201cDiplomado en Medios Alternativos de Resoluci\u00f3n de Conflictos\u201d, una iniciativa formativa dise\u00f1ada para fortalecer la justicia comunitaria en la entidad.El cierre del programa estuvo encabezado por el Defensor Delegado, Oscar Baquero, quien particip\u00f3 como facilitador del \u00faltimo m\u00f3dulo. <\/p>\n\n\n\n<figure class=\"wp-block-image size-full\"><img fetchpriority=\"high\" decoding=\"async\" width=\"1020\" height=\"456\" src=\"http:\/\/www.defensoria.gob.ve\/wp-content\/uploads\/2026\/04\/1000235457.jpg\" alt=\"\" class=\"wp-image-18912\" srcset=\"http:\/\/www.defensoria.gob.ve\/wp-content\/uploads\/2026\/04\/1000235457.jpg 1020w, http:\/\/www.defensoria.gob.ve\/wp-content\/uploads\/2026\/04\/1000235457-768x343.jpg 768w\" sizes=\"(max-width: 1020px) 100vw, 1020px\" \/><\/figure>\n\n\n\n<p>Durante la jornada, destac\u00f3 la importancia de estas herramientas para promover la cultura de paz.\u00bbEstamos muy satisfechos con este encuentro, puesto que hemos logrado capacitar y formar no solamente a jueces y juezas de paz, sino tambi\u00e9n a profesionales del derecho, psic\u00f3logos, integrantes de consejos de protecci\u00f3n y funcionarios de diversos organismos p\u00fablicos\u00bb, expres\u00f3 Baquero.<\/p>\n\n\n\n<p>Tras la culminaci\u00f3n de los m\u00f3dulos, las autoridades informaron que se planifica un acto protocolar para la entrega formal de los certificados a los participantes.Con esta formaci\u00f3n, la Defensor\u00eda reafirma su compromiso con la capacitaci\u00f3n constante de los actores encargados de gestionar la convivencia ciudadana y el respeto a los derechos humanos en el estado. FIN<\/p>\n\t\t\t\t\t\t\t\t<\/div>\n\t\t\t\t<\/div>\n\t\t\t\t\t<\/div>\n\t\t<\/div>\n\t\t\t\t\t<\/div>\n\t\t<\/section>\n\t\t\t\t<section class=\"elementor-section elementor-top-section elementor-element elementor-element-9858d8e elementor-section-boxed elementor-section-height-default elementor-section-height-default\" data-id=\"9858d8e\" data-element_type=\"section\" data-e-type=\"section\">\n\t\t\t\t\t\t<div class=\"elementor-container elementor-column-gap-default\">\n\t\t\t\t\t<div class=\"elementor-column elementor-col-100 elementor-top-column elementor-element elementor-element-fadbbb3\" data-id=\"fadbbb3\" data-element_type=\"column\" data-e-type=\"column\">\n\t\t\t<div class=\"elementor-widget-wrap elementor-element-populated\">\n\t\t\t\t\t\t<div class=\"elementor-element elementor-element-83978fd elementor-widget elementor-widget-heading\" data-id=\"83978fd\" data-element_type=\"widget\" data-e-type=\"widget\" data-widget_type=\"heading.default\">\n\t\t\t\t<div class=\"elementor-widget-container\">\n\t\t\t\t\t<h2 class=\"elementor-heading-title elementor-size-default\">A\u00f1ade aqu\u00ed tu texto de cabecera<\/h2>\t\t\t\t<\/div>\n\t\t\t\t<\/div>\n\t\t\t\t\t<\/div>\n\t\t<\/div>\n\t\t\t\t\t<\/div>\n\t\t<\/section>\n\t\t\t\t<\/div>\n\t\t","protected":false},"excerpt":{"rendered":"<p>(Yaracuy\/27-Abr-26) La Defensor\u00eda Delegada del estado Yaracuy finaliz\u00f3 con \u00e9xito el primer \u201cDiplomado en Medios Alternativos de Resoluci\u00f3n de Conflictos\u201d, una iniciativa formativa dise\u00f1ada para fortalecer la justicia comunitaria en&hellip; <\/p>\n","protected":false},"author":3,"featured_media":18913,"comment_status":"closed","ping_status":"open","sticky":false,"template":"","format":"standard","meta":{"footnotes":""},"categories":[5],"tags":[],"class_list":["post-18911","post","type-post","status-publish","format-standard","has-post-thumbnail","hentry","category-regionales"],"yoast_head":"<!-- This site is optimized with the Yoast SEO plugin v27.4 - https:\/\/yoast.com\/product\/yoast-seo-wordpress\/ -->\n<title>Defensor\u00eda del Pueblo de Yaracuy culmina Diplomado en Resoluci\u00f3n de Conflictos a jueces y juezas de paz -<\/title>\n<meta name=\"robots\" content=\"index, follow, max-snippet:-1, max-image-preview:large, max-video-preview:-1\" \/>\n<link rel=\"canonical\" href=\"http:\/\/www.defensoria.gob.ve\/?p=18911\" \/>\n<meta property=\"og:locale\" content=\"es_ES\" \/>\n<meta property=\"og:type\" content=\"article\" \/>\n<meta property=\"og:title\" content=\"Defensor\u00eda del Pueblo de Yaracuy culmina Diplomado en Resoluci\u00f3n de Conflictos a jueces y juezas de paz -\" \/>\n<meta property=\"og:description\" content=\"(Yaracuy\/27-Abr-26) La Defensor\u00eda Delegada del estado Yaracuy finaliz\u00f3 con \u00e9xito el primer \u201cDiplomado en Medios Alternativos de Resoluci\u00f3n de Conflictos\u201d, una iniciativa formativa dise\u00f1ada para fortalecer la justicia comunitaria en&hellip;\" \/>\n<meta property=\"og:url\" content=\"http:\/\/www.defensoria.gob.ve\/?p=18911\" \/>\n<meta property=\"article:published_time\" content=\"2026-04-27T15:13:38+00:00\" \/>\n<meta property=\"article:modified_time\" content=\"2026-04-27T15:16:56+00:00\" \/>\n<meta property=\"og:image\" content=\"http:\/\/www.defensoria.gob.ve\/wp-content\/uploads\/2026\/04\/IMG-20260427-WA0004.jpg\" \/>\n\t<meta property=\"og:image:width\" content=\"720\" \/>\n\t<meta property=\"og:image:height\" content=\"607\" \/>\n\t<meta property=\"og:image:type\" content=\"image\/jpeg\" \/>\n<meta name=\"author\" content=\"Mirella Malpica\" \/>\n<meta name=\"twitter:card\" content=\"summary_large_image\" \/>\n<meta name=\"twitter:label1\" content=\"Escrito por\" \/>\n\t<meta name=\"twitter:data1\" content=\"Mirella Malpica\" \/>\n\t<meta name=\"twitter:label2\" content=\"Tiempo estimado de lectura\" \/>\n\t<meta name=\"twitter:data2\" content=\"1 minuto\" \/>\n<script type=\"application\/ld+json\" class=\"yoast-schema-graph\">{\"@context\":\"https:\\\/\\\/schema.org\",\"@graph\":[{\"@type\":\"Article\",\"@id\":\"http:\\\/\\\/www.defensoria.gob.ve\\\/?p=18911#article\",\"isPartOf\":{\"@id\":\"http:\\\/\\\/www.defensoria.gob.ve\\\/?p=18911\"},\"author\":{\"name\":\"Mirella Malpica\",\"@id\":\"http:\\\/\\\/www.defensoria.gob.ve\\\/#\\\/schema\\\/person\\\/fa223a8963849d8738378c5acc5bd98b\"},\"headline\":\"Defensor\u00eda del Pueblo de Yaracuy culmina Diplomado en Resoluci\u00f3n de Conflictos a jueces y juezas de paz\",\"datePublished\":\"2026-04-27T15:13:38+00:00\",\"dateModified\":\"2026-04-27T15:16:56+00:00\",\"mainEntityOfPage\":{\"@id\":\"http:\\\/\\\/www.defensoria.gob.ve\\\/?p=18911\"},\"wordCount\":204,\"image\":{\"@id\":\"http:\\\/\\\/www.defensoria.gob.ve\\\/?p=18911#primaryimage\"},\"thumbnailUrl\":\"http:\\\/\\\/www.defensoria.gob.ve\\\/wp-content\\\/uploads\\\/2026\\\/04\\\/IMG-20260427-WA0004.jpg\",\"articleSection\":[\"REGIONALES\"],\"inLanguage\":\"es\"},{\"@type\":\"WebPage\",\"@id\":\"http:\\\/\\\/www.defensoria.gob.ve\\\/?p=18911\",\"url\":\"http:\\\/\\\/www.defensoria.gob.ve\\\/?p=18911\",\"name\":\"Defensor\u00eda del Pueblo de Yaracuy culmina Diplomado en Resoluci\u00f3n de Conflictos a jueces y juezas de paz -\",\"isPartOf\":{\"@id\":\"http:\\\/\\\/www.defensoria.gob.ve\\\/#website\"},\"primaryImageOfPage\":{\"@id\":\"http:\\\/\\\/www.defensoria.gob.ve\\\/?p=18911#primaryimage\"},\"image\":{\"@id\":\"http:\\\/\\\/www.defensoria.gob.ve\\\/?p=18911#primaryimage\"},\"thumbnailUrl\":\"http:\\\/\\\/www.defensoria.gob.ve\\\/wp-content\\\/uploads\\\/2026\\\/04\\\/IMG-20260427-WA0004.jpg\",\"datePublished\":\"2026-04-27T15:13:38+00:00\",\"dateModified\":\"2026-04-27T15:16:56+00:00\",\"author\":{\"@id\":\"http:\\\/\\\/www.defensoria.gob.ve\\\/#\\\/schema\\\/person\\\/fa223a8963849d8738378c5acc5bd98b\"},\"breadcrumb\":{\"@id\":\"http:\\\/\\\/www.defensoria.gob.ve\\\/?p=18911#breadcrumb\"},\"inLanguage\":\"es\",\"potentialAction\":[{\"@type\":\"ReadAction\",\"target\":[\"http:\\\/\\\/www.defensoria.gob.ve\\\/?p=18911\"]}]},{\"@type\":\"ImageObject\",\"inLanguage\":\"es\",\"@id\":\"http:\\\/\\\/www.defensoria.gob.ve\\\/?p=18911#primaryimage\",\"url\":\"http:\\\/\\\/www.defensoria.gob.ve\\\/wp-content\\\/uploads\\\/2026\\\/04\\\/IMG-20260427-WA0004.jpg\",\"contentUrl\":\"http:\\\/\\\/www.defensoria.gob.ve\\\/wp-content\\\/uploads\\\/2026\\\/04\\\/IMG-20260427-WA0004.jpg\",\"width\":720,\"height\":607},{\"@type\":\"BreadcrumbList\",\"@id\":\"http:\\\/\\\/www.defensoria.gob.ve\\\/?p=18911#breadcrumb\",\"itemListElement\":[{\"@type\":\"ListItem\",\"position\":1,\"name\":\"Portada\",\"item\":\"http:\\\/\\\/www.defensoria.gob.ve\\\/\"},{\"@type\":\"ListItem\",\"position\":2,\"name\":\"Defensor\u00eda del Pueblo de Yaracuy culmina Diplomado en Resoluci\u00f3n de Conflictos a jueces y juezas de paz\"}]},{\"@type\":\"WebSite\",\"@id\":\"http:\\\/\\\/www.defensoria.gob.ve\\\/#website\",\"url\":\"http:\\\/\\\/www.defensoria.gob.ve\\\/\",\"name\":\"\",\"description\":\"Instituci\u00f3n del Poder Ciudadano para la Promoci\u00f3n, Defensa y Vigilancia de los Derechos Humanos. \",\"potentialAction\":[{\"@type\":\"SearchAction\",\"target\":{\"@type\":\"EntryPoint\",\"urlTemplate\":\"http:\\\/\\\/www.defensoria.gob.ve\\\/?s={search_term_string}\"},\"query-input\":{\"@type\":\"PropertyValueSpecification\",\"valueRequired\":true,\"valueName\":\"search_term_string\"}}],\"inLanguage\":\"es\"},{\"@type\":\"Person\",\"@id\":\"http:\\\/\\\/www.defensoria.gob.ve\\\/#\\\/schema\\\/person\\\/fa223a8963849d8738378c5acc5bd98b\",\"name\":\"Mirella Malpica\",\"image\":{\"@type\":\"ImageObject\",\"inLanguage\":\"es\",\"@id\":\"https:\\\/\\\/secure.gravatar.com\\\/avatar\\\/d9db8c79fa2f4f658da168f3fe659eb5a7fcf6bc9aaa72d892a39c9f17f917b5?s=96&d=mm&r=g\",\"url\":\"https:\\\/\\\/secure.gravatar.com\\\/avatar\\\/d9db8c79fa2f4f658da168f3fe659eb5a7fcf6bc9aaa72d892a39c9f17f917b5?s=96&d=mm&r=g\",\"contentUrl\":\"https:\\\/\\\/secure.gravatar.com\\\/avatar\\\/d9db8c79fa2f4f658da168f3fe659eb5a7fcf6bc9aaa72d892a39c9f17f917b5?s=96&d=mm&r=g\",\"caption\":\"Mirella Malpica\"},\"url\":\"http:\\\/\\\/www.defensoria.gob.ve\\\/?author=3\"}]}<\/script>\n<!-- \/ Yoast SEO plugin. -->","yoast_head_json":{"title":"Defensor\u00eda del Pueblo de Yaracuy culmina Diplomado en Resoluci\u00f3n de Conflictos a jueces y juezas de paz -","robots":{"index":"index","follow":"follow","max-snippet":"max-snippet:-1","max-image-preview":"max-image-preview:large","max-video-preview":"max-video-preview:-1"},"canonical":"http:\/\/www.defensoria.gob.ve\/?p=18911","og_locale":"es_ES","og_type":"article","og_title":"Defensor\u00eda del Pueblo de Yaracuy culmina Diplomado en Resoluci\u00f3n de Conflictos a jueces y juezas de paz -","og_description":"(Yaracuy\/27-Abr-26) La Defensor\u00eda Delegada del estado Yaracuy finaliz\u00f3 con \u00e9xito el primer \u201cDiplomado en Medios Alternativos de Resoluci\u00f3n de Conflictos\u201d, una iniciativa formativa dise\u00f1ada para fortalecer la justicia comunitaria en&hellip;","og_url":"http:\/\/www.defensoria.gob.ve\/?p=18911","article_published_time":"2026-04-27T15:13:38+00:00","article_modified_time":"2026-04-27T15:16:56+00:00","og_image":[{"width":720,"height":607,"url":"http:\/\/www.defensoria.gob.ve\/wp-content\/uploads\/2026\/04\/IMG-20260427-WA0004.jpg","type":"image\/jpeg"}],"author":"Mirella Malpica","twitter_card":"summary_large_image","twitter_misc":{"Escrito por":"Mirella Malpica","Tiempo estimado de lectura":"1 minuto"},"schema":{"@context":"https:\/\/schema.org","@graph":[{"@type":"Article","@id":"http:\/\/www.defensoria.gob.ve\/?p=18911#article","isPartOf":{"@id":"http:\/\/www.defensoria.gob.ve\/?p=18911"},"author":{"name":"Mirella Malpica","@id":"http:\/\/www.defensoria.gob.ve\/#\/schema\/person\/fa223a8963849d8738378c5acc5bd98b"},"headline":"Defensor\u00eda del Pueblo de Yaracuy culmina Diplomado en Resoluci\u00f3n de Conflictos a jueces y juezas de paz","datePublished":"2026-04-27T15:13:38+00:00","dateModified":"2026-04-27T15:16:56+00:00","mainEntityOfPage":{"@id":"http:\/\/www.defensoria.gob.ve\/?p=18911"},"wordCount":204,"image":{"@id":"http:\/\/www.defensoria.gob.ve\/?p=18911#primaryimage"},"thumbnailUrl":"http:\/\/www.defensoria.gob.ve\/wp-content\/uploads\/2026\/04\/IMG-20260427-WA0004.jpg","articleSection":["REGIONALES"],"inLanguage":"es"},{"@type":"WebPage","@id":"http:\/\/www.defensoria.gob.ve\/?p=18911","url":"http:\/\/www.defensoria.gob.ve\/?p=18911","name":"Defensor\u00eda del Pueblo de Yaracuy culmina Diplomado en Resoluci\u00f3n de Conflictos a jueces y juezas de paz -","isPartOf":{"@id":"http:\/\/www.defensoria.gob.ve\/#website"},"primaryImageOfPage":{"@id":"http:\/\/www.defensoria.gob.ve\/?p=18911#primaryimage"},"image":{"@id":"http:\/\/www.defensoria.gob.ve\/?p=18911#primaryimage"},"thumbnailUrl":"http:\/\/www.defensoria.gob.ve\/wp-content\/uploads\/2026\/04\/IMG-20260427-WA0004.jpg","datePublished":"2026-04-27T15:13:38+00:00","dateModified":"2026-04-27T15:16:56+00:00","author":{"@id":"http:\/\/www.defensoria.gob.ve\/#\/schema\/person\/fa223a8963849d8738378c5acc5bd98b"},"breadcrumb":{"@id":"http:\/\/www.defensoria.gob.ve\/?p=18911#breadcrumb"},"inLanguage":"es","potentialAction":[{"@type":"ReadAction","target":["http:\/\/www.defensoria.gob.ve\/?p=18911"]}]},{"@type":"ImageObject","inLanguage":"es","@id":"http:\/\/www.defensoria.gob.ve\/?p=18911#primaryimage","url":"http:\/\/www.defensoria.gob.ve\/wp-content\/uploads\/2026\/04\/IMG-20260427-WA0004.jpg","contentUrl":"http:\/\/www.defensoria.gob.ve\/wp-content\/uploads\/2026\/04\/IMG-20260427-WA0004.jpg","width":720,"height":607},{"@type":"BreadcrumbList","@id":"http:\/\/www.defensoria.gob.ve\/?p=18911#breadcrumb","itemListElement":[{"@type":"ListItem","position":1,"name":"Portada","item":"http:\/\/www.defensoria.gob.ve\/"},{"@type":"ListItem","position":2,"name":"Defensor\u00eda del Pueblo de Yaracuy culmina Diplomado en Resoluci\u00f3n de Conflictos a jueces y juezas de paz"}]},{"@type":"WebSite","@id":"http:\/\/www.defensoria.gob.ve\/#website","url":"http:\/\/www.defensoria.gob.ve\/","name":"","description":"Instituci\u00f3n del Poder Ciudadano para la Promoci\u00f3n, Defensa y Vigilancia de los Derechos Humanos. ","potentialAction":[{"@type":"SearchAction","target":{"@type":"EntryPoint","urlTemplate":"http:\/\/www.defensoria.gob.ve\/?s={search_term_string}"},"query-input":{"@type":"PropertyValueSpecification","valueRequired":true,"valueName":"search_term_string"}}],"inLanguage":"es"},{"@type":"Person","@id":"http:\/\/www.defensoria.gob.ve\/#\/schema\/person\/fa223a8963849d8738378c5acc5bd98b","name":"Mirella Malpica","image":{"@type":"ImageObject","inLanguage":"es","@id":"https:\/\/secure.gravatar.com\/avatar\/d9db8c79fa2f4f658da168f3fe659eb5a7fcf6bc9aaa72d892a39c9f17f917b5?s=96&d=mm&r=g","url":"https:\/\/secure.gravatar.com\/avatar\/d9db8c79fa2f4f658da168f3fe659eb5a7fcf6bc9aaa72d892a39c9f17f917b5?s=96&d=mm&r=g","contentUrl":"https:\/\/secure.gravatar.com\/avatar\/d9db8c79fa2f4f658da168f3fe659eb5a7fcf6bc9aaa72d892a39c9f17f917b5?s=96&d=mm&r=g","caption":"Mirella Malpica"},"url":"http:\/\/www.defensoria.gob.ve\/?author=3"}]}},"_links":{"self":[{"href":"http:\/\/www.defensoria.gob.ve\/index.php?rest_route=\/wp\/v2\/posts\/18911","targetHints":{"allow":["GET"]}}],"collection":[{"href":"http:\/\/www.defensoria.gob.ve\/index.php?rest_route=\/wp\/v2\/posts"}],"about":[{"href":"http:\/\/www.defensoria.gob.ve\/index.php?rest_route=\/wp\/v2\/types\/post"}],"author":[{"embeddable":true,"href":"http:\/\/www.defensoria.gob.ve\/index.php?rest_route=\/wp\/v2\/users\/3"}],"replies":[{"embeddable":true,"href":"http:\/\/www.defensoria.gob.ve\/index.php?rest_route=%2Fwp%2Fv2%2Fcomments&post=18911"}],"version-history":[{"count":4,"href":"http:\/\/www.defensoria.gob.ve\/index.php?rest_route=\/wp\/v2\/posts\/18911\/revisions"}],"predecessor-version":[{"id":18917,"href":"http:\/\/www.defensoria.gob.ve\/index.php?rest_route=\/wp\/v2\/posts\/18911\/revisions\/18917"}],"wp:featuredmedia":[{"embeddable":true,"href":"http:\/\/www.defensoria.gob.ve\/index.php?rest_route=\/wp\/v2\/media\/18913"}],"wp:attachment":[{"href":"http:\/\/www.defensoria.gob.ve\/index.php?rest_route=%2Fwp%2Fv2%2Fmedia&parent=18911"}],"wp:term":[{"taxonomy":"category","embeddable":true,"href":"http:\/\/www.defensoria.gob.ve\/index.php?rest_route=%2Fwp%2Fv2%2Fcategories&post=18911"},{"taxonomy":"post_tag","embeddable":true,"href":"http:\/\/www.defensoria.gob.ve\/index.php?rest_route=%2Fwp%2Fv2%2Ftags&post=18911"}],"curies":[{"name":"wp","href":"https:\/\/api.w.org\/{rel}","templated":true}]}}