 
{"id":18918,"date":"2026-04-27T11:28:35","date_gmt":"2026-04-27T15:28:35","guid":{"rendered":"http:\/\/www.defensoria.gob.ve\/?p=18918"},"modified":"2026-04-27T11:29:14","modified_gmt":"2026-04-27T15:29:14","slug":"defensoria-del-pueblo-barinas-recibio-a-estudiantes-de-derecho-de-la-unellez-para-conversatorio-sobre-dd-hh","status":"publish","type":"post","link":"http:\/\/www.defensoria.gob.ve\/?p=18918","title":{"rendered":"Defensor\u00eda del Pueblo Barinas recibi\u00f3 a estudiantes de Derecho de la UNELLEZ para conversatorio sobre DD.HH."},"content":{"rendered":"\t\t<div data-elementor-type=\"wp-post\" data-elementor-id=\"18918\" class=\"elementor elementor-18918\">\n\t\t\t\t\t\t<section class=\"elementor-section elementor-top-section elementor-element elementor-element-603e6375 elementor-section-boxed elementor-section-height-default elementor-section-height-default\" data-id=\"603e6375\" data-element_type=\"section\" data-e-type=\"section\">\n\t\t\t\t\t\t<div class=\"elementor-container elementor-column-gap-default\">\n\t\t\t\t\t<div class=\"elementor-column elementor-col-100 elementor-top-column elementor-element elementor-element-320646e0\" data-id=\"320646e0\" data-element_type=\"column\" data-e-type=\"column\">\n\t\t\t<div class=\"elementor-widget-wrap elementor-element-populated\">\n\t\t\t\t\t\t<div class=\"elementor-element elementor-element-71257462 elementor-widget elementor-widget-text-editor\" data-id=\"71257462\" data-element_type=\"widget\" data-e-type=\"widget\" data-widget_type=\"text-editor.default\">\n\t\t\t\t<div class=\"elementor-widget-container\">\n\t\t\t\t\t\t\t\t\t\n<p>(Barinas\/27-Abr-2026) En una jornada de puertas abiertas orientada al fortalecimiento acad\u00e9mico, la sede de la Defensor\u00eda Delegada del Estado Barinas fue el escenario de un conversatorio formativo sobre derechos humanos dirigido a estudiantes del cuarto a\u00f1o de Derecho de la Universidad Nacional Experimental de los Llanos Occidentales \u201cEzequiel Zamora\u201d (UNELLEZ).<\/p>\n\n\n\n<p>El encuentro, desarrollado en las instalaciones defensoriales, permiti\u00f3 a los futuros juristas conocer de primera mano el funcionamiento administrativo y operativo de la instituci\u00f3n. Durante la jornada, se realiz\u00f3 la entrega de material divulgativo impreso, proporcionando a los estudiantes herramientas t\u00e9cnicas y normativas esenciales para el ejercicio de la defensa de los derechos humanos.<\/p>\n\n\n\n<figure class=\"wp-block-image size-full\"><img fetchpriority=\"high\" decoding=\"async\" width=\"1080\" height=\"705\" src=\"http:\/\/www.defensoria.gob.ve\/wp-content\/uploads\/2026\/04\/1000235453.jpg\" alt=\"\" class=\"wp-image-18919\" srcset=\"http:\/\/www.defensoria.gob.ve\/wp-content\/uploads\/2026\/04\/1000235453.jpg 1080w, http:\/\/www.defensoria.gob.ve\/wp-content\/uploads\/2026\/04\/1000235453-768x501.jpg 768w\" sizes=\"(max-width: 1080px) 100vw, 1080px\" \/><\/figure>\n\n\n\n<p>Igualmente, se enfatiz\u00f3 acerca de la importancia de que los estudiantes visiten y reconozcan la sede defensorial como un espacio de protecci\u00f3n al ciudadano y ciudadana, se\u00f1alando que \u00abla formaci\u00f3n en el terreno es fundamental para que los futuros abogados ejerzan con una visi\u00f3n humanista y defensora de la justicia y los derechos humanos\u00bb.<\/p>\n\n\n\n<p>La actividad concluy\u00f3 con un ciclo de preguntas y respuestas donde los estudiantes unellistas profundizaron en temas de retardo procesal y la eficacia de las recomendaciones defensoriales en el \u00e1mbito local. FIN <\/p>\n\t\t\t\t\t\t\t\t<\/div>\n\t\t\t\t<\/div>\n\t\t\t\t\t<\/div>\n\t\t<\/div>\n\t\t\t\t\t<\/div>\n\t\t<\/section>\n\t\t\t\t<section class=\"elementor-section elementor-top-section elementor-element elementor-element-1d71ff9 elementor-section-boxed elementor-section-height-default elementor-section-height-default\" data-id=\"1d71ff9\" data-element_type=\"section\" data-e-type=\"section\">\n\t\t\t\t\t\t<div class=\"elementor-container elementor-column-gap-default\">\n\t\t\t\t\t<div class=\"elementor-column elementor-col-100 elementor-top-column elementor-element elementor-element-f8a6b0e\" data-id=\"f8a6b0e\" data-element_type=\"column\" data-e-type=\"column\">\n\t\t\t<div class=\"elementor-widget-wrap elementor-element-populated\">\n\t\t\t\t\t\t<div class=\"elementor-element elementor-element-df2aab5 elementor-widget elementor-widget-heading\" data-id=\"df2aab5\" data-element_type=\"widget\" data-e-type=\"widget\" data-widget_type=\"heading.default\">\n\t\t\t\t<div class=\"elementor-widget-container\">\n\t\t\t\t\t<h2 class=\"elementor-heading-title elementor-size-default\">A\u00f1ade aqu\u00ed tu texto de cabecera<\/h2>\t\t\t\t<\/div>\n\t\t\t\t<\/div>\n\t\t\t\t\t<\/div>\n\t\t<\/div>\n\t\t\t\t\t<\/div>\n\t\t<\/section>\n\t\t\t\t<\/div>\n\t\t","protected":false},"excerpt":{"rendered":"<p>(Barinas\/27-Abr-2026) En una jornada de puertas abiertas orientada al fortalecimiento acad\u00e9mico, la sede de la Defensor\u00eda Delegada del Estado Barinas fue el escenario de un conversatorio formativo sobre derechos humanos&hellip; <\/p>\n","protected":false},"author":3,"featured_media":18920,"comment_status":"closed","ping_status":"open","sticky":false,"template":"","format":"standard","meta":{"footnotes":""},"categories":[5],"tags":[],"class_list":["post-18918","post","type-post","status-publish","format-standard","has-post-thumbnail","hentry","category-regionales"],"yoast_head":"<!-- This site is optimized with the Yoast SEO plugin v27.4 - https:\/\/yoast.com\/product\/yoast-seo-wordpress\/ -->\n<title>Defensor\u00eda del Pueblo Barinas recibi\u00f3 a estudiantes de Derecho de la UNELLEZ para conversatorio sobre DD.HH. -<\/title>\n<meta name=\"robots\" content=\"index, follow, max-snippet:-1, max-image-preview:large, max-video-preview:-1\" \/>\n<link rel=\"canonical\" href=\"http:\/\/www.defensoria.gob.ve\/?p=18918\" \/>\n<meta property=\"og:locale\" content=\"es_ES\" \/>\n<meta property=\"og:type\" content=\"article\" \/>\n<meta property=\"og:title\" content=\"Defensor\u00eda del Pueblo Barinas recibi\u00f3 a estudiantes de Derecho de la UNELLEZ para conversatorio sobre DD.HH. -\" \/>\n<meta property=\"og:description\" content=\"(Barinas\/27-Abr-2026) En una jornada de puertas abiertas orientada al fortalecimiento acad\u00e9mico, la sede de la Defensor\u00eda Delegada del Estado Barinas fue el escenario de un conversatorio formativo sobre derechos humanos&hellip;\" \/>\n<meta property=\"og:url\" content=\"http:\/\/www.defensoria.gob.ve\/?p=18918\" \/>\n<meta property=\"article:published_time\" content=\"2026-04-27T15:28:35+00:00\" \/>\n<meta property=\"article:modified_time\" content=\"2026-04-27T15:29:14+00:00\" \/>\n<meta property=\"og:image\" content=\"http:\/\/www.defensoria.gob.ve\/wp-content\/uploads\/2026\/04\/IMG-20260427-WA0002.jpg\" \/>\n\t<meta property=\"og:image:width\" content=\"849\" \/>\n\t<meta property=\"og:image:height\" content=\"674\" \/>\n\t<meta property=\"og:image:type\" content=\"image\/jpeg\" \/>\n<meta name=\"author\" content=\"Mirella Malpica\" \/>\n<meta name=\"twitter:card\" content=\"summary_large_image\" \/>\n<meta name=\"twitter:label1\" content=\"Escrito por\" \/>\n\t<meta name=\"twitter:data1\" content=\"Mirella Malpica\" \/>\n\t<meta name=\"twitter:label2\" content=\"Tiempo estimado de lectura\" \/>\n\t<meta name=\"twitter:data2\" content=\"2 minutos\" \/>\n<script type=\"application\/ld+json\" class=\"yoast-schema-graph\">{\"@context\":\"https:\\\/\\\/schema.org\",\"@graph\":[{\"@type\":\"Article\",\"@id\":\"http:\\\/\\\/www.defensoria.gob.ve\\\/?p=18918#article\",\"isPartOf\":{\"@id\":\"http:\\\/\\\/www.defensoria.gob.ve\\\/?p=18918\"},\"author\":{\"name\":\"Mirella Malpica\",\"@id\":\"http:\\\/\\\/www.defensoria.gob.ve\\\/#\\\/schema\\\/person\\\/fa223a8963849d8738378c5acc5bd98b\"},\"headline\":\"Defensor\u00eda del Pueblo Barinas recibi\u00f3 a estudiantes de Derecho de la UNELLEZ para conversatorio sobre DD.HH.\",\"datePublished\":\"2026-04-27T15:28:35+00:00\",\"dateModified\":\"2026-04-27T15:29:14+00:00\",\"mainEntityOfPage\":{\"@id\":\"http:\\\/\\\/www.defensoria.gob.ve\\\/?p=18918\"},\"wordCount\":225,\"image\":{\"@id\":\"http:\\\/\\\/www.defensoria.gob.ve\\\/?p=18918#primaryimage\"},\"thumbnailUrl\":\"http:\\\/\\\/www.defensoria.gob.ve\\\/wp-content\\\/uploads\\\/2026\\\/04\\\/IMG-20260427-WA0002.jpg\",\"articleSection\":[\"REGIONALES\"],\"inLanguage\":\"es\"},{\"@type\":\"WebPage\",\"@id\":\"http:\\\/\\\/www.defensoria.gob.ve\\\/?p=18918\",\"url\":\"http:\\\/\\\/www.defensoria.gob.ve\\\/?p=18918\",\"name\":\"Defensor\u00eda del Pueblo Barinas recibi\u00f3 a estudiantes de Derecho de la UNELLEZ para conversatorio sobre DD.HH. -\",\"isPartOf\":{\"@id\":\"http:\\\/\\\/www.defensoria.gob.ve\\\/#website\"},\"primaryImageOfPage\":{\"@id\":\"http:\\\/\\\/www.defensoria.gob.ve\\\/?p=18918#primaryimage\"},\"image\":{\"@id\":\"http:\\\/\\\/www.defensoria.gob.ve\\\/?p=18918#primaryimage\"},\"thumbnailUrl\":\"http:\\\/\\\/www.defensoria.gob.ve\\\/wp-content\\\/uploads\\\/2026\\\/04\\\/IMG-20260427-WA0002.jpg\",\"datePublished\":\"2026-04-27T15:28:35+00:00\",\"dateModified\":\"2026-04-27T15:29:14+00:00\",\"author\":{\"@id\":\"http:\\\/\\\/www.defensoria.gob.ve\\\/#\\\/schema\\\/person\\\/fa223a8963849d8738378c5acc5bd98b\"},\"breadcrumb\":{\"@id\":\"http:\\\/\\\/www.defensoria.gob.ve\\\/?p=18918#breadcrumb\"},\"inLanguage\":\"es\",\"potentialAction\":[{\"@type\":\"ReadAction\",\"target\":[\"http:\\\/\\\/www.defensoria.gob.ve\\\/?p=18918\"]}]},{\"@type\":\"ImageObject\",\"inLanguage\":\"es\",\"@id\":\"http:\\\/\\\/www.defensoria.gob.ve\\\/?p=18918#primaryimage\",\"url\":\"http:\\\/\\\/www.defensoria.gob.ve\\\/wp-content\\\/uploads\\\/2026\\\/04\\\/IMG-20260427-WA0002.jpg\",\"contentUrl\":\"http:\\\/\\\/www.defensoria.gob.ve\\\/wp-content\\\/uploads\\\/2026\\\/04\\\/IMG-20260427-WA0002.jpg\",\"width\":849,\"height\":674},{\"@type\":\"BreadcrumbList\",\"@id\":\"http:\\\/\\\/www.defensoria.gob.ve\\\/?p=18918#breadcrumb\",\"itemListElement\":[{\"@type\":\"ListItem\",\"position\":1,\"name\":\"Portada\",\"item\":\"http:\\\/\\\/www.defensoria.gob.ve\\\/\"},{\"@type\":\"ListItem\",\"position\":2,\"name\":\"Defensor\u00eda del Pueblo Barinas recibi\u00f3 a estudiantes de Derecho de la UNELLEZ para conversatorio sobre DD.HH.\"}]},{\"@type\":\"WebSite\",\"@id\":\"http:\\\/\\\/www.defensoria.gob.ve\\\/#website\",\"url\":\"http:\\\/\\\/www.defensoria.gob.ve\\\/\",\"name\":\"\",\"description\":\"Instituci\u00f3n del Poder Ciudadano para la Promoci\u00f3n, Defensa y Vigilancia de los Derechos Humanos. \",\"potentialAction\":[{\"@type\":\"SearchAction\",\"target\":{\"@type\":\"EntryPoint\",\"urlTemplate\":\"http:\\\/\\\/www.defensoria.gob.ve\\\/?s={search_term_string}\"},\"query-input\":{\"@type\":\"PropertyValueSpecification\",\"valueRequired\":true,\"valueName\":\"search_term_string\"}}],\"inLanguage\":\"es\"},{\"@type\":\"Person\",\"@id\":\"http:\\\/\\\/www.defensoria.gob.ve\\\/#\\\/schema\\\/person\\\/fa223a8963849d8738378c5acc5bd98b\",\"name\":\"Mirella Malpica\",\"image\":{\"@type\":\"ImageObject\",\"inLanguage\":\"es\",\"@id\":\"https:\\\/\\\/secure.gravatar.com\\\/avatar\\\/d9db8c79fa2f4f658da168f3fe659eb5a7fcf6bc9aaa72d892a39c9f17f917b5?s=96&d=mm&r=g\",\"url\":\"https:\\\/\\\/secure.gravatar.com\\\/avatar\\\/d9db8c79fa2f4f658da168f3fe659eb5a7fcf6bc9aaa72d892a39c9f17f917b5?s=96&d=mm&r=g\",\"contentUrl\":\"https:\\\/\\\/secure.gravatar.com\\\/avatar\\\/d9db8c79fa2f4f658da168f3fe659eb5a7fcf6bc9aaa72d892a39c9f17f917b5?s=96&d=mm&r=g\",\"caption\":\"Mirella Malpica\"},\"url\":\"http:\\\/\\\/www.defensoria.gob.ve\\\/?author=3\"}]}<\/script>\n<!-- \/ Yoast SEO plugin. -->","yoast_head_json":{"title":"Defensor\u00eda del Pueblo Barinas recibi\u00f3 a estudiantes de Derecho de la UNELLEZ para conversatorio sobre DD.HH. -","robots":{"index":"index","follow":"follow","max-snippet":"max-snippet:-1","max-image-preview":"max-image-preview:large","max-video-preview":"max-video-preview:-1"},"canonical":"http:\/\/www.defensoria.gob.ve\/?p=18918","og_locale":"es_ES","og_type":"article","og_title":"Defensor\u00eda del Pueblo Barinas recibi\u00f3 a estudiantes de Derecho de la UNELLEZ para conversatorio sobre DD.HH. -","og_description":"(Barinas\/27-Abr-2026) En una jornada de puertas abiertas orientada al fortalecimiento acad\u00e9mico, la sede de la Defensor\u00eda Delegada del Estado Barinas fue el escenario de un conversatorio formativo sobre derechos humanos&hellip;","og_url":"http:\/\/www.defensoria.gob.ve\/?p=18918","article_published_time":"2026-04-27T15:28:35+00:00","article_modified_time":"2026-04-27T15:29:14+00:00","og_image":[{"width":849,"height":674,"url":"http:\/\/www.defensoria.gob.ve\/wp-content\/uploads\/2026\/04\/IMG-20260427-WA0002.jpg","type":"image\/jpeg"}],"author":"Mirella Malpica","twitter_card":"summary_large_image","twitter_misc":{"Escrito por":"Mirella Malpica","Tiempo estimado de lectura":"2 minutos"},"schema":{"@context":"https:\/\/schema.org","@graph":[{"@type":"Article","@id":"http:\/\/www.defensoria.gob.ve\/?p=18918#article","isPartOf":{"@id":"http:\/\/www.defensoria.gob.ve\/?p=18918"},"author":{"name":"Mirella Malpica","@id":"http:\/\/www.defensoria.gob.ve\/#\/schema\/person\/fa223a8963849d8738378c5acc5bd98b"},"headline":"Defensor\u00eda del Pueblo Barinas recibi\u00f3 a estudiantes de Derecho de la UNELLEZ para conversatorio sobre DD.HH.","datePublished":"2026-04-27T15:28:35+00:00","dateModified":"2026-04-27T15:29:14+00:00","mainEntityOfPage":{"@id":"http:\/\/www.defensoria.gob.ve\/?p=18918"},"wordCount":225,"image":{"@id":"http:\/\/www.defensoria.gob.ve\/?p=18918#primaryimage"},"thumbnailUrl":"http:\/\/www.defensoria.gob.ve\/wp-content\/uploads\/2026\/04\/IMG-20260427-WA0002.jpg","articleSection":["REGIONALES"],"inLanguage":"es"},{"@type":"WebPage","@id":"http:\/\/www.defensoria.gob.ve\/?p=18918","url":"http:\/\/www.defensoria.gob.ve\/?p=18918","name":"Defensor\u00eda del Pueblo Barinas recibi\u00f3 a estudiantes de Derecho de la UNELLEZ para conversatorio sobre DD.HH. -","isPartOf":{"@id":"http:\/\/www.defensoria.gob.ve\/#website"},"primaryImageOfPage":{"@id":"http:\/\/www.defensoria.gob.ve\/?p=18918#primaryimage"},"image":{"@id":"http:\/\/www.defensoria.gob.ve\/?p=18918#primaryimage"},"thumbnailUrl":"http:\/\/www.defensoria.gob.ve\/wp-content\/uploads\/2026\/04\/IMG-20260427-WA0002.jpg","datePublished":"2026-04-27T15:28:35+00:00","dateModified":"2026-04-27T15:29:14+00:00","author":{"@id":"http:\/\/www.defensoria.gob.ve\/#\/schema\/person\/fa223a8963849d8738378c5acc5bd98b"},"breadcrumb":{"@id":"http:\/\/www.defensoria.gob.ve\/?p=18918#breadcrumb"},"inLanguage":"es","potentialAction":[{"@type":"ReadAction","target":["http:\/\/www.defensoria.gob.ve\/?p=18918"]}]},{"@type":"ImageObject","inLanguage":"es","@id":"http:\/\/www.defensoria.gob.ve\/?p=18918#primaryimage","url":"http:\/\/www.defensoria.gob.ve\/wp-content\/uploads\/2026\/04\/IMG-20260427-WA0002.jpg","contentUrl":"http:\/\/www.defensoria.gob.ve\/wp-content\/uploads\/2026\/04\/IMG-20260427-WA0002.jpg","width":849,"height":674},{"@type":"BreadcrumbList","@id":"http:\/\/www.defensoria.gob.ve\/?p=18918#breadcrumb","itemListElement":[{"@type":"ListItem","position":1,"name":"Portada","item":"http:\/\/www.defensoria.gob.ve\/"},{"@type":"ListItem","position":2,"name":"Defensor\u00eda del Pueblo Barinas recibi\u00f3 a estudiantes de Derecho de la UNELLEZ para conversatorio sobre DD.HH."}]},{"@type":"WebSite","@id":"http:\/\/www.defensoria.gob.ve\/#website","url":"http:\/\/www.defensoria.gob.ve\/","name":"","description":"Instituci\u00f3n del Poder Ciudadano para la Promoci\u00f3n, Defensa y Vigilancia de los Derechos Humanos. ","potentialAction":[{"@type":"SearchAction","target":{"@type":"EntryPoint","urlTemplate":"http:\/\/www.defensoria.gob.ve\/?s={search_term_string}"},"query-input":{"@type":"PropertyValueSpecification","valueRequired":true,"valueName":"search_term_string"}}],"inLanguage":"es"},{"@type":"Person","@id":"http:\/\/www.defensoria.gob.ve\/#\/schema\/person\/fa223a8963849d8738378c5acc5bd98b","name":"Mirella Malpica","image":{"@type":"ImageObject","inLanguage":"es","@id":"https:\/\/secure.gravatar.com\/avatar\/d9db8c79fa2f4f658da168f3fe659eb5a7fcf6bc9aaa72d892a39c9f17f917b5?s=96&d=mm&r=g","url":"https:\/\/secure.gravatar.com\/avatar\/d9db8c79fa2f4f658da168f3fe659eb5a7fcf6bc9aaa72d892a39c9f17f917b5?s=96&d=mm&r=g","contentUrl":"https:\/\/secure.gravatar.com\/avatar\/d9db8c79fa2f4f658da168f3fe659eb5a7fcf6bc9aaa72d892a39c9f17f917b5?s=96&d=mm&r=g","caption":"Mirella Malpica"},"url":"http:\/\/www.defensoria.gob.ve\/?author=3"}]}},"_links":{"self":[{"href":"http:\/\/www.defensoria.gob.ve\/index.php?rest_route=\/wp\/v2\/posts\/18918","targetHints":{"allow":["GET"]}}],"collection":[{"href":"http:\/\/www.defensoria.gob.ve\/index.php?rest_route=\/wp\/v2\/posts"}],"about":[{"href":"http:\/\/www.defensoria.gob.ve\/index.php?rest_route=\/wp\/v2\/types\/post"}],"author":[{"embeddable":true,"href":"http:\/\/www.defensoria.gob.ve\/index.php?rest_route=\/wp\/v2\/users\/3"}],"replies":[{"embeddable":true,"href":"http:\/\/www.defensoria.gob.ve\/index.php?rest_route=%2Fwp%2Fv2%2Fcomments&post=18918"}],"version-history":[{"count":4,"href":"http:\/\/www.defensoria.gob.ve\/index.php?rest_route=\/wp\/v2\/posts\/18918\/revisions"}],"predecessor-version":[{"id":18924,"href":"http:\/\/www.defensoria.gob.ve\/index.php?rest_route=\/wp\/v2\/posts\/18918\/revisions\/18924"}],"wp:featuredmedia":[{"embeddable":true,"href":"http:\/\/www.defensoria.gob.ve\/index.php?rest_route=\/wp\/v2\/media\/18920"}],"wp:attachment":[{"href":"http:\/\/www.defensoria.gob.ve\/index.php?rest_route=%2Fwp%2Fv2%2Fmedia&parent=18918"}],"wp:term":[{"taxonomy":"category","embeddable":true,"href":"http:\/\/www.defensoria.gob.ve\/index.php?rest_route=%2Fwp%2Fv2%2Fcategories&post=18918"},{"taxonomy":"post_tag","embeddable":true,"href":"http:\/\/www.defensoria.gob.ve\/index.php?rest_route=%2Fwp%2Fv2%2Ftags&post=18918"}],"curies":[{"name":"wp","href":"https:\/\/api.w.org\/{rel}","templated":true}]}}