 
{"id":18929,"date":"2026-04-28T15:37:12","date_gmt":"2026-04-28T19:37:12","guid":{"rendered":"http:\/\/www.defensoria.gob.ve\/?p=18929"},"modified":"2026-04-28T15:38:15","modified_gmt":"2026-04-28T19:38:15","slug":"defensoria-delegada-de-lara-inspecciono-instalaciones-del-cicpc-en-municipio-carora","status":"publish","type":"post","link":"http:\/\/www.defensoria.gob.ve\/?p=18929","title":{"rendered":"Defensor\u00eda delegada de Lara inspeccion\u00f3 instalaciones del CICPC en municipio Carora"},"content":{"rendered":"\t\t<div data-elementor-type=\"wp-post\" data-elementor-id=\"18929\" class=\"elementor elementor-18929\">\n\t\t\t\t\t\t<section class=\"elementor-section elementor-top-section elementor-element elementor-element-1ea9d01a elementor-section-boxed elementor-section-height-default elementor-section-height-default\" data-id=\"1ea9d01a\" data-element_type=\"section\" data-e-type=\"section\">\n\t\t\t\t\t\t<div class=\"elementor-container elementor-column-gap-default\">\n\t\t\t\t\t<div class=\"elementor-column elementor-col-100 elementor-top-column elementor-element elementor-element-3d03d37d\" data-id=\"3d03d37d\" data-element_type=\"column\" data-e-type=\"column\">\n\t\t\t<div class=\"elementor-widget-wrap elementor-element-populated\">\n\t\t\t\t\t\t<div class=\"elementor-element elementor-element-175d1c8c elementor-widget elementor-widget-text-editor\" data-id=\"175d1c8c\" data-element_type=\"widget\" data-e-type=\"widget\" data-widget_type=\"text-editor.default\">\n\t\t\t\t<div class=\"elementor-widget-container\">\n\t\t\t\t\t\t\t\t\t\n<p>(Lara\/ 27-Abr-26) La Defensor\u00eda del Pueblo delegada del estado Lara realiz\u00f3 una visita de inspecci\u00f3n a las \u00e1reas de resguardo y custodia de la Delegaci\u00f3n Municipal Carora del Cuerpo de Investigaciones Cient\u00edficas, Penales y Criminal\u00edsticas (CICPC).<\/p>\n\n<figure class=\"wp-block-image size-full\"><img fetchpriority=\"high\" decoding=\"async\" width=\"1080\" height=\"705\" class=\"wp-image-18930\" src=\"http:\/\/www.defensoria.gob.ve\/wp-content\/uploads\/2026\/04\/WhatsApp-Image-2026-04-27-at-10.28.09-AM.jpeg\" alt=\"\" srcset=\"http:\/\/www.defensoria.gob.ve\/wp-content\/uploads\/2026\/04\/WhatsApp-Image-2026-04-27-at-10.28.09-AM.jpeg 1080w, http:\/\/www.defensoria.gob.ve\/wp-content\/uploads\/2026\/04\/WhatsApp-Image-2026-04-27-at-10.28.09-AM-768x501.jpeg 768w\" sizes=\"(max-width: 1080px) 100vw, 1080px\" \/><\/figure>\n\n<p><br \/>Esta actuaci\u00f3n, enmarcada en el plan de seguimiento a los centros de detenci\u00f3n preventiva del estado, tuvo como prop\u00f3sito fundamental constatar el debido funcionamiento de las instalaciones y verificar el respeto a las garant\u00edas fundamentales de las personas que se encuentran privadas de libertad bajo esta jurisdicci\u00f3n.<\/p>\n\n<p><br \/>Asimismo, la Defensor\u00eda del Pueblo mantuvo una mesa de trabajo con las autoridades de la delegaci\u00f3n del CICPC en Carora, con el fin de articular soluciones que permitan optimizar el funcionamiento de este recinto y fortalecer los protocolos de actuaci\u00f3n policial en materia de derechos humanos a privados y privadas de libertad. FIN<\/p>\n\t\t\t\t\t\t\t\t<\/div>\n\t\t\t\t<\/div>\n\t\t\t\t\t<\/div>\n\t\t<\/div>\n\t\t\t\t\t<\/div>\n\t\t<\/section>\n\t\t\t\t<\/div>\n\t\t","protected":false},"excerpt":{"rendered":"<p>(Lara\/ 27-Abr-26) La Defensor\u00eda del Pueblo delegada del estado Lara realiz\u00f3 una visita de inspecci\u00f3n a las \u00e1reas de resguardo y custodia de la Delegaci\u00f3n Municipal Carora del Cuerpo de&hellip; <\/p>\n","protected":false},"author":14,"featured_media":18931,"comment_status":"closed","ping_status":"open","sticky":false,"template":"","format":"standard","meta":{"footnotes":""},"categories":[5],"tags":[],"class_list":["post-18929","post","type-post","status-publish","format-standard","has-post-thumbnail","hentry","category-regionales"],"yoast_head":"<!-- This site is optimized with the Yoast SEO plugin v27.4 - https:\/\/yoast.com\/product\/yoast-seo-wordpress\/ -->\n<title>Defensor\u00eda delegada de Lara inspeccion\u00f3 instalaciones del CICPC en municipio Carora -<\/title>\n<meta name=\"robots\" content=\"index, follow, max-snippet:-1, max-image-preview:large, max-video-preview:-1\" \/>\n<link rel=\"canonical\" href=\"http:\/\/www.defensoria.gob.ve\/?p=18929\" \/>\n<meta property=\"og:locale\" content=\"es_ES\" \/>\n<meta property=\"og:type\" content=\"article\" \/>\n<meta property=\"og:title\" content=\"Defensor\u00eda delegada de Lara inspeccion\u00f3 instalaciones del CICPC en municipio Carora -\" \/>\n<meta property=\"og:description\" content=\"(Lara\/ 27-Abr-26) La Defensor\u00eda del Pueblo delegada del estado Lara realiz\u00f3 una visita de inspecci\u00f3n a las \u00e1reas de resguardo y custodia de la Delegaci\u00f3n Municipal Carora del Cuerpo de&hellip;\" \/>\n<meta property=\"og:url\" content=\"http:\/\/www.defensoria.gob.ve\/?p=18929\" \/>\n<meta property=\"article:published_time\" content=\"2026-04-28T19:37:12+00:00\" \/>\n<meta property=\"article:modified_time\" content=\"2026-04-28T19:38:15+00:00\" \/>\n<meta property=\"og:image\" content=\"http:\/\/www.defensoria.gob.ve\/wp-content\/uploads\/2026\/04\/WhatsApp-Image-2026-04-27-at-10.27.49-AM.jpeg\" \/>\n\t<meta property=\"og:image:width\" content=\"849\" \/>\n\t<meta property=\"og:image:height\" content=\"674\" \/>\n\t<meta property=\"og:image:type\" content=\"image\/jpeg\" \/>\n<meta name=\"author\" content=\"KF.\" \/>\n<meta name=\"twitter:card\" content=\"summary_large_image\" \/>\n<meta name=\"twitter:label1\" content=\"Escrito por\" \/>\n\t<meta name=\"twitter:data1\" content=\"KF.\" \/>\n\t<meta name=\"twitter:label2\" content=\"Tiempo estimado de lectura\" \/>\n\t<meta name=\"twitter:data2\" content=\"1 minuto\" \/>\n<script type=\"application\/ld+json\" class=\"yoast-schema-graph\">{\"@context\":\"https:\\\/\\\/schema.org\",\"@graph\":[{\"@type\":\"Article\",\"@id\":\"http:\\\/\\\/www.defensoria.gob.ve\\\/?p=18929#article\",\"isPartOf\":{\"@id\":\"http:\\\/\\\/www.defensoria.gob.ve\\\/?p=18929\"},\"author\":{\"name\":\"KF.\",\"@id\":\"http:\\\/\\\/www.defensoria.gob.ve\\\/#\\\/schema\\\/person\\\/0fcc680c550d91982c4c009f5b19b8ec\"},\"headline\":\"Defensor\u00eda delegada de Lara inspeccion\u00f3 instalaciones del CICPC en municipio Carora\",\"datePublished\":\"2026-04-28T19:37:12+00:00\",\"dateModified\":\"2026-04-28T19:38:15+00:00\",\"mainEntityOfPage\":{\"@id\":\"http:\\\/\\\/www.defensoria.gob.ve\\\/?p=18929\"},\"wordCount\":161,\"image\":{\"@id\":\"http:\\\/\\\/www.defensoria.gob.ve\\\/?p=18929#primaryimage\"},\"thumbnailUrl\":\"http:\\\/\\\/www.defensoria.gob.ve\\\/wp-content\\\/uploads\\\/2026\\\/04\\\/WhatsApp-Image-2026-04-27-at-10.27.49-AM.jpeg\",\"articleSection\":[\"REGIONALES\"],\"inLanguage\":\"es\"},{\"@type\":\"WebPage\",\"@id\":\"http:\\\/\\\/www.defensoria.gob.ve\\\/?p=18929\",\"url\":\"http:\\\/\\\/www.defensoria.gob.ve\\\/?p=18929\",\"name\":\"Defensor\u00eda delegada de Lara inspeccion\u00f3 instalaciones del CICPC en municipio Carora -\",\"isPartOf\":{\"@id\":\"http:\\\/\\\/www.defensoria.gob.ve\\\/#website\"},\"primaryImageOfPage\":{\"@id\":\"http:\\\/\\\/www.defensoria.gob.ve\\\/?p=18929#primaryimage\"},\"image\":{\"@id\":\"http:\\\/\\\/www.defensoria.gob.ve\\\/?p=18929#primaryimage\"},\"thumbnailUrl\":\"http:\\\/\\\/www.defensoria.gob.ve\\\/wp-content\\\/uploads\\\/2026\\\/04\\\/WhatsApp-Image-2026-04-27-at-10.27.49-AM.jpeg\",\"datePublished\":\"2026-04-28T19:37:12+00:00\",\"dateModified\":\"2026-04-28T19:38:15+00:00\",\"author\":{\"@id\":\"http:\\\/\\\/www.defensoria.gob.ve\\\/#\\\/schema\\\/person\\\/0fcc680c550d91982c4c009f5b19b8ec\"},\"breadcrumb\":{\"@id\":\"http:\\\/\\\/www.defensoria.gob.ve\\\/?p=18929#breadcrumb\"},\"inLanguage\":\"es\",\"potentialAction\":[{\"@type\":\"ReadAction\",\"target\":[\"http:\\\/\\\/www.defensoria.gob.ve\\\/?p=18929\"]}]},{\"@type\":\"ImageObject\",\"inLanguage\":\"es\",\"@id\":\"http:\\\/\\\/www.defensoria.gob.ve\\\/?p=18929#primaryimage\",\"url\":\"http:\\\/\\\/www.defensoria.gob.ve\\\/wp-content\\\/uploads\\\/2026\\\/04\\\/WhatsApp-Image-2026-04-27-at-10.27.49-AM.jpeg\",\"contentUrl\":\"http:\\\/\\\/www.defensoria.gob.ve\\\/wp-content\\\/uploads\\\/2026\\\/04\\\/WhatsApp-Image-2026-04-27-at-10.27.49-AM.jpeg\",\"width\":849,\"height\":674},{\"@type\":\"BreadcrumbList\",\"@id\":\"http:\\\/\\\/www.defensoria.gob.ve\\\/?p=18929#breadcrumb\",\"itemListElement\":[{\"@type\":\"ListItem\",\"position\":1,\"name\":\"Portada\",\"item\":\"http:\\\/\\\/www.defensoria.gob.ve\\\/\"},{\"@type\":\"ListItem\",\"position\":2,\"name\":\"Defensor\u00eda delegada de Lara inspeccion\u00f3 instalaciones del CICPC en municipio Carora\"}]},{\"@type\":\"WebSite\",\"@id\":\"http:\\\/\\\/www.defensoria.gob.ve\\\/#website\",\"url\":\"http:\\\/\\\/www.defensoria.gob.ve\\\/\",\"name\":\"\",\"description\":\"Instituci\u00f3n del Poder Ciudadano para la Promoci\u00f3n, Defensa y Vigilancia de los Derechos Humanos. \",\"potentialAction\":[{\"@type\":\"SearchAction\",\"target\":{\"@type\":\"EntryPoint\",\"urlTemplate\":\"http:\\\/\\\/www.defensoria.gob.ve\\\/?s={search_term_string}\"},\"query-input\":{\"@type\":\"PropertyValueSpecification\",\"valueRequired\":true,\"valueName\":\"search_term_string\"}}],\"inLanguage\":\"es\"},{\"@type\":\"Person\",\"@id\":\"http:\\\/\\\/www.defensoria.gob.ve\\\/#\\\/schema\\\/person\\\/0fcc680c550d91982c4c009f5b19b8ec\",\"name\":\"KF.\",\"image\":{\"@type\":\"ImageObject\",\"inLanguage\":\"es\",\"@id\":\"https:\\\/\\\/secure.gravatar.com\\\/avatar\\\/d7d0d6b70133abf46e0bf5e7f5f63f5ae46353601f9ad9a981c38691d4b186b0?s=96&d=mm&r=g\",\"url\":\"https:\\\/\\\/secure.gravatar.com\\\/avatar\\\/d7d0d6b70133abf46e0bf5e7f5f63f5ae46353601f9ad9a981c38691d4b186b0?s=96&d=mm&r=g\",\"contentUrl\":\"https:\\\/\\\/secure.gravatar.com\\\/avatar\\\/d7d0d6b70133abf46e0bf5e7f5f63f5ae46353601f9ad9a981c38691d4b186b0?s=96&d=mm&r=g\",\"caption\":\"KF.\"},\"url\":\"http:\\\/\\\/www.defensoria.gob.ve\\\/?author=14\"}]}<\/script>\n<!-- \/ Yoast SEO plugin. -->","yoast_head_json":{"title":"Defensor\u00eda delegada de Lara inspeccion\u00f3 instalaciones del CICPC en municipio Carora -","robots":{"index":"index","follow":"follow","max-snippet":"max-snippet:-1","max-image-preview":"max-image-preview:large","max-video-preview":"max-video-preview:-1"},"canonical":"http:\/\/www.defensoria.gob.ve\/?p=18929","og_locale":"es_ES","og_type":"article","og_title":"Defensor\u00eda delegada de Lara inspeccion\u00f3 instalaciones del CICPC en municipio Carora -","og_description":"(Lara\/ 27-Abr-26) La Defensor\u00eda del Pueblo delegada del estado Lara realiz\u00f3 una visita de inspecci\u00f3n a las \u00e1reas de resguardo y custodia de la Delegaci\u00f3n Municipal Carora del Cuerpo de&hellip;","og_url":"http:\/\/www.defensoria.gob.ve\/?p=18929","article_published_time":"2026-04-28T19:37:12+00:00","article_modified_time":"2026-04-28T19:38:15+00:00","og_image":[{"width":849,"height":674,"url":"http:\/\/www.defensoria.gob.ve\/wp-content\/uploads\/2026\/04\/WhatsApp-Image-2026-04-27-at-10.27.49-AM.jpeg","type":"image\/jpeg"}],"author":"KF.","twitter_card":"summary_large_image","twitter_misc":{"Escrito por":"KF.","Tiempo estimado de lectura":"1 minuto"},"schema":{"@context":"https:\/\/schema.org","@graph":[{"@type":"Article","@id":"http:\/\/www.defensoria.gob.ve\/?p=18929#article","isPartOf":{"@id":"http:\/\/www.defensoria.gob.ve\/?p=18929"},"author":{"name":"KF.","@id":"http:\/\/www.defensoria.gob.ve\/#\/schema\/person\/0fcc680c550d91982c4c009f5b19b8ec"},"headline":"Defensor\u00eda delegada de Lara inspeccion\u00f3 instalaciones del CICPC en municipio Carora","datePublished":"2026-04-28T19:37:12+00:00","dateModified":"2026-04-28T19:38:15+00:00","mainEntityOfPage":{"@id":"http:\/\/www.defensoria.gob.ve\/?p=18929"},"wordCount":161,"image":{"@id":"http:\/\/www.defensoria.gob.ve\/?p=18929#primaryimage"},"thumbnailUrl":"http:\/\/www.defensoria.gob.ve\/wp-content\/uploads\/2026\/04\/WhatsApp-Image-2026-04-27-at-10.27.49-AM.jpeg","articleSection":["REGIONALES"],"inLanguage":"es"},{"@type":"WebPage","@id":"http:\/\/www.defensoria.gob.ve\/?p=18929","url":"http:\/\/www.defensoria.gob.ve\/?p=18929","name":"Defensor\u00eda delegada de Lara inspeccion\u00f3 instalaciones del CICPC en municipio Carora -","isPartOf":{"@id":"http:\/\/www.defensoria.gob.ve\/#website"},"primaryImageOfPage":{"@id":"http:\/\/www.defensoria.gob.ve\/?p=18929#primaryimage"},"image":{"@id":"http:\/\/www.defensoria.gob.ve\/?p=18929#primaryimage"},"thumbnailUrl":"http:\/\/www.defensoria.gob.ve\/wp-content\/uploads\/2026\/04\/WhatsApp-Image-2026-04-27-at-10.27.49-AM.jpeg","datePublished":"2026-04-28T19:37:12+00:00","dateModified":"2026-04-28T19:38:15+00:00","author":{"@id":"http:\/\/www.defensoria.gob.ve\/#\/schema\/person\/0fcc680c550d91982c4c009f5b19b8ec"},"breadcrumb":{"@id":"http:\/\/www.defensoria.gob.ve\/?p=18929#breadcrumb"},"inLanguage":"es","potentialAction":[{"@type":"ReadAction","target":["http:\/\/www.defensoria.gob.ve\/?p=18929"]}]},{"@type":"ImageObject","inLanguage":"es","@id":"http:\/\/www.defensoria.gob.ve\/?p=18929#primaryimage","url":"http:\/\/www.defensoria.gob.ve\/wp-content\/uploads\/2026\/04\/WhatsApp-Image-2026-04-27-at-10.27.49-AM.jpeg","contentUrl":"http:\/\/www.defensoria.gob.ve\/wp-content\/uploads\/2026\/04\/WhatsApp-Image-2026-04-27-at-10.27.49-AM.jpeg","width":849,"height":674},{"@type":"BreadcrumbList","@id":"http:\/\/www.defensoria.gob.ve\/?p=18929#breadcrumb","itemListElement":[{"@type":"ListItem","position":1,"name":"Portada","item":"http:\/\/www.defensoria.gob.ve\/"},{"@type":"ListItem","position":2,"name":"Defensor\u00eda delegada de Lara inspeccion\u00f3 instalaciones del CICPC en municipio Carora"}]},{"@type":"WebSite","@id":"http:\/\/www.defensoria.gob.ve\/#website","url":"http:\/\/www.defensoria.gob.ve\/","name":"","description":"Instituci\u00f3n del Poder Ciudadano para la Promoci\u00f3n, Defensa y Vigilancia de los Derechos Humanos. ","potentialAction":[{"@type":"SearchAction","target":{"@type":"EntryPoint","urlTemplate":"http:\/\/www.defensoria.gob.ve\/?s={search_term_string}"},"query-input":{"@type":"PropertyValueSpecification","valueRequired":true,"valueName":"search_term_string"}}],"inLanguage":"es"},{"@type":"Person","@id":"http:\/\/www.defensoria.gob.ve\/#\/schema\/person\/0fcc680c550d91982c4c009f5b19b8ec","name":"KF.","image":{"@type":"ImageObject","inLanguage":"es","@id":"https:\/\/secure.gravatar.com\/avatar\/d7d0d6b70133abf46e0bf5e7f5f63f5ae46353601f9ad9a981c38691d4b186b0?s=96&d=mm&r=g","url":"https:\/\/secure.gravatar.com\/avatar\/d7d0d6b70133abf46e0bf5e7f5f63f5ae46353601f9ad9a981c38691d4b186b0?s=96&d=mm&r=g","contentUrl":"https:\/\/secure.gravatar.com\/avatar\/d7d0d6b70133abf46e0bf5e7f5f63f5ae46353601f9ad9a981c38691d4b186b0?s=96&d=mm&r=g","caption":"KF."},"url":"http:\/\/www.defensoria.gob.ve\/?author=14"}]}},"_links":{"self":[{"href":"http:\/\/www.defensoria.gob.ve\/index.php?rest_route=\/wp\/v2\/posts\/18929","targetHints":{"allow":["GET"]}}],"collection":[{"href":"http:\/\/www.defensoria.gob.ve\/index.php?rest_route=\/wp\/v2\/posts"}],"about":[{"href":"http:\/\/www.defensoria.gob.ve\/index.php?rest_route=\/wp\/v2\/types\/post"}],"author":[{"embeddable":true,"href":"http:\/\/www.defensoria.gob.ve\/index.php?rest_route=\/wp\/v2\/users\/14"}],"replies":[{"embeddable":true,"href":"http:\/\/www.defensoria.gob.ve\/index.php?rest_route=%2Fwp%2Fv2%2Fcomments&post=18929"}],"version-history":[{"count":4,"href":"http:\/\/www.defensoria.gob.ve\/index.php?rest_route=\/wp\/v2\/posts\/18929\/revisions"}],"predecessor-version":[{"id":18935,"href":"http:\/\/www.defensoria.gob.ve\/index.php?rest_route=\/wp\/v2\/posts\/18929\/revisions\/18935"}],"wp:featuredmedia":[{"embeddable":true,"href":"http:\/\/www.defensoria.gob.ve\/index.php?rest_route=\/wp\/v2\/media\/18931"}],"wp:attachment":[{"href":"http:\/\/www.defensoria.gob.ve\/index.php?rest_route=%2Fwp%2Fv2%2Fmedia&parent=18929"}],"wp:term":[{"taxonomy":"category","embeddable":true,"href":"http:\/\/www.defensoria.gob.ve\/index.php?rest_route=%2Fwp%2Fv2%2Fcategories&post=18929"},{"taxonomy":"post_tag","embeddable":true,"href":"http:\/\/www.defensoria.gob.ve\/index.php?rest_route=%2Fwp%2Fv2%2Ftags&post=18929"}],"curies":[{"name":"wp","href":"https:\/\/api.w.org\/{rel}","templated":true}]}}