 
{"id":18954,"date":"2026-04-29T10:22:39","date_gmt":"2026-04-29T14:22:39","guid":{"rendered":"http:\/\/www.defensoria.gob.ve\/?p=18954"},"modified":"2026-04-29T10:23:30","modified_gmt":"2026-04-29T14:23:30","slug":"defensoria-del-pueblo-bolivar-celebro-el-dia-de-la-tierra-con-jornada-ambiental","status":"publish","type":"post","link":"http:\/\/www.defensoria.gob.ve\/?p=18954","title":{"rendered":"Defensor\u00eda del Pueblo Bol\u00edvar celebr\u00f3 el D\u00eda de la Tierra con jornada ambiental"},"content":{"rendered":"\t\t<div data-elementor-type=\"wp-post\" data-elementor-id=\"18954\" class=\"elementor elementor-18954\">\n\t\t\t\t\t\t<section class=\"elementor-section elementor-top-section elementor-element elementor-element-49039bd2 elementor-section-boxed elementor-section-height-default elementor-section-height-default\" data-id=\"49039bd2\" data-element_type=\"section\" data-e-type=\"section\">\n\t\t\t\t\t\t<div class=\"elementor-container elementor-column-gap-default\">\n\t\t\t\t\t<div class=\"elementor-column elementor-col-100 elementor-top-column elementor-element elementor-element-2af33315\" data-id=\"2af33315\" data-element_type=\"column\" data-e-type=\"column\">\n\t\t\t<div class=\"elementor-widget-wrap elementor-element-populated\">\n\t\t\t\t\t\t<div class=\"elementor-element elementor-element-4f29df86 elementor-widget elementor-widget-text-editor\" data-id=\"4f29df86\" data-element_type=\"widget\" data-e-type=\"widget\" data-widget_type=\"text-editor.default\">\n\t\t\t\t<div class=\"elementor-widget-container\">\n\t\t\t\t\t\t\t\t\t\n<p>(Bol\u00edvar \/29- Abr-26) Con motivo del D\u00eda de la Tierra, la Defensor\u00eda del Pueblo en el estado Bol\u00edvar reafirm\u00f3 su compromiso con el derecho a un ambiente sano mediante una jornada integral de recuperaci\u00f3n de espacios naturales.<\/p>\n\n<figure class=\"wp-block-image size-full\"><img fetchpriority=\"high\" decoding=\"async\" width=\"1280\" height=\"960\" class=\"wp-image-18955\" src=\"http:\/\/www.defensoria.gob.ve\/wp-content\/uploads\/2026\/04\/IMG_20260423_084215_120.jpg\" alt=\"\" srcset=\"http:\/\/www.defensoria.gob.ve\/wp-content\/uploads\/2026\/04\/IMG_20260423_084215_120.jpg 1280w, http:\/\/www.defensoria.gob.ve\/wp-content\/uploads\/2026\/04\/IMG_20260423_084215_120-768x576.jpg 768w\" sizes=\"(max-width: 1280px) 100vw, 1280px\" \/><\/figure>\n\n<p>El equipo defensorial llev\u00f3 a cabo labores de limpieza profunda en los principales \u00abpulmones verdes\u00bb de la ciudad, eliminando desechos y recuperando \u00e1reas recreativas.<\/p>\n\n<p>Se realiz\u00f3 una siembra estrat\u00e9gica de plantas ornamentales, orientada a mejorar la est\u00e9tica urbana y fortalecer los ecosistemas locales.<\/p>\n\n<p>La iniciativa se enfoc\u00f3 en sensibilizar a los ciudadanos y ciudadanas sobre la importancia de mitigar los efectos del cambio clim\u00e1tico y mejorar la calidad del aire.<\/p>\n\n<figure class=\"wp-block-image size-full\"><img decoding=\"async\" width=\"1280\" height=\"960\" class=\"wp-image-18957\" src=\"http:\/\/www.defensoria.gob.ve\/wp-content\/uploads\/2026\/04\/IMG_20260423_084501_807.jpg\" alt=\"\" srcset=\"http:\/\/www.defensoria.gob.ve\/wp-content\/uploads\/2026\/04\/IMG_20260423_084501_807.jpg 1280w, http:\/\/www.defensoria.gob.ve\/wp-content\/uploads\/2026\/04\/IMG_20260423_084501_807-768x576.jpg 768w\" sizes=\"(max-width: 1280px) 100vw, 1280px\" \/><\/figure>\n\n<p>A trav\u00e9s de estas acciones, la Defensor\u00eda del Pueblo busca fomentar una cultura ambiental s\u00f3lida y transformar los espacios comunes en lugares dignos. El objetivo es claro: proteger nuestra naturaleza hoy para garantizar el bienestar de las generaciones futuras. FIN<\/p>\n\t\t\t\t\t\t\t\t<\/div>\n\t\t\t\t<\/div>\n\t\t\t\t\t<\/div>\n\t\t<\/div>\n\t\t\t\t\t<\/div>\n\t\t<\/section>\n\t\t\t\t<\/div>\n\t\t","protected":false},"excerpt":{"rendered":"<p>(Bol\u00edvar \/29- Abr-26) Con motivo del D\u00eda de la Tierra, la Defensor\u00eda del Pueblo en el estado Bol\u00edvar reafirm\u00f3 su compromiso con el derecho a un ambiente sano mediante una&hellip; <\/p>\n","protected":false},"author":14,"featured_media":18958,"comment_status":"closed","ping_status":"open","sticky":false,"template":"","format":"standard","meta":{"footnotes":""},"categories":[5],"tags":[],"class_list":["post-18954","post","type-post","status-publish","format-standard","has-post-thumbnail","hentry","category-regionales"],"yoast_head":"<!-- This site is optimized with the Yoast SEO plugin v27.4 - https:\/\/yoast.com\/product\/yoast-seo-wordpress\/ -->\n<title>Defensor\u00eda del Pueblo Bol\u00edvar celebr\u00f3 el D\u00eda de la Tierra con jornada ambiental -<\/title>\n<meta name=\"robots\" content=\"index, follow, max-snippet:-1, max-image-preview:large, max-video-preview:-1\" \/>\n<link rel=\"canonical\" href=\"http:\/\/www.defensoria.gob.ve\/?p=18954\" \/>\n<meta property=\"og:locale\" content=\"es_ES\" \/>\n<meta property=\"og:type\" content=\"article\" \/>\n<meta property=\"og:title\" content=\"Defensor\u00eda del Pueblo Bol\u00edvar celebr\u00f3 el D\u00eda de la Tierra con jornada ambiental -\" \/>\n<meta property=\"og:description\" content=\"(Bol\u00edvar \/29- Abr-26) Con motivo del D\u00eda de la Tierra, la Defensor\u00eda del Pueblo en el estado Bol\u00edvar reafirm\u00f3 su compromiso con el derecho a un ambiente sano mediante una&hellip;\" \/>\n<meta property=\"og:url\" content=\"http:\/\/www.defensoria.gob.ve\/?p=18954\" \/>\n<meta property=\"article:published_time\" content=\"2026-04-29T14:22:39+00:00\" \/>\n<meta property=\"article:modified_time\" content=\"2026-04-29T14:23:30+00:00\" \/>\n<meta property=\"og:image\" content=\"http:\/\/www.defensoria.gob.ve\/wp-content\/uploads\/2026\/04\/IMG_20260423_084502_505-1.jpg\" \/>\n\t<meta property=\"og:image:width\" content=\"1280\" \/>\n\t<meta property=\"og:image:height\" content=\"960\" \/>\n\t<meta property=\"og:image:type\" content=\"image\/jpeg\" \/>\n<meta name=\"author\" content=\"KF.\" \/>\n<meta name=\"twitter:card\" content=\"summary_large_image\" \/>\n<meta name=\"twitter:label1\" content=\"Escrito por\" \/>\n\t<meta name=\"twitter:data1\" content=\"KF.\" \/>\n\t<meta name=\"twitter:label2\" content=\"Tiempo estimado de lectura\" \/>\n\t<meta name=\"twitter:data2\" content=\"2 minutos\" \/>\n<script type=\"application\/ld+json\" class=\"yoast-schema-graph\">{\"@context\":\"https:\\\/\\\/schema.org\",\"@graph\":[{\"@type\":\"Article\",\"@id\":\"http:\\\/\\\/www.defensoria.gob.ve\\\/?p=18954#article\",\"isPartOf\":{\"@id\":\"http:\\\/\\\/www.defensoria.gob.ve\\\/?p=18954\"},\"author\":{\"name\":\"KF.\",\"@id\":\"http:\\\/\\\/www.defensoria.gob.ve\\\/#\\\/schema\\\/person\\\/0fcc680c550d91982c4c009f5b19b8ec\"},\"headline\":\"Defensor\u00eda del Pueblo Bol\u00edvar celebr\u00f3 el D\u00eda de la Tierra con jornada ambiental\",\"datePublished\":\"2026-04-29T14:22:39+00:00\",\"dateModified\":\"2026-04-29T14:23:30+00:00\",\"mainEntityOfPage\":{\"@id\":\"http:\\\/\\\/www.defensoria.gob.ve\\\/?p=18954\"},\"wordCount\":174,\"image\":{\"@id\":\"http:\\\/\\\/www.defensoria.gob.ve\\\/?p=18954#primaryimage\"},\"thumbnailUrl\":\"http:\\\/\\\/www.defensoria.gob.ve\\\/wp-content\\\/uploads\\\/2026\\\/04\\\/IMG_20260423_084502_505-1.jpg\",\"articleSection\":[\"REGIONALES\"],\"inLanguage\":\"es\"},{\"@type\":\"WebPage\",\"@id\":\"http:\\\/\\\/www.defensoria.gob.ve\\\/?p=18954\",\"url\":\"http:\\\/\\\/www.defensoria.gob.ve\\\/?p=18954\",\"name\":\"Defensor\u00eda del Pueblo Bol\u00edvar celebr\u00f3 el D\u00eda de la Tierra con jornada ambiental -\",\"isPartOf\":{\"@id\":\"http:\\\/\\\/www.defensoria.gob.ve\\\/#website\"},\"primaryImageOfPage\":{\"@id\":\"http:\\\/\\\/www.defensoria.gob.ve\\\/?p=18954#primaryimage\"},\"image\":{\"@id\":\"http:\\\/\\\/www.defensoria.gob.ve\\\/?p=18954#primaryimage\"},\"thumbnailUrl\":\"http:\\\/\\\/www.defensoria.gob.ve\\\/wp-content\\\/uploads\\\/2026\\\/04\\\/IMG_20260423_084502_505-1.jpg\",\"datePublished\":\"2026-04-29T14:22:39+00:00\",\"dateModified\":\"2026-04-29T14:23:30+00:00\",\"author\":{\"@id\":\"http:\\\/\\\/www.defensoria.gob.ve\\\/#\\\/schema\\\/person\\\/0fcc680c550d91982c4c009f5b19b8ec\"},\"breadcrumb\":{\"@id\":\"http:\\\/\\\/www.defensoria.gob.ve\\\/?p=18954#breadcrumb\"},\"inLanguage\":\"es\",\"potentialAction\":[{\"@type\":\"ReadAction\",\"target\":[\"http:\\\/\\\/www.defensoria.gob.ve\\\/?p=18954\"]}]},{\"@type\":\"ImageObject\",\"inLanguage\":\"es\",\"@id\":\"http:\\\/\\\/www.defensoria.gob.ve\\\/?p=18954#primaryimage\",\"url\":\"http:\\\/\\\/www.defensoria.gob.ve\\\/wp-content\\\/uploads\\\/2026\\\/04\\\/IMG_20260423_084502_505-1.jpg\",\"contentUrl\":\"http:\\\/\\\/www.defensoria.gob.ve\\\/wp-content\\\/uploads\\\/2026\\\/04\\\/IMG_20260423_084502_505-1.jpg\",\"width\":1280,\"height\":960},{\"@type\":\"BreadcrumbList\",\"@id\":\"http:\\\/\\\/www.defensoria.gob.ve\\\/?p=18954#breadcrumb\",\"itemListElement\":[{\"@type\":\"ListItem\",\"position\":1,\"name\":\"Portada\",\"item\":\"http:\\\/\\\/www.defensoria.gob.ve\\\/\"},{\"@type\":\"ListItem\",\"position\":2,\"name\":\"Defensor\u00eda del Pueblo Bol\u00edvar celebr\u00f3 el D\u00eda de la Tierra con jornada ambiental\"}]},{\"@type\":\"WebSite\",\"@id\":\"http:\\\/\\\/www.defensoria.gob.ve\\\/#website\",\"url\":\"http:\\\/\\\/www.defensoria.gob.ve\\\/\",\"name\":\"\",\"description\":\"Instituci\u00f3n del Poder Ciudadano para la Promoci\u00f3n, Defensa y Vigilancia de los Derechos Humanos. \",\"potentialAction\":[{\"@type\":\"SearchAction\",\"target\":{\"@type\":\"EntryPoint\",\"urlTemplate\":\"http:\\\/\\\/www.defensoria.gob.ve\\\/?s={search_term_string}\"},\"query-input\":{\"@type\":\"PropertyValueSpecification\",\"valueRequired\":true,\"valueName\":\"search_term_string\"}}],\"inLanguage\":\"es\"},{\"@type\":\"Person\",\"@id\":\"http:\\\/\\\/www.defensoria.gob.ve\\\/#\\\/schema\\\/person\\\/0fcc680c550d91982c4c009f5b19b8ec\",\"name\":\"KF.\",\"image\":{\"@type\":\"ImageObject\",\"inLanguage\":\"es\",\"@id\":\"https:\\\/\\\/secure.gravatar.com\\\/avatar\\\/d7d0d6b70133abf46e0bf5e7f5f63f5ae46353601f9ad9a981c38691d4b186b0?s=96&d=mm&r=g\",\"url\":\"https:\\\/\\\/secure.gravatar.com\\\/avatar\\\/d7d0d6b70133abf46e0bf5e7f5f63f5ae46353601f9ad9a981c38691d4b186b0?s=96&d=mm&r=g\",\"contentUrl\":\"https:\\\/\\\/secure.gravatar.com\\\/avatar\\\/d7d0d6b70133abf46e0bf5e7f5f63f5ae46353601f9ad9a981c38691d4b186b0?s=96&d=mm&r=g\",\"caption\":\"KF.\"},\"url\":\"http:\\\/\\\/www.defensoria.gob.ve\\\/?author=14\"}]}<\/script>\n<!-- \/ Yoast SEO plugin. -->","yoast_head_json":{"title":"Defensor\u00eda del Pueblo Bol\u00edvar celebr\u00f3 el D\u00eda de la Tierra con jornada ambiental -","robots":{"index":"index","follow":"follow","max-snippet":"max-snippet:-1","max-image-preview":"max-image-preview:large","max-video-preview":"max-video-preview:-1"},"canonical":"http:\/\/www.defensoria.gob.ve\/?p=18954","og_locale":"es_ES","og_type":"article","og_title":"Defensor\u00eda del Pueblo Bol\u00edvar celebr\u00f3 el D\u00eda de la Tierra con jornada ambiental -","og_description":"(Bol\u00edvar \/29- Abr-26) Con motivo del D\u00eda de la Tierra, la Defensor\u00eda del Pueblo en el estado Bol\u00edvar reafirm\u00f3 su compromiso con el derecho a un ambiente sano mediante una&hellip;","og_url":"http:\/\/www.defensoria.gob.ve\/?p=18954","article_published_time":"2026-04-29T14:22:39+00:00","article_modified_time":"2026-04-29T14:23:30+00:00","og_image":[{"width":1280,"height":960,"url":"http:\/\/www.defensoria.gob.ve\/wp-content\/uploads\/2026\/04\/IMG_20260423_084502_505-1.jpg","type":"image\/jpeg"}],"author":"KF.","twitter_card":"summary_large_image","twitter_misc":{"Escrito por":"KF.","Tiempo estimado de lectura":"2 minutos"},"schema":{"@context":"https:\/\/schema.org","@graph":[{"@type":"Article","@id":"http:\/\/www.defensoria.gob.ve\/?p=18954#article","isPartOf":{"@id":"http:\/\/www.defensoria.gob.ve\/?p=18954"},"author":{"name":"KF.","@id":"http:\/\/www.defensoria.gob.ve\/#\/schema\/person\/0fcc680c550d91982c4c009f5b19b8ec"},"headline":"Defensor\u00eda del Pueblo Bol\u00edvar celebr\u00f3 el D\u00eda de la Tierra con jornada ambiental","datePublished":"2026-04-29T14:22:39+00:00","dateModified":"2026-04-29T14:23:30+00:00","mainEntityOfPage":{"@id":"http:\/\/www.defensoria.gob.ve\/?p=18954"},"wordCount":174,"image":{"@id":"http:\/\/www.defensoria.gob.ve\/?p=18954#primaryimage"},"thumbnailUrl":"http:\/\/www.defensoria.gob.ve\/wp-content\/uploads\/2026\/04\/IMG_20260423_084502_505-1.jpg","articleSection":["REGIONALES"],"inLanguage":"es"},{"@type":"WebPage","@id":"http:\/\/www.defensoria.gob.ve\/?p=18954","url":"http:\/\/www.defensoria.gob.ve\/?p=18954","name":"Defensor\u00eda del Pueblo Bol\u00edvar celebr\u00f3 el D\u00eda de la Tierra con jornada ambiental -","isPartOf":{"@id":"http:\/\/www.defensoria.gob.ve\/#website"},"primaryImageOfPage":{"@id":"http:\/\/www.defensoria.gob.ve\/?p=18954#primaryimage"},"image":{"@id":"http:\/\/www.defensoria.gob.ve\/?p=18954#primaryimage"},"thumbnailUrl":"http:\/\/www.defensoria.gob.ve\/wp-content\/uploads\/2026\/04\/IMG_20260423_084502_505-1.jpg","datePublished":"2026-04-29T14:22:39+00:00","dateModified":"2026-04-29T14:23:30+00:00","author":{"@id":"http:\/\/www.defensoria.gob.ve\/#\/schema\/person\/0fcc680c550d91982c4c009f5b19b8ec"},"breadcrumb":{"@id":"http:\/\/www.defensoria.gob.ve\/?p=18954#breadcrumb"},"inLanguage":"es","potentialAction":[{"@type":"ReadAction","target":["http:\/\/www.defensoria.gob.ve\/?p=18954"]}]},{"@type":"ImageObject","inLanguage":"es","@id":"http:\/\/www.defensoria.gob.ve\/?p=18954#primaryimage","url":"http:\/\/www.defensoria.gob.ve\/wp-content\/uploads\/2026\/04\/IMG_20260423_084502_505-1.jpg","contentUrl":"http:\/\/www.defensoria.gob.ve\/wp-content\/uploads\/2026\/04\/IMG_20260423_084502_505-1.jpg","width":1280,"height":960},{"@type":"BreadcrumbList","@id":"http:\/\/www.defensoria.gob.ve\/?p=18954#breadcrumb","itemListElement":[{"@type":"ListItem","position":1,"name":"Portada","item":"http:\/\/www.defensoria.gob.ve\/"},{"@type":"ListItem","position":2,"name":"Defensor\u00eda del Pueblo Bol\u00edvar celebr\u00f3 el D\u00eda de la Tierra con jornada ambiental"}]},{"@type":"WebSite","@id":"http:\/\/www.defensoria.gob.ve\/#website","url":"http:\/\/www.defensoria.gob.ve\/","name":"","description":"Instituci\u00f3n del Poder Ciudadano para la Promoci\u00f3n, Defensa y Vigilancia de los Derechos Humanos. ","potentialAction":[{"@type":"SearchAction","target":{"@type":"EntryPoint","urlTemplate":"http:\/\/www.defensoria.gob.ve\/?s={search_term_string}"},"query-input":{"@type":"PropertyValueSpecification","valueRequired":true,"valueName":"search_term_string"}}],"inLanguage":"es"},{"@type":"Person","@id":"http:\/\/www.defensoria.gob.ve\/#\/schema\/person\/0fcc680c550d91982c4c009f5b19b8ec","name":"KF.","image":{"@type":"ImageObject","inLanguage":"es","@id":"https:\/\/secure.gravatar.com\/avatar\/d7d0d6b70133abf46e0bf5e7f5f63f5ae46353601f9ad9a981c38691d4b186b0?s=96&d=mm&r=g","url":"https:\/\/secure.gravatar.com\/avatar\/d7d0d6b70133abf46e0bf5e7f5f63f5ae46353601f9ad9a981c38691d4b186b0?s=96&d=mm&r=g","contentUrl":"https:\/\/secure.gravatar.com\/avatar\/d7d0d6b70133abf46e0bf5e7f5f63f5ae46353601f9ad9a981c38691d4b186b0?s=96&d=mm&r=g","caption":"KF."},"url":"http:\/\/www.defensoria.gob.ve\/?author=14"}]}},"_links":{"self":[{"href":"http:\/\/www.defensoria.gob.ve\/index.php?rest_route=\/wp\/v2\/posts\/18954","targetHints":{"allow":["GET"]}}],"collection":[{"href":"http:\/\/www.defensoria.gob.ve\/index.php?rest_route=\/wp\/v2\/posts"}],"about":[{"href":"http:\/\/www.defensoria.gob.ve\/index.php?rest_route=\/wp\/v2\/types\/post"}],"author":[{"embeddable":true,"href":"http:\/\/www.defensoria.gob.ve\/index.php?rest_route=\/wp\/v2\/users\/14"}],"replies":[{"embeddable":true,"href":"http:\/\/www.defensoria.gob.ve\/index.php?rest_route=%2Fwp%2Fv2%2Fcomments&post=18954"}],"version-history":[{"count":4,"href":"http:\/\/www.defensoria.gob.ve\/index.php?rest_route=\/wp\/v2\/posts\/18954\/revisions"}],"predecessor-version":[{"id":18962,"href":"http:\/\/www.defensoria.gob.ve\/index.php?rest_route=\/wp\/v2\/posts\/18954\/revisions\/18962"}],"wp:featuredmedia":[{"embeddable":true,"href":"http:\/\/www.defensoria.gob.ve\/index.php?rest_route=\/wp\/v2\/media\/18958"}],"wp:attachment":[{"href":"http:\/\/www.defensoria.gob.ve\/index.php?rest_route=%2Fwp%2Fv2%2Fmedia&parent=18954"}],"wp:term":[{"taxonomy":"category","embeddable":true,"href":"http:\/\/www.defensoria.gob.ve\/index.php?rest_route=%2Fwp%2Fv2%2Fcategories&post=18954"},{"taxonomy":"post_tag","embeddable":true,"href":"http:\/\/www.defensoria.gob.ve\/index.php?rest_route=%2Fwp%2Fv2%2Ftags&post=18954"}],"curies":[{"name":"wp","href":"https:\/\/api.w.org\/{rel}","templated":true}]}}