 
{"id":1896,"date":"2023-10-03T17:00:46","date_gmt":"2023-10-03T21:00:46","guid":{"rendered":"http:\/\/www.defensoria.gob.ve\/?p=1896"},"modified":"2023-10-11T10:28:13","modified_gmt":"2023-10-11T14:28:13","slug":"defensoria-del-pueblo-pide-mayor-respeto-para-la-vida-animal","status":"publish","type":"post","link":"http:\/\/www.defensoria.gob.ve\/?p=1896","title":{"rendered":"Defensor del Pueblo pide mayor respeto para la vida animal"},"content":{"rendered":"\t\t<div data-elementor-type=\"wp-post\" data-elementor-id=\"1896\" class=\"elementor elementor-1896\">\n\t\t\t\t\t\t<section class=\"elementor-section elementor-top-section elementor-element elementor-element-568a096d elementor-section-boxed elementor-section-height-default elementor-section-height-default\" data-id=\"568a096d\" data-element_type=\"section\" data-e-type=\"section\">\n\t\t\t\t\t\t<div class=\"elementor-container elementor-column-gap-default\">\n\t\t\t\t\t<div class=\"elementor-column elementor-col-100 elementor-top-column elementor-element elementor-element-2d1d50a0\" data-id=\"2d1d50a0\" data-element_type=\"column\" data-e-type=\"column\">\n\t\t\t<div class=\"elementor-widget-wrap elementor-element-populated\">\n\t\t\t\t\t\t<div class=\"elementor-element elementor-element-5250b36c elementor-widget elementor-widget-text-editor\" data-id=\"5250b36c\" data-element_type=\"widget\" data-e-type=\"widget\" data-widget_type=\"text-editor.default\">\n\t\t\t\t<div class=\"elementor-widget-container\">\n\t\t\t\t\t\t\t\t\t\n<p><strong>(03-Oct-2023<\/strong>) Este 04 de octubre se celebra el D\u00eda Mundial de los Animales, fecha que es promovida por la Organizaci\u00f3n Mundial de Protecci\u00f3n Animal en aras de detener la extinci\u00f3n y maltrato contra muchas especies.<\/p>\n\n\n\n<p>Venezuela, al igual que el resto de los pa\u00edses del mundo, dedica este d\u00eda del a\u00f1o a estos seres sintientes, que m\u00e1s que mascotas, son compa\u00f1eros, amigos y forman parte de la familia de los seres humanos.<\/p>\n\n\n\n<p>Desde su creaci\u00f3n en el a\u00f1o 2000, la Defensor\u00eda del Pueblo trabaja en la promoci\u00f3n y difusi\u00f3n de la protecci\u00f3n, bienestar y cuidado de los animales dom\u00e9sticos para impulsar la garant\u00eda de un ambiente sano, de amor&nbsp; y de respeto a estos seres sintientes. Trabajo que ha venido realizando a trav\u00e9s de la Defensor\u00eda Especial Nacional en Materia de Protecci\u00f3n del Ambiente.<\/p>\n\n\n\n<p>De esta manera, la Instituci\u00f3n Nacional de los Derechos Humanos da cumplimiento el art\u00edculo 15 de la Ley Org\u00e1nica de la Defensor\u00eda del Pueblo, el cual establece que entre sus atribuciones y competencias est\u00e1: el \u201cVelar por la efectiva conservaci\u00f3n y protecci\u00f3n del medio ambiente, en resguardo del inter\u00e9s colectivo\u201d.<\/p>\n\n\n\n<p>Adem\u00e1s, el rol de la Defensor\u00eda del Pueblo en la promoci\u00f3n y protecci\u00f3n de los Derechos de los Animales, se basa en los instrumentos legales que para este fin ha dise\u00f1ado el Ejecutivo Nacional a trav\u00e9s de la Constituci\u00f3n de la Rep\u00fablica Bolivariana de Venezuela (CRBV), la Ley para la Protecci\u00f3n de la fauna dom\u00e9stica y libre de cautiverio, el C\u00f3digo Org\u00e1nico Procesal Penal,&nbsp; la Proclamaci\u00f3n de la Declaraci\u00f3n de los Derechos del animal y el Acuerdo de Escaz\u00fa, entre otros.<\/p>\n\n\n\n<p>De igual manera, la Defensor\u00eda del Pueblo acompa\u00f1a y orienta al denunciante a donde debe acudir. Siendo la Fiscal\u00eda General de la Rep\u00fablica, la instituci\u00f3n&nbsp; encargada de emprender un proceso contra el maltrato animal, apoyada por la Polic\u00eda Nacional Bolivariana (PNB). Tambi\u00e9n intervienen el Ministerio de Ecosocialismo (MINEC), la Misi\u00f3n Nevado, la Procuradur\u00eda General de la Rep\u00fablica, Gobernaciones, Alcald\u00edas, as\u00ed como los dem\u00e1s \u00f3rganos y entes nacionales, estatales y municipales con competencia en la materia, as\u00ed como la&nbsp; denuncia que conforma la participaci\u00f3n ciudadana en materia ambiental.<\/p>\n\n\n\n<p>Lamentablemente, el desconocimiento de estos derechos ha conducido al hombre a ejercer el maltrato contra los animales dom\u00e9sticos. En el a\u00f1o 1965, la Organizaci\u00f3n Mundial de Sanidad Animal public\u00f3 las 5 libertades que describen el derecho al bienestar que tienen los animales, las cuales se mencionan a continuaci\u00f3n: Libre de hambre, sed y desnutrici\u00f3n; Libre de miedos y angustias; Libre de incomodidades f\u00edsicas o t\u00e9rmicas, Libre de dolor, Lesiones o enfermedades y Libre para expresar sus pautas propias de comportamiento.<\/p>\n\n\n\n<p>En este sentido, la Defensor\u00eda del Pueblo contin\u00faa luchando por el respeto a la vida animal. Por tal raz\u00f3n, exhorta a las autoridades competentes a incluir esta materia en el pensum de estudio escolar en todos los niveles educativos, por cuanto la educaci\u00f3n que se les ofrezca a los ni\u00f1os, ni\u00f1as y adolescentes es la mejor manera de prevenir el maltrato contra los animales. Todas las personas tenemos el deber de proteger el ambiente, promover y defender los derechos de la Tierra, nuestra casa com\u00fan y preservar la vida para las generaciones futuras<\/p>\n\n\n\n<p>Por \u00faltimo, la Instituci\u00f3n Nacional de los Derechos Humanos reconociendo la importancia de la inclusi\u00f3n social, considera que es necesario que se integren los padres, madres y representantes, docentes, veterinarios, &nbsp;veterinarias, organizaciones no gubernamentales de protecci\u00f3n animal, consejos comunales,&nbsp; los servidores y las servidoras p\u00fablicas, &nbsp;movimientos sociales y la sociedad civil organizada para prevenir el maltrato contra los animales dom\u00e9sticos y as\u00ed evitar que se transforme en violencia social en el pa\u00eds.&nbsp; Viva la Vida. Viva la Misi\u00f3n Nevado.&nbsp;<strong>FIN\/PRENSA Defensor\u00eda<\/strong><\/p>\n\t\t\t\t\t\t\t\t<\/div>\n\t\t\t\t<\/div>\n\t\t\t\t\t<\/div>\n\t\t<\/div>\n\t\t\t\t\t<\/div>\n\t\t<\/section>\n\t\t\t\t<\/div>\n\t\t","protected":false},"excerpt":{"rendered":"<p>(03-Oct-2023) Este 04 de octubre se celebra el D\u00eda Mundial de los Animales, fecha que es promovida por la Organizaci\u00f3n Mundial de Protecci\u00f3n Animal en aras de detener la extinci\u00f3n&hellip; <\/p>\n","protected":false},"author":5,"featured_media":2158,"comment_status":"closed","ping_status":"closed","sticky":false,"template":"","format":"standard","meta":{"footnotes":""},"categories":[3],"tags":[],"class_list":["post-1896","post","type-post","status-publish","format-standard","has-post-thumbnail","hentry","category-centrales"],"yoast_head":"<!-- This site is optimized with the Yoast SEO plugin v27.4 - https:\/\/yoast.com\/product\/yoast-seo-wordpress\/ -->\n<title>Defensor del Pueblo pide mayor respeto para la vida animal -<\/title>\n<meta name=\"robots\" content=\"index, follow, max-snippet:-1, max-image-preview:large, max-video-preview:-1\" \/>\n<link rel=\"canonical\" href=\"http:\/\/www.defensoria.gob.ve\/?p=1896\" \/>\n<meta property=\"og:locale\" content=\"es_ES\" \/>\n<meta property=\"og:type\" content=\"article\" \/>\n<meta property=\"og:title\" content=\"Defensor del Pueblo pide mayor respeto para la vida animal -\" \/>\n<meta property=\"og:description\" content=\"(03-Oct-2023) Este 04 de octubre se celebra el D\u00eda Mundial de los Animales, fecha que es promovida por la Organizaci\u00f3n Mundial de Protecci\u00f3n Animal en aras de detener la extinci\u00f3n&hellip;\" \/>\n<meta property=\"og:url\" content=\"http:\/\/www.defensoria.gob.ve\/?p=1896\" \/>\n<meta property=\"article:published_time\" content=\"2023-10-03T21:00:46+00:00\" \/>\n<meta property=\"article:modified_time\" content=\"2023-10-11T14:28:13+00:00\" \/>\n<meta property=\"og:image\" content=\"http:\/\/www.defensoria.gob.ve\/wp-content\/uploads\/2023\/10\/aruiz-1-799x445-1.jpg\" \/>\n\t<meta property=\"og:image:width\" content=\"799\" \/>\n\t<meta property=\"og:image:height\" content=\"445\" \/>\n\t<meta property=\"og:image:type\" content=\"image\/jpeg\" \/>\n<meta name=\"author\" content=\"JC.\" \/>\n<meta name=\"twitter:card\" content=\"summary_large_image\" \/>\n<meta name=\"twitter:label1\" content=\"Escrito por\" \/>\n\t<meta name=\"twitter:data1\" content=\"JC.\" \/>\n\t<meta name=\"twitter:label2\" content=\"Tiempo estimado de lectura\" \/>\n\t<meta name=\"twitter:data2\" content=\"3 minutos\" \/>\n<script type=\"application\/ld+json\" class=\"yoast-schema-graph\">{\"@context\":\"https:\\\/\\\/schema.org\",\"@graph\":[{\"@type\":\"Article\",\"@id\":\"http:\\\/\\\/www.defensoria.gob.ve\\\/?p=1896#article\",\"isPartOf\":{\"@id\":\"http:\\\/\\\/www.defensoria.gob.ve\\\/?p=1896\"},\"author\":{\"name\":\"JC.\",\"@id\":\"http:\\\/\\\/www.defensoria.gob.ve\\\/#\\\/schema\\\/person\\\/fba14293189d7b1933ac7fba9d89e24a\"},\"headline\":\"Defensor del Pueblo pide mayor respeto para la vida animal\",\"datePublished\":\"2023-10-03T21:00:46+00:00\",\"dateModified\":\"2023-10-11T14:28:13+00:00\",\"mainEntityOfPage\":{\"@id\":\"http:\\\/\\\/www.defensoria.gob.ve\\\/?p=1896\"},\"wordCount\":697,\"image\":{\"@id\":\"http:\\\/\\\/www.defensoria.gob.ve\\\/?p=1896#primaryimage\"},\"thumbnailUrl\":\"http:\\\/\\\/www.defensoria.gob.ve\\\/wp-content\\\/uploads\\\/2023\\\/10\\\/aruiz-1-799x445-1.jpg\",\"articleSection\":[\"CENTRALES\"],\"inLanguage\":\"es\"},{\"@type\":\"WebPage\",\"@id\":\"http:\\\/\\\/www.defensoria.gob.ve\\\/?p=1896\",\"url\":\"http:\\\/\\\/www.defensoria.gob.ve\\\/?p=1896\",\"name\":\"Defensor del Pueblo pide mayor respeto para la vida animal -\",\"isPartOf\":{\"@id\":\"http:\\\/\\\/www.defensoria.gob.ve\\\/#website\"},\"primaryImageOfPage\":{\"@id\":\"http:\\\/\\\/www.defensoria.gob.ve\\\/?p=1896#primaryimage\"},\"image\":{\"@id\":\"http:\\\/\\\/www.defensoria.gob.ve\\\/?p=1896#primaryimage\"},\"thumbnailUrl\":\"http:\\\/\\\/www.defensoria.gob.ve\\\/wp-content\\\/uploads\\\/2023\\\/10\\\/aruiz-1-799x445-1.jpg\",\"datePublished\":\"2023-10-03T21:00:46+00:00\",\"dateModified\":\"2023-10-11T14:28:13+00:00\",\"author\":{\"@id\":\"http:\\\/\\\/www.defensoria.gob.ve\\\/#\\\/schema\\\/person\\\/fba14293189d7b1933ac7fba9d89e24a\"},\"breadcrumb\":{\"@id\":\"http:\\\/\\\/www.defensoria.gob.ve\\\/?p=1896#breadcrumb\"},\"inLanguage\":\"es\",\"potentialAction\":[{\"@type\":\"ReadAction\",\"target\":[\"http:\\\/\\\/www.defensoria.gob.ve\\\/?p=1896\"]}]},{\"@type\":\"ImageObject\",\"inLanguage\":\"es\",\"@id\":\"http:\\\/\\\/www.defensoria.gob.ve\\\/?p=1896#primaryimage\",\"url\":\"http:\\\/\\\/www.defensoria.gob.ve\\\/wp-content\\\/uploads\\\/2023\\\/10\\\/aruiz-1-799x445-1.jpg\",\"contentUrl\":\"http:\\\/\\\/www.defensoria.gob.ve\\\/wp-content\\\/uploads\\\/2023\\\/10\\\/aruiz-1-799x445-1.jpg\",\"width\":799,\"height\":445},{\"@type\":\"BreadcrumbList\",\"@id\":\"http:\\\/\\\/www.defensoria.gob.ve\\\/?p=1896#breadcrumb\",\"itemListElement\":[{\"@type\":\"ListItem\",\"position\":1,\"name\":\"Portada\",\"item\":\"http:\\\/\\\/www.defensoria.gob.ve\\\/\"},{\"@type\":\"ListItem\",\"position\":2,\"name\":\"Defensor del Pueblo pide mayor respeto para la vida animal\"}]},{\"@type\":\"WebSite\",\"@id\":\"http:\\\/\\\/www.defensoria.gob.ve\\\/#website\",\"url\":\"http:\\\/\\\/www.defensoria.gob.ve\\\/\",\"name\":\"\",\"description\":\"Instituci\u00f3n del Poder Ciudadano para la Promoci\u00f3n, Defensa y Vigilancia de los Derechos Humanos. \",\"potentialAction\":[{\"@type\":\"SearchAction\",\"target\":{\"@type\":\"EntryPoint\",\"urlTemplate\":\"http:\\\/\\\/www.defensoria.gob.ve\\\/?s={search_term_string}\"},\"query-input\":{\"@type\":\"PropertyValueSpecification\",\"valueRequired\":true,\"valueName\":\"search_term_string\"}}],\"inLanguage\":\"es\"},{\"@type\":\"Person\",\"@id\":\"http:\\\/\\\/www.defensoria.gob.ve\\\/#\\\/schema\\\/person\\\/fba14293189d7b1933ac7fba9d89e24a\",\"name\":\"JC.\",\"image\":{\"@type\":\"ImageObject\",\"inLanguage\":\"es\",\"@id\":\"https:\\\/\\\/secure.gravatar.com\\\/avatar\\\/f398a4de948606b38f0299d90ca738c674b648694bc725ed46503c240269dbf8?s=96&d=mm&r=g\",\"url\":\"https:\\\/\\\/secure.gravatar.com\\\/avatar\\\/f398a4de948606b38f0299d90ca738c674b648694bc725ed46503c240269dbf8?s=96&d=mm&r=g\",\"contentUrl\":\"https:\\\/\\\/secure.gravatar.com\\\/avatar\\\/f398a4de948606b38f0299d90ca738c674b648694bc725ed46503c240269dbf8?s=96&d=mm&r=g\",\"caption\":\"JC.\"},\"url\":\"http:\\\/\\\/www.defensoria.gob.ve\\\/?author=5\"}]}<\/script>\n<!-- \/ Yoast SEO plugin. -->","yoast_head_json":{"title":"Defensor del Pueblo pide mayor respeto para la vida animal -","robots":{"index":"index","follow":"follow","max-snippet":"max-snippet:-1","max-image-preview":"max-image-preview:large","max-video-preview":"max-video-preview:-1"},"canonical":"http:\/\/www.defensoria.gob.ve\/?p=1896","og_locale":"es_ES","og_type":"article","og_title":"Defensor del Pueblo pide mayor respeto para la vida animal -","og_description":"(03-Oct-2023) Este 04 de octubre se celebra el D\u00eda Mundial de los Animales, fecha que es promovida por la Organizaci\u00f3n Mundial de Protecci\u00f3n Animal en aras de detener la extinci\u00f3n&hellip;","og_url":"http:\/\/www.defensoria.gob.ve\/?p=1896","article_published_time":"2023-10-03T21:00:46+00:00","article_modified_time":"2023-10-11T14:28:13+00:00","og_image":[{"width":799,"height":445,"url":"http:\/\/www.defensoria.gob.ve\/wp-content\/uploads\/2023\/10\/aruiz-1-799x445-1.jpg","type":"image\/jpeg"}],"author":"JC.","twitter_card":"summary_large_image","twitter_misc":{"Escrito por":"JC.","Tiempo estimado de lectura":"3 minutos"},"schema":{"@context":"https:\/\/schema.org","@graph":[{"@type":"Article","@id":"http:\/\/www.defensoria.gob.ve\/?p=1896#article","isPartOf":{"@id":"http:\/\/www.defensoria.gob.ve\/?p=1896"},"author":{"name":"JC.","@id":"http:\/\/www.defensoria.gob.ve\/#\/schema\/person\/fba14293189d7b1933ac7fba9d89e24a"},"headline":"Defensor del Pueblo pide mayor respeto para la vida animal","datePublished":"2023-10-03T21:00:46+00:00","dateModified":"2023-10-11T14:28:13+00:00","mainEntityOfPage":{"@id":"http:\/\/www.defensoria.gob.ve\/?p=1896"},"wordCount":697,"image":{"@id":"http:\/\/www.defensoria.gob.ve\/?p=1896#primaryimage"},"thumbnailUrl":"http:\/\/www.defensoria.gob.ve\/wp-content\/uploads\/2023\/10\/aruiz-1-799x445-1.jpg","articleSection":["CENTRALES"],"inLanguage":"es"},{"@type":"WebPage","@id":"http:\/\/www.defensoria.gob.ve\/?p=1896","url":"http:\/\/www.defensoria.gob.ve\/?p=1896","name":"Defensor del Pueblo pide mayor respeto para la vida animal -","isPartOf":{"@id":"http:\/\/www.defensoria.gob.ve\/#website"},"primaryImageOfPage":{"@id":"http:\/\/www.defensoria.gob.ve\/?p=1896#primaryimage"},"image":{"@id":"http:\/\/www.defensoria.gob.ve\/?p=1896#primaryimage"},"thumbnailUrl":"http:\/\/www.defensoria.gob.ve\/wp-content\/uploads\/2023\/10\/aruiz-1-799x445-1.jpg","datePublished":"2023-10-03T21:00:46+00:00","dateModified":"2023-10-11T14:28:13+00:00","author":{"@id":"http:\/\/www.defensoria.gob.ve\/#\/schema\/person\/fba14293189d7b1933ac7fba9d89e24a"},"breadcrumb":{"@id":"http:\/\/www.defensoria.gob.ve\/?p=1896#breadcrumb"},"inLanguage":"es","potentialAction":[{"@type":"ReadAction","target":["http:\/\/www.defensoria.gob.ve\/?p=1896"]}]},{"@type":"ImageObject","inLanguage":"es","@id":"http:\/\/www.defensoria.gob.ve\/?p=1896#primaryimage","url":"http:\/\/www.defensoria.gob.ve\/wp-content\/uploads\/2023\/10\/aruiz-1-799x445-1.jpg","contentUrl":"http:\/\/www.defensoria.gob.ve\/wp-content\/uploads\/2023\/10\/aruiz-1-799x445-1.jpg","width":799,"height":445},{"@type":"BreadcrumbList","@id":"http:\/\/www.defensoria.gob.ve\/?p=1896#breadcrumb","itemListElement":[{"@type":"ListItem","position":1,"name":"Portada","item":"http:\/\/www.defensoria.gob.ve\/"},{"@type":"ListItem","position":2,"name":"Defensor del Pueblo pide mayor respeto para la vida animal"}]},{"@type":"WebSite","@id":"http:\/\/www.defensoria.gob.ve\/#website","url":"http:\/\/www.defensoria.gob.ve\/","name":"","description":"Instituci\u00f3n del Poder Ciudadano para la Promoci\u00f3n, Defensa y Vigilancia de los Derechos Humanos. ","potentialAction":[{"@type":"SearchAction","target":{"@type":"EntryPoint","urlTemplate":"http:\/\/www.defensoria.gob.ve\/?s={search_term_string}"},"query-input":{"@type":"PropertyValueSpecification","valueRequired":true,"valueName":"search_term_string"}}],"inLanguage":"es"},{"@type":"Person","@id":"http:\/\/www.defensoria.gob.ve\/#\/schema\/person\/fba14293189d7b1933ac7fba9d89e24a","name":"JC.","image":{"@type":"ImageObject","inLanguage":"es","@id":"https:\/\/secure.gravatar.com\/avatar\/f398a4de948606b38f0299d90ca738c674b648694bc725ed46503c240269dbf8?s=96&d=mm&r=g","url":"https:\/\/secure.gravatar.com\/avatar\/f398a4de948606b38f0299d90ca738c674b648694bc725ed46503c240269dbf8?s=96&d=mm&r=g","contentUrl":"https:\/\/secure.gravatar.com\/avatar\/f398a4de948606b38f0299d90ca738c674b648694bc725ed46503c240269dbf8?s=96&d=mm&r=g","caption":"JC."},"url":"http:\/\/www.defensoria.gob.ve\/?author=5"}]}},"_links":{"self":[{"href":"http:\/\/www.defensoria.gob.ve\/index.php?rest_route=\/wp\/v2\/posts\/1896","targetHints":{"allow":["GET"]}}],"collection":[{"href":"http:\/\/www.defensoria.gob.ve\/index.php?rest_route=\/wp\/v2\/posts"}],"about":[{"href":"http:\/\/www.defensoria.gob.ve\/index.php?rest_route=\/wp\/v2\/types\/post"}],"author":[{"embeddable":true,"href":"http:\/\/www.defensoria.gob.ve\/index.php?rest_route=\/wp\/v2\/users\/5"}],"replies":[{"embeddable":true,"href":"http:\/\/www.defensoria.gob.ve\/index.php?rest_route=%2Fwp%2Fv2%2Fcomments&post=1896"}],"version-history":[{"count":5,"href":"http:\/\/www.defensoria.gob.ve\/index.php?rest_route=\/wp\/v2\/posts\/1896\/revisions"}],"predecessor-version":[{"id":1914,"href":"http:\/\/www.defensoria.gob.ve\/index.php?rest_route=\/wp\/v2\/posts\/1896\/revisions\/1914"}],"wp:featuredmedia":[{"embeddable":true,"href":"http:\/\/www.defensoria.gob.ve\/index.php?rest_route=\/wp\/v2\/media\/2158"}],"wp:attachment":[{"href":"http:\/\/www.defensoria.gob.ve\/index.php?rest_route=%2Fwp%2Fv2%2Fmedia&parent=1896"}],"wp:term":[{"taxonomy":"category","embeddable":true,"href":"http:\/\/www.defensoria.gob.ve\/index.php?rest_route=%2Fwp%2Fv2%2Fcategories&post=1896"},{"taxonomy":"post_tag","embeddable":true,"href":"http:\/\/www.defensoria.gob.ve\/index.php?rest_route=%2Fwp%2Fv2%2Ftags&post=1896"}],"curies":[{"name":"wp","href":"https:\/\/api.w.org\/{rel}","templated":true}]}}