 
{"id":18963,"date":"2026-04-29T14:22:50","date_gmt":"2026-04-29T18:22:50","guid":{"rendered":"http:\/\/www.defensoria.gob.ve\/?p=18963"},"modified":"2026-04-29T14:26:58","modified_gmt":"2026-04-29T18:26:58","slug":"defensoria-del-pueblo-falcon-promueve-valores-y-derechos-en-escuelas-de-miranda-y-carirubana","status":"publish","type":"post","link":"http:\/\/www.defensoria.gob.ve\/?p=18963","title":{"rendered":"Defensor\u00eda del Pueblo Falc\u00f3n promueve valores y derechos en escuelas de Miranda y Carirubana"},"content":{"rendered":"\t\t<div data-elementor-type=\"wp-post\" data-elementor-id=\"18963\" class=\"elementor elementor-18963\">\n\t\t\t\t\t\t<section class=\"elementor-section elementor-top-section elementor-element elementor-element-20c676f0 elementor-section-boxed elementor-section-height-default elementor-section-height-default\" data-id=\"20c676f0\" data-element_type=\"section\" data-e-type=\"section\">\n\t\t\t\t\t\t<div class=\"elementor-container elementor-column-gap-default\">\n\t\t\t\t\t<div class=\"elementor-column elementor-col-100 elementor-top-column elementor-element elementor-element-28a4af6b\" data-id=\"28a4af6b\" data-element_type=\"column\" data-e-type=\"column\">\n\t\t\t<div class=\"elementor-widget-wrap elementor-element-populated\">\n\t\t\t\t\t\t<div class=\"elementor-element elementor-element-1088478 elementor-widget elementor-widget-text-editor\" data-id=\"1088478\" data-element_type=\"widget\" data-e-type=\"widget\" data-widget_type=\"text-editor.default\">\n\t\t\t\t<div class=\"elementor-widget-container\">\n\t\t\t\t\t\t\t\t\t\n<p>(Falc\u00f3n \/29- Abr-26) La Defensor\u00eda del Pueblo del estado Falc\u00f3n despleg\u00f3 una jornada de formaci\u00f3n y vigilancia en instituciones educativas de los municipios Miranda y Carirubana, enfocada en la protecci\u00f3n de ni\u00f1os, ni\u00f1as y adolescentes.<\/p>\n\n<figure class=\"wp-block-image size-full\"><img fetchpriority=\"high\" decoding=\"async\" width=\"1080\" height=\"555\" class=\"wp-image-18964\" src=\"http:\/\/www.defensoria.gob.ve\/wp-content\/uploads\/2026\/04\/1006756887.jpg\" alt=\"\" srcset=\"http:\/\/www.defensoria.gob.ve\/wp-content\/uploads\/2026\/04\/1006756887.jpg 1080w, http:\/\/www.defensoria.gob.ve\/wp-content\/uploads\/2026\/04\/1006756887-768x395.jpg 768w\" sizes=\"(max-width: 1080px) 100vw, 1080px\" \/><\/figure>\n\n<p>En el municipio Miranda: Durante la Expoferia Educativa en la U.E. \u00abMatarile\u00bb, el equipo defensorial entreg\u00f3 material sobre la prevenci\u00f3n de la violencia familiar y orient\u00f3 a los j\u00f3venes sobre los riesgos del uso inadecuado de las redes sociales.<\/p>\n\n<figure class=\"wp-block-image size-full\"><img decoding=\"async\" width=\"1078\" height=\"677\" class=\"wp-image-18965\" src=\"http:\/\/www.defensoria.gob.ve\/wp-content\/uploads\/2026\/04\/1006756901.jpg\" alt=\"\" srcset=\"http:\/\/www.defensoria.gob.ve\/wp-content\/uploads\/2026\/04\/1006756901.jpg 1078w, http:\/\/www.defensoria.gob.ve\/wp-content\/uploads\/2026\/04\/1006756901-768x482.jpg 768w\" sizes=\"(max-width: 1078px) 100vw, 1078px\" \/><\/figure>\n\n<p>En el municipio Carirubana: Se visit\u00f3 la E.T.I.N. \u00abGeneral\u00edsimo Francisco de Miranda\u00bb para dictar charlas sobre la prevenci\u00f3n del acoso escolar y la responsabilidad penal del adolescente.<\/p>\n\n<p>En el Liceo \u00abMaestros Gallegos\u00bb (sector Las Margaritas), se verificaron las condiciones de la infraestructura y se brind\u00f3 formaci\u00f3n sobre las funciones de la Defensor\u00eda y los deberes y derechos de los estudiantes. FIN<\/p>\n\t\t\t\t\t\t\t\t<\/div>\n\t\t\t\t<\/div>\n\t\t\t\t\t<\/div>\n\t\t<\/div>\n\t\t\t\t\t<\/div>\n\t\t<\/section>\n\t\t\t\t<\/div>\n\t\t","protected":false},"excerpt":{"rendered":"<p>(Falc\u00f3n \/29- Abr-26) La Defensor\u00eda del Pueblo del estado Falc\u00f3n despleg\u00f3 una jornada de formaci\u00f3n y vigilancia en instituciones educativas de los municipios Miranda y Carirubana, enfocada en la protecci\u00f3n&hellip; <\/p>\n","protected":false},"author":14,"featured_media":18966,"comment_status":"closed","ping_status":"open","sticky":false,"template":"","format":"standard","meta":{"footnotes":""},"categories":[5],"tags":[],"class_list":["post-18963","post","type-post","status-publish","format-standard","has-post-thumbnail","hentry","category-regionales"],"yoast_head":"<!-- This site is optimized with the Yoast SEO plugin v27.4 - https:\/\/yoast.com\/product\/yoast-seo-wordpress\/ -->\n<title>Defensor\u00eda del Pueblo Falc\u00f3n promueve valores y derechos en escuelas de Miranda y Carirubana -<\/title>\n<meta name=\"robots\" content=\"index, follow, max-snippet:-1, max-image-preview:large, max-video-preview:-1\" \/>\n<link rel=\"canonical\" href=\"http:\/\/www.defensoria.gob.ve\/?p=18963\" \/>\n<meta property=\"og:locale\" content=\"es_ES\" \/>\n<meta property=\"og:type\" content=\"article\" \/>\n<meta property=\"og:title\" content=\"Defensor\u00eda del Pueblo Falc\u00f3n promueve valores y derechos en escuelas de Miranda y Carirubana -\" \/>\n<meta property=\"og:description\" content=\"(Falc\u00f3n \/29- Abr-26) La Defensor\u00eda del Pueblo del estado Falc\u00f3n despleg\u00f3 una jornada de formaci\u00f3n y vigilancia en instituciones educativas de los municipios Miranda y Carirubana, enfocada en la protecci\u00f3n&hellip;\" \/>\n<meta property=\"og:url\" content=\"http:\/\/www.defensoria.gob.ve\/?p=18963\" \/>\n<meta property=\"article:published_time\" content=\"2026-04-29T18:22:50+00:00\" \/>\n<meta property=\"article:modified_time\" content=\"2026-04-29T18:26:58+00:00\" \/>\n<meta property=\"og:image\" content=\"http:\/\/www.defensoria.gob.ve\/wp-content\/uploads\/2026\/04\/1006756861.jpg\" \/>\n\t<meta property=\"og:image:width\" content=\"1068\" \/>\n\t<meta property=\"og:image:height\" content=\"801\" \/>\n\t<meta property=\"og:image:type\" content=\"image\/jpeg\" \/>\n<meta name=\"author\" content=\"KF.\" \/>\n<meta name=\"twitter:card\" content=\"summary_large_image\" \/>\n<meta name=\"twitter:label1\" content=\"Escrito por\" \/>\n\t<meta name=\"twitter:data1\" content=\"KF.\" \/>\n\t<meta name=\"twitter:label2\" content=\"Tiempo estimado de lectura\" \/>\n\t<meta name=\"twitter:data2\" content=\"2 minutos\" \/>\n<script type=\"application\/ld+json\" class=\"yoast-schema-graph\">{\"@context\":\"https:\\\/\\\/schema.org\",\"@graph\":[{\"@type\":\"Article\",\"@id\":\"http:\\\/\\\/www.defensoria.gob.ve\\\/?p=18963#article\",\"isPartOf\":{\"@id\":\"http:\\\/\\\/www.defensoria.gob.ve\\\/?p=18963\"},\"author\":{\"name\":\"KF.\",\"@id\":\"http:\\\/\\\/www.defensoria.gob.ve\\\/#\\\/schema\\\/person\\\/0fcc680c550d91982c4c009f5b19b8ec\"},\"headline\":\"Defensor\u00eda del Pueblo Falc\u00f3n promueve valores y derechos en escuelas de Miranda y Carirubana\",\"datePublished\":\"2026-04-29T18:22:50+00:00\",\"dateModified\":\"2026-04-29T18:26:58+00:00\",\"mainEntityOfPage\":{\"@id\":\"http:\\\/\\\/www.defensoria.gob.ve\\\/?p=18963\"},\"wordCount\":168,\"image\":{\"@id\":\"http:\\\/\\\/www.defensoria.gob.ve\\\/?p=18963#primaryimage\"},\"thumbnailUrl\":\"http:\\\/\\\/www.defensoria.gob.ve\\\/wp-content\\\/uploads\\\/2026\\\/04\\\/1006756861.jpg\",\"articleSection\":[\"REGIONALES\"],\"inLanguage\":\"es\"},{\"@type\":\"WebPage\",\"@id\":\"http:\\\/\\\/www.defensoria.gob.ve\\\/?p=18963\",\"url\":\"http:\\\/\\\/www.defensoria.gob.ve\\\/?p=18963\",\"name\":\"Defensor\u00eda del Pueblo Falc\u00f3n promueve valores y derechos en escuelas de Miranda y Carirubana -\",\"isPartOf\":{\"@id\":\"http:\\\/\\\/www.defensoria.gob.ve\\\/#website\"},\"primaryImageOfPage\":{\"@id\":\"http:\\\/\\\/www.defensoria.gob.ve\\\/?p=18963#primaryimage\"},\"image\":{\"@id\":\"http:\\\/\\\/www.defensoria.gob.ve\\\/?p=18963#primaryimage\"},\"thumbnailUrl\":\"http:\\\/\\\/www.defensoria.gob.ve\\\/wp-content\\\/uploads\\\/2026\\\/04\\\/1006756861.jpg\",\"datePublished\":\"2026-04-29T18:22:50+00:00\",\"dateModified\":\"2026-04-29T18:26:58+00:00\",\"author\":{\"@id\":\"http:\\\/\\\/www.defensoria.gob.ve\\\/#\\\/schema\\\/person\\\/0fcc680c550d91982c4c009f5b19b8ec\"},\"breadcrumb\":{\"@id\":\"http:\\\/\\\/www.defensoria.gob.ve\\\/?p=18963#breadcrumb\"},\"inLanguage\":\"es\",\"potentialAction\":[{\"@type\":\"ReadAction\",\"target\":[\"http:\\\/\\\/www.defensoria.gob.ve\\\/?p=18963\"]}]},{\"@type\":\"ImageObject\",\"inLanguage\":\"es\",\"@id\":\"http:\\\/\\\/www.defensoria.gob.ve\\\/?p=18963#primaryimage\",\"url\":\"http:\\\/\\\/www.defensoria.gob.ve\\\/wp-content\\\/uploads\\\/2026\\\/04\\\/1006756861.jpg\",\"contentUrl\":\"http:\\\/\\\/www.defensoria.gob.ve\\\/wp-content\\\/uploads\\\/2026\\\/04\\\/1006756861.jpg\",\"width\":1068,\"height\":801},{\"@type\":\"BreadcrumbList\",\"@id\":\"http:\\\/\\\/www.defensoria.gob.ve\\\/?p=18963#breadcrumb\",\"itemListElement\":[{\"@type\":\"ListItem\",\"position\":1,\"name\":\"Portada\",\"item\":\"http:\\\/\\\/www.defensoria.gob.ve\\\/\"},{\"@type\":\"ListItem\",\"position\":2,\"name\":\"Defensor\u00eda del Pueblo Falc\u00f3n promueve valores y derechos en escuelas de Miranda y Carirubana\"}]},{\"@type\":\"WebSite\",\"@id\":\"http:\\\/\\\/www.defensoria.gob.ve\\\/#website\",\"url\":\"http:\\\/\\\/www.defensoria.gob.ve\\\/\",\"name\":\"\",\"description\":\"Instituci\u00f3n del Poder Ciudadano para la Promoci\u00f3n, Defensa y Vigilancia de los Derechos Humanos. \",\"potentialAction\":[{\"@type\":\"SearchAction\",\"target\":{\"@type\":\"EntryPoint\",\"urlTemplate\":\"http:\\\/\\\/www.defensoria.gob.ve\\\/?s={search_term_string}\"},\"query-input\":{\"@type\":\"PropertyValueSpecification\",\"valueRequired\":true,\"valueName\":\"search_term_string\"}}],\"inLanguage\":\"es\"},{\"@type\":\"Person\",\"@id\":\"http:\\\/\\\/www.defensoria.gob.ve\\\/#\\\/schema\\\/person\\\/0fcc680c550d91982c4c009f5b19b8ec\",\"name\":\"KF.\",\"image\":{\"@type\":\"ImageObject\",\"inLanguage\":\"es\",\"@id\":\"https:\\\/\\\/secure.gravatar.com\\\/avatar\\\/d7d0d6b70133abf46e0bf5e7f5f63f5ae46353601f9ad9a981c38691d4b186b0?s=96&d=mm&r=g\",\"url\":\"https:\\\/\\\/secure.gravatar.com\\\/avatar\\\/d7d0d6b70133abf46e0bf5e7f5f63f5ae46353601f9ad9a981c38691d4b186b0?s=96&d=mm&r=g\",\"contentUrl\":\"https:\\\/\\\/secure.gravatar.com\\\/avatar\\\/d7d0d6b70133abf46e0bf5e7f5f63f5ae46353601f9ad9a981c38691d4b186b0?s=96&d=mm&r=g\",\"caption\":\"KF.\"},\"url\":\"http:\\\/\\\/www.defensoria.gob.ve\\\/?author=14\"}]}<\/script>\n<!-- \/ Yoast SEO plugin. -->","yoast_head_json":{"title":"Defensor\u00eda del Pueblo Falc\u00f3n promueve valores y derechos en escuelas de Miranda y Carirubana -","robots":{"index":"index","follow":"follow","max-snippet":"max-snippet:-1","max-image-preview":"max-image-preview:large","max-video-preview":"max-video-preview:-1"},"canonical":"http:\/\/www.defensoria.gob.ve\/?p=18963","og_locale":"es_ES","og_type":"article","og_title":"Defensor\u00eda del Pueblo Falc\u00f3n promueve valores y derechos en escuelas de Miranda y Carirubana -","og_description":"(Falc\u00f3n \/29- Abr-26) La Defensor\u00eda del Pueblo del estado Falc\u00f3n despleg\u00f3 una jornada de formaci\u00f3n y vigilancia en instituciones educativas de los municipios Miranda y Carirubana, enfocada en la protecci\u00f3n&hellip;","og_url":"http:\/\/www.defensoria.gob.ve\/?p=18963","article_published_time":"2026-04-29T18:22:50+00:00","article_modified_time":"2026-04-29T18:26:58+00:00","og_image":[{"width":1068,"height":801,"url":"http:\/\/www.defensoria.gob.ve\/wp-content\/uploads\/2026\/04\/1006756861.jpg","type":"image\/jpeg"}],"author":"KF.","twitter_card":"summary_large_image","twitter_misc":{"Escrito por":"KF.","Tiempo estimado de lectura":"2 minutos"},"schema":{"@context":"https:\/\/schema.org","@graph":[{"@type":"Article","@id":"http:\/\/www.defensoria.gob.ve\/?p=18963#article","isPartOf":{"@id":"http:\/\/www.defensoria.gob.ve\/?p=18963"},"author":{"name":"KF.","@id":"http:\/\/www.defensoria.gob.ve\/#\/schema\/person\/0fcc680c550d91982c4c009f5b19b8ec"},"headline":"Defensor\u00eda del Pueblo Falc\u00f3n promueve valores y derechos en escuelas de Miranda y Carirubana","datePublished":"2026-04-29T18:22:50+00:00","dateModified":"2026-04-29T18:26:58+00:00","mainEntityOfPage":{"@id":"http:\/\/www.defensoria.gob.ve\/?p=18963"},"wordCount":168,"image":{"@id":"http:\/\/www.defensoria.gob.ve\/?p=18963#primaryimage"},"thumbnailUrl":"http:\/\/www.defensoria.gob.ve\/wp-content\/uploads\/2026\/04\/1006756861.jpg","articleSection":["REGIONALES"],"inLanguage":"es"},{"@type":"WebPage","@id":"http:\/\/www.defensoria.gob.ve\/?p=18963","url":"http:\/\/www.defensoria.gob.ve\/?p=18963","name":"Defensor\u00eda del Pueblo Falc\u00f3n promueve valores y derechos en escuelas de Miranda y Carirubana -","isPartOf":{"@id":"http:\/\/www.defensoria.gob.ve\/#website"},"primaryImageOfPage":{"@id":"http:\/\/www.defensoria.gob.ve\/?p=18963#primaryimage"},"image":{"@id":"http:\/\/www.defensoria.gob.ve\/?p=18963#primaryimage"},"thumbnailUrl":"http:\/\/www.defensoria.gob.ve\/wp-content\/uploads\/2026\/04\/1006756861.jpg","datePublished":"2026-04-29T18:22:50+00:00","dateModified":"2026-04-29T18:26:58+00:00","author":{"@id":"http:\/\/www.defensoria.gob.ve\/#\/schema\/person\/0fcc680c550d91982c4c009f5b19b8ec"},"breadcrumb":{"@id":"http:\/\/www.defensoria.gob.ve\/?p=18963#breadcrumb"},"inLanguage":"es","potentialAction":[{"@type":"ReadAction","target":["http:\/\/www.defensoria.gob.ve\/?p=18963"]}]},{"@type":"ImageObject","inLanguage":"es","@id":"http:\/\/www.defensoria.gob.ve\/?p=18963#primaryimage","url":"http:\/\/www.defensoria.gob.ve\/wp-content\/uploads\/2026\/04\/1006756861.jpg","contentUrl":"http:\/\/www.defensoria.gob.ve\/wp-content\/uploads\/2026\/04\/1006756861.jpg","width":1068,"height":801},{"@type":"BreadcrumbList","@id":"http:\/\/www.defensoria.gob.ve\/?p=18963#breadcrumb","itemListElement":[{"@type":"ListItem","position":1,"name":"Portada","item":"http:\/\/www.defensoria.gob.ve\/"},{"@type":"ListItem","position":2,"name":"Defensor\u00eda del Pueblo Falc\u00f3n promueve valores y derechos en escuelas de Miranda y Carirubana"}]},{"@type":"WebSite","@id":"http:\/\/www.defensoria.gob.ve\/#website","url":"http:\/\/www.defensoria.gob.ve\/","name":"","description":"Instituci\u00f3n del Poder Ciudadano para la Promoci\u00f3n, Defensa y Vigilancia de los Derechos Humanos. ","potentialAction":[{"@type":"SearchAction","target":{"@type":"EntryPoint","urlTemplate":"http:\/\/www.defensoria.gob.ve\/?s={search_term_string}"},"query-input":{"@type":"PropertyValueSpecification","valueRequired":true,"valueName":"search_term_string"}}],"inLanguage":"es"},{"@type":"Person","@id":"http:\/\/www.defensoria.gob.ve\/#\/schema\/person\/0fcc680c550d91982c4c009f5b19b8ec","name":"KF.","image":{"@type":"ImageObject","inLanguage":"es","@id":"https:\/\/secure.gravatar.com\/avatar\/d7d0d6b70133abf46e0bf5e7f5f63f5ae46353601f9ad9a981c38691d4b186b0?s=96&d=mm&r=g","url":"https:\/\/secure.gravatar.com\/avatar\/d7d0d6b70133abf46e0bf5e7f5f63f5ae46353601f9ad9a981c38691d4b186b0?s=96&d=mm&r=g","contentUrl":"https:\/\/secure.gravatar.com\/avatar\/d7d0d6b70133abf46e0bf5e7f5f63f5ae46353601f9ad9a981c38691d4b186b0?s=96&d=mm&r=g","caption":"KF."},"url":"http:\/\/www.defensoria.gob.ve\/?author=14"}]}},"_links":{"self":[{"href":"http:\/\/www.defensoria.gob.ve\/index.php?rest_route=\/wp\/v2\/posts\/18963","targetHints":{"allow":["GET"]}}],"collection":[{"href":"http:\/\/www.defensoria.gob.ve\/index.php?rest_route=\/wp\/v2\/posts"}],"about":[{"href":"http:\/\/www.defensoria.gob.ve\/index.php?rest_route=\/wp\/v2\/types\/post"}],"author":[{"embeddable":true,"href":"http:\/\/www.defensoria.gob.ve\/index.php?rest_route=\/wp\/v2\/users\/14"}],"replies":[{"embeddable":true,"href":"http:\/\/www.defensoria.gob.ve\/index.php?rest_route=%2Fwp%2Fv2%2Fcomments&post=18963"}],"version-history":[{"count":4,"href":"http:\/\/www.defensoria.gob.ve\/index.php?rest_route=\/wp\/v2\/posts\/18963\/revisions"}],"predecessor-version":[{"id":18970,"href":"http:\/\/www.defensoria.gob.ve\/index.php?rest_route=\/wp\/v2\/posts\/18963\/revisions\/18970"}],"wp:featuredmedia":[{"embeddable":true,"href":"http:\/\/www.defensoria.gob.ve\/index.php?rest_route=\/wp\/v2\/media\/18966"}],"wp:attachment":[{"href":"http:\/\/www.defensoria.gob.ve\/index.php?rest_route=%2Fwp%2Fv2%2Fmedia&parent=18963"}],"wp:term":[{"taxonomy":"category","embeddable":true,"href":"http:\/\/www.defensoria.gob.ve\/index.php?rest_route=%2Fwp%2Fv2%2Fcategories&post=18963"},{"taxonomy":"post_tag","embeddable":true,"href":"http:\/\/www.defensoria.gob.ve\/index.php?rest_route=%2Fwp%2Fv2%2Ftags&post=18963"}],"curies":[{"name":"wp","href":"https:\/\/api.w.org\/{rel}","templated":true}]}}