 
{"id":20344,"date":"2026-09-02T09:02:44","date_gmt":"2026-09-02T13:02:44","guid":{"rendered":"http:\/\/www.defensoria.gob.ve\/?p=20344"},"modified":"2026-09-02T09:02:47","modified_gmt":"2026-09-02T13:02:47","slug":"defensoria-del-pueblo-impulsa-brigadas-exploratorias-y-promovera-mesa-tecnica-con-la-red-de-apoyo-de-la-guaira","status":"publish","type":"post","link":"http:\/\/www.defensoria.gob.ve\/?p=20344","title":{"rendered":"Defensor\u00eda del Pueblo impulsa brigadas exploratorias y promover\u00e1 mesa t\u00e9cnica con la Red de Apoyo de La Guaira"},"content":{"rendered":"\n<p>La Defensora del Pueblo, Egle\u00e9 Gonz\u00e1lez Lobato, sostuvo una reuni\u00f3n de trabajo con representantes de la Red de Apoyo de La Guaira, encabezada por su presidente, Iv\u00e1n Cede\u00f1o junto a especialistas del \u00e1rea geol\u00f3gica y ambiental, j\u00f3venes, organizaciones comunitarias y representantes de los sectores inmobiliario y de la construcci\u00f3n, con el prop\u00f3sito de escuchar sus planteamientos sobre el proceso de recuperaci\u00f3n tras los eventos s\u00edsmicos del pasado 24 de junio.<\/p>\n\n\n\n<p>Durante el encuentro, los representantes plantearon la importancia de participar activamente en una mesa t\u00e9cnica de car\u00e1cter interinstitucional que contribuya a la recuperaci\u00f3n y reconstrucci\u00f3n del estado. Asimismo, destacaron la necesidad de incorporar criterios t\u00e9cnicos y estudios especializados en materia geol\u00f3gica y territorial a las decisiones que se adopten, as\u00ed como favorecer la participaci\u00f3n de trabajadores y capacidades productivas locales en las labores de recuperaci\u00f3n.<\/p>\n\n\n\n<figure class=\"wp-block-image size-full is-resized\"><img fetchpriority=\"high\" decoding=\"async\" width=\"2560\" height=\"1440\" src=\"http:\/\/www.defensoria.gob.ve\/wp-content\/uploads\/2026\/09\/IMG_7345-scaled.jpg\" alt=\"\" class=\"wp-image-20345\" style=\"width:656px;height:auto\" srcset=\"http:\/\/www.defensoria.gob.ve\/wp-content\/uploads\/2026\/09\/IMG_7345-scaled.jpg 2560w, http:\/\/www.defensoria.gob.ve\/wp-content\/uploads\/2026\/09\/IMG_7345-768x432.jpg 768w, http:\/\/www.defensoria.gob.ve\/wp-content\/uploads\/2026\/09\/IMG_7345-1536x864.jpg 1536w, http:\/\/www.defensoria.gob.ve\/wp-content\/uploads\/2026\/09\/IMG_7345-2048x1152.jpg 2048w\" sizes=\"(max-width: 2560px) 100vw, 2560px\" \/><\/figure>\n\n\n\n<p>La Defensora del Pueblo propuso avanzar en la conformaci\u00f3n de brigadas defensoriales exploratorias, destinadas a ampliar la presencia institucional, identificar necesidades y verificar las condiciones de las comunidades en distintos sectores del territorio, particularmente en zonas como El Junko y Carayaca, sobre las cuales los representantes manifestaron la necesidad de una mayor atenci\u00f3n institucional.<\/p>\n\n\n\n<p>Gonz\u00e1lez Lobato se\u00f1al\u00f3 que la Defensor\u00eda canalizar\u00e1 los planteamientos recibidos ante las autoridades e instituciones con competencia en cada materia y promover\u00e1 la articulaci\u00f3n necesaria para avanzar hacia la instalaci\u00f3n de una mesa t\u00e9cnica con participaci\u00f3n de los distintos sectores involucrados.<\/p>\n\n\n\n<figure class=\"wp-block-image size-full is-resized\"><img decoding=\"async\" width=\"2560\" height=\"1440\" src=\"http:\/\/www.defensoria.gob.ve\/wp-content\/uploads\/2026\/09\/IMG_7272-scaled.jpg\" alt=\"\" class=\"wp-image-20346\" style=\"width:645px;height:auto\" srcset=\"http:\/\/www.defensoria.gob.ve\/wp-content\/uploads\/2026\/09\/IMG_7272-scaled.jpg 2560w, http:\/\/www.defensoria.gob.ve\/wp-content\/uploads\/2026\/09\/IMG_7272-768x432.jpg 768w, http:\/\/www.defensoria.gob.ve\/wp-content\/uploads\/2026\/09\/IMG_7272-1536x864.jpg 1536w, http:\/\/www.defensoria.gob.ve\/wp-content\/uploads\/2026\/09\/IMG_7272-2048x1152.jpg 2048w\" sizes=\"(max-width: 2560px) 100vw, 2560px\" \/><\/figure>\n\n\n\n<p>La Defensora destac\u00f3 adem\u00e1s la importancia de incorporar las lecciones aprendidas de experiencias anteriores, incluida la tragedia de Vargas (1999), y de procurar que el proceso de recuperaci\u00f3n combine criterios t\u00e9cnicos, protecci\u00f3n de derechos, participaci\u00f3n de las comunidades y respeto por el v\u00ednculo de las familias con sus territorios.<\/p>\n\n\n\n<p>\u201cReconstruir no es solamente recuperar infraestructura. Es escuchar a las comunidades, conocer las particularidades de cada territorio y articular soluciones que permitan recuperar tambi\u00e9n condiciones de vida y derechos\u201d, afirm\u00f3.<\/p>\n\n\n\n<figure class=\"wp-block-image size-full is-resized\"><img decoding=\"async\" width=\"1920\" height=\"1080\" src=\"http:\/\/www.defensoria.gob.ve\/wp-content\/uploads\/2026\/09\/IMG_6205.jpg\" alt=\"\" class=\"wp-image-20347\" style=\"width:646px;height:auto\" srcset=\"http:\/\/www.defensoria.gob.ve\/wp-content\/uploads\/2026\/09\/IMG_6205.jpg 1920w, http:\/\/www.defensoria.gob.ve\/wp-content\/uploads\/2026\/09\/IMG_6205-768x432.jpg 768w, http:\/\/www.defensoria.gob.ve\/wp-content\/uploads\/2026\/09\/IMG_6205-1536x864.jpg 1536w\" sizes=\"(max-width: 1920px) 100vw, 1920px\" \/><\/figure>\n","protected":false},"excerpt":{"rendered":"<p>La Defensora del Pueblo, Egle\u00e9 Gonz\u00e1lez Lobato, sostuvo una reuni\u00f3n de trabajo con representantes de la Red de Apoyo de La Guaira, encabezada por su presidente, Iv\u00e1n Cede\u00f1o junto a&hellip; <\/p>\n","protected":false},"author":18,"featured_media":20348,"comment_status":"closed","ping_status":"open","sticky":false,"template":"","format":"standard","meta":{"footnotes":""},"categories":[3,5],"tags":[15,19,12],"class_list":["post-20344","post","type-post","status-publish","format-standard","has-post-thumbnail","hentry","category-centrales","category-regionales","tag-caracas","tag-defensoria-del-pueblo","tag-la-guaira"],"yoast_head":"<!-- This site is optimized with the Yoast SEO plugin v28.2 - https:\/\/yoast.com\/product\/yoast-seo-wordpress\/ -->\n<title>Defensor\u00eda del Pueblo impulsa brigadas exploratorias y promover\u00e1 mesa t\u00e9cnica con la Red de Apoyo de La Guaira - DEFENSORIA DEL PUEBLO<\/title>\n<meta name=\"robots\" content=\"index, follow, max-snippet:-1, max-image-preview:large, max-video-preview:-1\" \/>\n<link rel=\"canonical\" href=\"http:\/\/www.defensoria.gob.ve\/?p=20344\" \/>\n<meta property=\"og:locale\" content=\"es_ES\" \/>\n<meta property=\"og:type\" content=\"article\" \/>\n<meta property=\"og:title\" content=\"Defensor\u00eda del Pueblo impulsa brigadas exploratorias y promover\u00e1 mesa t\u00e9cnica con la Red de Apoyo de La Guaira - DEFENSORIA DEL PUEBLO\" \/>\n<meta property=\"og:description\" content=\"La Defensora del Pueblo, Egle\u00e9 Gonz\u00e1lez Lobato, sostuvo una reuni\u00f3n de trabajo con representantes de la Red de Apoyo de La Guaira, encabezada por su presidente, Iv\u00e1n Cede\u00f1o junto a&hellip;\" \/>\n<meta property=\"og:url\" content=\"http:\/\/www.defensoria.gob.ve\/?p=20344\" \/>\n<meta property=\"og:site_name\" content=\"DEFENSORIA DEL PUEBLO\" \/>\n<meta property=\"article:published_time\" content=\"2026-09-02T13:02:44+00:00\" \/>\n<meta property=\"article:modified_time\" content=\"2026-09-02T13:02:47+00:00\" \/>\n<meta property=\"og:image\" content=\"http:\/\/www.defensoria.gob.ve\/wp-content\/uploads\/2026\/09\/IMG_6262.jpg\" \/>\n\t<meta property=\"og:image:width\" content=\"1920\" \/>\n\t<meta property=\"og:image:height\" content=\"1080\" \/>\n\t<meta property=\"og:image:type\" content=\"image\/jpeg\" \/>\n<meta name=\"author\" content=\"R.C\" \/>\n<meta name=\"twitter:card\" content=\"summary_large_image\" \/>\n<meta name=\"twitter:label1\" content=\"Escrito por\" \/>\n\t<meta name=\"twitter:data1\" content=\"R.C\" \/>\n\t<meta name=\"twitter:label2\" content=\"Tiempo estimado de lectura\" \/>\n\t<meta name=\"twitter:data2\" content=\"3 minutos\" \/>\n<script type=\"application\/ld+json\" class=\"yoast-schema-graph\">{\"@context\":\"https:\\\/\\\/schema.org\",\"@graph\":[{\"@type\":\"Article\",\"@id\":\"http:\\\/\\\/www.defensoria.gob.ve\\\/?p=20344#article\",\"isPartOf\":{\"@id\":\"http:\\\/\\\/www.defensoria.gob.ve\\\/?p=20344\"},\"author\":{\"name\":\"R.C\",\"@id\":\"http:\\\/\\\/www.defensoria.gob.ve\\\/#\\\/schema\\\/person\\\/345391abd3f0aa2d2db73023820587c4\"},\"headline\":\"Defensor\u00eda del Pueblo impulsa brigadas exploratorias y promover\u00e1 mesa t\u00e9cnica con la Red de Apoyo de La Guaira\",\"datePublished\":\"2026-09-02T13:02:44+00:00\",\"dateModified\":\"2026-09-02T13:02:47+00:00\",\"mainEntityOfPage\":{\"@id\":\"http:\\\/\\\/www.defensoria.gob.ve\\\/?p=20344\"},\"wordCount\":361,\"image\":{\"@id\":\"http:\\\/\\\/www.defensoria.gob.ve\\\/?p=20344#primaryimage\"},\"thumbnailUrl\":\"http:\\\/\\\/www.defensoria.gob.ve\\\/wp-content\\\/uploads\\\/2026\\\/09\\\/IMG_6262.jpg\",\"keywords\":[\"Caracas\",\"Defensoria del Pueblo\",\"La Guaira\"],\"articleSection\":[\"CENTRALES\",\"DELEGADAS\"],\"inLanguage\":\"es\"},{\"@type\":\"WebPage\",\"@id\":\"http:\\\/\\\/www.defensoria.gob.ve\\\/?p=20344\",\"url\":\"http:\\\/\\\/www.defensoria.gob.ve\\\/?p=20344\",\"name\":\"Defensor\u00eda del Pueblo impulsa brigadas exploratorias y promover\u00e1 mesa t\u00e9cnica con la Red de Apoyo de La Guaira - DEFENSORIA DEL PUEBLO\",\"isPartOf\":{\"@id\":\"http:\\\/\\\/www.defensoria.gob.ve\\\/#website\"},\"primaryImageOfPage\":{\"@id\":\"http:\\\/\\\/www.defensoria.gob.ve\\\/?p=20344#primaryimage\"},\"image\":{\"@id\":\"http:\\\/\\\/www.defensoria.gob.ve\\\/?p=20344#primaryimage\"},\"thumbnailUrl\":\"http:\\\/\\\/www.defensoria.gob.ve\\\/wp-content\\\/uploads\\\/2026\\\/09\\\/IMG_6262.jpg\",\"datePublished\":\"2026-09-02T13:02:44+00:00\",\"dateModified\":\"2026-09-02T13:02:47+00:00\",\"author\":{\"@id\":\"http:\\\/\\\/www.defensoria.gob.ve\\\/#\\\/schema\\\/person\\\/345391abd3f0aa2d2db73023820587c4\"},\"breadcrumb\":{\"@id\":\"http:\\\/\\\/www.defensoria.gob.ve\\\/?p=20344#breadcrumb\"},\"inLanguage\":\"es\",\"potentialAction\":[{\"@type\":\"ReadAction\",\"target\":[\"http:\\\/\\\/www.defensoria.gob.ve\\\/?p=20344\"]}]},{\"@type\":\"ImageObject\",\"inLanguage\":\"es\",\"@id\":\"http:\\\/\\\/www.defensoria.gob.ve\\\/?p=20344#primaryimage\",\"url\":\"http:\\\/\\\/www.defensoria.gob.ve\\\/wp-content\\\/uploads\\\/2026\\\/09\\\/IMG_6262.jpg\",\"contentUrl\":\"http:\\\/\\\/www.defensoria.gob.ve\\\/wp-content\\\/uploads\\\/2026\\\/09\\\/IMG_6262.jpg\",\"width\":1920,\"height\":1080},{\"@type\":\"BreadcrumbList\",\"@id\":\"http:\\\/\\\/www.defensoria.gob.ve\\\/?p=20344#breadcrumb\",\"itemListElement\":[{\"@type\":\"ListItem\",\"position\":1,\"name\":\"Portada\",\"item\":\"http:\\\/\\\/www.defensoria.gob.ve\\\/\"},{\"@type\":\"ListItem\",\"position\":2,\"name\":\"Defensor\u00eda del Pueblo impulsa brigadas exploratorias y promover\u00e1 mesa t\u00e9cnica con la Red de Apoyo de La Guaira\"}]},{\"@type\":\"WebSite\",\"@id\":\"http:\\\/\\\/www.defensoria.gob.ve\\\/#website\",\"url\":\"http:\\\/\\\/www.defensoria.gob.ve\\\/\",\"name\":\"DEFENSORIA DEL PUEBLO\",\"description\":\"Instituci\u00f3n del Poder Ciudadano para la Promoci\u00f3n, Defensa y Vigilancia de los Derechos Humanos.\",\"potentialAction\":[{\"@type\":\"SearchAction\",\"target\":{\"@type\":\"EntryPoint\",\"urlTemplate\":\"http:\\\/\\\/www.defensoria.gob.ve\\\/?s={search_term_string}\"},\"query-input\":{\"@type\":\"PropertyValueSpecification\",\"valueRequired\":true,\"valueName\":\"search_term_string\"}}],\"inLanguage\":\"es\"},{\"@type\":\"Person\",\"@id\":\"http:\\\/\\\/www.defensoria.gob.ve\\\/#\\\/schema\\\/person\\\/345391abd3f0aa2d2db73023820587c4\",\"name\":\"R.C\",\"image\":{\"@type\":\"ImageObject\",\"inLanguage\":\"es\",\"@id\":\"https:\\\/\\\/secure.gravatar.com\\\/avatar\\\/e7a022816c63a85e81dd848b5e406ec5a18d563dc0168df10fa8797de6c9c6b1?s=96&d=mm&r=g\",\"url\":\"https:\\\/\\\/secure.gravatar.com\\\/avatar\\\/e7a022816c63a85e81dd848b5e406ec5a18d563dc0168df10fa8797de6c9c6b1?s=96&d=mm&r=g\",\"contentUrl\":\"https:\\\/\\\/secure.gravatar.com\\\/avatar\\\/e7a022816c63a85e81dd848b5e406ec5a18d563dc0168df10fa8797de6c9c6b1?s=96&d=mm&r=g\",\"caption\":\"R.C\"},\"url\":\"http:\\\/\\\/www.defensoria.gob.ve\\\/?author=18\"}]}<\/script>\n<!-- \/ Yoast SEO plugin. -->","yoast_head_json":{"title":"Defensor\u00eda del Pueblo impulsa brigadas exploratorias y promover\u00e1 mesa t\u00e9cnica con la Red de Apoyo de La Guaira - DEFENSORIA DEL PUEBLO","robots":{"index":"index","follow":"follow","max-snippet":"max-snippet:-1","max-image-preview":"max-image-preview:large","max-video-preview":"max-video-preview:-1"},"canonical":"http:\/\/www.defensoria.gob.ve\/?p=20344","og_locale":"es_ES","og_type":"article","og_title":"Defensor\u00eda del Pueblo impulsa brigadas exploratorias y promover\u00e1 mesa t\u00e9cnica con la Red de Apoyo de La Guaira - DEFENSORIA DEL PUEBLO","og_description":"La Defensora del Pueblo, Egle\u00e9 Gonz\u00e1lez Lobato, sostuvo una reuni\u00f3n de trabajo con representantes de la Red de Apoyo de La Guaira, encabezada por su presidente, Iv\u00e1n Cede\u00f1o junto a&hellip;","og_url":"http:\/\/www.defensoria.gob.ve\/?p=20344","og_site_name":"DEFENSORIA DEL PUEBLO","article_published_time":"2026-09-02T13:02:44+00:00","article_modified_time":"2026-09-02T13:02:47+00:00","og_image":[{"width":1920,"height":1080,"url":"http:\/\/www.defensoria.gob.ve\/wp-content\/uploads\/2026\/09\/IMG_6262.jpg","type":"image\/jpeg"}],"author":"R.C","twitter_card":"summary_large_image","twitter_misc":{"Escrito por":"R.C","Tiempo estimado de lectura":"3 minutos"},"schema":{"@context":"https:\/\/schema.org","@graph":[{"@type":"Article","@id":"http:\/\/www.defensoria.gob.ve\/?p=20344#article","isPartOf":{"@id":"http:\/\/www.defensoria.gob.ve\/?p=20344"},"author":{"name":"R.C","@id":"http:\/\/www.defensoria.gob.ve\/#\/schema\/person\/345391abd3f0aa2d2db73023820587c4"},"headline":"Defensor\u00eda del Pueblo impulsa brigadas exploratorias y promover\u00e1 mesa t\u00e9cnica con la Red de Apoyo de La Guaira","datePublished":"2026-09-02T13:02:44+00:00","dateModified":"2026-09-02T13:02:47+00:00","mainEntityOfPage":{"@id":"http:\/\/www.defensoria.gob.ve\/?p=20344"},"wordCount":361,"image":{"@id":"http:\/\/www.defensoria.gob.ve\/?p=20344#primaryimage"},"thumbnailUrl":"http:\/\/www.defensoria.gob.ve\/wp-content\/uploads\/2026\/09\/IMG_6262.jpg","keywords":["Caracas","Defensoria del Pueblo","La Guaira"],"articleSection":["CENTRALES","DELEGADAS"],"inLanguage":"es"},{"@type":"WebPage","@id":"http:\/\/www.defensoria.gob.ve\/?p=20344","url":"http:\/\/www.defensoria.gob.ve\/?p=20344","name":"Defensor\u00eda del Pueblo impulsa brigadas exploratorias y promover\u00e1 mesa t\u00e9cnica con la Red de Apoyo de La Guaira - DEFENSORIA DEL PUEBLO","isPartOf":{"@id":"http:\/\/www.defensoria.gob.ve\/#website"},"primaryImageOfPage":{"@id":"http:\/\/www.defensoria.gob.ve\/?p=20344#primaryimage"},"image":{"@id":"http:\/\/www.defensoria.gob.ve\/?p=20344#primaryimage"},"thumbnailUrl":"http:\/\/www.defensoria.gob.ve\/wp-content\/uploads\/2026\/09\/IMG_6262.jpg","datePublished":"2026-09-02T13:02:44+00:00","dateModified":"2026-09-02T13:02:47+00:00","author":{"@id":"http:\/\/www.defensoria.gob.ve\/#\/schema\/person\/345391abd3f0aa2d2db73023820587c4"},"breadcrumb":{"@id":"http:\/\/www.defensoria.gob.ve\/?p=20344#breadcrumb"},"inLanguage":"es","potentialAction":[{"@type":"ReadAction","target":["http:\/\/www.defensoria.gob.ve\/?p=20344"]}]},{"@type":"ImageObject","inLanguage":"es","@id":"http:\/\/www.defensoria.gob.ve\/?p=20344#primaryimage","url":"http:\/\/www.defensoria.gob.ve\/wp-content\/uploads\/2026\/09\/IMG_6262.jpg","contentUrl":"http:\/\/www.defensoria.gob.ve\/wp-content\/uploads\/2026\/09\/IMG_6262.jpg","width":1920,"height":1080},{"@type":"BreadcrumbList","@id":"http:\/\/www.defensoria.gob.ve\/?p=20344#breadcrumb","itemListElement":[{"@type":"ListItem","position":1,"name":"Portada","item":"http:\/\/www.defensoria.gob.ve\/"},{"@type":"ListItem","position":2,"name":"Defensor\u00eda del Pueblo impulsa brigadas exploratorias y promover\u00e1 mesa t\u00e9cnica con la Red de Apoyo de La Guaira"}]},{"@type":"WebSite","@id":"http:\/\/www.defensoria.gob.ve\/#website","url":"http:\/\/www.defensoria.gob.ve\/","name":"DEFENSORIA DEL PUEBLO","description":"Instituci\u00f3n del Poder Ciudadano para la Promoci\u00f3n, Defensa y Vigilancia de los Derechos Humanos.","potentialAction":[{"@type":"SearchAction","target":{"@type":"EntryPoint","urlTemplate":"http:\/\/www.defensoria.gob.ve\/?s={search_term_string}"},"query-input":{"@type":"PropertyValueSpecification","valueRequired":true,"valueName":"search_term_string"}}],"inLanguage":"es"},{"@type":"Person","@id":"http:\/\/www.defensoria.gob.ve\/#\/schema\/person\/345391abd3f0aa2d2db73023820587c4","name":"R.C","image":{"@type":"ImageObject","inLanguage":"es","@id":"https:\/\/secure.gravatar.com\/avatar\/e7a022816c63a85e81dd848b5e406ec5a18d563dc0168df10fa8797de6c9c6b1?s=96&d=mm&r=g","url":"https:\/\/secure.gravatar.com\/avatar\/e7a022816c63a85e81dd848b5e406ec5a18d563dc0168df10fa8797de6c9c6b1?s=96&d=mm&r=g","contentUrl":"https:\/\/secure.gravatar.com\/avatar\/e7a022816c63a85e81dd848b5e406ec5a18d563dc0168df10fa8797de6c9c6b1?s=96&d=mm&r=g","caption":"R.C"},"url":"http:\/\/www.defensoria.gob.ve\/?author=18"}]}},"_links":{"self":[{"href":"http:\/\/www.defensoria.gob.ve\/index.php?rest_route=\/wp\/v2\/posts\/20344","targetHints":{"allow":["GET"]}}],"collection":[{"href":"http:\/\/www.defensoria.gob.ve\/index.php?rest_route=\/wp\/v2\/posts"}],"about":[{"href":"http:\/\/www.defensoria.gob.ve\/index.php?rest_route=\/wp\/v2\/types\/post"}],"author":[{"embeddable":true,"href":"http:\/\/www.defensoria.gob.ve\/index.php?rest_route=\/wp\/v2\/users\/18"}],"replies":[{"embeddable":true,"href":"http:\/\/www.defensoria.gob.ve\/index.php?rest_route=%2Fwp%2Fv2%2Fcomments&post=20344"}],"version-history":[{"count":1,"href":"http:\/\/www.defensoria.gob.ve\/index.php?rest_route=\/wp\/v2\/posts\/20344\/revisions"}],"predecessor-version":[{"id":20349,"href":"http:\/\/www.defensoria.gob.ve\/index.php?rest_route=\/wp\/v2\/posts\/20344\/revisions\/20349"}],"wp:featuredmedia":[{"embeddable":true,"href":"http:\/\/www.defensoria.gob.ve\/index.php?rest_route=\/wp\/v2\/media\/20348"}],"wp:attachment":[{"href":"http:\/\/www.defensoria.gob.ve\/index.php?rest_route=%2Fwp%2Fv2%2Fmedia&parent=20344"}],"wp:term":[{"taxonomy":"category","embeddable":true,"href":"http:\/\/www.defensoria.gob.ve\/index.php?rest_route=%2Fwp%2Fv2%2Fcategories&post=20344"},{"taxonomy":"post_tag","embeddable":true,"href":"http:\/\/www.defensoria.gob.ve\/index.php?rest_route=%2Fwp%2Fv2%2Ftags&post=20344"}],"curies":[{"name":"wp","href":"https:\/\/api.w.org\/{rel}","templated":true}]}}