 
{"id":20351,"date":"2026-09-03T11:29:22","date_gmt":"2026-09-03T15:29:22","guid":{"rendered":"http:\/\/www.defensoria.gob.ve\/?p=20351"},"modified":"2026-09-03T11:29:25","modified_gmt":"2026-09-03T15:29:25","slug":"defensora-del-pueblo-aboga-por-una-reforma-judicial-con-enfoque-de-genero-y-celeridad-procesal","status":"publish","type":"post","link":"http:\/\/www.defensoria.gob.ve\/?p=20351","title":{"rendered":"Defensora del Pueblo aboga por una reforma judicial con enfoque de g\u00e9nero y celeridad procesal"},"content":{"rendered":"\n<p>Durante el reinicio de la Consulta Nacional sobre la Reforma Judicial Penal, la Defensora del Pueblo, Egl\u00e9e Gonz\u00e1lez Lobato, hizo un enf\u00e1tico llamado a transformar el sistema judicial venezolano para garantizar que sea transparente, oportuno, proporcional y eficaz en la erradicaci\u00f3n del retardo procesal que afecta a la poblaci\u00f3n penitenciaria.<\/p>\n\n\n\n<figure class=\"wp-block-embed is-type-rich is-provider-x wp-block-embed-x\"><div class=\"wp-block-embed__wrapper\">\n<blockquote class=\"twitter-tweet\" data-width=\"550\" data-dnt=\"true\"><p lang=\"es\" dir=\"ltr\">La defensora del pueblo, Egl\u00e9e Gonz\u00e1lez Lobato, llam\u00f3 a transformar el sistema judicial venezolano para garantizar procesos transparentes, oportunos y eficaces, y combatir el retardo procesal que afecta a la poblaci\u00f3n penitenciaria. <a href=\"https:\/\/t.co\/KsG34WsQvD\">pic.twitter.com\/KsG34WsQvD<\/a><\/p>&mdash; Defensor\u00eda del Pueblo (@Defensoria_Vzla) <a href=\"https:\/\/x.com\/Defensoria_Vzla\/status\/2095531583008645416?ref_src=twsrc%5Etfw\">September 3, 2026<\/a><\/blockquote><script async src=\"https:\/\/platform.x.com\/widgets.js\" charset=\"utf-8\"><\/script>\n<\/div><\/figure>\n\n\n\n<p>El pronunciamiento se dio durante un recorrido por las instalaciones del Instituto Nacional de Orientaci\u00f3n Femenina (INOF), en Los Teques, donde la titular del organismo defensorial constat\u00f3 las actividades educativas, de capacitaci\u00f3n laboral y los programas culturales que se desarrollan en el recinto.<\/p>\n\n\n\n<p>En el marco de la visita, Gonz\u00e1lez Lobato subray\u00f3 la necesidad de incorporar una perspectiva de g\u00e9nero en el debate del marco legal, reconociendo las realidades diferenciadas que enfrentan las mujeres privadas de libertad.<\/p>\n\n\n\n<figure class=\"wp-block-image size-full\"><img fetchpriority=\"high\" decoding=\"async\" width=\"1920\" height=\"1080\" src=\"http:\/\/www.defensoria.gob.ve\/wp-content\/uploads\/2026\/09\/1.5.jpg\" alt=\"\" class=\"wp-image-20354\" srcset=\"http:\/\/www.defensoria.gob.ve\/wp-content\/uploads\/2026\/09\/1.5.jpg 1920w, http:\/\/www.defensoria.gob.ve\/wp-content\/uploads\/2026\/09\/1.5-768x432.jpg 768w, http:\/\/www.defensoria.gob.ve\/wp-content\/uploads\/2026\/09\/1.5-1536x864.jpg 1536w\" sizes=\"(max-width: 1920px) 100vw, 1920px\" \/><\/figure>\n\n\n\n<p>\u00abEsta reforma debe tomar en cuenta que la c\u00e1rcel no impacta de la misma manera a las mujeres que a los hombres. Hablar de reclusi\u00f3n femenina implica abordar la maternidad, la lactancia y el bienestar de los hijos, su impacto se extiende a toda la sociedad\u00bb, precis\u00f3.<\/p>\n\n\n\n<p>Asimismo, destac\u00f3 que el proceso de consulta tiene como eje central escuchar de forma directa a las internas y a sus familiares para estructurar respuestas oportunas que fortalezcan el debido proceso y permitan revisar la proporcionalidad de las penas. \u00abNo queremos que salgan de aqu\u00ed en mayor estado de vulnerabilidad, el objetivo es garantizar una reinserci\u00f3n social efectiva y convertir estos recintos en verdaderos espacios de transformaci\u00f3n humana\u00bb, enfatiz\u00f3.<\/p>\n\n\n\n<figure class=\"wp-block-image size-full\"><img decoding=\"async\" width=\"1920\" height=\"1080\" src=\"http:\/\/www.defensoria.gob.ve\/wp-content\/uploads\/2026\/09\/1.3.jpg\" alt=\"\" class=\"wp-image-20352\" srcset=\"http:\/\/www.defensoria.gob.ve\/wp-content\/uploads\/2026\/09\/1.3.jpg 1920w, http:\/\/www.defensoria.gob.ve\/wp-content\/uploads\/2026\/09\/1.3-768x432.jpg 768w, http:\/\/www.defensoria.gob.ve\/wp-content\/uploads\/2026\/09\/1.3-1536x864.jpg 1536w\" sizes=\"(max-width: 1920px) 100vw, 1920px\" \/><\/figure>\n\n\n\n<p>El recorrido institucional cont\u00f3 con la participaci\u00f3n de destacadas autoridades del sistema de justicia y del Poder P\u00fablico Nacional, entre ellos: el Ministro de Asuntos Penitenciarios, Julio Garc\u00eda Zerpa, el Fiscal General, Larry Devoe, la Presidenta de la Sala de Casaci\u00f3n Penal del TSJ, Magistrada Marisela Castro, el Defensor P\u00fablico Nacional, Daniel Ram\u00edrez Herrera y el diputado Jorge Arreaza.<\/p>\n\n\n\n<p>Con este despliegue, el Poder Ciudadano y las instituciones del Estado reafirman su compromiso de consolidar un sistema penal humanizado y adaptado a las exigencias constitucionales.<\/p>\n","protected":false},"excerpt":{"rendered":"<p>Durante el reinicio de la Consulta Nacional sobre la Reforma Judicial Penal, la Defensora del Pueblo, Egl\u00e9e Gonz\u00e1lez Lobato, hizo un enf\u00e1tico llamado a transformar el sistema judicial venezolano para&hellip; <\/p>\n","protected":false},"author":18,"featured_media":20353,"comment_status":"closed","ping_status":"open","sticky":false,"template":"","format":"standard","meta":{"footnotes":""},"categories":[3],"tags":[15,16,19,18],"class_list":["post-20351","post","type-post","status-publish","format-standard","has-post-thumbnail","hentry","category-centrales","tag-caracas","tag-ddhh","tag-defensoria-del-pueblo","tag-venezuela"],"yoast_head":"<!-- This site is optimized with the Yoast SEO plugin v28.2 - https:\/\/yoast.com\/product\/yoast-seo-wordpress\/ -->\n<title>Defensora del Pueblo aboga por una reforma judicial con enfoque de g\u00e9nero y celeridad procesal - DEFENSORIA DEL PUEBLO<\/title>\n<meta name=\"robots\" content=\"index, follow, max-snippet:-1, max-image-preview:large, max-video-preview:-1\" \/>\n<link rel=\"canonical\" href=\"http:\/\/www.defensoria.gob.ve\/?p=20351\" \/>\n<meta property=\"og:locale\" content=\"es_ES\" \/>\n<meta property=\"og:type\" content=\"article\" \/>\n<meta property=\"og:title\" content=\"Defensora del Pueblo aboga por una reforma judicial con enfoque de g\u00e9nero y celeridad procesal - DEFENSORIA DEL PUEBLO\" \/>\n<meta property=\"og:description\" content=\"Durante el reinicio de la Consulta Nacional sobre la Reforma Judicial Penal, la Defensora del Pueblo, Egl\u00e9e Gonz\u00e1lez Lobato, hizo un enf\u00e1tico llamado a transformar el sistema judicial venezolano para&hellip;\" \/>\n<meta property=\"og:url\" content=\"http:\/\/www.defensoria.gob.ve\/?p=20351\" \/>\n<meta property=\"og:site_name\" content=\"DEFENSORIA DEL PUEBLO\" \/>\n<meta property=\"article:published_time\" content=\"2026-09-03T15:29:22+00:00\" \/>\n<meta property=\"article:modified_time\" content=\"2026-09-03T15:29:25+00:00\" \/>\n<meta property=\"og:image\" content=\"http:\/\/www.defensoria.gob.ve\/wp-content\/uploads\/2026\/09\/1.1-scaled.jpeg\" \/>\n\t<meta property=\"og:image:width\" content=\"2560\" \/>\n\t<meta property=\"og:image:height\" content=\"1707\" \/>\n\t<meta property=\"og:image:type\" content=\"image\/jpeg\" \/>\n<meta name=\"author\" content=\"R.C\" \/>\n<meta name=\"twitter:card\" content=\"summary_large_image\" \/>\n<meta name=\"twitter:label1\" content=\"Escrito por\" \/>\n\t<meta name=\"twitter:data1\" content=\"R.C\" \/>\n\t<meta name=\"twitter:label2\" content=\"Tiempo estimado de lectura\" \/>\n\t<meta name=\"twitter:data2\" content=\"3 minutos\" \/>\n<script type=\"application\/ld+json\" class=\"yoast-schema-graph\">{\"@context\":\"https:\\\/\\\/schema.org\",\"@graph\":[{\"@type\":\"Article\",\"@id\":\"http:\\\/\\\/www.defensoria.gob.ve\\\/?p=20351#article\",\"isPartOf\":{\"@id\":\"http:\\\/\\\/www.defensoria.gob.ve\\\/?p=20351\"},\"author\":{\"name\":\"R.C\",\"@id\":\"http:\\\/\\\/www.defensoria.gob.ve\\\/#\\\/schema\\\/person\\\/345391abd3f0aa2d2db73023820587c4\"},\"headline\":\"Defensora del Pueblo aboga por una reforma judicial con enfoque de g\u00e9nero y celeridad procesal\",\"datePublished\":\"2026-09-03T15:29:22+00:00\",\"dateModified\":\"2026-09-03T15:29:25+00:00\",\"mainEntityOfPage\":{\"@id\":\"http:\\\/\\\/www.defensoria.gob.ve\\\/?p=20351\"},\"wordCount\":369,\"image\":{\"@id\":\"http:\\\/\\\/www.defensoria.gob.ve\\\/?p=20351#primaryimage\"},\"thumbnailUrl\":\"http:\\\/\\\/www.defensoria.gob.ve\\\/wp-content\\\/uploads\\\/2026\\\/09\\\/1.1-scaled.jpeg\",\"keywords\":[\"Caracas\",\"DDHH\",\"Defensoria del Pueblo\",\"Venezuela\"],\"articleSection\":[\"CENTRALES\"],\"inLanguage\":\"es\"},{\"@type\":\"WebPage\",\"@id\":\"http:\\\/\\\/www.defensoria.gob.ve\\\/?p=20351\",\"url\":\"http:\\\/\\\/www.defensoria.gob.ve\\\/?p=20351\",\"name\":\"Defensora del Pueblo aboga por una reforma judicial con enfoque de g\u00e9nero y celeridad procesal - DEFENSORIA DEL PUEBLO\",\"isPartOf\":{\"@id\":\"http:\\\/\\\/www.defensoria.gob.ve\\\/#website\"},\"primaryImageOfPage\":{\"@id\":\"http:\\\/\\\/www.defensoria.gob.ve\\\/?p=20351#primaryimage\"},\"image\":{\"@id\":\"http:\\\/\\\/www.defensoria.gob.ve\\\/?p=20351#primaryimage\"},\"thumbnailUrl\":\"http:\\\/\\\/www.defensoria.gob.ve\\\/wp-content\\\/uploads\\\/2026\\\/09\\\/1.1-scaled.jpeg\",\"datePublished\":\"2026-09-03T15:29:22+00:00\",\"dateModified\":\"2026-09-03T15:29:25+00:00\",\"author\":{\"@id\":\"http:\\\/\\\/www.defensoria.gob.ve\\\/#\\\/schema\\\/person\\\/345391abd3f0aa2d2db73023820587c4\"},\"breadcrumb\":{\"@id\":\"http:\\\/\\\/www.defensoria.gob.ve\\\/?p=20351#breadcrumb\"},\"inLanguage\":\"es\",\"potentialAction\":[{\"@type\":\"ReadAction\",\"target\":[\"http:\\\/\\\/www.defensoria.gob.ve\\\/?p=20351\"]}]},{\"@type\":\"ImageObject\",\"inLanguage\":\"es\",\"@id\":\"http:\\\/\\\/www.defensoria.gob.ve\\\/?p=20351#primaryimage\",\"url\":\"http:\\\/\\\/www.defensoria.gob.ve\\\/wp-content\\\/uploads\\\/2026\\\/09\\\/1.1-scaled.jpeg\",\"contentUrl\":\"http:\\\/\\\/www.defensoria.gob.ve\\\/wp-content\\\/uploads\\\/2026\\\/09\\\/1.1-scaled.jpeg\",\"width\":2560,\"height\":1707},{\"@type\":\"BreadcrumbList\",\"@id\":\"http:\\\/\\\/www.defensoria.gob.ve\\\/?p=20351#breadcrumb\",\"itemListElement\":[{\"@type\":\"ListItem\",\"position\":1,\"name\":\"Portada\",\"item\":\"http:\\\/\\\/www.defensoria.gob.ve\\\/\"},{\"@type\":\"ListItem\",\"position\":2,\"name\":\"Defensora del Pueblo aboga por una reforma judicial con enfoque de g\u00e9nero y celeridad procesal\"}]},{\"@type\":\"WebSite\",\"@id\":\"http:\\\/\\\/www.defensoria.gob.ve\\\/#website\",\"url\":\"http:\\\/\\\/www.defensoria.gob.ve\\\/\",\"name\":\"DEFENSORIA DEL PUEBLO\",\"description\":\"Instituci\u00f3n del Poder Ciudadano para la Promoci\u00f3n, Defensa y Vigilancia de los Derechos Humanos.\",\"potentialAction\":[{\"@type\":\"SearchAction\",\"target\":{\"@type\":\"EntryPoint\",\"urlTemplate\":\"http:\\\/\\\/www.defensoria.gob.ve\\\/?s={search_term_string}\"},\"query-input\":{\"@type\":\"PropertyValueSpecification\",\"valueRequired\":true,\"valueName\":\"search_term_string\"}}],\"inLanguage\":\"es\"},{\"@type\":\"Person\",\"@id\":\"http:\\\/\\\/www.defensoria.gob.ve\\\/#\\\/schema\\\/person\\\/345391abd3f0aa2d2db73023820587c4\",\"name\":\"R.C\",\"image\":{\"@type\":\"ImageObject\",\"inLanguage\":\"es\",\"@id\":\"https:\\\/\\\/secure.gravatar.com\\\/avatar\\\/e7a022816c63a85e81dd848b5e406ec5a18d563dc0168df10fa8797de6c9c6b1?s=96&d=mm&r=g\",\"url\":\"https:\\\/\\\/secure.gravatar.com\\\/avatar\\\/e7a022816c63a85e81dd848b5e406ec5a18d563dc0168df10fa8797de6c9c6b1?s=96&d=mm&r=g\",\"contentUrl\":\"https:\\\/\\\/secure.gravatar.com\\\/avatar\\\/e7a022816c63a85e81dd848b5e406ec5a18d563dc0168df10fa8797de6c9c6b1?s=96&d=mm&r=g\",\"caption\":\"R.C\"},\"url\":\"http:\\\/\\\/www.defensoria.gob.ve\\\/?author=18\"}]}<\/script>\n<!-- \/ Yoast SEO plugin. -->","yoast_head_json":{"title":"Defensora del Pueblo aboga por una reforma judicial con enfoque de g\u00e9nero y celeridad procesal - DEFENSORIA DEL PUEBLO","robots":{"index":"index","follow":"follow","max-snippet":"max-snippet:-1","max-image-preview":"max-image-preview:large","max-video-preview":"max-video-preview:-1"},"canonical":"http:\/\/www.defensoria.gob.ve\/?p=20351","og_locale":"es_ES","og_type":"article","og_title":"Defensora del Pueblo aboga por una reforma judicial con enfoque de g\u00e9nero y celeridad procesal - DEFENSORIA DEL PUEBLO","og_description":"Durante el reinicio de la Consulta Nacional sobre la Reforma Judicial Penal, la Defensora del Pueblo, Egl\u00e9e Gonz\u00e1lez Lobato, hizo un enf\u00e1tico llamado a transformar el sistema judicial venezolano para&hellip;","og_url":"http:\/\/www.defensoria.gob.ve\/?p=20351","og_site_name":"DEFENSORIA DEL PUEBLO","article_published_time":"2026-09-03T15:29:22+00:00","article_modified_time":"2026-09-03T15:29:25+00:00","og_image":[{"width":2560,"height":1707,"url":"http:\/\/www.defensoria.gob.ve\/wp-content\/uploads\/2026\/09\/1.1-scaled.jpeg","type":"image\/jpeg"}],"author":"R.C","twitter_card":"summary_large_image","twitter_misc":{"Escrito por":"R.C","Tiempo estimado de lectura":"3 minutos"},"schema":{"@context":"https:\/\/schema.org","@graph":[{"@type":"Article","@id":"http:\/\/www.defensoria.gob.ve\/?p=20351#article","isPartOf":{"@id":"http:\/\/www.defensoria.gob.ve\/?p=20351"},"author":{"name":"R.C","@id":"http:\/\/www.defensoria.gob.ve\/#\/schema\/person\/345391abd3f0aa2d2db73023820587c4"},"headline":"Defensora del Pueblo aboga por una reforma judicial con enfoque de g\u00e9nero y celeridad procesal","datePublished":"2026-09-03T15:29:22+00:00","dateModified":"2026-09-03T15:29:25+00:00","mainEntityOfPage":{"@id":"http:\/\/www.defensoria.gob.ve\/?p=20351"},"wordCount":369,"image":{"@id":"http:\/\/www.defensoria.gob.ve\/?p=20351#primaryimage"},"thumbnailUrl":"http:\/\/www.defensoria.gob.ve\/wp-content\/uploads\/2026\/09\/1.1-scaled.jpeg","keywords":["Caracas","DDHH","Defensoria del Pueblo","Venezuela"],"articleSection":["CENTRALES"],"inLanguage":"es"},{"@type":"WebPage","@id":"http:\/\/www.defensoria.gob.ve\/?p=20351","url":"http:\/\/www.defensoria.gob.ve\/?p=20351","name":"Defensora del Pueblo aboga por una reforma judicial con enfoque de g\u00e9nero y celeridad procesal - DEFENSORIA DEL PUEBLO","isPartOf":{"@id":"http:\/\/www.defensoria.gob.ve\/#website"},"primaryImageOfPage":{"@id":"http:\/\/www.defensoria.gob.ve\/?p=20351#primaryimage"},"image":{"@id":"http:\/\/www.defensoria.gob.ve\/?p=20351#primaryimage"},"thumbnailUrl":"http:\/\/www.defensoria.gob.ve\/wp-content\/uploads\/2026\/09\/1.1-scaled.jpeg","datePublished":"2026-09-03T15:29:22+00:00","dateModified":"2026-09-03T15:29:25+00:00","author":{"@id":"http:\/\/www.defensoria.gob.ve\/#\/schema\/person\/345391abd3f0aa2d2db73023820587c4"},"breadcrumb":{"@id":"http:\/\/www.defensoria.gob.ve\/?p=20351#breadcrumb"},"inLanguage":"es","potentialAction":[{"@type":"ReadAction","target":["http:\/\/www.defensoria.gob.ve\/?p=20351"]}]},{"@type":"ImageObject","inLanguage":"es","@id":"http:\/\/www.defensoria.gob.ve\/?p=20351#primaryimage","url":"http:\/\/www.defensoria.gob.ve\/wp-content\/uploads\/2026\/09\/1.1-scaled.jpeg","contentUrl":"http:\/\/www.defensoria.gob.ve\/wp-content\/uploads\/2026\/09\/1.1-scaled.jpeg","width":2560,"height":1707},{"@type":"BreadcrumbList","@id":"http:\/\/www.defensoria.gob.ve\/?p=20351#breadcrumb","itemListElement":[{"@type":"ListItem","position":1,"name":"Portada","item":"http:\/\/www.defensoria.gob.ve\/"},{"@type":"ListItem","position":2,"name":"Defensora del Pueblo aboga por una reforma judicial con enfoque de g\u00e9nero y celeridad procesal"}]},{"@type":"WebSite","@id":"http:\/\/www.defensoria.gob.ve\/#website","url":"http:\/\/www.defensoria.gob.ve\/","name":"DEFENSORIA DEL PUEBLO","description":"Instituci\u00f3n del Poder Ciudadano para la Promoci\u00f3n, Defensa y Vigilancia de los Derechos Humanos.","potentialAction":[{"@type":"SearchAction","target":{"@type":"EntryPoint","urlTemplate":"http:\/\/www.defensoria.gob.ve\/?s={search_term_string}"},"query-input":{"@type":"PropertyValueSpecification","valueRequired":true,"valueName":"search_term_string"}}],"inLanguage":"es"},{"@type":"Person","@id":"http:\/\/www.defensoria.gob.ve\/#\/schema\/person\/345391abd3f0aa2d2db73023820587c4","name":"R.C","image":{"@type":"ImageObject","inLanguage":"es","@id":"https:\/\/secure.gravatar.com\/avatar\/e7a022816c63a85e81dd848b5e406ec5a18d563dc0168df10fa8797de6c9c6b1?s=96&d=mm&r=g","url":"https:\/\/secure.gravatar.com\/avatar\/e7a022816c63a85e81dd848b5e406ec5a18d563dc0168df10fa8797de6c9c6b1?s=96&d=mm&r=g","contentUrl":"https:\/\/secure.gravatar.com\/avatar\/e7a022816c63a85e81dd848b5e406ec5a18d563dc0168df10fa8797de6c9c6b1?s=96&d=mm&r=g","caption":"R.C"},"url":"http:\/\/www.defensoria.gob.ve\/?author=18"}]}},"_links":{"self":[{"href":"http:\/\/www.defensoria.gob.ve\/index.php?rest_route=\/wp\/v2\/posts\/20351","targetHints":{"allow":["GET"]}}],"collection":[{"href":"http:\/\/www.defensoria.gob.ve\/index.php?rest_route=\/wp\/v2\/posts"}],"about":[{"href":"http:\/\/www.defensoria.gob.ve\/index.php?rest_route=\/wp\/v2\/types\/post"}],"author":[{"embeddable":true,"href":"http:\/\/www.defensoria.gob.ve\/index.php?rest_route=\/wp\/v2\/users\/18"}],"replies":[{"embeddable":true,"href":"http:\/\/www.defensoria.gob.ve\/index.php?rest_route=%2Fwp%2Fv2%2Fcomments&post=20351"}],"version-history":[{"count":1,"href":"http:\/\/www.defensoria.gob.ve\/index.php?rest_route=\/wp\/v2\/posts\/20351\/revisions"}],"predecessor-version":[{"id":20355,"href":"http:\/\/www.defensoria.gob.ve\/index.php?rest_route=\/wp\/v2\/posts\/20351\/revisions\/20355"}],"wp:featuredmedia":[{"embeddable":true,"href":"http:\/\/www.defensoria.gob.ve\/index.php?rest_route=\/wp\/v2\/media\/20353"}],"wp:attachment":[{"href":"http:\/\/www.defensoria.gob.ve\/index.php?rest_route=%2Fwp%2Fv2%2Fmedia&parent=20351"}],"wp:term":[{"taxonomy":"category","embeddable":true,"href":"http:\/\/www.defensoria.gob.ve\/index.php?rest_route=%2Fwp%2Fv2%2Fcategories&post=20351"},{"taxonomy":"post_tag","embeddable":true,"href":"http:\/\/www.defensoria.gob.ve\/index.php?rest_route=%2Fwp%2Fv2%2Ftags&post=20351"}],"curies":[{"name":"wp","href":"https:\/\/api.w.org\/{rel}","templated":true}]}}