 
{"id":2056,"date":"2023-10-09T12:23:01","date_gmt":"2023-10-09T16:23:01","guid":{"rendered":"http:\/\/www.defensoria.gob.ve\/?p=2056"},"modified":"2023-10-10T12:55:40","modified_gmt":"2023-10-10T16:55:40","slug":"defensoria-delegada-de-yaracuy-realiza-abordaje-integral-en-municipio-pena","status":"publish","type":"post","link":"http:\/\/www.defensoria.gob.ve\/?p=2056","title":{"rendered":"Defensor\u00eda Delegada de Yaracuy realiza abordaje integral en municipio Pe\u00f1a"},"content":{"rendered":"\t\t<div data-elementor-type=\"wp-post\" data-elementor-id=\"2056\" class=\"elementor elementor-2056\">\n\t\t\t\t\t\t<section class=\"elementor-section elementor-top-section elementor-element elementor-element-cfb3325 elementor-section-boxed elementor-section-height-default elementor-section-height-default\" data-id=\"cfb3325\" data-element_type=\"section\" data-e-type=\"section\">\n\t\t\t\t\t\t<div class=\"elementor-container elementor-column-gap-default\">\n\t\t\t\t\t<div class=\"elementor-column elementor-col-100 elementor-top-column elementor-element elementor-element-4b3a7f72\" data-id=\"4b3a7f72\" data-element_type=\"column\" data-e-type=\"column\">\n\t\t\t<div class=\"elementor-widget-wrap elementor-element-populated\">\n\t\t\t\t\t\t<div class=\"elementor-element elementor-element-48be4da8 elementor-widget elementor-widget-text-editor\" data-id=\"48be4da8\" data-element_type=\"widget\" data-e-type=\"widget\" data-widget_type=\"text-editor.default\">\n\t\t\t\t<div class=\"elementor-widget-container\">\n\t\t\t\t\t\t\t\t\t\n<p>(09-Oct-2023) La Defensor\u00eda delegada del estado Yaracuy llev\u00f3 a cabo un abordaje integral a los ciudadanos y ciudadanas del municipio Pe\u00f1a. As\u00ed lo inform\u00f3 el Defensor delegado de esa entidad \u00d3scar Baquero, quien explic\u00f3 que \u201cla intenci\u00f3n es acercarnos a las comunidades, escuchar sus demandas, orientarlos y procesar sus denuncias; adem\u00e1s de aprovechar el encuentro para formarlos en materia de derechos humanos\u201d.<br><br>La actividad que se desarroll\u00f3 en la plaza Bol\u00edvar de esa localidad, se inici\u00f3 con la entrega de material informativo espec\u00edficamente el violent\u00f3metro instrumento que mide los niveles de violencia contra la mujer, seguido de una jornada de atenci\u00f3n a la ciudadan\u00eda.<br><br>Por \u00faltimo se desarroll\u00f3 un conversatorio, el cual se efectu\u00f3 con el personal que labora en la Alcald\u00eda del municipio Pe\u00f1a en materia de violencia contra la mujer, tipos de violencia, \u00f3rganos receptores de denuncia y aspectos relevantes de Ley Org\u00e1nica sobre el Derecho de las Mujeres a una Vida Libre de Violencia.<br><br>Baquero asegur\u00f3 que hasta los momentos Bruzual y Nirgua han sido los municipios abordados en este plan, el cual se extender\u00e1 al resto de las municipalidades, enfatizando aquellas comunidades especialmente vulnerables, previo diagn\u00f3stico con las estructuras sociales organizadas que hacen vida en cada jurisdicci\u00f3n \u201cpara as\u00ed canalizar sus solicitudes, orientarlos y capacitarlos en las \u00e1reas que as\u00ed lo requieran en materia de derechos humanos\u201d destac\u00f3. FIN\/ PRENSA Defensor\u00eda<\/p>\n\t\t\t\t\t\t\t\t<\/div>\n\t\t\t\t<\/div>\n\t\t\t\t\t<\/div>\n\t\t<\/div>\n\t\t\t\t\t<\/div>\n\t\t<\/section>\n\t\t\t\t<\/div>\n\t\t","protected":false},"excerpt":{"rendered":"<p>(09-Oct-2023) La Defensor\u00eda delegada del estado Yaracuy llev\u00f3 a cabo un abordaje integral a los ciudadanos y ciudadanas del municipio Pe\u00f1a. As\u00ed lo inform\u00f3 el Defensor delegado de esa entidad&hellip; <\/p>\n","protected":false},"author":5,"featured_media":2057,"comment_status":"closed","ping_status":"closed","sticky":false,"template":"","format":"standard","meta":{"footnotes":""},"categories":[5],"tags":[],"class_list":["post-2056","post","type-post","status-publish","format-standard","has-post-thumbnail","hentry","category-regionales"],"yoast_head":"<!-- This site is optimized with the Yoast SEO plugin v27.4 - https:\/\/yoast.com\/product\/yoast-seo-wordpress\/ -->\n<title>Defensor\u00eda Delegada de Yaracuy realiza abordaje integral en municipio Pe\u00f1a -<\/title>\n<meta name=\"robots\" content=\"index, follow, max-snippet:-1, max-image-preview:large, max-video-preview:-1\" \/>\n<link rel=\"canonical\" href=\"http:\/\/www.defensoria.gob.ve\/?p=2056\" \/>\n<meta property=\"og:locale\" content=\"es_ES\" \/>\n<meta property=\"og:type\" content=\"article\" \/>\n<meta property=\"og:title\" content=\"Defensor\u00eda Delegada de Yaracuy realiza abordaje integral en municipio Pe\u00f1a -\" \/>\n<meta property=\"og:description\" content=\"(09-Oct-2023) La Defensor\u00eda delegada del estado Yaracuy llev\u00f3 a cabo un abordaje integral a los ciudadanos y ciudadanas del municipio Pe\u00f1a. As\u00ed lo inform\u00f3 el Defensor delegado de esa entidad&hellip;\" \/>\n<meta property=\"og:url\" content=\"http:\/\/www.defensoria.gob.ve\/?p=2056\" \/>\n<meta property=\"article:published_time\" content=\"2023-10-09T16:23:01+00:00\" \/>\n<meta property=\"article:modified_time\" content=\"2023-10-10T16:55:40+00:00\" \/>\n<meta property=\"og:image\" content=\"http:\/\/www.defensoria.gob.ve\/wp-content\/uploads\/2023\/10\/RRR.jpg\" \/>\n\t<meta property=\"og:image:width\" content=\"800\" \/>\n\t<meta property=\"og:image:height\" content=\"480\" \/>\n\t<meta property=\"og:image:type\" content=\"image\/jpeg\" \/>\n<meta name=\"author\" content=\"JC.\" \/>\n<meta name=\"twitter:card\" content=\"summary_large_image\" \/>\n<meta name=\"twitter:label1\" content=\"Escrito por\" \/>\n\t<meta name=\"twitter:data1\" content=\"JC.\" \/>\n\t<meta name=\"twitter:label2\" content=\"Tiempo estimado de lectura\" \/>\n\t<meta name=\"twitter:data2\" content=\"2 minutos\" \/>\n<script type=\"application\/ld+json\" class=\"yoast-schema-graph\">{\"@context\":\"https:\\\/\\\/schema.org\",\"@graph\":[{\"@type\":\"Article\",\"@id\":\"http:\\\/\\\/www.defensoria.gob.ve\\\/?p=2056#article\",\"isPartOf\":{\"@id\":\"http:\\\/\\\/www.defensoria.gob.ve\\\/?p=2056\"},\"author\":{\"name\":\"JC.\",\"@id\":\"http:\\\/\\\/www.defensoria.gob.ve\\\/#\\\/schema\\\/person\\\/fba14293189d7b1933ac7fba9d89e24a\"},\"headline\":\"Defensor\u00eda Delegada de Yaracuy realiza abordaje integral en municipio Pe\u00f1a\",\"datePublished\":\"2023-10-09T16:23:01+00:00\",\"dateModified\":\"2023-10-10T16:55:40+00:00\",\"mainEntityOfPage\":{\"@id\":\"http:\\\/\\\/www.defensoria.gob.ve\\\/?p=2056\"},\"wordCount\":252,\"image\":{\"@id\":\"http:\\\/\\\/www.defensoria.gob.ve\\\/?p=2056#primaryimage\"},\"thumbnailUrl\":\"http:\\\/\\\/www.defensoria.gob.ve\\\/wp-content\\\/uploads\\\/2023\\\/10\\\/RRR.jpg\",\"articleSection\":[\"REGIONALES\"],\"inLanguage\":\"es\"},{\"@type\":\"WebPage\",\"@id\":\"http:\\\/\\\/www.defensoria.gob.ve\\\/?p=2056\",\"url\":\"http:\\\/\\\/www.defensoria.gob.ve\\\/?p=2056\",\"name\":\"Defensor\u00eda Delegada de Yaracuy realiza abordaje integral en municipio Pe\u00f1a -\",\"isPartOf\":{\"@id\":\"http:\\\/\\\/www.defensoria.gob.ve\\\/#website\"},\"primaryImageOfPage\":{\"@id\":\"http:\\\/\\\/www.defensoria.gob.ve\\\/?p=2056#primaryimage\"},\"image\":{\"@id\":\"http:\\\/\\\/www.defensoria.gob.ve\\\/?p=2056#primaryimage\"},\"thumbnailUrl\":\"http:\\\/\\\/www.defensoria.gob.ve\\\/wp-content\\\/uploads\\\/2023\\\/10\\\/RRR.jpg\",\"datePublished\":\"2023-10-09T16:23:01+00:00\",\"dateModified\":\"2023-10-10T16:55:40+00:00\",\"author\":{\"@id\":\"http:\\\/\\\/www.defensoria.gob.ve\\\/#\\\/schema\\\/person\\\/fba14293189d7b1933ac7fba9d89e24a\"},\"breadcrumb\":{\"@id\":\"http:\\\/\\\/www.defensoria.gob.ve\\\/?p=2056#breadcrumb\"},\"inLanguage\":\"es\",\"potentialAction\":[{\"@type\":\"ReadAction\",\"target\":[\"http:\\\/\\\/www.defensoria.gob.ve\\\/?p=2056\"]}]},{\"@type\":\"ImageObject\",\"inLanguage\":\"es\",\"@id\":\"http:\\\/\\\/www.defensoria.gob.ve\\\/?p=2056#primaryimage\",\"url\":\"http:\\\/\\\/www.defensoria.gob.ve\\\/wp-content\\\/uploads\\\/2023\\\/10\\\/RRR.jpg\",\"contentUrl\":\"http:\\\/\\\/www.defensoria.gob.ve\\\/wp-content\\\/uploads\\\/2023\\\/10\\\/RRR.jpg\",\"width\":800,\"height\":480},{\"@type\":\"BreadcrumbList\",\"@id\":\"http:\\\/\\\/www.defensoria.gob.ve\\\/?p=2056#breadcrumb\",\"itemListElement\":[{\"@type\":\"ListItem\",\"position\":1,\"name\":\"Portada\",\"item\":\"http:\\\/\\\/www.defensoria.gob.ve\\\/\"},{\"@type\":\"ListItem\",\"position\":2,\"name\":\"Defensor\u00eda Delegada de Yaracuy realiza abordaje integral en municipio Pe\u00f1a\"}]},{\"@type\":\"WebSite\",\"@id\":\"http:\\\/\\\/www.defensoria.gob.ve\\\/#website\",\"url\":\"http:\\\/\\\/www.defensoria.gob.ve\\\/\",\"name\":\"\",\"description\":\"Instituci\u00f3n del Poder Ciudadano para la Promoci\u00f3n, Defensa y Vigilancia de los Derechos Humanos. \",\"potentialAction\":[{\"@type\":\"SearchAction\",\"target\":{\"@type\":\"EntryPoint\",\"urlTemplate\":\"http:\\\/\\\/www.defensoria.gob.ve\\\/?s={search_term_string}\"},\"query-input\":{\"@type\":\"PropertyValueSpecification\",\"valueRequired\":true,\"valueName\":\"search_term_string\"}}],\"inLanguage\":\"es\"},{\"@type\":\"Person\",\"@id\":\"http:\\\/\\\/www.defensoria.gob.ve\\\/#\\\/schema\\\/person\\\/fba14293189d7b1933ac7fba9d89e24a\",\"name\":\"JC.\",\"image\":{\"@type\":\"ImageObject\",\"inLanguage\":\"es\",\"@id\":\"https:\\\/\\\/secure.gravatar.com\\\/avatar\\\/f398a4de948606b38f0299d90ca738c674b648694bc725ed46503c240269dbf8?s=96&d=mm&r=g\",\"url\":\"https:\\\/\\\/secure.gravatar.com\\\/avatar\\\/f398a4de948606b38f0299d90ca738c674b648694bc725ed46503c240269dbf8?s=96&d=mm&r=g\",\"contentUrl\":\"https:\\\/\\\/secure.gravatar.com\\\/avatar\\\/f398a4de948606b38f0299d90ca738c674b648694bc725ed46503c240269dbf8?s=96&d=mm&r=g\",\"caption\":\"JC.\"},\"url\":\"http:\\\/\\\/www.defensoria.gob.ve\\\/?author=5\"}]}<\/script>\n<!-- \/ Yoast SEO plugin. -->","yoast_head_json":{"title":"Defensor\u00eda Delegada de Yaracuy realiza abordaje integral en municipio Pe\u00f1a -","robots":{"index":"index","follow":"follow","max-snippet":"max-snippet:-1","max-image-preview":"max-image-preview:large","max-video-preview":"max-video-preview:-1"},"canonical":"http:\/\/www.defensoria.gob.ve\/?p=2056","og_locale":"es_ES","og_type":"article","og_title":"Defensor\u00eda Delegada de Yaracuy realiza abordaje integral en municipio Pe\u00f1a -","og_description":"(09-Oct-2023) La Defensor\u00eda delegada del estado Yaracuy llev\u00f3 a cabo un abordaje integral a los ciudadanos y ciudadanas del municipio Pe\u00f1a. As\u00ed lo inform\u00f3 el Defensor delegado de esa entidad&hellip;","og_url":"http:\/\/www.defensoria.gob.ve\/?p=2056","article_published_time":"2023-10-09T16:23:01+00:00","article_modified_time":"2023-10-10T16:55:40+00:00","og_image":[{"width":800,"height":480,"url":"http:\/\/www.defensoria.gob.ve\/wp-content\/uploads\/2023\/10\/RRR.jpg","type":"image\/jpeg"}],"author":"JC.","twitter_card":"summary_large_image","twitter_misc":{"Escrito por":"JC.","Tiempo estimado de lectura":"2 minutos"},"schema":{"@context":"https:\/\/schema.org","@graph":[{"@type":"Article","@id":"http:\/\/www.defensoria.gob.ve\/?p=2056#article","isPartOf":{"@id":"http:\/\/www.defensoria.gob.ve\/?p=2056"},"author":{"name":"JC.","@id":"http:\/\/www.defensoria.gob.ve\/#\/schema\/person\/fba14293189d7b1933ac7fba9d89e24a"},"headline":"Defensor\u00eda Delegada de Yaracuy realiza abordaje integral en municipio Pe\u00f1a","datePublished":"2023-10-09T16:23:01+00:00","dateModified":"2023-10-10T16:55:40+00:00","mainEntityOfPage":{"@id":"http:\/\/www.defensoria.gob.ve\/?p=2056"},"wordCount":252,"image":{"@id":"http:\/\/www.defensoria.gob.ve\/?p=2056#primaryimage"},"thumbnailUrl":"http:\/\/www.defensoria.gob.ve\/wp-content\/uploads\/2023\/10\/RRR.jpg","articleSection":["REGIONALES"],"inLanguage":"es"},{"@type":"WebPage","@id":"http:\/\/www.defensoria.gob.ve\/?p=2056","url":"http:\/\/www.defensoria.gob.ve\/?p=2056","name":"Defensor\u00eda Delegada de Yaracuy realiza abordaje integral en municipio Pe\u00f1a -","isPartOf":{"@id":"http:\/\/www.defensoria.gob.ve\/#website"},"primaryImageOfPage":{"@id":"http:\/\/www.defensoria.gob.ve\/?p=2056#primaryimage"},"image":{"@id":"http:\/\/www.defensoria.gob.ve\/?p=2056#primaryimage"},"thumbnailUrl":"http:\/\/www.defensoria.gob.ve\/wp-content\/uploads\/2023\/10\/RRR.jpg","datePublished":"2023-10-09T16:23:01+00:00","dateModified":"2023-10-10T16:55:40+00:00","author":{"@id":"http:\/\/www.defensoria.gob.ve\/#\/schema\/person\/fba14293189d7b1933ac7fba9d89e24a"},"breadcrumb":{"@id":"http:\/\/www.defensoria.gob.ve\/?p=2056#breadcrumb"},"inLanguage":"es","potentialAction":[{"@type":"ReadAction","target":["http:\/\/www.defensoria.gob.ve\/?p=2056"]}]},{"@type":"ImageObject","inLanguage":"es","@id":"http:\/\/www.defensoria.gob.ve\/?p=2056#primaryimage","url":"http:\/\/www.defensoria.gob.ve\/wp-content\/uploads\/2023\/10\/RRR.jpg","contentUrl":"http:\/\/www.defensoria.gob.ve\/wp-content\/uploads\/2023\/10\/RRR.jpg","width":800,"height":480},{"@type":"BreadcrumbList","@id":"http:\/\/www.defensoria.gob.ve\/?p=2056#breadcrumb","itemListElement":[{"@type":"ListItem","position":1,"name":"Portada","item":"http:\/\/www.defensoria.gob.ve\/"},{"@type":"ListItem","position":2,"name":"Defensor\u00eda Delegada de Yaracuy realiza abordaje integral en municipio Pe\u00f1a"}]},{"@type":"WebSite","@id":"http:\/\/www.defensoria.gob.ve\/#website","url":"http:\/\/www.defensoria.gob.ve\/","name":"","description":"Instituci\u00f3n del Poder Ciudadano para la Promoci\u00f3n, Defensa y Vigilancia de los Derechos Humanos. ","potentialAction":[{"@type":"SearchAction","target":{"@type":"EntryPoint","urlTemplate":"http:\/\/www.defensoria.gob.ve\/?s={search_term_string}"},"query-input":{"@type":"PropertyValueSpecification","valueRequired":true,"valueName":"search_term_string"}}],"inLanguage":"es"},{"@type":"Person","@id":"http:\/\/www.defensoria.gob.ve\/#\/schema\/person\/fba14293189d7b1933ac7fba9d89e24a","name":"JC.","image":{"@type":"ImageObject","inLanguage":"es","@id":"https:\/\/secure.gravatar.com\/avatar\/f398a4de948606b38f0299d90ca738c674b648694bc725ed46503c240269dbf8?s=96&d=mm&r=g","url":"https:\/\/secure.gravatar.com\/avatar\/f398a4de948606b38f0299d90ca738c674b648694bc725ed46503c240269dbf8?s=96&d=mm&r=g","contentUrl":"https:\/\/secure.gravatar.com\/avatar\/f398a4de948606b38f0299d90ca738c674b648694bc725ed46503c240269dbf8?s=96&d=mm&r=g","caption":"JC."},"url":"http:\/\/www.defensoria.gob.ve\/?author=5"}]}},"_links":{"self":[{"href":"http:\/\/www.defensoria.gob.ve\/index.php?rest_route=\/wp\/v2\/posts\/2056","targetHints":{"allow":["GET"]}}],"collection":[{"href":"http:\/\/www.defensoria.gob.ve\/index.php?rest_route=\/wp\/v2\/posts"}],"about":[{"href":"http:\/\/www.defensoria.gob.ve\/index.php?rest_route=\/wp\/v2\/types\/post"}],"author":[{"embeddable":true,"href":"http:\/\/www.defensoria.gob.ve\/index.php?rest_route=\/wp\/v2\/users\/5"}],"replies":[{"embeddable":true,"href":"http:\/\/www.defensoria.gob.ve\/index.php?rest_route=%2Fwp%2Fv2%2Fcomments&post=2056"}],"version-history":[{"count":4,"href":"http:\/\/www.defensoria.gob.ve\/index.php?rest_route=\/wp\/v2\/posts\/2056\/revisions"}],"predecessor-version":[{"id":2061,"href":"http:\/\/www.defensoria.gob.ve\/index.php?rest_route=\/wp\/v2\/posts\/2056\/revisions\/2061"}],"wp:featuredmedia":[{"embeddable":true,"href":"http:\/\/www.defensoria.gob.ve\/index.php?rest_route=\/wp\/v2\/media\/2057"}],"wp:attachment":[{"href":"http:\/\/www.defensoria.gob.ve\/index.php?rest_route=%2Fwp%2Fv2%2Fmedia&parent=2056"}],"wp:term":[{"taxonomy":"category","embeddable":true,"href":"http:\/\/www.defensoria.gob.ve\/index.php?rest_route=%2Fwp%2Fv2%2Fcategories&post=2056"},{"taxonomy":"post_tag","embeddable":true,"href":"http:\/\/www.defensoria.gob.ve\/index.php?rest_route=%2Fwp%2Fv2%2Ftags&post=2056"}],"curies":[{"name":"wp","href":"https:\/\/api.w.org\/{rel}","templated":true}]}}