 
{"id":20624,"date":"2026-09-04T10:37:25","date_gmt":"2026-09-04T14:37:25","guid":{"rendered":"http:\/\/www.defensoria.gob.ve\/?p=20624"},"modified":"2026-09-04T10:37:27","modified_gmt":"2026-09-04T14:37:27","slug":"defensoria-del-pueblo-y-naciones-unidas-fortalecen-cooperacion-para-la-proteccion-de-los-derechos-humanos-en-venezuela","status":"publish","type":"post","link":"http:\/\/www.defensoria.gob.ve\/?p=20624","title":{"rendered":"Defensor\u00eda del Pueblo y Naciones Unidas fortalecen cooperaci\u00f3n para la protecci\u00f3n de los derechos humanos en Venezuela"},"content":{"rendered":"\n<p>La defensora del pueblo, Egle\u00e9 Gonz\u00e1lez Lobato, recibi\u00f3 al nuevo coordinador residente de las Naciones Unidas en Venezuela, \u00c1lvaro Rodr\u00edguez, en un encuentro orientado a fortalecer la cooperaci\u00f3n institucional y definir \u00e1reas de trabajo conjunto para la protecci\u00f3n y garant\u00eda de los derechos humanos.<\/p>\n\n\n\n<p>Durante la reuni\u00f3n, Gonz\u00e1lez Lobato present\u00f3 las prioridades de la nueva etapa de la Defensor\u00eda del Pueblo, particularmente el fortalecimiento de su capacidad de protecci\u00f3n, prevenci\u00f3n y atenci\u00f3n territorial, as\u00ed como el trabajo desplegado junto a las comunidades afectadas por los sismos del pasado 24 de junio.<\/p>\n\n\n\n<figure class=\"wp-block-image size-full\"><img fetchpriority=\"high\" decoding=\"async\" width=\"1170\" height=\"620\" src=\"http:\/\/www.defensoria.gob.ve\/wp-content\/uploads\/2026\/09\/IMG_8598.jpeg\" alt=\"\" class=\"wp-image-20627\" srcset=\"http:\/\/www.defensoria.gob.ve\/wp-content\/uploads\/2026\/09\/IMG_8598.jpeg 1170w, http:\/\/www.defensoria.gob.ve\/wp-content\/uploads\/2026\/09\/IMG_8598-768x407.jpeg 768w\" sizes=\"(max-width: 1170px) 100vw, 1170px\" \/><\/figure>\n\n\n\n<p>Rodr\u00edguez expres\u00f3 la disposici\u00f3n del Sistema de las Naciones Unidas para continuar brindando cooperaci\u00f3n y asistencia t\u00e9cnica en \u00e1reas de inter\u00e9s com\u00fan. Ambas autoridades coincidieron en la importancia de mantener una interlocuci\u00f3n directa y permanente que permita traducir la cooperaci\u00f3n en capacidades institucionales y respuestas concretas para la poblaci\u00f3n.<\/p>\n\n\n\n<p>La reuni\u00f3n da continuidad al trabajo que la Defensor\u00eda viene desarrollando con distintas agencias de las Naciones Unidas en Venezuela, cuyos equipos t\u00e9cnicos han mantenido durante los \u00faltimos meses espacios de intercambio y coordinaci\u00f3n con la instituci\u00f3n.<\/p>\n\n\n\n<figure class=\"wp-block-image size-full\"><img decoding=\"async\" width=\"1170\" height=\"630\" src=\"http:\/\/www.defensoria.gob.ve\/wp-content\/uploads\/2026\/09\/IMG_8597.jpeg\" alt=\"\" class=\"wp-image-20626\" srcset=\"http:\/\/www.defensoria.gob.ve\/wp-content\/uploads\/2026\/09\/IMG_8597.jpeg 1170w, http:\/\/www.defensoria.gob.ve\/wp-content\/uploads\/2026\/09\/IMG_8597-768x414.jpeg 768w\" sizes=\"(max-width: 1170px) 100vw, 1170px\" \/><\/figure>\n\n\n\n<p>Gonz\u00e1lez Lobato destac\u00f3 que esta relaci\u00f3n forma parte del proceso de fortalecimiento institucional de la Defensor\u00eda del Pueblo y de su vocaci\u00f3n de articular canales de di\u00e1logo y cooperaci\u00f3n con organismos nacionales e internacionales para ampliar su capacidad de protecci\u00f3n de los derechos de las personas.<\/p>\n\n\n\n<p>El encuentro concluy\u00f3 con el compromiso de avanzar en una agenda de cooperaci\u00f3n sobre \u00e1reas prioritarias y mecanismos concretos de asistencia t\u00e9cnica.<\/p>\n","protected":false},"excerpt":{"rendered":"<p>La defensora del pueblo, Egle\u00e9 Gonz\u00e1lez Lobato, recibi\u00f3 al nuevo coordinador residente de las Naciones Unidas en Venezuela, \u00c1lvaro Rodr\u00edguez, en un encuentro orientado a fortalecer la cooperaci\u00f3n institucional y&hellip; <\/p>\n","protected":false},"author":18,"featured_media":20625,"comment_status":"closed","ping_status":"open","sticky":false,"template":"","format":"standard","meta":{"footnotes":""},"categories":[3],"tags":[15,11,19],"class_list":["post-20624","post","type-post","status-publish","format-standard","has-post-thumbnail","hentry","category-centrales","tag-caracas","tag-defensoria","tag-defensoria-del-pueblo"],"yoast_head":"<!-- This site is optimized with the Yoast SEO plugin v28.2 - https:\/\/yoast.com\/product\/yoast-seo-wordpress\/ -->\n<title>Defensor\u00eda del Pueblo y Naciones Unidas fortalecen cooperaci\u00f3n para la protecci\u00f3n de los derechos humanos en Venezuela - DEFENSORIA DEL PUEBLO<\/title>\n<meta name=\"robots\" content=\"index, follow, max-snippet:-1, max-image-preview:large, max-video-preview:-1\" \/>\n<link rel=\"canonical\" href=\"http:\/\/www.defensoria.gob.ve\/?p=20624\" \/>\n<meta property=\"og:locale\" content=\"es_ES\" \/>\n<meta property=\"og:type\" content=\"article\" \/>\n<meta property=\"og:title\" content=\"Defensor\u00eda del Pueblo y Naciones Unidas fortalecen cooperaci\u00f3n para la protecci\u00f3n de los derechos humanos en Venezuela - DEFENSORIA DEL PUEBLO\" \/>\n<meta property=\"og:description\" content=\"La defensora del pueblo, Egle\u00e9 Gonz\u00e1lez Lobato, recibi\u00f3 al nuevo coordinador residente de las Naciones Unidas en Venezuela, \u00c1lvaro Rodr\u00edguez, en un encuentro orientado a fortalecer la cooperaci\u00f3n institucional y&hellip;\" \/>\n<meta property=\"og:url\" content=\"http:\/\/www.defensoria.gob.ve\/?p=20624\" \/>\n<meta property=\"og:site_name\" content=\"DEFENSORIA DEL PUEBLO\" \/>\n<meta property=\"article:published_time\" content=\"2026-09-04T14:37:25+00:00\" \/>\n<meta property=\"article:modified_time\" content=\"2026-09-04T14:37:27+00:00\" \/>\n<meta property=\"og:image\" content=\"http:\/\/www.defensoria.gob.ve\/wp-content\/uploads\/2026\/09\/IMG_8596.jpeg\" \/>\n\t<meta property=\"og:image:width\" content=\"1170\" \/>\n\t<meta property=\"og:image:height\" content=\"617\" \/>\n\t<meta property=\"og:image:type\" content=\"image\/jpeg\" \/>\n<meta name=\"author\" content=\"R.C\" \/>\n<meta name=\"twitter:card\" content=\"summary_large_image\" \/>\n<meta name=\"twitter:label1\" content=\"Escrito por\" \/>\n\t<meta name=\"twitter:data1\" content=\"R.C\" \/>\n\t<meta name=\"twitter:label2\" content=\"Tiempo estimado de lectura\" \/>\n\t<meta name=\"twitter:data2\" content=\"2 minutos\" \/>\n<script type=\"application\/ld+json\" class=\"yoast-schema-graph\">{\"@context\":\"https:\\\/\\\/schema.org\",\"@graph\":[{\"@type\":\"Article\",\"@id\":\"http:\\\/\\\/www.defensoria.gob.ve\\\/?p=20624#article\",\"isPartOf\":{\"@id\":\"http:\\\/\\\/www.defensoria.gob.ve\\\/?p=20624\"},\"author\":{\"name\":\"R.C\",\"@id\":\"http:\\\/\\\/www.defensoria.gob.ve\\\/#\\\/schema\\\/person\\\/345391abd3f0aa2d2db73023820587c4\"},\"headline\":\"Defensor\u00eda del Pueblo y Naciones Unidas fortalecen cooperaci\u00f3n para la protecci\u00f3n de los derechos humanos en Venezuela\",\"datePublished\":\"2026-09-04T14:37:25+00:00\",\"dateModified\":\"2026-09-04T14:37:27+00:00\",\"mainEntityOfPage\":{\"@id\":\"http:\\\/\\\/www.defensoria.gob.ve\\\/?p=20624\"},\"wordCount\":298,\"image\":{\"@id\":\"http:\\\/\\\/www.defensoria.gob.ve\\\/?p=20624#primaryimage\"},\"thumbnailUrl\":\"http:\\\/\\\/www.defensoria.gob.ve\\\/wp-content\\\/uploads\\\/2026\\\/09\\\/IMG_8596.jpeg\",\"keywords\":[\"Caracas\",\"defensoria\",\"Defensoria del Pueblo\"],\"articleSection\":[\"CENTRALES\"],\"inLanguage\":\"es\"},{\"@type\":\"WebPage\",\"@id\":\"http:\\\/\\\/www.defensoria.gob.ve\\\/?p=20624\",\"url\":\"http:\\\/\\\/www.defensoria.gob.ve\\\/?p=20624\",\"name\":\"Defensor\u00eda del Pueblo y Naciones Unidas fortalecen cooperaci\u00f3n para la protecci\u00f3n de los derechos humanos en Venezuela - DEFENSORIA DEL PUEBLO\",\"isPartOf\":{\"@id\":\"http:\\\/\\\/www.defensoria.gob.ve\\\/#website\"},\"primaryImageOfPage\":{\"@id\":\"http:\\\/\\\/www.defensoria.gob.ve\\\/?p=20624#primaryimage\"},\"image\":{\"@id\":\"http:\\\/\\\/www.defensoria.gob.ve\\\/?p=20624#primaryimage\"},\"thumbnailUrl\":\"http:\\\/\\\/www.defensoria.gob.ve\\\/wp-content\\\/uploads\\\/2026\\\/09\\\/IMG_8596.jpeg\",\"datePublished\":\"2026-09-04T14:37:25+00:00\",\"dateModified\":\"2026-09-04T14:37:27+00:00\",\"author\":{\"@id\":\"http:\\\/\\\/www.defensoria.gob.ve\\\/#\\\/schema\\\/person\\\/345391abd3f0aa2d2db73023820587c4\"},\"breadcrumb\":{\"@id\":\"http:\\\/\\\/www.defensoria.gob.ve\\\/?p=20624#breadcrumb\"},\"inLanguage\":\"es\",\"potentialAction\":[{\"@type\":\"ReadAction\",\"target\":[\"http:\\\/\\\/www.defensoria.gob.ve\\\/?p=20624\"]}]},{\"@type\":\"ImageObject\",\"inLanguage\":\"es\",\"@id\":\"http:\\\/\\\/www.defensoria.gob.ve\\\/?p=20624#primaryimage\",\"url\":\"http:\\\/\\\/www.defensoria.gob.ve\\\/wp-content\\\/uploads\\\/2026\\\/09\\\/IMG_8596.jpeg\",\"contentUrl\":\"http:\\\/\\\/www.defensoria.gob.ve\\\/wp-content\\\/uploads\\\/2026\\\/09\\\/IMG_8596.jpeg\",\"width\":1170,\"height\":617,\"caption\":\"Screenshot\"},{\"@type\":\"BreadcrumbList\",\"@id\":\"http:\\\/\\\/www.defensoria.gob.ve\\\/?p=20624#breadcrumb\",\"itemListElement\":[{\"@type\":\"ListItem\",\"position\":1,\"name\":\"Portada\",\"item\":\"http:\\\/\\\/www.defensoria.gob.ve\\\/\"},{\"@type\":\"ListItem\",\"position\":2,\"name\":\"Defensor\u00eda del Pueblo y Naciones Unidas fortalecen cooperaci\u00f3n para la protecci\u00f3n de los derechos humanos en Venezuela\"}]},{\"@type\":\"WebSite\",\"@id\":\"http:\\\/\\\/www.defensoria.gob.ve\\\/#website\",\"url\":\"http:\\\/\\\/www.defensoria.gob.ve\\\/\",\"name\":\"DEFENSORIA DEL PUEBLO\",\"description\":\"Instituci\u00f3n del Poder Ciudadano para la Promoci\u00f3n, Defensa y Vigilancia de los Derechos Humanos.\",\"potentialAction\":[{\"@type\":\"SearchAction\",\"target\":{\"@type\":\"EntryPoint\",\"urlTemplate\":\"http:\\\/\\\/www.defensoria.gob.ve\\\/?s={search_term_string}\"},\"query-input\":{\"@type\":\"PropertyValueSpecification\",\"valueRequired\":true,\"valueName\":\"search_term_string\"}}],\"inLanguage\":\"es\"},{\"@type\":\"Person\",\"@id\":\"http:\\\/\\\/www.defensoria.gob.ve\\\/#\\\/schema\\\/person\\\/345391abd3f0aa2d2db73023820587c4\",\"name\":\"R.C\",\"image\":{\"@type\":\"ImageObject\",\"inLanguage\":\"es\",\"@id\":\"https:\\\/\\\/secure.gravatar.com\\\/avatar\\\/e7a022816c63a85e81dd848b5e406ec5a18d563dc0168df10fa8797de6c9c6b1?s=96&d=mm&r=g\",\"url\":\"https:\\\/\\\/secure.gravatar.com\\\/avatar\\\/e7a022816c63a85e81dd848b5e406ec5a18d563dc0168df10fa8797de6c9c6b1?s=96&d=mm&r=g\",\"contentUrl\":\"https:\\\/\\\/secure.gravatar.com\\\/avatar\\\/e7a022816c63a85e81dd848b5e406ec5a18d563dc0168df10fa8797de6c9c6b1?s=96&d=mm&r=g\",\"caption\":\"R.C\"},\"url\":\"http:\\\/\\\/www.defensoria.gob.ve\\\/?author=18\"}]}<\/script>\n<!-- \/ Yoast SEO plugin. -->","yoast_head_json":{"title":"Defensor\u00eda del Pueblo y Naciones Unidas fortalecen cooperaci\u00f3n para la protecci\u00f3n de los derechos humanos en Venezuela - DEFENSORIA DEL PUEBLO","robots":{"index":"index","follow":"follow","max-snippet":"max-snippet:-1","max-image-preview":"max-image-preview:large","max-video-preview":"max-video-preview:-1"},"canonical":"http:\/\/www.defensoria.gob.ve\/?p=20624","og_locale":"es_ES","og_type":"article","og_title":"Defensor\u00eda del Pueblo y Naciones Unidas fortalecen cooperaci\u00f3n para la protecci\u00f3n de los derechos humanos en Venezuela - DEFENSORIA DEL PUEBLO","og_description":"La defensora del pueblo, Egle\u00e9 Gonz\u00e1lez Lobato, recibi\u00f3 al nuevo coordinador residente de las Naciones Unidas en Venezuela, \u00c1lvaro Rodr\u00edguez, en un encuentro orientado a fortalecer la cooperaci\u00f3n institucional y&hellip;","og_url":"http:\/\/www.defensoria.gob.ve\/?p=20624","og_site_name":"DEFENSORIA DEL PUEBLO","article_published_time":"2026-09-04T14:37:25+00:00","article_modified_time":"2026-09-04T14:37:27+00:00","og_image":[{"width":1170,"height":617,"url":"http:\/\/www.defensoria.gob.ve\/wp-content\/uploads\/2026\/09\/IMG_8596.jpeg","type":"image\/jpeg"}],"author":"R.C","twitter_card":"summary_large_image","twitter_misc":{"Escrito por":"R.C","Tiempo estimado de lectura":"2 minutos"},"schema":{"@context":"https:\/\/schema.org","@graph":[{"@type":"Article","@id":"http:\/\/www.defensoria.gob.ve\/?p=20624#article","isPartOf":{"@id":"http:\/\/www.defensoria.gob.ve\/?p=20624"},"author":{"name":"R.C","@id":"http:\/\/www.defensoria.gob.ve\/#\/schema\/person\/345391abd3f0aa2d2db73023820587c4"},"headline":"Defensor\u00eda del Pueblo y Naciones Unidas fortalecen cooperaci\u00f3n para la protecci\u00f3n de los derechos humanos en Venezuela","datePublished":"2026-09-04T14:37:25+00:00","dateModified":"2026-09-04T14:37:27+00:00","mainEntityOfPage":{"@id":"http:\/\/www.defensoria.gob.ve\/?p=20624"},"wordCount":298,"image":{"@id":"http:\/\/www.defensoria.gob.ve\/?p=20624#primaryimage"},"thumbnailUrl":"http:\/\/www.defensoria.gob.ve\/wp-content\/uploads\/2026\/09\/IMG_8596.jpeg","keywords":["Caracas","defensoria","Defensoria del Pueblo"],"articleSection":["CENTRALES"],"inLanguage":"es"},{"@type":"WebPage","@id":"http:\/\/www.defensoria.gob.ve\/?p=20624","url":"http:\/\/www.defensoria.gob.ve\/?p=20624","name":"Defensor\u00eda del Pueblo y Naciones Unidas fortalecen cooperaci\u00f3n para la protecci\u00f3n de los derechos humanos en Venezuela - DEFENSORIA DEL PUEBLO","isPartOf":{"@id":"http:\/\/www.defensoria.gob.ve\/#website"},"primaryImageOfPage":{"@id":"http:\/\/www.defensoria.gob.ve\/?p=20624#primaryimage"},"image":{"@id":"http:\/\/www.defensoria.gob.ve\/?p=20624#primaryimage"},"thumbnailUrl":"http:\/\/www.defensoria.gob.ve\/wp-content\/uploads\/2026\/09\/IMG_8596.jpeg","datePublished":"2026-09-04T14:37:25+00:00","dateModified":"2026-09-04T14:37:27+00:00","author":{"@id":"http:\/\/www.defensoria.gob.ve\/#\/schema\/person\/345391abd3f0aa2d2db73023820587c4"},"breadcrumb":{"@id":"http:\/\/www.defensoria.gob.ve\/?p=20624#breadcrumb"},"inLanguage":"es","potentialAction":[{"@type":"ReadAction","target":["http:\/\/www.defensoria.gob.ve\/?p=20624"]}]},{"@type":"ImageObject","inLanguage":"es","@id":"http:\/\/www.defensoria.gob.ve\/?p=20624#primaryimage","url":"http:\/\/www.defensoria.gob.ve\/wp-content\/uploads\/2026\/09\/IMG_8596.jpeg","contentUrl":"http:\/\/www.defensoria.gob.ve\/wp-content\/uploads\/2026\/09\/IMG_8596.jpeg","width":1170,"height":617,"caption":"Screenshot"},{"@type":"BreadcrumbList","@id":"http:\/\/www.defensoria.gob.ve\/?p=20624#breadcrumb","itemListElement":[{"@type":"ListItem","position":1,"name":"Portada","item":"http:\/\/www.defensoria.gob.ve\/"},{"@type":"ListItem","position":2,"name":"Defensor\u00eda del Pueblo y Naciones Unidas fortalecen cooperaci\u00f3n para la protecci\u00f3n de los derechos humanos en Venezuela"}]},{"@type":"WebSite","@id":"http:\/\/www.defensoria.gob.ve\/#website","url":"http:\/\/www.defensoria.gob.ve\/","name":"DEFENSORIA DEL PUEBLO","description":"Instituci\u00f3n del Poder Ciudadano para la Promoci\u00f3n, Defensa y Vigilancia de los Derechos Humanos.","potentialAction":[{"@type":"SearchAction","target":{"@type":"EntryPoint","urlTemplate":"http:\/\/www.defensoria.gob.ve\/?s={search_term_string}"},"query-input":{"@type":"PropertyValueSpecification","valueRequired":true,"valueName":"search_term_string"}}],"inLanguage":"es"},{"@type":"Person","@id":"http:\/\/www.defensoria.gob.ve\/#\/schema\/person\/345391abd3f0aa2d2db73023820587c4","name":"R.C","image":{"@type":"ImageObject","inLanguage":"es","@id":"https:\/\/secure.gravatar.com\/avatar\/e7a022816c63a85e81dd848b5e406ec5a18d563dc0168df10fa8797de6c9c6b1?s=96&d=mm&r=g","url":"https:\/\/secure.gravatar.com\/avatar\/e7a022816c63a85e81dd848b5e406ec5a18d563dc0168df10fa8797de6c9c6b1?s=96&d=mm&r=g","contentUrl":"https:\/\/secure.gravatar.com\/avatar\/e7a022816c63a85e81dd848b5e406ec5a18d563dc0168df10fa8797de6c9c6b1?s=96&d=mm&r=g","caption":"R.C"},"url":"http:\/\/www.defensoria.gob.ve\/?author=18"}]}},"_links":{"self":[{"href":"http:\/\/www.defensoria.gob.ve\/index.php?rest_route=\/wp\/v2\/posts\/20624","targetHints":{"allow":["GET"]}}],"collection":[{"href":"http:\/\/www.defensoria.gob.ve\/index.php?rest_route=\/wp\/v2\/posts"}],"about":[{"href":"http:\/\/www.defensoria.gob.ve\/index.php?rest_route=\/wp\/v2\/types\/post"}],"author":[{"embeddable":true,"href":"http:\/\/www.defensoria.gob.ve\/index.php?rest_route=\/wp\/v2\/users\/18"}],"replies":[{"embeddable":true,"href":"http:\/\/www.defensoria.gob.ve\/index.php?rest_route=%2Fwp%2Fv2%2Fcomments&post=20624"}],"version-history":[{"count":1,"href":"http:\/\/www.defensoria.gob.ve\/index.php?rest_route=\/wp\/v2\/posts\/20624\/revisions"}],"predecessor-version":[{"id":20628,"href":"http:\/\/www.defensoria.gob.ve\/index.php?rest_route=\/wp\/v2\/posts\/20624\/revisions\/20628"}],"wp:featuredmedia":[{"embeddable":true,"href":"http:\/\/www.defensoria.gob.ve\/index.php?rest_route=\/wp\/v2\/media\/20625"}],"wp:attachment":[{"href":"http:\/\/www.defensoria.gob.ve\/index.php?rest_route=%2Fwp%2Fv2%2Fmedia&parent=20624"}],"wp:term":[{"taxonomy":"category","embeddable":true,"href":"http:\/\/www.defensoria.gob.ve\/index.php?rest_route=%2Fwp%2Fv2%2Fcategories&post=20624"},{"taxonomy":"post_tag","embeddable":true,"href":"http:\/\/www.defensoria.gob.ve\/index.php?rest_route=%2Fwp%2Fv2%2Ftags&post=20624"}],"curies":[{"name":"wp","href":"https:\/\/api.w.org\/{rel}","templated":true}]}}