 
{"id":2069,"date":"2023-10-09T15:32:14","date_gmt":"2023-10-09T19:32:14","guid":{"rendered":"http:\/\/www.defensoria.gob.ve\/?p=2069"},"modified":"2023-10-09T15:32:41","modified_gmt":"2023-10-09T19:32:41","slug":"delegada-carabobo-presento-un-balance-de-las-actividades-ejecutadas-desde-agosto-2023","status":"publish","type":"post","link":"http:\/\/www.defensoria.gob.ve\/?p=2069","title":{"rendered":"Delegada Carabobo present\u00f3 un balance de las actividades ejecutadas desde agosto 2023"},"content":{"rendered":"\t\t<div data-elementor-type=\"wp-post\" data-elementor-id=\"2069\" class=\"elementor elementor-2069\">\n\t\t\t\t\t\t<section class=\"elementor-section elementor-top-section elementor-element elementor-element-d8f6de1 elementor-section-boxed elementor-section-height-default elementor-section-height-default\" data-id=\"d8f6de1\" data-element_type=\"section\" data-e-type=\"section\">\n\t\t\t\t\t\t<div class=\"elementor-container elementor-column-gap-default\">\n\t\t\t\t\t<div class=\"elementor-column elementor-col-100 elementor-top-column elementor-element elementor-element-1b1e9e08\" data-id=\"1b1e9e08\" data-element_type=\"column\" data-e-type=\"column\">\n\t\t\t<div class=\"elementor-widget-wrap elementor-element-populated\">\n\t\t\t\t\t\t<div class=\"elementor-element elementor-element-cbcff93 elementor-widget elementor-widget-text-editor\" data-id=\"cbcff93\" data-element_type=\"widget\" data-e-type=\"widget\" data-widget_type=\"text-editor.default\">\n\t\t\t\t<div class=\"elementor-widget-container\">\n\t\t\t\t\t\t\t\t\t\n<p><strong>(09-Oct-2023)<\/strong>&nbsp;La Defensor\u00eda Delegada del estado Carabobo ofreci\u00f3 un balance de las actividades que realiz\u00f3 desde agosto hasta octubre del presente a\u00f1o. En este recuento, incluye que contin\u00faa con su labor de promoci\u00f3n y divulgaci\u00f3n de los derechos humanos&nbsp; de los ni\u00f1os, ni\u00f1as y adolescentes en varios municipios de dicha entidad.<\/p>\n\n\n\n<p>En esta ocasi\u00f3n, \u00a0dict\u00f3 un ciclo de talleres formativos: en el \u201cMarco de los Procedimientos Administrativos de los Consejos de Protecci\u00f3n del Ni\u00f1o, Ni\u00f1a y Adolescente\u201d, que cont\u00f3 con el apoyo de la Escuela Nacional de Derechos Humanos (Enaddhh). Esta jornada se dirigi\u00f3 a las servidoras y a los servidores comprometidos con el sistema de protecci\u00f3n de los ni\u00f1os, ni\u00f1as y adolescentes, as\u00ed como a funcionarias y funcionarios policiales.<\/p>\n\n\n\n<figure class=\"wp-block-image size-full\"><img fetchpriority=\"high\" decoding=\"async\" width=\"800\" height=\"559\" src=\"http:\/\/www.defensoria.gob.ve\/wp-content\/uploads\/2023\/10\/09-10-23-Carabobo-3.jpg\" alt=\"\" class=\"wp-image-2070\" srcset=\"http:\/\/www.defensoria.gob.ve\/wp-content\/uploads\/2023\/10\/09-10-23-Carabobo-3.jpg 800w, http:\/\/www.defensoria.gob.ve\/wp-content\/uploads\/2023\/10\/09-10-23-Carabobo-3-300x210.jpg 300w, http:\/\/www.defensoria.gob.ve\/wp-content\/uploads\/2023\/10\/09-10-23-Carabobo-3-768x537.jpg 768w\" sizes=\"(max-width: 800px) 100vw, 800px\" \/><\/figure>\n\n\n\n<p>Otra de las acciones emprendidas en el referido lapso se refiri\u00f3 a que asisti\u00f3 al Plan de Revoluci\u00f3n Judicial en las instalaciones de la Presidencia del Circuito Judicial del estado Carabobo, donde se revisaron varios casos judiciales a los que se comprometieron a dar respuesta en el corto plazo.<\/p>\n\n\n\n<p>Por \u00faltimo, la Instituci\u00f3n regional del Poder Ciudadano particip\u00f3 en una Mesa de Trabajo Interinstitucional conjuntamente con Corpoelec Carabobo y la Zona Operativa de Defensa Integral (ZODI), que se ocup\u00f3 de la reestructuraci\u00f3n del Mercado Municipal Santa Rosa (Los Goajiros). Durante este encuentro intervinieron los&nbsp; voceros y voceras&nbsp; de los comerciantes y asociaciones que hacen vida en dicho mercado, a quienes se les present\u00f3 las propuestas, los informes y los avances que se han registrado hasta la fecha sobre este tema.&nbsp;<strong>FIN\/PRENSA Defensor\u00eda Delegada Carabobo<\/strong><\/p>\n\t\t\t\t\t\t\t\t<\/div>\n\t\t\t\t<\/div>\n\t\t\t\t\t<\/div>\n\t\t<\/div>\n\t\t\t\t\t<\/div>\n\t\t<\/section>\n\t\t\t\t<\/div>\n\t\t","protected":false},"excerpt":{"rendered":"<p>(09-Oct-2023)&nbsp;La Defensor\u00eda Delegada del estado Carabobo ofreci\u00f3 un balance de las actividades que realiz\u00f3 desde agosto hasta octubre del presente a\u00f1o. En este recuento, incluye que contin\u00faa con su labor&hellip; <\/p>\n","protected":false},"author":5,"featured_media":2071,"comment_status":"closed","ping_status":"closed","sticky":false,"template":"","format":"standard","meta":{"footnotes":""},"categories":[5],"tags":[],"class_list":["post-2069","post","type-post","status-publish","format-standard","has-post-thumbnail","hentry","category-regionales"],"yoast_head":"<!-- This site is optimized with the Yoast SEO plugin v27.4 - https:\/\/yoast.com\/product\/yoast-seo-wordpress\/ -->\n<title>Delegada Carabobo present\u00f3 un balance de las actividades ejecutadas desde agosto 2023 -<\/title>\n<meta name=\"robots\" content=\"index, follow, max-snippet:-1, max-image-preview:large, max-video-preview:-1\" \/>\n<link rel=\"canonical\" href=\"http:\/\/www.defensoria.gob.ve\/?p=2069\" \/>\n<meta property=\"og:locale\" content=\"es_ES\" \/>\n<meta property=\"og:type\" content=\"article\" \/>\n<meta property=\"og:title\" content=\"Delegada Carabobo present\u00f3 un balance de las actividades ejecutadas desde agosto 2023 -\" \/>\n<meta property=\"og:description\" content=\"(09-Oct-2023)&nbsp;La Defensor\u00eda Delegada del estado Carabobo ofreci\u00f3 un balance de las actividades que realiz\u00f3 desde agosto hasta octubre del presente a\u00f1o. En este recuento, incluye que contin\u00faa con su labor&hellip;\" \/>\n<meta property=\"og:url\" content=\"http:\/\/www.defensoria.gob.ve\/?p=2069\" \/>\n<meta property=\"article:published_time\" content=\"2023-10-09T19:32:14+00:00\" \/>\n<meta property=\"article:modified_time\" content=\"2023-10-09T19:32:41+00:00\" \/>\n<meta property=\"og:image\" content=\"http:\/\/www.defensoria.gob.ve\/wp-content\/uploads\/2023\/10\/09-10-23-Carabobo-1.jpg\" \/>\n\t<meta property=\"og:image:width\" content=\"800\" \/>\n\t<meta property=\"og:image:height\" content=\"457\" \/>\n\t<meta property=\"og:image:type\" content=\"image\/jpeg\" \/>\n<meta name=\"author\" content=\"JC.\" \/>\n<meta name=\"twitter:card\" content=\"summary_large_image\" \/>\n<meta name=\"twitter:label1\" content=\"Escrito por\" \/>\n\t<meta name=\"twitter:data1\" content=\"JC.\" \/>\n\t<meta name=\"twitter:label2\" content=\"Tiempo estimado de lectura\" \/>\n\t<meta name=\"twitter:data2\" content=\"2 minutos\" \/>\n<script type=\"application\/ld+json\" class=\"yoast-schema-graph\">{\"@context\":\"https:\\\/\\\/schema.org\",\"@graph\":[{\"@type\":\"Article\",\"@id\":\"http:\\\/\\\/www.defensoria.gob.ve\\\/?p=2069#article\",\"isPartOf\":{\"@id\":\"http:\\\/\\\/www.defensoria.gob.ve\\\/?p=2069\"},\"author\":{\"name\":\"JC.\",\"@id\":\"http:\\\/\\\/www.defensoria.gob.ve\\\/#\\\/schema\\\/person\\\/fba14293189d7b1933ac7fba9d89e24a\"},\"headline\":\"Delegada Carabobo present\u00f3 un balance de las actividades ejecutadas desde agosto 2023\",\"datePublished\":\"2023-10-09T19:32:14+00:00\",\"dateModified\":\"2023-10-09T19:32:41+00:00\",\"mainEntityOfPage\":{\"@id\":\"http:\\\/\\\/www.defensoria.gob.ve\\\/?p=2069\"},\"wordCount\":289,\"image\":{\"@id\":\"http:\\\/\\\/www.defensoria.gob.ve\\\/?p=2069#primaryimage\"},\"thumbnailUrl\":\"http:\\\/\\\/www.defensoria.gob.ve\\\/wp-content\\\/uploads\\\/2023\\\/10\\\/09-10-23-Carabobo-1.jpg\",\"articleSection\":[\"REGIONALES\"],\"inLanguage\":\"es\"},{\"@type\":\"WebPage\",\"@id\":\"http:\\\/\\\/www.defensoria.gob.ve\\\/?p=2069\",\"url\":\"http:\\\/\\\/www.defensoria.gob.ve\\\/?p=2069\",\"name\":\"Delegada Carabobo present\u00f3 un balance de las actividades ejecutadas desde agosto 2023 -\",\"isPartOf\":{\"@id\":\"http:\\\/\\\/www.defensoria.gob.ve\\\/#website\"},\"primaryImageOfPage\":{\"@id\":\"http:\\\/\\\/www.defensoria.gob.ve\\\/?p=2069#primaryimage\"},\"image\":{\"@id\":\"http:\\\/\\\/www.defensoria.gob.ve\\\/?p=2069#primaryimage\"},\"thumbnailUrl\":\"http:\\\/\\\/www.defensoria.gob.ve\\\/wp-content\\\/uploads\\\/2023\\\/10\\\/09-10-23-Carabobo-1.jpg\",\"datePublished\":\"2023-10-09T19:32:14+00:00\",\"dateModified\":\"2023-10-09T19:32:41+00:00\",\"author\":{\"@id\":\"http:\\\/\\\/www.defensoria.gob.ve\\\/#\\\/schema\\\/person\\\/fba14293189d7b1933ac7fba9d89e24a\"},\"breadcrumb\":{\"@id\":\"http:\\\/\\\/www.defensoria.gob.ve\\\/?p=2069#breadcrumb\"},\"inLanguage\":\"es\",\"potentialAction\":[{\"@type\":\"ReadAction\",\"target\":[\"http:\\\/\\\/www.defensoria.gob.ve\\\/?p=2069\"]}]},{\"@type\":\"ImageObject\",\"inLanguage\":\"es\",\"@id\":\"http:\\\/\\\/www.defensoria.gob.ve\\\/?p=2069#primaryimage\",\"url\":\"http:\\\/\\\/www.defensoria.gob.ve\\\/wp-content\\\/uploads\\\/2023\\\/10\\\/09-10-23-Carabobo-1.jpg\",\"contentUrl\":\"http:\\\/\\\/www.defensoria.gob.ve\\\/wp-content\\\/uploads\\\/2023\\\/10\\\/09-10-23-Carabobo-1.jpg\",\"width\":800,\"height\":457},{\"@type\":\"BreadcrumbList\",\"@id\":\"http:\\\/\\\/www.defensoria.gob.ve\\\/?p=2069#breadcrumb\",\"itemListElement\":[{\"@type\":\"ListItem\",\"position\":1,\"name\":\"Portada\",\"item\":\"http:\\\/\\\/www.defensoria.gob.ve\\\/\"},{\"@type\":\"ListItem\",\"position\":2,\"name\":\"Delegada Carabobo present\u00f3 un balance de las actividades ejecutadas desde agosto 2023\"}]},{\"@type\":\"WebSite\",\"@id\":\"http:\\\/\\\/www.defensoria.gob.ve\\\/#website\",\"url\":\"http:\\\/\\\/www.defensoria.gob.ve\\\/\",\"name\":\"\",\"description\":\"Instituci\u00f3n del Poder Ciudadano para la Promoci\u00f3n, Defensa y Vigilancia de los Derechos Humanos. \",\"potentialAction\":[{\"@type\":\"SearchAction\",\"target\":{\"@type\":\"EntryPoint\",\"urlTemplate\":\"http:\\\/\\\/www.defensoria.gob.ve\\\/?s={search_term_string}\"},\"query-input\":{\"@type\":\"PropertyValueSpecification\",\"valueRequired\":true,\"valueName\":\"search_term_string\"}}],\"inLanguage\":\"es\"},{\"@type\":\"Person\",\"@id\":\"http:\\\/\\\/www.defensoria.gob.ve\\\/#\\\/schema\\\/person\\\/fba14293189d7b1933ac7fba9d89e24a\",\"name\":\"JC.\",\"image\":{\"@type\":\"ImageObject\",\"inLanguage\":\"es\",\"@id\":\"https:\\\/\\\/secure.gravatar.com\\\/avatar\\\/f398a4de948606b38f0299d90ca738c674b648694bc725ed46503c240269dbf8?s=96&d=mm&r=g\",\"url\":\"https:\\\/\\\/secure.gravatar.com\\\/avatar\\\/f398a4de948606b38f0299d90ca738c674b648694bc725ed46503c240269dbf8?s=96&d=mm&r=g\",\"contentUrl\":\"https:\\\/\\\/secure.gravatar.com\\\/avatar\\\/f398a4de948606b38f0299d90ca738c674b648694bc725ed46503c240269dbf8?s=96&d=mm&r=g\",\"caption\":\"JC.\"},\"url\":\"http:\\\/\\\/www.defensoria.gob.ve\\\/?author=5\"}]}<\/script>\n<!-- \/ Yoast SEO plugin. -->","yoast_head_json":{"title":"Delegada Carabobo present\u00f3 un balance de las actividades ejecutadas desde agosto 2023 -","robots":{"index":"index","follow":"follow","max-snippet":"max-snippet:-1","max-image-preview":"max-image-preview:large","max-video-preview":"max-video-preview:-1"},"canonical":"http:\/\/www.defensoria.gob.ve\/?p=2069","og_locale":"es_ES","og_type":"article","og_title":"Delegada Carabobo present\u00f3 un balance de las actividades ejecutadas desde agosto 2023 -","og_description":"(09-Oct-2023)&nbsp;La Defensor\u00eda Delegada del estado Carabobo ofreci\u00f3 un balance de las actividades que realiz\u00f3 desde agosto hasta octubre del presente a\u00f1o. En este recuento, incluye que contin\u00faa con su labor&hellip;","og_url":"http:\/\/www.defensoria.gob.ve\/?p=2069","article_published_time":"2023-10-09T19:32:14+00:00","article_modified_time":"2023-10-09T19:32:41+00:00","og_image":[{"width":800,"height":457,"url":"http:\/\/www.defensoria.gob.ve\/wp-content\/uploads\/2023\/10\/09-10-23-Carabobo-1.jpg","type":"image\/jpeg"}],"author":"JC.","twitter_card":"summary_large_image","twitter_misc":{"Escrito por":"JC.","Tiempo estimado de lectura":"2 minutos"},"schema":{"@context":"https:\/\/schema.org","@graph":[{"@type":"Article","@id":"http:\/\/www.defensoria.gob.ve\/?p=2069#article","isPartOf":{"@id":"http:\/\/www.defensoria.gob.ve\/?p=2069"},"author":{"name":"JC.","@id":"http:\/\/www.defensoria.gob.ve\/#\/schema\/person\/fba14293189d7b1933ac7fba9d89e24a"},"headline":"Delegada Carabobo present\u00f3 un balance de las actividades ejecutadas desde agosto 2023","datePublished":"2023-10-09T19:32:14+00:00","dateModified":"2023-10-09T19:32:41+00:00","mainEntityOfPage":{"@id":"http:\/\/www.defensoria.gob.ve\/?p=2069"},"wordCount":289,"image":{"@id":"http:\/\/www.defensoria.gob.ve\/?p=2069#primaryimage"},"thumbnailUrl":"http:\/\/www.defensoria.gob.ve\/wp-content\/uploads\/2023\/10\/09-10-23-Carabobo-1.jpg","articleSection":["REGIONALES"],"inLanguage":"es"},{"@type":"WebPage","@id":"http:\/\/www.defensoria.gob.ve\/?p=2069","url":"http:\/\/www.defensoria.gob.ve\/?p=2069","name":"Delegada Carabobo present\u00f3 un balance de las actividades ejecutadas desde agosto 2023 -","isPartOf":{"@id":"http:\/\/www.defensoria.gob.ve\/#website"},"primaryImageOfPage":{"@id":"http:\/\/www.defensoria.gob.ve\/?p=2069#primaryimage"},"image":{"@id":"http:\/\/www.defensoria.gob.ve\/?p=2069#primaryimage"},"thumbnailUrl":"http:\/\/www.defensoria.gob.ve\/wp-content\/uploads\/2023\/10\/09-10-23-Carabobo-1.jpg","datePublished":"2023-10-09T19:32:14+00:00","dateModified":"2023-10-09T19:32:41+00:00","author":{"@id":"http:\/\/www.defensoria.gob.ve\/#\/schema\/person\/fba14293189d7b1933ac7fba9d89e24a"},"breadcrumb":{"@id":"http:\/\/www.defensoria.gob.ve\/?p=2069#breadcrumb"},"inLanguage":"es","potentialAction":[{"@type":"ReadAction","target":["http:\/\/www.defensoria.gob.ve\/?p=2069"]}]},{"@type":"ImageObject","inLanguage":"es","@id":"http:\/\/www.defensoria.gob.ve\/?p=2069#primaryimage","url":"http:\/\/www.defensoria.gob.ve\/wp-content\/uploads\/2023\/10\/09-10-23-Carabobo-1.jpg","contentUrl":"http:\/\/www.defensoria.gob.ve\/wp-content\/uploads\/2023\/10\/09-10-23-Carabobo-1.jpg","width":800,"height":457},{"@type":"BreadcrumbList","@id":"http:\/\/www.defensoria.gob.ve\/?p=2069#breadcrumb","itemListElement":[{"@type":"ListItem","position":1,"name":"Portada","item":"http:\/\/www.defensoria.gob.ve\/"},{"@type":"ListItem","position":2,"name":"Delegada Carabobo present\u00f3 un balance de las actividades ejecutadas desde agosto 2023"}]},{"@type":"WebSite","@id":"http:\/\/www.defensoria.gob.ve\/#website","url":"http:\/\/www.defensoria.gob.ve\/","name":"","description":"Instituci\u00f3n del Poder Ciudadano para la Promoci\u00f3n, Defensa y Vigilancia de los Derechos Humanos. ","potentialAction":[{"@type":"SearchAction","target":{"@type":"EntryPoint","urlTemplate":"http:\/\/www.defensoria.gob.ve\/?s={search_term_string}"},"query-input":{"@type":"PropertyValueSpecification","valueRequired":true,"valueName":"search_term_string"}}],"inLanguage":"es"},{"@type":"Person","@id":"http:\/\/www.defensoria.gob.ve\/#\/schema\/person\/fba14293189d7b1933ac7fba9d89e24a","name":"JC.","image":{"@type":"ImageObject","inLanguage":"es","@id":"https:\/\/secure.gravatar.com\/avatar\/f398a4de948606b38f0299d90ca738c674b648694bc725ed46503c240269dbf8?s=96&d=mm&r=g","url":"https:\/\/secure.gravatar.com\/avatar\/f398a4de948606b38f0299d90ca738c674b648694bc725ed46503c240269dbf8?s=96&d=mm&r=g","contentUrl":"https:\/\/secure.gravatar.com\/avatar\/f398a4de948606b38f0299d90ca738c674b648694bc725ed46503c240269dbf8?s=96&d=mm&r=g","caption":"JC."},"url":"http:\/\/www.defensoria.gob.ve\/?author=5"}]}},"_links":{"self":[{"href":"http:\/\/www.defensoria.gob.ve\/index.php?rest_route=\/wp\/v2\/posts\/2069","targetHints":{"allow":["GET"]}}],"collection":[{"href":"http:\/\/www.defensoria.gob.ve\/index.php?rest_route=\/wp\/v2\/posts"}],"about":[{"href":"http:\/\/www.defensoria.gob.ve\/index.php?rest_route=\/wp\/v2\/types\/post"}],"author":[{"embeddable":true,"href":"http:\/\/www.defensoria.gob.ve\/index.php?rest_route=\/wp\/v2\/users\/5"}],"replies":[{"embeddable":true,"href":"http:\/\/www.defensoria.gob.ve\/index.php?rest_route=%2Fwp%2Fv2%2Fcomments&post=2069"}],"version-history":[{"count":4,"href":"http:\/\/www.defensoria.gob.ve\/index.php?rest_route=\/wp\/v2\/posts\/2069\/revisions"}],"predecessor-version":[{"id":2075,"href":"http:\/\/www.defensoria.gob.ve\/index.php?rest_route=\/wp\/v2\/posts\/2069\/revisions\/2075"}],"wp:featuredmedia":[{"embeddable":true,"href":"http:\/\/www.defensoria.gob.ve\/index.php?rest_route=\/wp\/v2\/media\/2071"}],"wp:attachment":[{"href":"http:\/\/www.defensoria.gob.ve\/index.php?rest_route=%2Fwp%2Fv2%2Fmedia&parent=2069"}],"wp:term":[{"taxonomy":"category","embeddable":true,"href":"http:\/\/www.defensoria.gob.ve\/index.php?rest_route=%2Fwp%2Fv2%2Fcategories&post=2069"},{"taxonomy":"post_tag","embeddable":true,"href":"http:\/\/www.defensoria.gob.ve\/index.php?rest_route=%2Fwp%2Fv2%2Ftags&post=2069"}],"curies":[{"name":"wp","href":"https:\/\/api.w.org\/{rel}","templated":true}]}}