 
{"id":2159,"date":"2023-10-11T17:09:02","date_gmt":"2023-10-11T21:09:02","guid":{"rendered":"http:\/\/www.defensoria.gob.ve\/?p=2159"},"modified":"2023-10-11T17:09:41","modified_gmt":"2023-10-11T21:09:41","slug":"ddp-aragua-realiza-abordaje-en-centro-de-privacion-de-libertad-de-los-nna","status":"publish","type":"post","link":"http:\/\/www.defensoria.gob.ve\/?p=2159","title":{"rendered":"DdP Aragua realiza abordaje en centro de privaci\u00f3n de libertad de los NNA"},"content":{"rendered":"\t\t<div data-elementor-type=\"wp-post\" data-elementor-id=\"2159\" class=\"elementor elementor-2159\">\n\t\t\t\t\t\t<section class=\"elementor-section elementor-top-section elementor-element elementor-element-1f09e1ca elementor-section-boxed elementor-section-height-default elementor-section-height-default\" data-id=\"1f09e1ca\" data-element_type=\"section\" data-e-type=\"section\">\n\t\t\t\t\t\t<div class=\"elementor-container elementor-column-gap-default\">\n\t\t\t\t\t<div class=\"elementor-column elementor-col-100 elementor-top-column elementor-element elementor-element-f938ee9\" data-id=\"f938ee9\" data-element_type=\"column\" data-e-type=\"column\">\n\t\t\t<div class=\"elementor-widget-wrap elementor-element-populated\">\n\t\t\t\t\t\t<div class=\"elementor-element elementor-element-43895b39 elementor-widget elementor-widget-text-editor\" data-id=\"43895b39\" data-element_type=\"widget\" data-e-type=\"widget\" data-widget_type=\"text-editor.default\">\n\t\t\t\t<div class=\"elementor-widget-container\">\n\t\t\t\t\t\t\t\t\t\n<p>(11-Oct-2023) Funcionarios y funcionarias de la Defensor\u00eda Delegada de Aragua participaron en un abordaje especial de la Comisi\u00f3n Presidencial para la Revoluci\u00f3n del Sistema de Justicia como observadores y garantes de los derechos humanos en materia de ni\u00f1os, ni\u00f1as y adolescentes (Sapanna) al trasladarse al centro de privaci\u00f3n de libertad de los NNA en la entidad.<br><br>Dicha actividad la llev\u00f3 a cabo por invitaci\u00f3n de la Directora General de SAPANNA, Evelin D\u00edaz, participando adem\u00e1s servidores y servidoras del Tribunal Especial en Materia de Responsabilidad Penal del Adolescente del estado Aragua, Ministerio P\u00fablico, Defensa P\u00fablica, diputados y diputadas de la Asamblea Nacional.<br><br>En el operativo atendieron jur\u00eddicamente a cinco adolescentes femeninas y 29 adolescentes masculinos.<br><br>De esta manera, el Instituto Regional de DDHH mantiene su labor de vigilancia y acompa\u00f1amiento de los derechos humanos de los venezolanos y venezolanas, enmarcados en la Constituci\u00f3n de la Rep\u00fablica Bolivariana de Venezuela. FIN \/ PRENSA Defensor\u00eda<\/p>\n\t\t\t\t\t\t\t\t<\/div>\n\t\t\t\t<\/div>\n\t\t\t\t\t<\/div>\n\t\t<\/div>\n\t\t\t\t\t<\/div>\n\t\t<\/section>\n\t\t\t\t<\/div>\n\t\t","protected":false},"excerpt":{"rendered":"<p>(11-Oct-2023) Funcionarios y funcionarias de la Defensor\u00eda Delegada de Aragua participaron en un abordaje especial de la Comisi\u00f3n Presidencial para la Revoluci\u00f3n del Sistema de Justicia como observadores y garantes&hellip; <\/p>\n","protected":false},"author":5,"featured_media":2160,"comment_status":"closed","ping_status":"closed","sticky":false,"template":"","format":"standard","meta":{"footnotes":""},"categories":[5],"tags":[],"class_list":["post-2159","post","type-post","status-publish","format-standard","has-post-thumbnail","hentry","category-regionales"],"yoast_head":"<!-- This site is optimized with the Yoast SEO plugin v27.4 - https:\/\/yoast.com\/product\/yoast-seo-wordpress\/ -->\n<title>DdP Aragua realiza abordaje en centro de privaci\u00f3n de libertad de los NNA -<\/title>\n<meta name=\"robots\" content=\"index, follow, max-snippet:-1, max-image-preview:large, max-video-preview:-1\" \/>\n<link rel=\"canonical\" href=\"http:\/\/www.defensoria.gob.ve\/?p=2159\" \/>\n<meta property=\"og:locale\" content=\"es_ES\" \/>\n<meta property=\"og:type\" content=\"article\" \/>\n<meta property=\"og:title\" content=\"DdP Aragua realiza abordaje en centro de privaci\u00f3n de libertad de los NNA -\" \/>\n<meta property=\"og:description\" content=\"(11-Oct-2023) Funcionarios y funcionarias de la Defensor\u00eda Delegada de Aragua participaron en un abordaje especial de la Comisi\u00f3n Presidencial para la Revoluci\u00f3n del Sistema de Justicia como observadores y garantes&hellip;\" \/>\n<meta property=\"og:url\" content=\"http:\/\/www.defensoria.gob.ve\/?p=2159\" \/>\n<meta property=\"article:published_time\" content=\"2023-10-11T21:09:02+00:00\" \/>\n<meta property=\"article:modified_time\" content=\"2023-10-11T21:09:41+00:00\" \/>\n<meta property=\"og:image\" content=\"http:\/\/www.defensoria.gob.ve\/wp-content\/uploads\/2023\/10\/02-al-06-Oct-2023-1.jpg\" \/>\n\t<meta property=\"og:image:width\" content=\"648\" \/>\n\t<meta property=\"og:image:height\" content=\"638\" \/>\n\t<meta property=\"og:image:type\" content=\"image\/jpeg\" \/>\n<meta name=\"author\" content=\"JC.\" \/>\n<meta name=\"twitter:card\" content=\"summary_large_image\" \/>\n<meta name=\"twitter:label1\" content=\"Escrito por\" \/>\n\t<meta name=\"twitter:data1\" content=\"JC.\" \/>\n\t<meta name=\"twitter:label2\" content=\"Tiempo estimado de lectura\" \/>\n\t<meta name=\"twitter:data2\" content=\"1 minuto\" \/>\n<script type=\"application\/ld+json\" class=\"yoast-schema-graph\">{\"@context\":\"https:\\\/\\\/schema.org\",\"@graph\":[{\"@type\":\"Article\",\"@id\":\"http:\\\/\\\/www.defensoria.gob.ve\\\/?p=2159#article\",\"isPartOf\":{\"@id\":\"http:\\\/\\\/www.defensoria.gob.ve\\\/?p=2159\"},\"author\":{\"name\":\"JC.\",\"@id\":\"http:\\\/\\\/www.defensoria.gob.ve\\\/#\\\/schema\\\/person\\\/fba14293189d7b1933ac7fba9d89e24a\"},\"headline\":\"DdP Aragua realiza abordaje en centro de privaci\u00f3n de libertad de los NNA\",\"datePublished\":\"2023-10-11T21:09:02+00:00\",\"dateModified\":\"2023-10-11T21:09:41+00:00\",\"mainEntityOfPage\":{\"@id\":\"http:\\\/\\\/www.defensoria.gob.ve\\\/?p=2159\"},\"wordCount\":180,\"image\":{\"@id\":\"http:\\\/\\\/www.defensoria.gob.ve\\\/?p=2159#primaryimage\"},\"thumbnailUrl\":\"http:\\\/\\\/www.defensoria.gob.ve\\\/wp-content\\\/uploads\\\/2023\\\/10\\\/02-al-06-Oct-2023-1.jpg\",\"articleSection\":[\"REGIONALES\"],\"inLanguage\":\"es\"},{\"@type\":\"WebPage\",\"@id\":\"http:\\\/\\\/www.defensoria.gob.ve\\\/?p=2159\",\"url\":\"http:\\\/\\\/www.defensoria.gob.ve\\\/?p=2159\",\"name\":\"DdP Aragua realiza abordaje en centro de privaci\u00f3n de libertad de los NNA -\",\"isPartOf\":{\"@id\":\"http:\\\/\\\/www.defensoria.gob.ve\\\/#website\"},\"primaryImageOfPage\":{\"@id\":\"http:\\\/\\\/www.defensoria.gob.ve\\\/?p=2159#primaryimage\"},\"image\":{\"@id\":\"http:\\\/\\\/www.defensoria.gob.ve\\\/?p=2159#primaryimage\"},\"thumbnailUrl\":\"http:\\\/\\\/www.defensoria.gob.ve\\\/wp-content\\\/uploads\\\/2023\\\/10\\\/02-al-06-Oct-2023-1.jpg\",\"datePublished\":\"2023-10-11T21:09:02+00:00\",\"dateModified\":\"2023-10-11T21:09:41+00:00\",\"author\":{\"@id\":\"http:\\\/\\\/www.defensoria.gob.ve\\\/#\\\/schema\\\/person\\\/fba14293189d7b1933ac7fba9d89e24a\"},\"breadcrumb\":{\"@id\":\"http:\\\/\\\/www.defensoria.gob.ve\\\/?p=2159#breadcrumb\"},\"inLanguage\":\"es\",\"potentialAction\":[{\"@type\":\"ReadAction\",\"target\":[\"http:\\\/\\\/www.defensoria.gob.ve\\\/?p=2159\"]}]},{\"@type\":\"ImageObject\",\"inLanguage\":\"es\",\"@id\":\"http:\\\/\\\/www.defensoria.gob.ve\\\/?p=2159#primaryimage\",\"url\":\"http:\\\/\\\/www.defensoria.gob.ve\\\/wp-content\\\/uploads\\\/2023\\\/10\\\/02-al-06-Oct-2023-1.jpg\",\"contentUrl\":\"http:\\\/\\\/www.defensoria.gob.ve\\\/wp-content\\\/uploads\\\/2023\\\/10\\\/02-al-06-Oct-2023-1.jpg\",\"width\":648,\"height\":638},{\"@type\":\"BreadcrumbList\",\"@id\":\"http:\\\/\\\/www.defensoria.gob.ve\\\/?p=2159#breadcrumb\",\"itemListElement\":[{\"@type\":\"ListItem\",\"position\":1,\"name\":\"Portada\",\"item\":\"http:\\\/\\\/www.defensoria.gob.ve\\\/\"},{\"@type\":\"ListItem\",\"position\":2,\"name\":\"DdP Aragua realiza abordaje en centro de privaci\u00f3n de libertad de los NNA\"}]},{\"@type\":\"WebSite\",\"@id\":\"http:\\\/\\\/www.defensoria.gob.ve\\\/#website\",\"url\":\"http:\\\/\\\/www.defensoria.gob.ve\\\/\",\"name\":\"\",\"description\":\"Instituci\u00f3n del Poder Ciudadano para la Promoci\u00f3n, Defensa y Vigilancia de los Derechos Humanos. \",\"potentialAction\":[{\"@type\":\"SearchAction\",\"target\":{\"@type\":\"EntryPoint\",\"urlTemplate\":\"http:\\\/\\\/www.defensoria.gob.ve\\\/?s={search_term_string}\"},\"query-input\":{\"@type\":\"PropertyValueSpecification\",\"valueRequired\":true,\"valueName\":\"search_term_string\"}}],\"inLanguage\":\"es\"},{\"@type\":\"Person\",\"@id\":\"http:\\\/\\\/www.defensoria.gob.ve\\\/#\\\/schema\\\/person\\\/fba14293189d7b1933ac7fba9d89e24a\",\"name\":\"JC.\",\"image\":{\"@type\":\"ImageObject\",\"inLanguage\":\"es\",\"@id\":\"https:\\\/\\\/secure.gravatar.com\\\/avatar\\\/f398a4de948606b38f0299d90ca738c674b648694bc725ed46503c240269dbf8?s=96&d=mm&r=g\",\"url\":\"https:\\\/\\\/secure.gravatar.com\\\/avatar\\\/f398a4de948606b38f0299d90ca738c674b648694bc725ed46503c240269dbf8?s=96&d=mm&r=g\",\"contentUrl\":\"https:\\\/\\\/secure.gravatar.com\\\/avatar\\\/f398a4de948606b38f0299d90ca738c674b648694bc725ed46503c240269dbf8?s=96&d=mm&r=g\",\"caption\":\"JC.\"},\"url\":\"http:\\\/\\\/www.defensoria.gob.ve\\\/?author=5\"}]}<\/script>\n<!-- \/ Yoast SEO plugin. -->","yoast_head_json":{"title":"DdP Aragua realiza abordaje en centro de privaci\u00f3n de libertad de los NNA -","robots":{"index":"index","follow":"follow","max-snippet":"max-snippet:-1","max-image-preview":"max-image-preview:large","max-video-preview":"max-video-preview:-1"},"canonical":"http:\/\/www.defensoria.gob.ve\/?p=2159","og_locale":"es_ES","og_type":"article","og_title":"DdP Aragua realiza abordaje en centro de privaci\u00f3n de libertad de los NNA -","og_description":"(11-Oct-2023) Funcionarios y funcionarias de la Defensor\u00eda Delegada de Aragua participaron en un abordaje especial de la Comisi\u00f3n Presidencial para la Revoluci\u00f3n del Sistema de Justicia como observadores y garantes&hellip;","og_url":"http:\/\/www.defensoria.gob.ve\/?p=2159","article_published_time":"2023-10-11T21:09:02+00:00","article_modified_time":"2023-10-11T21:09:41+00:00","og_image":[{"width":648,"height":638,"url":"http:\/\/www.defensoria.gob.ve\/wp-content\/uploads\/2023\/10\/02-al-06-Oct-2023-1.jpg","type":"image\/jpeg"}],"author":"JC.","twitter_card":"summary_large_image","twitter_misc":{"Escrito por":"JC.","Tiempo estimado de lectura":"1 minuto"},"schema":{"@context":"https:\/\/schema.org","@graph":[{"@type":"Article","@id":"http:\/\/www.defensoria.gob.ve\/?p=2159#article","isPartOf":{"@id":"http:\/\/www.defensoria.gob.ve\/?p=2159"},"author":{"name":"JC.","@id":"http:\/\/www.defensoria.gob.ve\/#\/schema\/person\/fba14293189d7b1933ac7fba9d89e24a"},"headline":"DdP Aragua realiza abordaje en centro de privaci\u00f3n de libertad de los NNA","datePublished":"2023-10-11T21:09:02+00:00","dateModified":"2023-10-11T21:09:41+00:00","mainEntityOfPage":{"@id":"http:\/\/www.defensoria.gob.ve\/?p=2159"},"wordCount":180,"image":{"@id":"http:\/\/www.defensoria.gob.ve\/?p=2159#primaryimage"},"thumbnailUrl":"http:\/\/www.defensoria.gob.ve\/wp-content\/uploads\/2023\/10\/02-al-06-Oct-2023-1.jpg","articleSection":["REGIONALES"],"inLanguage":"es"},{"@type":"WebPage","@id":"http:\/\/www.defensoria.gob.ve\/?p=2159","url":"http:\/\/www.defensoria.gob.ve\/?p=2159","name":"DdP Aragua realiza abordaje en centro de privaci\u00f3n de libertad de los NNA -","isPartOf":{"@id":"http:\/\/www.defensoria.gob.ve\/#website"},"primaryImageOfPage":{"@id":"http:\/\/www.defensoria.gob.ve\/?p=2159#primaryimage"},"image":{"@id":"http:\/\/www.defensoria.gob.ve\/?p=2159#primaryimage"},"thumbnailUrl":"http:\/\/www.defensoria.gob.ve\/wp-content\/uploads\/2023\/10\/02-al-06-Oct-2023-1.jpg","datePublished":"2023-10-11T21:09:02+00:00","dateModified":"2023-10-11T21:09:41+00:00","author":{"@id":"http:\/\/www.defensoria.gob.ve\/#\/schema\/person\/fba14293189d7b1933ac7fba9d89e24a"},"breadcrumb":{"@id":"http:\/\/www.defensoria.gob.ve\/?p=2159#breadcrumb"},"inLanguage":"es","potentialAction":[{"@type":"ReadAction","target":["http:\/\/www.defensoria.gob.ve\/?p=2159"]}]},{"@type":"ImageObject","inLanguage":"es","@id":"http:\/\/www.defensoria.gob.ve\/?p=2159#primaryimage","url":"http:\/\/www.defensoria.gob.ve\/wp-content\/uploads\/2023\/10\/02-al-06-Oct-2023-1.jpg","contentUrl":"http:\/\/www.defensoria.gob.ve\/wp-content\/uploads\/2023\/10\/02-al-06-Oct-2023-1.jpg","width":648,"height":638},{"@type":"BreadcrumbList","@id":"http:\/\/www.defensoria.gob.ve\/?p=2159#breadcrumb","itemListElement":[{"@type":"ListItem","position":1,"name":"Portada","item":"http:\/\/www.defensoria.gob.ve\/"},{"@type":"ListItem","position":2,"name":"DdP Aragua realiza abordaje en centro de privaci\u00f3n de libertad de los NNA"}]},{"@type":"WebSite","@id":"http:\/\/www.defensoria.gob.ve\/#website","url":"http:\/\/www.defensoria.gob.ve\/","name":"","description":"Instituci\u00f3n del Poder Ciudadano para la Promoci\u00f3n, Defensa y Vigilancia de los Derechos Humanos. ","potentialAction":[{"@type":"SearchAction","target":{"@type":"EntryPoint","urlTemplate":"http:\/\/www.defensoria.gob.ve\/?s={search_term_string}"},"query-input":{"@type":"PropertyValueSpecification","valueRequired":true,"valueName":"search_term_string"}}],"inLanguage":"es"},{"@type":"Person","@id":"http:\/\/www.defensoria.gob.ve\/#\/schema\/person\/fba14293189d7b1933ac7fba9d89e24a","name":"JC.","image":{"@type":"ImageObject","inLanguage":"es","@id":"https:\/\/secure.gravatar.com\/avatar\/f398a4de948606b38f0299d90ca738c674b648694bc725ed46503c240269dbf8?s=96&d=mm&r=g","url":"https:\/\/secure.gravatar.com\/avatar\/f398a4de948606b38f0299d90ca738c674b648694bc725ed46503c240269dbf8?s=96&d=mm&r=g","contentUrl":"https:\/\/secure.gravatar.com\/avatar\/f398a4de948606b38f0299d90ca738c674b648694bc725ed46503c240269dbf8?s=96&d=mm&r=g","caption":"JC."},"url":"http:\/\/www.defensoria.gob.ve\/?author=5"}]}},"_links":{"self":[{"href":"http:\/\/www.defensoria.gob.ve\/index.php?rest_route=\/wp\/v2\/posts\/2159","targetHints":{"allow":["GET"]}}],"collection":[{"href":"http:\/\/www.defensoria.gob.ve\/index.php?rest_route=\/wp\/v2\/posts"}],"about":[{"href":"http:\/\/www.defensoria.gob.ve\/index.php?rest_route=\/wp\/v2\/types\/post"}],"author":[{"embeddable":true,"href":"http:\/\/www.defensoria.gob.ve\/index.php?rest_route=\/wp\/v2\/users\/5"}],"replies":[{"embeddable":true,"href":"http:\/\/www.defensoria.gob.ve\/index.php?rest_route=%2Fwp%2Fv2%2Fcomments&post=2159"}],"version-history":[{"count":4,"href":"http:\/\/www.defensoria.gob.ve\/index.php?rest_route=\/wp\/v2\/posts\/2159\/revisions"}],"predecessor-version":[{"id":2164,"href":"http:\/\/www.defensoria.gob.ve\/index.php?rest_route=\/wp\/v2\/posts\/2159\/revisions\/2164"}],"wp:featuredmedia":[{"embeddable":true,"href":"http:\/\/www.defensoria.gob.ve\/index.php?rest_route=\/wp\/v2\/media\/2160"}],"wp:attachment":[{"href":"http:\/\/www.defensoria.gob.ve\/index.php?rest_route=%2Fwp%2Fv2%2Fmedia&parent=2159"}],"wp:term":[{"taxonomy":"category","embeddable":true,"href":"http:\/\/www.defensoria.gob.ve\/index.php?rest_route=%2Fwp%2Fv2%2Fcategories&post=2159"},{"taxonomy":"post_tag","embeddable":true,"href":"http:\/\/www.defensoria.gob.ve\/index.php?rest_route=%2Fwp%2Fv2%2Ftags&post=2159"}],"curies":[{"name":"wp","href":"https:\/\/api.w.org\/{rel}","templated":true}]}}