 
{"id":2461,"date":"2023-10-27T17:13:30","date_gmt":"2023-10-27T21:13:30","guid":{"rendered":"http:\/\/www.defensoria.gob.ve\/?p=2461"},"modified":"2023-10-27T17:14:41","modified_gmt":"2023-10-27T21:14:41","slug":"ddp-delta-amacuro-entrego-afiches-sobre-violentometro-y-machistometro-en-tucupita","status":"publish","type":"post","link":"http:\/\/www.defensoria.gob.ve\/?p=2461","title":{"rendered":"DdP Delta Amacuro entreg\u00f3 afiches sobre Violent\u00f3metro y Machist\u00f3metro en Tucupita"},"content":{"rendered":"\t\t<div data-elementor-type=\"wp-post\" data-elementor-id=\"2461\" class=\"elementor elementor-2461\">\n\t\t\t\t\t\t<section class=\"elementor-section elementor-top-section elementor-element elementor-element-4ca1399f elementor-section-boxed elementor-section-height-default elementor-section-height-default\" data-id=\"4ca1399f\" data-element_type=\"section\" data-e-type=\"section\">\n\t\t\t\t\t\t<div class=\"elementor-container elementor-column-gap-default\">\n\t\t\t\t\t<div class=\"elementor-column elementor-col-100 elementor-top-column elementor-element elementor-element-1a273e67\" data-id=\"1a273e67\" data-element_type=\"column\" data-e-type=\"column\">\n\t\t\t<div class=\"elementor-widget-wrap elementor-element-populated\">\n\t\t\t\t\t\t<div class=\"elementor-element elementor-element-60f10266 elementor-widget elementor-widget-text-editor\" data-id=\"60f10266\" data-element_type=\"widget\" data-e-type=\"widget\" data-widget_type=\"text-editor.default\">\n\t\t\t\t<div class=\"elementor-widget-container\">\n\t\t\t\t\t\t\t\t\t\n<p><strong>(27-Oct-2023)<\/strong>&nbsp;Con el fin de promover y divulgar los derechos humanos de las comunidades del municipio Tucupita, la Defensor\u00eda Delegada de Delta Amacuro, hizo una entrega de afiches sobre el Violent\u00f3metro y Machist\u00f3metro, as\u00ed como una jornada de marcaci\u00f3n de veh\u00edculos con el emblema \u201cTus Derechos Humanos Protegidos\u201d.<\/p>\n\n\n\n<figure class=\"wp-block-image size-large\"><img fetchpriority=\"high\" decoding=\"async\" width=\"1024\" height=\"670\" src=\"http:\/\/www.defensoria.gob.ve\/wp-content\/uploads\/2023\/10\/IMG_20231026_101326-1-1024x670.jpg\" alt=\"\" class=\"wp-image-2462\" srcset=\"http:\/\/www.defensoria.gob.ve\/wp-content\/uploads\/2023\/10\/IMG_20231026_101326-1-1024x670.jpg 1024w, http:\/\/www.defensoria.gob.ve\/wp-content\/uploads\/2023\/10\/IMG_20231026_101326-1-300x196.jpg 300w, http:\/\/www.defensoria.gob.ve\/wp-content\/uploads\/2023\/10\/IMG_20231026_101326-1-768x502.jpg 768w, http:\/\/www.defensoria.gob.ve\/wp-content\/uploads\/2023\/10\/IMG_20231026_101326-1-1536x1005.jpg 1536w, http:\/\/www.defensoria.gob.ve\/wp-content\/uploads\/2023\/10\/IMG_20231026_101326-1-2048x1339.jpg 2048w\" sizes=\"(max-width: 1024px) 100vw, 1024px\" \/><\/figure>\n\n\n\n<p>Este acto se llev\u00f3 a cabo en la parroquia San Jos\u00e9 de Tucupita, capital de la entidad, y cont\u00f3 con la participaci\u00f3n de todos los funcionarios adscritos a esta delegada, entre ellos su titular, Dulce Mirabal.<\/p>\n\n\n\n<p>Durante la jornada fueron marcados 195 veh\u00edculos y&nbsp;entregados 115 ejemplares de&nbsp;violentometros y machistometros,&nbsp;entre transe\u00fantes y conductores.<\/p>\n\n\n\n<p>Con este evento, el ente defensorial busca crear consciencia en la poblaci\u00f3n sobre la denuncia temprana como forma de prevenci\u00f3n en casos de violencia de g\u00e9nero.&nbsp;<strong>FIN \/ PRENSA DEFENSOR\u00cdA<\/strong><\/p>\n\t\t\t\t\t\t\t\t<\/div>\n\t\t\t\t<\/div>\n\t\t\t\t\t<\/div>\n\t\t<\/div>\n\t\t\t\t\t<\/div>\n\t\t<\/section>\n\t\t\t\t<\/div>\n\t\t","protected":false},"excerpt":{"rendered":"<p>(27-Oct-2023)&nbsp;Con el fin de promover y divulgar los derechos humanos de las comunidades del municipio Tucupita, la Defensor\u00eda Delegada de Delta Amacuro, hizo una entrega de afiches sobre el Violent\u00f3metro&hellip; <\/p>\n","protected":false},"author":5,"featured_media":2463,"comment_status":"closed","ping_status":"closed","sticky":false,"template":"","format":"standard","meta":{"footnotes":""},"categories":[5],"tags":[],"class_list":["post-2461","post","type-post","status-publish","format-standard","has-post-thumbnail","hentry","category-regionales"],"yoast_head":"<!-- This site is optimized with the Yoast SEO plugin v27.4 - https:\/\/yoast.com\/product\/yoast-seo-wordpress\/ -->\n<title>DdP Delta Amacuro entreg\u00f3 afiches sobre Violent\u00f3metro y Machist\u00f3metro en Tucupita -<\/title>\n<meta name=\"robots\" content=\"index, follow, max-snippet:-1, max-image-preview:large, max-video-preview:-1\" \/>\n<link rel=\"canonical\" href=\"http:\/\/www.defensoria.gob.ve\/?p=2461\" \/>\n<meta property=\"og:locale\" content=\"es_ES\" \/>\n<meta property=\"og:type\" content=\"article\" \/>\n<meta property=\"og:title\" content=\"DdP Delta Amacuro entreg\u00f3 afiches sobre Violent\u00f3metro y Machist\u00f3metro en Tucupita -\" \/>\n<meta property=\"og:description\" content=\"(27-Oct-2023)&nbsp;Con el fin de promover y divulgar los derechos humanos de las comunidades del municipio Tucupita, la Defensor\u00eda Delegada de Delta Amacuro, hizo una entrega de afiches sobre el Violent\u00f3metro&hellip;\" \/>\n<meta property=\"og:url\" content=\"http:\/\/www.defensoria.gob.ve\/?p=2461\" \/>\n<meta property=\"article:published_time\" content=\"2023-10-27T21:13:30+00:00\" \/>\n<meta property=\"article:modified_time\" content=\"2023-10-27T21:14:41+00:00\" \/>\n<meta property=\"og:image\" content=\"http:\/\/www.defensoria.gob.ve\/wp-content\/uploads\/2023\/10\/Screenshot_20231027_094341_WhatsApp.jpg\" \/>\n\t<meta property=\"og:image:width\" content=\"720\" \/>\n\t<meta property=\"og:image:height\" content=\"549\" \/>\n\t<meta property=\"og:image:type\" content=\"image\/jpeg\" \/>\n<meta name=\"author\" content=\"JC.\" \/>\n<meta name=\"twitter:card\" content=\"summary_large_image\" \/>\n<meta name=\"twitter:label1\" content=\"Escrito por\" \/>\n\t<meta name=\"twitter:data1\" content=\"JC.\" \/>\n\t<meta name=\"twitter:label2\" content=\"Tiempo estimado de lectura\" \/>\n\t<meta name=\"twitter:data2\" content=\"1 minuto\" \/>\n<script type=\"application\/ld+json\" class=\"yoast-schema-graph\">{\"@context\":\"https:\\\/\\\/schema.org\",\"@graph\":[{\"@type\":\"Article\",\"@id\":\"http:\\\/\\\/www.defensoria.gob.ve\\\/?p=2461#article\",\"isPartOf\":{\"@id\":\"http:\\\/\\\/www.defensoria.gob.ve\\\/?p=2461\"},\"author\":{\"name\":\"JC.\",\"@id\":\"http:\\\/\\\/www.defensoria.gob.ve\\\/#\\\/schema\\\/person\\\/fba14293189d7b1933ac7fba9d89e24a\"},\"headline\":\"DdP Delta Amacuro entreg\u00f3 afiches sobre Violent\u00f3metro y Machist\u00f3metro en Tucupita\",\"datePublished\":\"2023-10-27T21:13:30+00:00\",\"dateModified\":\"2023-10-27T21:14:41+00:00\",\"mainEntityOfPage\":{\"@id\":\"http:\\\/\\\/www.defensoria.gob.ve\\\/?p=2461\"},\"wordCount\":160,\"image\":{\"@id\":\"http:\\\/\\\/www.defensoria.gob.ve\\\/?p=2461#primaryimage\"},\"thumbnailUrl\":\"http:\\\/\\\/www.defensoria.gob.ve\\\/wp-content\\\/uploads\\\/2023\\\/10\\\/Screenshot_20231027_094341_WhatsApp.jpg\",\"articleSection\":[\"REGIONALES\"],\"inLanguage\":\"es\"},{\"@type\":\"WebPage\",\"@id\":\"http:\\\/\\\/www.defensoria.gob.ve\\\/?p=2461\",\"url\":\"http:\\\/\\\/www.defensoria.gob.ve\\\/?p=2461\",\"name\":\"DdP Delta Amacuro entreg\u00f3 afiches sobre Violent\u00f3metro y Machist\u00f3metro en Tucupita -\",\"isPartOf\":{\"@id\":\"http:\\\/\\\/www.defensoria.gob.ve\\\/#website\"},\"primaryImageOfPage\":{\"@id\":\"http:\\\/\\\/www.defensoria.gob.ve\\\/?p=2461#primaryimage\"},\"image\":{\"@id\":\"http:\\\/\\\/www.defensoria.gob.ve\\\/?p=2461#primaryimage\"},\"thumbnailUrl\":\"http:\\\/\\\/www.defensoria.gob.ve\\\/wp-content\\\/uploads\\\/2023\\\/10\\\/Screenshot_20231027_094341_WhatsApp.jpg\",\"datePublished\":\"2023-10-27T21:13:30+00:00\",\"dateModified\":\"2023-10-27T21:14:41+00:00\",\"author\":{\"@id\":\"http:\\\/\\\/www.defensoria.gob.ve\\\/#\\\/schema\\\/person\\\/fba14293189d7b1933ac7fba9d89e24a\"},\"breadcrumb\":{\"@id\":\"http:\\\/\\\/www.defensoria.gob.ve\\\/?p=2461#breadcrumb\"},\"inLanguage\":\"es\",\"potentialAction\":[{\"@type\":\"ReadAction\",\"target\":[\"http:\\\/\\\/www.defensoria.gob.ve\\\/?p=2461\"]}]},{\"@type\":\"ImageObject\",\"inLanguage\":\"es\",\"@id\":\"http:\\\/\\\/www.defensoria.gob.ve\\\/?p=2461#primaryimage\",\"url\":\"http:\\\/\\\/www.defensoria.gob.ve\\\/wp-content\\\/uploads\\\/2023\\\/10\\\/Screenshot_20231027_094341_WhatsApp.jpg\",\"contentUrl\":\"http:\\\/\\\/www.defensoria.gob.ve\\\/wp-content\\\/uploads\\\/2023\\\/10\\\/Screenshot_20231027_094341_WhatsApp.jpg\",\"width\":720,\"height\":549},{\"@type\":\"BreadcrumbList\",\"@id\":\"http:\\\/\\\/www.defensoria.gob.ve\\\/?p=2461#breadcrumb\",\"itemListElement\":[{\"@type\":\"ListItem\",\"position\":1,\"name\":\"Portada\",\"item\":\"http:\\\/\\\/www.defensoria.gob.ve\\\/\"},{\"@type\":\"ListItem\",\"position\":2,\"name\":\"DdP Delta Amacuro entreg\u00f3 afiches sobre Violent\u00f3metro y Machist\u00f3metro en Tucupita\"}]},{\"@type\":\"WebSite\",\"@id\":\"http:\\\/\\\/www.defensoria.gob.ve\\\/#website\",\"url\":\"http:\\\/\\\/www.defensoria.gob.ve\\\/\",\"name\":\"\",\"description\":\"Instituci\u00f3n del Poder Ciudadano para la Promoci\u00f3n, Defensa y Vigilancia de los Derechos Humanos. \",\"potentialAction\":[{\"@type\":\"SearchAction\",\"target\":{\"@type\":\"EntryPoint\",\"urlTemplate\":\"http:\\\/\\\/www.defensoria.gob.ve\\\/?s={search_term_string}\"},\"query-input\":{\"@type\":\"PropertyValueSpecification\",\"valueRequired\":true,\"valueName\":\"search_term_string\"}}],\"inLanguage\":\"es\"},{\"@type\":\"Person\",\"@id\":\"http:\\\/\\\/www.defensoria.gob.ve\\\/#\\\/schema\\\/person\\\/fba14293189d7b1933ac7fba9d89e24a\",\"name\":\"JC.\",\"image\":{\"@type\":\"ImageObject\",\"inLanguage\":\"es\",\"@id\":\"https:\\\/\\\/secure.gravatar.com\\\/avatar\\\/f398a4de948606b38f0299d90ca738c674b648694bc725ed46503c240269dbf8?s=96&d=mm&r=g\",\"url\":\"https:\\\/\\\/secure.gravatar.com\\\/avatar\\\/f398a4de948606b38f0299d90ca738c674b648694bc725ed46503c240269dbf8?s=96&d=mm&r=g\",\"contentUrl\":\"https:\\\/\\\/secure.gravatar.com\\\/avatar\\\/f398a4de948606b38f0299d90ca738c674b648694bc725ed46503c240269dbf8?s=96&d=mm&r=g\",\"caption\":\"JC.\"},\"url\":\"http:\\\/\\\/www.defensoria.gob.ve\\\/?author=5\"}]}<\/script>\n<!-- \/ Yoast SEO plugin. -->","yoast_head_json":{"title":"DdP Delta Amacuro entreg\u00f3 afiches sobre Violent\u00f3metro y Machist\u00f3metro en Tucupita -","robots":{"index":"index","follow":"follow","max-snippet":"max-snippet:-1","max-image-preview":"max-image-preview:large","max-video-preview":"max-video-preview:-1"},"canonical":"http:\/\/www.defensoria.gob.ve\/?p=2461","og_locale":"es_ES","og_type":"article","og_title":"DdP Delta Amacuro entreg\u00f3 afiches sobre Violent\u00f3metro y Machist\u00f3metro en Tucupita -","og_description":"(27-Oct-2023)&nbsp;Con el fin de promover y divulgar los derechos humanos de las comunidades del municipio Tucupita, la Defensor\u00eda Delegada de Delta Amacuro, hizo una entrega de afiches sobre el Violent\u00f3metro&hellip;","og_url":"http:\/\/www.defensoria.gob.ve\/?p=2461","article_published_time":"2023-10-27T21:13:30+00:00","article_modified_time":"2023-10-27T21:14:41+00:00","og_image":[{"width":720,"height":549,"url":"http:\/\/www.defensoria.gob.ve\/wp-content\/uploads\/2023\/10\/Screenshot_20231027_094341_WhatsApp.jpg","type":"image\/jpeg"}],"author":"JC.","twitter_card":"summary_large_image","twitter_misc":{"Escrito por":"JC.","Tiempo estimado de lectura":"1 minuto"},"schema":{"@context":"https:\/\/schema.org","@graph":[{"@type":"Article","@id":"http:\/\/www.defensoria.gob.ve\/?p=2461#article","isPartOf":{"@id":"http:\/\/www.defensoria.gob.ve\/?p=2461"},"author":{"name":"JC.","@id":"http:\/\/www.defensoria.gob.ve\/#\/schema\/person\/fba14293189d7b1933ac7fba9d89e24a"},"headline":"DdP Delta Amacuro entreg\u00f3 afiches sobre Violent\u00f3metro y Machist\u00f3metro en Tucupita","datePublished":"2023-10-27T21:13:30+00:00","dateModified":"2023-10-27T21:14:41+00:00","mainEntityOfPage":{"@id":"http:\/\/www.defensoria.gob.ve\/?p=2461"},"wordCount":160,"image":{"@id":"http:\/\/www.defensoria.gob.ve\/?p=2461#primaryimage"},"thumbnailUrl":"http:\/\/www.defensoria.gob.ve\/wp-content\/uploads\/2023\/10\/Screenshot_20231027_094341_WhatsApp.jpg","articleSection":["REGIONALES"],"inLanguage":"es"},{"@type":"WebPage","@id":"http:\/\/www.defensoria.gob.ve\/?p=2461","url":"http:\/\/www.defensoria.gob.ve\/?p=2461","name":"DdP Delta Amacuro entreg\u00f3 afiches sobre Violent\u00f3metro y Machist\u00f3metro en Tucupita -","isPartOf":{"@id":"http:\/\/www.defensoria.gob.ve\/#website"},"primaryImageOfPage":{"@id":"http:\/\/www.defensoria.gob.ve\/?p=2461#primaryimage"},"image":{"@id":"http:\/\/www.defensoria.gob.ve\/?p=2461#primaryimage"},"thumbnailUrl":"http:\/\/www.defensoria.gob.ve\/wp-content\/uploads\/2023\/10\/Screenshot_20231027_094341_WhatsApp.jpg","datePublished":"2023-10-27T21:13:30+00:00","dateModified":"2023-10-27T21:14:41+00:00","author":{"@id":"http:\/\/www.defensoria.gob.ve\/#\/schema\/person\/fba14293189d7b1933ac7fba9d89e24a"},"breadcrumb":{"@id":"http:\/\/www.defensoria.gob.ve\/?p=2461#breadcrumb"},"inLanguage":"es","potentialAction":[{"@type":"ReadAction","target":["http:\/\/www.defensoria.gob.ve\/?p=2461"]}]},{"@type":"ImageObject","inLanguage":"es","@id":"http:\/\/www.defensoria.gob.ve\/?p=2461#primaryimage","url":"http:\/\/www.defensoria.gob.ve\/wp-content\/uploads\/2023\/10\/Screenshot_20231027_094341_WhatsApp.jpg","contentUrl":"http:\/\/www.defensoria.gob.ve\/wp-content\/uploads\/2023\/10\/Screenshot_20231027_094341_WhatsApp.jpg","width":720,"height":549},{"@type":"BreadcrumbList","@id":"http:\/\/www.defensoria.gob.ve\/?p=2461#breadcrumb","itemListElement":[{"@type":"ListItem","position":1,"name":"Portada","item":"http:\/\/www.defensoria.gob.ve\/"},{"@type":"ListItem","position":2,"name":"DdP Delta Amacuro entreg\u00f3 afiches sobre Violent\u00f3metro y Machist\u00f3metro en Tucupita"}]},{"@type":"WebSite","@id":"http:\/\/www.defensoria.gob.ve\/#website","url":"http:\/\/www.defensoria.gob.ve\/","name":"","description":"Instituci\u00f3n del Poder Ciudadano para la Promoci\u00f3n, Defensa y Vigilancia de los Derechos Humanos. ","potentialAction":[{"@type":"SearchAction","target":{"@type":"EntryPoint","urlTemplate":"http:\/\/www.defensoria.gob.ve\/?s={search_term_string}"},"query-input":{"@type":"PropertyValueSpecification","valueRequired":true,"valueName":"search_term_string"}}],"inLanguage":"es"},{"@type":"Person","@id":"http:\/\/www.defensoria.gob.ve\/#\/schema\/person\/fba14293189d7b1933ac7fba9d89e24a","name":"JC.","image":{"@type":"ImageObject","inLanguage":"es","@id":"https:\/\/secure.gravatar.com\/avatar\/f398a4de948606b38f0299d90ca738c674b648694bc725ed46503c240269dbf8?s=96&d=mm&r=g","url":"https:\/\/secure.gravatar.com\/avatar\/f398a4de948606b38f0299d90ca738c674b648694bc725ed46503c240269dbf8?s=96&d=mm&r=g","contentUrl":"https:\/\/secure.gravatar.com\/avatar\/f398a4de948606b38f0299d90ca738c674b648694bc725ed46503c240269dbf8?s=96&d=mm&r=g","caption":"JC."},"url":"http:\/\/www.defensoria.gob.ve\/?author=5"}]}},"_links":{"self":[{"href":"http:\/\/www.defensoria.gob.ve\/index.php?rest_route=\/wp\/v2\/posts\/2461","targetHints":{"allow":["GET"]}}],"collection":[{"href":"http:\/\/www.defensoria.gob.ve\/index.php?rest_route=\/wp\/v2\/posts"}],"about":[{"href":"http:\/\/www.defensoria.gob.ve\/index.php?rest_route=\/wp\/v2\/types\/post"}],"author":[{"embeddable":true,"href":"http:\/\/www.defensoria.gob.ve\/index.php?rest_route=\/wp\/v2\/users\/5"}],"replies":[{"embeddable":true,"href":"http:\/\/www.defensoria.gob.ve\/index.php?rest_route=%2Fwp%2Fv2%2Fcomments&post=2461"}],"version-history":[{"count":5,"href":"http:\/\/www.defensoria.gob.ve\/index.php?rest_route=\/wp\/v2\/posts\/2461\/revisions"}],"predecessor-version":[{"id":2468,"href":"http:\/\/www.defensoria.gob.ve\/index.php?rest_route=\/wp\/v2\/posts\/2461\/revisions\/2468"}],"wp:featuredmedia":[{"embeddable":true,"href":"http:\/\/www.defensoria.gob.ve\/index.php?rest_route=\/wp\/v2\/media\/2463"}],"wp:attachment":[{"href":"http:\/\/www.defensoria.gob.ve\/index.php?rest_route=%2Fwp%2Fv2%2Fmedia&parent=2461"}],"wp:term":[{"taxonomy":"category","embeddable":true,"href":"http:\/\/www.defensoria.gob.ve\/index.php?rest_route=%2Fwp%2Fv2%2Fcategories&post=2461"},{"taxonomy":"post_tag","embeddable":true,"href":"http:\/\/www.defensoria.gob.ve\/index.php?rest_route=%2Fwp%2Fv2%2Ftags&post=2461"}],"curies":[{"name":"wp","href":"https:\/\/api.w.org\/{rel}","templated":true}]}}