 
{"id":2469,"date":"2023-10-30T16:45:58","date_gmt":"2023-10-30T20:45:58","guid":{"rendered":"http:\/\/www.defensoria.gob.ve\/?p=2469"},"modified":"2023-10-30T16:46:46","modified_gmt":"2023-10-30T20:46:46","slug":"ddp-monagas-realiza-taller-sobre-ddhh-de-las-victimas-de-trata-de-personas","status":"publish","type":"post","link":"http:\/\/www.defensoria.gob.ve\/?p=2469","title":{"rendered":"DdP Monagas realiza taller sobre DDHH de las V\u00edctimas de Trata de Personas"},"content":{"rendered":"\t\t<div data-elementor-type=\"wp-post\" data-elementor-id=\"2469\" class=\"elementor elementor-2469\">\n\t\t\t\t\t\t<section class=\"elementor-section elementor-top-section elementor-element elementor-element-6dea601a elementor-section-boxed elementor-section-height-default elementor-section-height-default\" data-id=\"6dea601a\" data-element_type=\"section\" data-e-type=\"section\">\n\t\t\t\t\t\t<div class=\"elementor-container elementor-column-gap-default\">\n\t\t\t\t\t<div class=\"elementor-column elementor-col-100 elementor-top-column elementor-element elementor-element-3e10b99f\" data-id=\"3e10b99f\" data-element_type=\"column\" data-e-type=\"column\">\n\t\t\t<div class=\"elementor-widget-wrap elementor-element-populated\">\n\t\t\t\t\t\t<div class=\"elementor-element elementor-element-da455e3 elementor-widget elementor-widget-text-editor\" data-id=\"da455e3\" data-element_type=\"widget\" data-e-type=\"widget\" data-widget_type=\"text-editor.default\">\n\t\t\t\t<div class=\"elementor-widget-container\">\n\t\t\t\t\t\t\t\t\t\n<p><strong>(30-Oct-2023)<\/strong> La Defensor\u00eda Delegada de Monagas, en cumplimiento de las \u00f3rdenes dadas por el Defensor del Pueblo, Alfredo Ruiz, dict\u00f3 un Taller de Derechos Humanos de las V\u00edctimas de Trata de Personas en Matur\u00edn, capital de la entidad.<\/p>\n\n\n\n<p>El evento se llev\u00f3 a cabo en la sede del Instituto Aut\u00f3nomo Consejo Nacional de Derechos de Ni\u00f1os, Ni\u00f1as y Adolescentes (Idenna), y cont\u00f3 con la participaci\u00f3n de los voceros de los Consejos Comunales y servidores o servidoras p\u00fablicas.<\/p>\n\n\n\n<figure class=\"wp-block-image size-large\"><img fetchpriority=\"high\" decoding=\"async\" width=\"1024\" height=\"767\" src=\"http:\/\/www.defensoria.gob.ve\/wp-content\/uploads\/2023\/10\/IMG-20231026-WA0009-1024x767.jpg\" alt=\"\" class=\"wp-image-2470\" srcset=\"http:\/\/www.defensoria.gob.ve\/wp-content\/uploads\/2023\/10\/IMG-20231026-WA0009-1024x767.jpg 1024w, http:\/\/www.defensoria.gob.ve\/wp-content\/uploads\/2023\/10\/IMG-20231026-WA0009-300x225.jpg 300w, http:\/\/www.defensoria.gob.ve\/wp-content\/uploads\/2023\/10\/IMG-20231026-WA0009-768x575.jpg 768w, http:\/\/www.defensoria.gob.ve\/wp-content\/uploads\/2023\/10\/IMG-20231026-WA0009.jpg 1080w\" sizes=\"(max-width: 1024px) 100vw, 1024px\" \/><\/figure>\n\n\n\n<p>La actividad fue realizada con la finalidad de fortalecer a los funcionarios y las funcionarias p\u00fablicas de Idenna y a los voceros de consejos comunales en cuanto a las pol\u00edticas de prevenci\u00f3n de los delitos de Trata de Personas Especialmente la de las Mujeres Ni\u00f1os, Ni\u00f1as y Adolescentes (NNA).<\/p>\n\n\n\n<p>Con esto, la Instituci\u00f3n Nacional de DD.HH. se mantiene cumpliendo con sus atribuciones constitucionales, como la promoci\u00f3n de los derechos humanos en el pa\u00eds. <strong>FIN \/ PRENSA MONAGAS<\/strong><\/p>\n\t\t\t\t\t\t\t\t<\/div>\n\t\t\t\t<\/div>\n\t\t\t\t\t<\/div>\n\t\t<\/div>\n\t\t\t\t\t<\/div>\n\t\t<\/section>\n\t\t\t\t<\/div>\n\t\t","protected":false},"excerpt":{"rendered":"<p>(30-Oct-2023) La Defensor\u00eda Delegada de Monagas, en cumplimiento de las \u00f3rdenes dadas por el Defensor del Pueblo, Alfredo Ruiz, dict\u00f3 un Taller de Derechos Humanos de las V\u00edctimas de Trata&hellip; <\/p>\n","protected":false},"author":5,"featured_media":2471,"comment_status":"closed","ping_status":"closed","sticky":false,"template":"","format":"standard","meta":{"footnotes":""},"categories":[5],"tags":[],"class_list":["post-2469","post","type-post","status-publish","format-standard","has-post-thumbnail","hentry","category-regionales"],"yoast_head":"<!-- This site is optimized with the Yoast SEO plugin v27.4 - https:\/\/yoast.com\/product\/yoast-seo-wordpress\/ -->\n<title>DdP Monagas realiza taller sobre DDHH de las V\u00edctimas de Trata de Personas -<\/title>\n<meta name=\"robots\" content=\"index, follow, max-snippet:-1, max-image-preview:large, max-video-preview:-1\" \/>\n<link rel=\"canonical\" href=\"http:\/\/www.defensoria.gob.ve\/?p=2469\" \/>\n<meta property=\"og:locale\" content=\"es_ES\" \/>\n<meta property=\"og:type\" content=\"article\" \/>\n<meta property=\"og:title\" content=\"DdP Monagas realiza taller sobre DDHH de las V\u00edctimas de Trata de Personas -\" \/>\n<meta property=\"og:description\" content=\"(30-Oct-2023) La Defensor\u00eda Delegada de Monagas, en cumplimiento de las \u00f3rdenes dadas por el Defensor del Pueblo, Alfredo Ruiz, dict\u00f3 un Taller de Derechos Humanos de las V\u00edctimas de Trata&hellip;\" \/>\n<meta property=\"og:url\" content=\"http:\/\/www.defensoria.gob.ve\/?p=2469\" \/>\n<meta property=\"article:published_time\" content=\"2023-10-30T20:45:58+00:00\" \/>\n<meta property=\"article:modified_time\" content=\"2023-10-30T20:46:46+00:00\" \/>\n<meta property=\"og:image\" content=\"http:\/\/www.defensoria.gob.ve\/wp-content\/uploads\/2023\/10\/IMG-20231026-WA0012.jpg\" \/>\n\t<meta property=\"og:image:width\" content=\"1080\" \/>\n\t<meta property=\"og:image:height\" content=\"809\" \/>\n\t<meta property=\"og:image:type\" content=\"image\/jpeg\" \/>\n<meta name=\"author\" content=\"JC.\" \/>\n<meta name=\"twitter:card\" content=\"summary_large_image\" \/>\n<meta name=\"twitter:label1\" content=\"Escrito por\" \/>\n\t<meta name=\"twitter:data1\" content=\"JC.\" \/>\n\t<meta name=\"twitter:label2\" content=\"Tiempo estimado de lectura\" \/>\n\t<meta name=\"twitter:data2\" content=\"1 minuto\" \/>\n<script type=\"application\/ld+json\" class=\"yoast-schema-graph\">{\"@context\":\"https:\\\/\\\/schema.org\",\"@graph\":[{\"@type\":\"Article\",\"@id\":\"http:\\\/\\\/www.defensoria.gob.ve\\\/?p=2469#article\",\"isPartOf\":{\"@id\":\"http:\\\/\\\/www.defensoria.gob.ve\\\/?p=2469\"},\"author\":{\"name\":\"JC.\",\"@id\":\"http:\\\/\\\/www.defensoria.gob.ve\\\/#\\\/schema\\\/person\\\/fba14293189d7b1933ac7fba9d89e24a\"},\"headline\":\"DdP Monagas realiza taller sobre DDHH de las V\u00edctimas de Trata de Personas\",\"datePublished\":\"2023-10-30T20:45:58+00:00\",\"dateModified\":\"2023-10-30T20:46:46+00:00\",\"mainEntityOfPage\":{\"@id\":\"http:\\\/\\\/www.defensoria.gob.ve\\\/?p=2469\"},\"wordCount\":184,\"image\":{\"@id\":\"http:\\\/\\\/www.defensoria.gob.ve\\\/?p=2469#primaryimage\"},\"thumbnailUrl\":\"http:\\\/\\\/www.defensoria.gob.ve\\\/wp-content\\\/uploads\\\/2023\\\/10\\\/IMG-20231026-WA0012.jpg\",\"articleSection\":[\"REGIONALES\"],\"inLanguage\":\"es\"},{\"@type\":\"WebPage\",\"@id\":\"http:\\\/\\\/www.defensoria.gob.ve\\\/?p=2469\",\"url\":\"http:\\\/\\\/www.defensoria.gob.ve\\\/?p=2469\",\"name\":\"DdP Monagas realiza taller sobre DDHH de las V\u00edctimas de Trata de Personas -\",\"isPartOf\":{\"@id\":\"http:\\\/\\\/www.defensoria.gob.ve\\\/#website\"},\"primaryImageOfPage\":{\"@id\":\"http:\\\/\\\/www.defensoria.gob.ve\\\/?p=2469#primaryimage\"},\"image\":{\"@id\":\"http:\\\/\\\/www.defensoria.gob.ve\\\/?p=2469#primaryimage\"},\"thumbnailUrl\":\"http:\\\/\\\/www.defensoria.gob.ve\\\/wp-content\\\/uploads\\\/2023\\\/10\\\/IMG-20231026-WA0012.jpg\",\"datePublished\":\"2023-10-30T20:45:58+00:00\",\"dateModified\":\"2023-10-30T20:46:46+00:00\",\"author\":{\"@id\":\"http:\\\/\\\/www.defensoria.gob.ve\\\/#\\\/schema\\\/person\\\/fba14293189d7b1933ac7fba9d89e24a\"},\"breadcrumb\":{\"@id\":\"http:\\\/\\\/www.defensoria.gob.ve\\\/?p=2469#breadcrumb\"},\"inLanguage\":\"es\",\"potentialAction\":[{\"@type\":\"ReadAction\",\"target\":[\"http:\\\/\\\/www.defensoria.gob.ve\\\/?p=2469\"]}]},{\"@type\":\"ImageObject\",\"inLanguage\":\"es\",\"@id\":\"http:\\\/\\\/www.defensoria.gob.ve\\\/?p=2469#primaryimage\",\"url\":\"http:\\\/\\\/www.defensoria.gob.ve\\\/wp-content\\\/uploads\\\/2023\\\/10\\\/IMG-20231026-WA0012.jpg\",\"contentUrl\":\"http:\\\/\\\/www.defensoria.gob.ve\\\/wp-content\\\/uploads\\\/2023\\\/10\\\/IMG-20231026-WA0012.jpg\",\"width\":1080,\"height\":809},{\"@type\":\"BreadcrumbList\",\"@id\":\"http:\\\/\\\/www.defensoria.gob.ve\\\/?p=2469#breadcrumb\",\"itemListElement\":[{\"@type\":\"ListItem\",\"position\":1,\"name\":\"Portada\",\"item\":\"http:\\\/\\\/www.defensoria.gob.ve\\\/\"},{\"@type\":\"ListItem\",\"position\":2,\"name\":\"DdP Monagas realiza taller sobre DDHH de las V\u00edctimas de Trata de Personas\"}]},{\"@type\":\"WebSite\",\"@id\":\"http:\\\/\\\/www.defensoria.gob.ve\\\/#website\",\"url\":\"http:\\\/\\\/www.defensoria.gob.ve\\\/\",\"name\":\"\",\"description\":\"Instituci\u00f3n del Poder Ciudadano para la Promoci\u00f3n, Defensa y Vigilancia de los Derechos Humanos. \",\"potentialAction\":[{\"@type\":\"SearchAction\",\"target\":{\"@type\":\"EntryPoint\",\"urlTemplate\":\"http:\\\/\\\/www.defensoria.gob.ve\\\/?s={search_term_string}\"},\"query-input\":{\"@type\":\"PropertyValueSpecification\",\"valueRequired\":true,\"valueName\":\"search_term_string\"}}],\"inLanguage\":\"es\"},{\"@type\":\"Person\",\"@id\":\"http:\\\/\\\/www.defensoria.gob.ve\\\/#\\\/schema\\\/person\\\/fba14293189d7b1933ac7fba9d89e24a\",\"name\":\"JC.\",\"image\":{\"@type\":\"ImageObject\",\"inLanguage\":\"es\",\"@id\":\"https:\\\/\\\/secure.gravatar.com\\\/avatar\\\/f398a4de948606b38f0299d90ca738c674b648694bc725ed46503c240269dbf8?s=96&d=mm&r=g\",\"url\":\"https:\\\/\\\/secure.gravatar.com\\\/avatar\\\/f398a4de948606b38f0299d90ca738c674b648694bc725ed46503c240269dbf8?s=96&d=mm&r=g\",\"contentUrl\":\"https:\\\/\\\/secure.gravatar.com\\\/avatar\\\/f398a4de948606b38f0299d90ca738c674b648694bc725ed46503c240269dbf8?s=96&d=mm&r=g\",\"caption\":\"JC.\"},\"url\":\"http:\\\/\\\/www.defensoria.gob.ve\\\/?author=5\"}]}<\/script>\n<!-- \/ Yoast SEO plugin. -->","yoast_head_json":{"title":"DdP Monagas realiza taller sobre DDHH de las V\u00edctimas de Trata de Personas -","robots":{"index":"index","follow":"follow","max-snippet":"max-snippet:-1","max-image-preview":"max-image-preview:large","max-video-preview":"max-video-preview:-1"},"canonical":"http:\/\/www.defensoria.gob.ve\/?p=2469","og_locale":"es_ES","og_type":"article","og_title":"DdP Monagas realiza taller sobre DDHH de las V\u00edctimas de Trata de Personas -","og_description":"(30-Oct-2023) La Defensor\u00eda Delegada de Monagas, en cumplimiento de las \u00f3rdenes dadas por el Defensor del Pueblo, Alfredo Ruiz, dict\u00f3 un Taller de Derechos Humanos de las V\u00edctimas de Trata&hellip;","og_url":"http:\/\/www.defensoria.gob.ve\/?p=2469","article_published_time":"2023-10-30T20:45:58+00:00","article_modified_time":"2023-10-30T20:46:46+00:00","og_image":[{"width":1080,"height":809,"url":"http:\/\/www.defensoria.gob.ve\/wp-content\/uploads\/2023\/10\/IMG-20231026-WA0012.jpg","type":"image\/jpeg"}],"author":"JC.","twitter_card":"summary_large_image","twitter_misc":{"Escrito por":"JC.","Tiempo estimado de lectura":"1 minuto"},"schema":{"@context":"https:\/\/schema.org","@graph":[{"@type":"Article","@id":"http:\/\/www.defensoria.gob.ve\/?p=2469#article","isPartOf":{"@id":"http:\/\/www.defensoria.gob.ve\/?p=2469"},"author":{"name":"JC.","@id":"http:\/\/www.defensoria.gob.ve\/#\/schema\/person\/fba14293189d7b1933ac7fba9d89e24a"},"headline":"DdP Monagas realiza taller sobre DDHH de las V\u00edctimas de Trata de Personas","datePublished":"2023-10-30T20:45:58+00:00","dateModified":"2023-10-30T20:46:46+00:00","mainEntityOfPage":{"@id":"http:\/\/www.defensoria.gob.ve\/?p=2469"},"wordCount":184,"image":{"@id":"http:\/\/www.defensoria.gob.ve\/?p=2469#primaryimage"},"thumbnailUrl":"http:\/\/www.defensoria.gob.ve\/wp-content\/uploads\/2023\/10\/IMG-20231026-WA0012.jpg","articleSection":["REGIONALES"],"inLanguage":"es"},{"@type":"WebPage","@id":"http:\/\/www.defensoria.gob.ve\/?p=2469","url":"http:\/\/www.defensoria.gob.ve\/?p=2469","name":"DdP Monagas realiza taller sobre DDHH de las V\u00edctimas de Trata de Personas -","isPartOf":{"@id":"http:\/\/www.defensoria.gob.ve\/#website"},"primaryImageOfPage":{"@id":"http:\/\/www.defensoria.gob.ve\/?p=2469#primaryimage"},"image":{"@id":"http:\/\/www.defensoria.gob.ve\/?p=2469#primaryimage"},"thumbnailUrl":"http:\/\/www.defensoria.gob.ve\/wp-content\/uploads\/2023\/10\/IMG-20231026-WA0012.jpg","datePublished":"2023-10-30T20:45:58+00:00","dateModified":"2023-10-30T20:46:46+00:00","author":{"@id":"http:\/\/www.defensoria.gob.ve\/#\/schema\/person\/fba14293189d7b1933ac7fba9d89e24a"},"breadcrumb":{"@id":"http:\/\/www.defensoria.gob.ve\/?p=2469#breadcrumb"},"inLanguage":"es","potentialAction":[{"@type":"ReadAction","target":["http:\/\/www.defensoria.gob.ve\/?p=2469"]}]},{"@type":"ImageObject","inLanguage":"es","@id":"http:\/\/www.defensoria.gob.ve\/?p=2469#primaryimage","url":"http:\/\/www.defensoria.gob.ve\/wp-content\/uploads\/2023\/10\/IMG-20231026-WA0012.jpg","contentUrl":"http:\/\/www.defensoria.gob.ve\/wp-content\/uploads\/2023\/10\/IMG-20231026-WA0012.jpg","width":1080,"height":809},{"@type":"BreadcrumbList","@id":"http:\/\/www.defensoria.gob.ve\/?p=2469#breadcrumb","itemListElement":[{"@type":"ListItem","position":1,"name":"Portada","item":"http:\/\/www.defensoria.gob.ve\/"},{"@type":"ListItem","position":2,"name":"DdP Monagas realiza taller sobre DDHH de las V\u00edctimas de Trata de Personas"}]},{"@type":"WebSite","@id":"http:\/\/www.defensoria.gob.ve\/#website","url":"http:\/\/www.defensoria.gob.ve\/","name":"","description":"Instituci\u00f3n del Poder Ciudadano para la Promoci\u00f3n, Defensa y Vigilancia de los Derechos Humanos. ","potentialAction":[{"@type":"SearchAction","target":{"@type":"EntryPoint","urlTemplate":"http:\/\/www.defensoria.gob.ve\/?s={search_term_string}"},"query-input":{"@type":"PropertyValueSpecification","valueRequired":true,"valueName":"search_term_string"}}],"inLanguage":"es"},{"@type":"Person","@id":"http:\/\/www.defensoria.gob.ve\/#\/schema\/person\/fba14293189d7b1933ac7fba9d89e24a","name":"JC.","image":{"@type":"ImageObject","inLanguage":"es","@id":"https:\/\/secure.gravatar.com\/avatar\/f398a4de948606b38f0299d90ca738c674b648694bc725ed46503c240269dbf8?s=96&d=mm&r=g","url":"https:\/\/secure.gravatar.com\/avatar\/f398a4de948606b38f0299d90ca738c674b648694bc725ed46503c240269dbf8?s=96&d=mm&r=g","contentUrl":"https:\/\/secure.gravatar.com\/avatar\/f398a4de948606b38f0299d90ca738c674b648694bc725ed46503c240269dbf8?s=96&d=mm&r=g","caption":"JC."},"url":"http:\/\/www.defensoria.gob.ve\/?author=5"}]}},"_links":{"self":[{"href":"http:\/\/www.defensoria.gob.ve\/index.php?rest_route=\/wp\/v2\/posts\/2469","targetHints":{"allow":["GET"]}}],"collection":[{"href":"http:\/\/www.defensoria.gob.ve\/index.php?rest_route=\/wp\/v2\/posts"}],"about":[{"href":"http:\/\/www.defensoria.gob.ve\/index.php?rest_route=\/wp\/v2\/types\/post"}],"author":[{"embeddable":true,"href":"http:\/\/www.defensoria.gob.ve\/index.php?rest_route=\/wp\/v2\/users\/5"}],"replies":[{"embeddable":true,"href":"http:\/\/www.defensoria.gob.ve\/index.php?rest_route=%2Fwp%2Fv2%2Fcomments&post=2469"}],"version-history":[{"count":4,"href":"http:\/\/www.defensoria.gob.ve\/index.php?rest_route=\/wp\/v2\/posts\/2469\/revisions"}],"predecessor-version":[{"id":2475,"href":"http:\/\/www.defensoria.gob.ve\/index.php?rest_route=\/wp\/v2\/posts\/2469\/revisions\/2475"}],"wp:featuredmedia":[{"embeddable":true,"href":"http:\/\/www.defensoria.gob.ve\/index.php?rest_route=\/wp\/v2\/media\/2471"}],"wp:attachment":[{"href":"http:\/\/www.defensoria.gob.ve\/index.php?rest_route=%2Fwp%2Fv2%2Fmedia&parent=2469"}],"wp:term":[{"taxonomy":"category","embeddable":true,"href":"http:\/\/www.defensoria.gob.ve\/index.php?rest_route=%2Fwp%2Fv2%2Fcategories&post=2469"},{"taxonomy":"post_tag","embeddable":true,"href":"http:\/\/www.defensoria.gob.ve\/index.php?rest_route=%2Fwp%2Fv2%2Ftags&post=2469"}],"curies":[{"name":"wp","href":"https:\/\/api.w.org\/{rel}","templated":true}]}}