 
{"id":2506,"date":"2023-11-03T12:34:23","date_gmt":"2023-11-03T16:34:23","guid":{"rendered":"http:\/\/www.defensoria.gob.ve\/?p=2506"},"modified":"2023-11-03T12:34:54","modified_gmt":"2023-11-03T16:34:54","slug":"defensoria-delegada-de-amazonas-supervisa-politicas-regionales-en-proteccion-de-los-nna","status":"publish","type":"post","link":"http:\/\/www.defensoria.gob.ve\/?p=2506","title":{"rendered":"Defensor\u00eda Delegada de Amazonas supervisa pol\u00edticas regionales en protecci\u00f3n de los NNA"},"content":{"rendered":"\t\t<div data-elementor-type=\"wp-post\" data-elementor-id=\"2506\" class=\"elementor elementor-2506\">\n\t\t\t\t\t\t<section class=\"elementor-section elementor-top-section elementor-element elementor-element-44fdb862 elementor-section-boxed elementor-section-height-default elementor-section-height-default\" data-id=\"44fdb862\" data-element_type=\"section\" data-e-type=\"section\">\n\t\t\t\t\t\t<div class=\"elementor-container elementor-column-gap-default\">\n\t\t\t\t\t<div class=\"elementor-column elementor-col-100 elementor-top-column elementor-element elementor-element-ca45af4\" data-id=\"ca45af4\" data-element_type=\"column\" data-e-type=\"column\">\n\t\t\t<div class=\"elementor-widget-wrap elementor-element-populated\">\n\t\t\t\t\t\t<div class=\"elementor-element elementor-element-747324b9 elementor-widget elementor-widget-text-editor\" data-id=\"747324b9\" data-element_type=\"widget\" data-e-type=\"widget\" data-widget_type=\"text-editor.default\">\n\t\t\t\t<div class=\"elementor-widget-container\">\n\t\t\t\t\t\t\t\t\t\n<p><strong>(03-Oct-2023)<\/strong> Servidores y servidoras de la Direcci\u00f3n General de Promoci\u00f3n y Divulgaci\u00f3n de los Derechos Humanos, en conjunto con la Direcci\u00f3n de Materias de Especial Atenci\u00f3n y la Defensor\u00eda Delegada del estado Amazonas, realizaron en la ciudad de Puerto Ayacucho una reuni\u00f3n con las instituciones integrantes del Sistema Rector regional para la Protecci\u00f3n Integral de Ni\u00f1os, Ni\u00f1as y Adolescentes (NNA).<\/p>\n\n\n\n<p>La idea de esta reuni\u00f3n es socializar los resultados del Informe de Inspecci\u00f3n a los Consejos de Protecci\u00f3n de ni\u00f1os, Ni\u00f1as y Adolescentes de 2022, adem\u00e1s de revisar los mismos, con la finalidad de mancomunar esfuerzos para el fortalecimiento de las pol\u00edticas p\u00fablicas a nivel regional para la Protecci\u00f3n de los NNA.<\/p>\n\n\n\n<figure class=\"wp-block-image size-full\"><img fetchpriority=\"high\" decoding=\"async\" width=\"992\" height=\"744\" src=\"http:\/\/www.defensoria.gob.ve\/wp-content\/uploads\/2023\/11\/b7b1c58e-6363-4f68-bad5-274d41a27bbf.jpg\" alt=\"\" class=\"wp-image-2507\" srcset=\"http:\/\/www.defensoria.gob.ve\/wp-content\/uploads\/2023\/11\/b7b1c58e-6363-4f68-bad5-274d41a27bbf.jpg 992w, http:\/\/www.defensoria.gob.ve\/wp-content\/uploads\/2023\/11\/b7b1c58e-6363-4f68-bad5-274d41a27bbf-300x225.jpg 300w, http:\/\/www.defensoria.gob.ve\/wp-content\/uploads\/2023\/11\/b7b1c58e-6363-4f68-bad5-274d41a27bbf-768x576.jpg 768w\" sizes=\"(max-width: 992px) 100vw, 992px\" \/><\/figure>\n\n\n\n<p>A este encuentro asistieron representantes del Ministerio P\u00fablico; Defensa P\u00fablica; Fundaci\u00f3n Ni\u00f1o Sim\u00f3n; TSJ Circuito de Protecci\u00f3n del Estado Amazonas; autoridades de las Alcald\u00edas del Alto Orinoco; Autana; Maroa; Vicepresidencia Social; Idenna; Secretaria General de Gobierno; Gobernaci\u00f3n del Estado Amazonas; Consejeras y Consejeros de Protecci\u00f3n de los municipios Autana; Atures; Alto Orinoco y Maroa; y representantes del Fondo de las Naciones Unidas para la Infancia (Unicef).<\/p>\n\n\n\n<p>Esta reuni\u00f3n, se enmarca dentro las acciones que la Defensor\u00eda del Pueblo efect\u00faa para la promoci\u00f3n, defensa y vigilancia de los derechos de los NNA, las cuales son apoyadas por la Unicef. <strong>FIN \/ PRENSA Defensoria<\/strong><\/p>\n\t\t\t\t\t\t\t\t<\/div>\n\t\t\t\t<\/div>\n\t\t\t\t\t<\/div>\n\t\t<\/div>\n\t\t\t\t\t<\/div>\n\t\t<\/section>\n\t\t\t\t<\/div>\n\t\t","protected":false},"excerpt":{"rendered":"<p>(03-Oct-2023) Servidores y servidoras de la Direcci\u00f3n General de Promoci\u00f3n y Divulgaci\u00f3n de los Derechos Humanos, en conjunto con la Direcci\u00f3n de Materias de Especial Atenci\u00f3n y la Defensor\u00eda Delegada&hellip; <\/p>\n","protected":false},"author":5,"featured_media":2508,"comment_status":"closed","ping_status":"closed","sticky":false,"template":"","format":"standard","meta":{"footnotes":""},"categories":[5],"tags":[],"class_list":["post-2506","post","type-post","status-publish","format-standard","has-post-thumbnail","hentry","category-regionales"],"yoast_head":"<!-- This site is optimized with the Yoast SEO plugin v27.4 - https:\/\/yoast.com\/product\/yoast-seo-wordpress\/ -->\n<title>Defensor\u00eda Delegada de Amazonas supervisa pol\u00edticas regionales en protecci\u00f3n de los NNA -<\/title>\n<meta name=\"robots\" content=\"index, follow, max-snippet:-1, max-image-preview:large, max-video-preview:-1\" \/>\n<link rel=\"canonical\" href=\"http:\/\/www.defensoria.gob.ve\/?p=2506\" \/>\n<meta property=\"og:locale\" content=\"es_ES\" \/>\n<meta property=\"og:type\" content=\"article\" \/>\n<meta property=\"og:title\" content=\"Defensor\u00eda Delegada de Amazonas supervisa pol\u00edticas regionales en protecci\u00f3n de los NNA -\" \/>\n<meta property=\"og:description\" content=\"(03-Oct-2023) Servidores y servidoras de la Direcci\u00f3n General de Promoci\u00f3n y Divulgaci\u00f3n de los Derechos Humanos, en conjunto con la Direcci\u00f3n de Materias de Especial Atenci\u00f3n y la Defensor\u00eda Delegada&hellip;\" \/>\n<meta property=\"og:url\" content=\"http:\/\/www.defensoria.gob.ve\/?p=2506\" \/>\n<meta property=\"article:published_time\" content=\"2023-11-03T16:34:23+00:00\" \/>\n<meta property=\"article:modified_time\" content=\"2023-11-03T16:34:54+00:00\" \/>\n<meta property=\"og:image\" content=\"http:\/\/www.defensoria.gob.ve\/wp-content\/uploads\/2023\/11\/e9094408-3af7-4af6-87c2-60513bb5d318.jpg\" \/>\n\t<meta property=\"og:image:width\" content=\"992\" \/>\n\t<meta property=\"og:image:height\" content=\"744\" \/>\n\t<meta property=\"og:image:type\" content=\"image\/jpeg\" \/>\n<meta name=\"author\" content=\"JC.\" \/>\n<meta name=\"twitter:card\" content=\"summary_large_image\" \/>\n<meta name=\"twitter:label1\" content=\"Escrito por\" \/>\n\t<meta name=\"twitter:data1\" content=\"JC.\" \/>\n\t<meta name=\"twitter:label2\" content=\"Tiempo estimado de lectura\" \/>\n\t<meta name=\"twitter:data2\" content=\"2 minutos\" \/>\n<script type=\"application\/ld+json\" class=\"yoast-schema-graph\">{\"@context\":\"https:\\\/\\\/schema.org\",\"@graph\":[{\"@type\":\"Article\",\"@id\":\"http:\\\/\\\/www.defensoria.gob.ve\\\/?p=2506#article\",\"isPartOf\":{\"@id\":\"http:\\\/\\\/www.defensoria.gob.ve\\\/?p=2506\"},\"author\":{\"name\":\"JC.\",\"@id\":\"http:\\\/\\\/www.defensoria.gob.ve\\\/#\\\/schema\\\/person\\\/fba14293189d7b1933ac7fba9d89e24a\"},\"headline\":\"Defensor\u00eda Delegada de Amazonas supervisa pol\u00edticas regionales en protecci\u00f3n de los NNA\",\"datePublished\":\"2023-11-03T16:34:23+00:00\",\"dateModified\":\"2023-11-03T16:34:54+00:00\",\"mainEntityOfPage\":{\"@id\":\"http:\\\/\\\/www.defensoria.gob.ve\\\/?p=2506\"},\"wordCount\":259,\"image\":{\"@id\":\"http:\\\/\\\/www.defensoria.gob.ve\\\/?p=2506#primaryimage\"},\"thumbnailUrl\":\"http:\\\/\\\/www.defensoria.gob.ve\\\/wp-content\\\/uploads\\\/2023\\\/11\\\/e9094408-3af7-4af6-87c2-60513bb5d318.jpg\",\"articleSection\":[\"REGIONALES\"],\"inLanguage\":\"es\"},{\"@type\":\"WebPage\",\"@id\":\"http:\\\/\\\/www.defensoria.gob.ve\\\/?p=2506\",\"url\":\"http:\\\/\\\/www.defensoria.gob.ve\\\/?p=2506\",\"name\":\"Defensor\u00eda Delegada de Amazonas supervisa pol\u00edticas regionales en protecci\u00f3n de los NNA -\",\"isPartOf\":{\"@id\":\"http:\\\/\\\/www.defensoria.gob.ve\\\/#website\"},\"primaryImageOfPage\":{\"@id\":\"http:\\\/\\\/www.defensoria.gob.ve\\\/?p=2506#primaryimage\"},\"image\":{\"@id\":\"http:\\\/\\\/www.defensoria.gob.ve\\\/?p=2506#primaryimage\"},\"thumbnailUrl\":\"http:\\\/\\\/www.defensoria.gob.ve\\\/wp-content\\\/uploads\\\/2023\\\/11\\\/e9094408-3af7-4af6-87c2-60513bb5d318.jpg\",\"datePublished\":\"2023-11-03T16:34:23+00:00\",\"dateModified\":\"2023-11-03T16:34:54+00:00\",\"author\":{\"@id\":\"http:\\\/\\\/www.defensoria.gob.ve\\\/#\\\/schema\\\/person\\\/fba14293189d7b1933ac7fba9d89e24a\"},\"breadcrumb\":{\"@id\":\"http:\\\/\\\/www.defensoria.gob.ve\\\/?p=2506#breadcrumb\"},\"inLanguage\":\"es\",\"potentialAction\":[{\"@type\":\"ReadAction\",\"target\":[\"http:\\\/\\\/www.defensoria.gob.ve\\\/?p=2506\"]}]},{\"@type\":\"ImageObject\",\"inLanguage\":\"es\",\"@id\":\"http:\\\/\\\/www.defensoria.gob.ve\\\/?p=2506#primaryimage\",\"url\":\"http:\\\/\\\/www.defensoria.gob.ve\\\/wp-content\\\/uploads\\\/2023\\\/11\\\/e9094408-3af7-4af6-87c2-60513bb5d318.jpg\",\"contentUrl\":\"http:\\\/\\\/www.defensoria.gob.ve\\\/wp-content\\\/uploads\\\/2023\\\/11\\\/e9094408-3af7-4af6-87c2-60513bb5d318.jpg\",\"width\":992,\"height\":744},{\"@type\":\"BreadcrumbList\",\"@id\":\"http:\\\/\\\/www.defensoria.gob.ve\\\/?p=2506#breadcrumb\",\"itemListElement\":[{\"@type\":\"ListItem\",\"position\":1,\"name\":\"Portada\",\"item\":\"http:\\\/\\\/www.defensoria.gob.ve\\\/\"},{\"@type\":\"ListItem\",\"position\":2,\"name\":\"Defensor\u00eda Delegada de Amazonas supervisa pol\u00edticas regionales en protecci\u00f3n de los NNA\"}]},{\"@type\":\"WebSite\",\"@id\":\"http:\\\/\\\/www.defensoria.gob.ve\\\/#website\",\"url\":\"http:\\\/\\\/www.defensoria.gob.ve\\\/\",\"name\":\"\",\"description\":\"Instituci\u00f3n del Poder Ciudadano para la Promoci\u00f3n, Defensa y Vigilancia de los Derechos Humanos. \",\"potentialAction\":[{\"@type\":\"SearchAction\",\"target\":{\"@type\":\"EntryPoint\",\"urlTemplate\":\"http:\\\/\\\/www.defensoria.gob.ve\\\/?s={search_term_string}\"},\"query-input\":{\"@type\":\"PropertyValueSpecification\",\"valueRequired\":true,\"valueName\":\"search_term_string\"}}],\"inLanguage\":\"es\"},{\"@type\":\"Person\",\"@id\":\"http:\\\/\\\/www.defensoria.gob.ve\\\/#\\\/schema\\\/person\\\/fba14293189d7b1933ac7fba9d89e24a\",\"name\":\"JC.\",\"image\":{\"@type\":\"ImageObject\",\"inLanguage\":\"es\",\"@id\":\"https:\\\/\\\/secure.gravatar.com\\\/avatar\\\/f398a4de948606b38f0299d90ca738c674b648694bc725ed46503c240269dbf8?s=96&d=mm&r=g\",\"url\":\"https:\\\/\\\/secure.gravatar.com\\\/avatar\\\/f398a4de948606b38f0299d90ca738c674b648694bc725ed46503c240269dbf8?s=96&d=mm&r=g\",\"contentUrl\":\"https:\\\/\\\/secure.gravatar.com\\\/avatar\\\/f398a4de948606b38f0299d90ca738c674b648694bc725ed46503c240269dbf8?s=96&d=mm&r=g\",\"caption\":\"JC.\"},\"url\":\"http:\\\/\\\/www.defensoria.gob.ve\\\/?author=5\"}]}<\/script>\n<!-- \/ Yoast SEO plugin. -->","yoast_head_json":{"title":"Defensor\u00eda Delegada de Amazonas supervisa pol\u00edticas regionales en protecci\u00f3n de los NNA -","robots":{"index":"index","follow":"follow","max-snippet":"max-snippet:-1","max-image-preview":"max-image-preview:large","max-video-preview":"max-video-preview:-1"},"canonical":"http:\/\/www.defensoria.gob.ve\/?p=2506","og_locale":"es_ES","og_type":"article","og_title":"Defensor\u00eda Delegada de Amazonas supervisa pol\u00edticas regionales en protecci\u00f3n de los NNA -","og_description":"(03-Oct-2023) Servidores y servidoras de la Direcci\u00f3n General de Promoci\u00f3n y Divulgaci\u00f3n de los Derechos Humanos, en conjunto con la Direcci\u00f3n de Materias de Especial Atenci\u00f3n y la Defensor\u00eda Delegada&hellip;","og_url":"http:\/\/www.defensoria.gob.ve\/?p=2506","article_published_time":"2023-11-03T16:34:23+00:00","article_modified_time":"2023-11-03T16:34:54+00:00","og_image":[{"width":992,"height":744,"url":"http:\/\/www.defensoria.gob.ve\/wp-content\/uploads\/2023\/11\/e9094408-3af7-4af6-87c2-60513bb5d318.jpg","type":"image\/jpeg"}],"author":"JC.","twitter_card":"summary_large_image","twitter_misc":{"Escrito por":"JC.","Tiempo estimado de lectura":"2 minutos"},"schema":{"@context":"https:\/\/schema.org","@graph":[{"@type":"Article","@id":"http:\/\/www.defensoria.gob.ve\/?p=2506#article","isPartOf":{"@id":"http:\/\/www.defensoria.gob.ve\/?p=2506"},"author":{"name":"JC.","@id":"http:\/\/www.defensoria.gob.ve\/#\/schema\/person\/fba14293189d7b1933ac7fba9d89e24a"},"headline":"Defensor\u00eda Delegada de Amazonas supervisa pol\u00edticas regionales en protecci\u00f3n de los NNA","datePublished":"2023-11-03T16:34:23+00:00","dateModified":"2023-11-03T16:34:54+00:00","mainEntityOfPage":{"@id":"http:\/\/www.defensoria.gob.ve\/?p=2506"},"wordCount":259,"image":{"@id":"http:\/\/www.defensoria.gob.ve\/?p=2506#primaryimage"},"thumbnailUrl":"http:\/\/www.defensoria.gob.ve\/wp-content\/uploads\/2023\/11\/e9094408-3af7-4af6-87c2-60513bb5d318.jpg","articleSection":["REGIONALES"],"inLanguage":"es"},{"@type":"WebPage","@id":"http:\/\/www.defensoria.gob.ve\/?p=2506","url":"http:\/\/www.defensoria.gob.ve\/?p=2506","name":"Defensor\u00eda Delegada de Amazonas supervisa pol\u00edticas regionales en protecci\u00f3n de los NNA -","isPartOf":{"@id":"http:\/\/www.defensoria.gob.ve\/#website"},"primaryImageOfPage":{"@id":"http:\/\/www.defensoria.gob.ve\/?p=2506#primaryimage"},"image":{"@id":"http:\/\/www.defensoria.gob.ve\/?p=2506#primaryimage"},"thumbnailUrl":"http:\/\/www.defensoria.gob.ve\/wp-content\/uploads\/2023\/11\/e9094408-3af7-4af6-87c2-60513bb5d318.jpg","datePublished":"2023-11-03T16:34:23+00:00","dateModified":"2023-11-03T16:34:54+00:00","author":{"@id":"http:\/\/www.defensoria.gob.ve\/#\/schema\/person\/fba14293189d7b1933ac7fba9d89e24a"},"breadcrumb":{"@id":"http:\/\/www.defensoria.gob.ve\/?p=2506#breadcrumb"},"inLanguage":"es","potentialAction":[{"@type":"ReadAction","target":["http:\/\/www.defensoria.gob.ve\/?p=2506"]}]},{"@type":"ImageObject","inLanguage":"es","@id":"http:\/\/www.defensoria.gob.ve\/?p=2506#primaryimage","url":"http:\/\/www.defensoria.gob.ve\/wp-content\/uploads\/2023\/11\/e9094408-3af7-4af6-87c2-60513bb5d318.jpg","contentUrl":"http:\/\/www.defensoria.gob.ve\/wp-content\/uploads\/2023\/11\/e9094408-3af7-4af6-87c2-60513bb5d318.jpg","width":992,"height":744},{"@type":"BreadcrumbList","@id":"http:\/\/www.defensoria.gob.ve\/?p=2506#breadcrumb","itemListElement":[{"@type":"ListItem","position":1,"name":"Portada","item":"http:\/\/www.defensoria.gob.ve\/"},{"@type":"ListItem","position":2,"name":"Defensor\u00eda Delegada de Amazonas supervisa pol\u00edticas regionales en protecci\u00f3n de los NNA"}]},{"@type":"WebSite","@id":"http:\/\/www.defensoria.gob.ve\/#website","url":"http:\/\/www.defensoria.gob.ve\/","name":"","description":"Instituci\u00f3n del Poder Ciudadano para la Promoci\u00f3n, Defensa y Vigilancia de los Derechos Humanos. ","potentialAction":[{"@type":"SearchAction","target":{"@type":"EntryPoint","urlTemplate":"http:\/\/www.defensoria.gob.ve\/?s={search_term_string}"},"query-input":{"@type":"PropertyValueSpecification","valueRequired":true,"valueName":"search_term_string"}}],"inLanguage":"es"},{"@type":"Person","@id":"http:\/\/www.defensoria.gob.ve\/#\/schema\/person\/fba14293189d7b1933ac7fba9d89e24a","name":"JC.","image":{"@type":"ImageObject","inLanguage":"es","@id":"https:\/\/secure.gravatar.com\/avatar\/f398a4de948606b38f0299d90ca738c674b648694bc725ed46503c240269dbf8?s=96&d=mm&r=g","url":"https:\/\/secure.gravatar.com\/avatar\/f398a4de948606b38f0299d90ca738c674b648694bc725ed46503c240269dbf8?s=96&d=mm&r=g","contentUrl":"https:\/\/secure.gravatar.com\/avatar\/f398a4de948606b38f0299d90ca738c674b648694bc725ed46503c240269dbf8?s=96&d=mm&r=g","caption":"JC."},"url":"http:\/\/www.defensoria.gob.ve\/?author=5"}]}},"_links":{"self":[{"href":"http:\/\/www.defensoria.gob.ve\/index.php?rest_route=\/wp\/v2\/posts\/2506","targetHints":{"allow":["GET"]}}],"collection":[{"href":"http:\/\/www.defensoria.gob.ve\/index.php?rest_route=\/wp\/v2\/posts"}],"about":[{"href":"http:\/\/www.defensoria.gob.ve\/index.php?rest_route=\/wp\/v2\/types\/post"}],"author":[{"embeddable":true,"href":"http:\/\/www.defensoria.gob.ve\/index.php?rest_route=\/wp\/v2\/users\/5"}],"replies":[{"embeddable":true,"href":"http:\/\/www.defensoria.gob.ve\/index.php?rest_route=%2Fwp%2Fv2%2Fcomments&post=2506"}],"version-history":[{"count":4,"href":"http:\/\/www.defensoria.gob.ve\/index.php?rest_route=\/wp\/v2\/posts\/2506\/revisions"}],"predecessor-version":[{"id":2512,"href":"http:\/\/www.defensoria.gob.ve\/index.php?rest_route=\/wp\/v2\/posts\/2506\/revisions\/2512"}],"wp:featuredmedia":[{"embeddable":true,"href":"http:\/\/www.defensoria.gob.ve\/index.php?rest_route=\/wp\/v2\/media\/2508"}],"wp:attachment":[{"href":"http:\/\/www.defensoria.gob.ve\/index.php?rest_route=%2Fwp%2Fv2%2Fmedia&parent=2506"}],"wp:term":[{"taxonomy":"category","embeddable":true,"href":"http:\/\/www.defensoria.gob.ve\/index.php?rest_route=%2Fwp%2Fv2%2Fcategories&post=2506"},{"taxonomy":"post_tag","embeddable":true,"href":"http:\/\/www.defensoria.gob.ve\/index.php?rest_route=%2Fwp%2Fv2%2Ftags&post=2506"}],"curies":[{"name":"wp","href":"https:\/\/api.w.org\/{rel}","templated":true}]}}