 
{"id":2529,"date":"2023-11-06T10:45:22","date_gmt":"2023-11-06T14:45:22","guid":{"rendered":"http:\/\/www.defensoria.gob.ve\/?p=2529"},"modified":"2023-11-06T15:56:14","modified_gmt":"2023-11-06T19:56:14","slug":"defensoria-del-pueblo-dicto-un-taller-sobre-dd-hh-de-las-victimas-de-la-trata-de-personas-especialmente-mujeres-ninos-ninas","status":"publish","type":"post","link":"http:\/\/www.defensoria.gob.ve\/?p=2529","title":{"rendered":"Defensor\u00eda del Pueblo dict\u00f3 un taller sobre DD.HH. de las v\u00edctimas de la trata de personas especialmente mujeres, ni\u00f1os, ni\u00f1as"},"content":{"rendered":"\t\t<div data-elementor-type=\"wp-post\" data-elementor-id=\"2529\" class=\"elementor elementor-2529\">\n\t\t\t\t\t\t<section class=\"elementor-section elementor-top-section elementor-element elementor-element-3371ade3 elementor-section-boxed elementor-section-height-default elementor-section-height-default\" data-id=\"3371ade3\" data-element_type=\"section\" data-e-type=\"section\">\n\t\t\t\t\t\t<div class=\"elementor-container elementor-column-gap-default\">\n\t\t\t\t\t<div class=\"elementor-column elementor-col-100 elementor-top-column elementor-element elementor-element-6b7d6e78\" data-id=\"6b7d6e78\" data-element_type=\"column\" data-e-type=\"column\">\n\t\t\t<div class=\"elementor-widget-wrap elementor-element-populated\">\n\t\t\t\t\t\t<div class=\"elementor-element elementor-element-7e490e22 elementor-widget elementor-widget-text-editor\" data-id=\"7e490e22\" data-element_type=\"widget\" data-e-type=\"widget\" data-widget_type=\"text-editor.default\">\n\t\t\t\t<div class=\"elementor-widget-container\">\n\t\t\t\t\t\t\t\t\t<p><\/p>\n<p><strong>(Amazonas\/06-Nov-2023)<\/strong> La Defensor\u00eda Delegada de Amazonas en conjunto con la Direcci\u00f3n General de Promoci\u00f3n y Divulgaci\u00f3n y la Direcci\u00f3n de Materias de Especial Atenci\u00f3n, organizaron el taller denominado Derechos Humanos de las V\u00edctimas de la Trata de Personas, especialmente\u00a0 la de Mujeres, Ni\u00f1os , Ni\u00f1as y Adolescentes (NNA), y el rol de la Defensor\u00eda del Pueblo.<\/p>\n<p><\/p>\n<p><\/p>\n<p>Dicha actividad se llev\u00f3 a cabo en la sede de la Contralor\u00eda General de Amazonas y cont\u00f3 con la participaci\u00f3n de funcionarias y funcionarios del sistema de justicia, integrantes del sistema de protecci\u00f3n de NNA, representantes para la defensa de los derechos de las mujeres, igualdad y equidad de g\u00e9nero, personal de migraci\u00f3n y cuerpos de seguridad, entre otros.<\/p>\n<p><\/p>\n<p><\/p>\n<figure class=\"wp-block-image size-full\"><img fetchpriority=\"high\" decoding=\"async\" width=\"966\" height=\"750\" class=\"wp-image-2530\" src=\"http:\/\/www.defensoria.gob.ve\/wp-content\/uploads\/2023\/11\/3a8eb47f-545e-43fa-bdc9-1e98bad531b1.jpg\" alt=\"\" srcset=\"http:\/\/www.defensoria.gob.ve\/wp-content\/uploads\/2023\/11\/3a8eb47f-545e-43fa-bdc9-1e98bad531b1.jpg 966w, http:\/\/www.defensoria.gob.ve\/wp-content\/uploads\/2023\/11\/3a8eb47f-545e-43fa-bdc9-1e98bad531b1-300x233.jpg 300w, http:\/\/www.defensoria.gob.ve\/wp-content\/uploads\/2023\/11\/3a8eb47f-545e-43fa-bdc9-1e98bad531b1-768x596.jpg 768w\" sizes=\"(max-width: 966px) 100vw, 966px\" \/><\/figure>\n<p><\/p>\n<p><\/p>\n<p>La finalidad principal de esta formaci\u00f3n, es facilitar herramientas te\u00f3ricas, pr\u00e1cticas y metodol\u00f3gicas que coadyuven a fortalecer las labores de promoci\u00f3n, defensa y vigilancia de los derechos humanos de las posibles v\u00edctimas del delito de trata de personas.<\/p>\n<p><\/p>\n<p><\/p>\n<p>Esta formaci\u00f3n, se enmarca dentro las acciones que la\u00a0 Defensor\u00eda del Pueblo efect\u00faa para la promoci\u00f3n, defensa y vigilancia de los derechos de los NNA, las cuales son apoyadas por el Fondo de las Naciones Unidas para la Infancia\u00a0 (Unicef). <strong>FIN \/ PRENSA DEFENSOR\u00cdA DEL PUEBLO<\/strong><\/p>\n<p><\/p>\t\t\t\t\t\t\t\t<\/div>\n\t\t\t\t<\/div>\n\t\t\t\t\t<\/div>\n\t\t<\/div>\n\t\t\t\t\t<\/div>\n\t\t<\/section>\n\t\t\t\t<\/div>\n\t\t","protected":false},"excerpt":{"rendered":"<p>(Amazonas\/06-Nov-2023) La Defensor\u00eda Delegada de Amazonas en conjunto con la Direcci\u00f3n General de Promoci\u00f3n y Divulgaci\u00f3n y la Direcci\u00f3n de Materias de Especial Atenci\u00f3n, organizaron el taller denominado Derechos Humanos&hellip; <\/p>\n","protected":false},"author":5,"featured_media":2531,"comment_status":"closed","ping_status":"closed","sticky":false,"template":"","format":"standard","meta":{"footnotes":""},"categories":[5],"tags":[],"class_list":["post-2529","post","type-post","status-publish","format-standard","has-post-thumbnail","hentry","category-regionales"],"yoast_head":"<!-- This site is optimized with the Yoast SEO plugin v27.4 - https:\/\/yoast.com\/product\/yoast-seo-wordpress\/ -->\n<title>Defensor\u00eda del Pueblo dict\u00f3 un taller sobre DD.HH. de las v\u00edctimas de la trata de personas especialmente mujeres, ni\u00f1os, ni\u00f1as -<\/title>\n<meta name=\"robots\" content=\"index, follow, max-snippet:-1, max-image-preview:large, max-video-preview:-1\" \/>\n<link rel=\"canonical\" href=\"http:\/\/www.defensoria.gob.ve\/?p=2529\" \/>\n<meta property=\"og:locale\" content=\"es_ES\" \/>\n<meta property=\"og:type\" content=\"article\" \/>\n<meta property=\"og:title\" content=\"Defensor\u00eda del Pueblo dict\u00f3 un taller sobre DD.HH. de las v\u00edctimas de la trata de personas especialmente mujeres, ni\u00f1os, ni\u00f1as -\" \/>\n<meta property=\"og:description\" content=\"(Amazonas\/06-Nov-2023) La Defensor\u00eda Delegada de Amazonas en conjunto con la Direcci\u00f3n General de Promoci\u00f3n y Divulgaci\u00f3n y la Direcci\u00f3n de Materias de Especial Atenci\u00f3n, organizaron el taller denominado Derechos Humanos&hellip;\" \/>\n<meta property=\"og:url\" content=\"http:\/\/www.defensoria.gob.ve\/?p=2529\" \/>\n<meta property=\"article:published_time\" content=\"2023-11-06T14:45:22+00:00\" \/>\n<meta property=\"article:modified_time\" content=\"2023-11-06T19:56:14+00:00\" \/>\n<meta property=\"og:image\" content=\"http:\/\/www.defensoria.gob.ve\/wp-content\/uploads\/2023\/11\/42146229-c9a5-4ab4-85dd-5caf30da1c0a.jpg\" \/>\n\t<meta property=\"og:image:width\" content=\"1000\" \/>\n\t<meta property=\"og:image:height\" content=\"563\" \/>\n\t<meta property=\"og:image:type\" content=\"image\/jpeg\" \/>\n<meta name=\"author\" content=\"JC.\" \/>\n<meta name=\"twitter:card\" content=\"summary_large_image\" \/>\n<meta name=\"twitter:label1\" content=\"Escrito por\" \/>\n\t<meta name=\"twitter:data1\" content=\"JC.\" \/>\n\t<meta name=\"twitter:label2\" content=\"Tiempo estimado de lectura\" \/>\n\t<meta name=\"twitter:data2\" content=\"2 minutos\" \/>\n<script type=\"application\/ld+json\" class=\"yoast-schema-graph\">{\"@context\":\"https:\\\/\\\/schema.org\",\"@graph\":[{\"@type\":\"Article\",\"@id\":\"http:\\\/\\\/www.defensoria.gob.ve\\\/?p=2529#article\",\"isPartOf\":{\"@id\":\"http:\\\/\\\/www.defensoria.gob.ve\\\/?p=2529\"},\"author\":{\"name\":\"JC.\",\"@id\":\"http:\\\/\\\/www.defensoria.gob.ve\\\/#\\\/schema\\\/person\\\/fba14293189d7b1933ac7fba9d89e24a\"},\"headline\":\"Defensor\u00eda del Pueblo dict\u00f3 un taller sobre DD.HH. de las v\u00edctimas de la trata de personas especialmente mujeres, ni\u00f1os, ni\u00f1as\",\"datePublished\":\"2023-11-06T14:45:22+00:00\",\"dateModified\":\"2023-11-06T19:56:14+00:00\",\"mainEntityOfPage\":{\"@id\":\"http:\\\/\\\/www.defensoria.gob.ve\\\/?p=2529\"},\"wordCount\":249,\"image\":{\"@id\":\"http:\\\/\\\/www.defensoria.gob.ve\\\/?p=2529#primaryimage\"},\"thumbnailUrl\":\"http:\\\/\\\/www.defensoria.gob.ve\\\/wp-content\\\/uploads\\\/2023\\\/11\\\/42146229-c9a5-4ab4-85dd-5caf30da1c0a.jpg\",\"articleSection\":[\"REGIONALES\"],\"inLanguage\":\"es\"},{\"@type\":\"WebPage\",\"@id\":\"http:\\\/\\\/www.defensoria.gob.ve\\\/?p=2529\",\"url\":\"http:\\\/\\\/www.defensoria.gob.ve\\\/?p=2529\",\"name\":\"Defensor\u00eda del Pueblo dict\u00f3 un taller sobre DD.HH. de las v\u00edctimas de la trata de personas especialmente mujeres, ni\u00f1os, ni\u00f1as -\",\"isPartOf\":{\"@id\":\"http:\\\/\\\/www.defensoria.gob.ve\\\/#website\"},\"primaryImageOfPage\":{\"@id\":\"http:\\\/\\\/www.defensoria.gob.ve\\\/?p=2529#primaryimage\"},\"image\":{\"@id\":\"http:\\\/\\\/www.defensoria.gob.ve\\\/?p=2529#primaryimage\"},\"thumbnailUrl\":\"http:\\\/\\\/www.defensoria.gob.ve\\\/wp-content\\\/uploads\\\/2023\\\/11\\\/42146229-c9a5-4ab4-85dd-5caf30da1c0a.jpg\",\"datePublished\":\"2023-11-06T14:45:22+00:00\",\"dateModified\":\"2023-11-06T19:56:14+00:00\",\"author\":{\"@id\":\"http:\\\/\\\/www.defensoria.gob.ve\\\/#\\\/schema\\\/person\\\/fba14293189d7b1933ac7fba9d89e24a\"},\"breadcrumb\":{\"@id\":\"http:\\\/\\\/www.defensoria.gob.ve\\\/?p=2529#breadcrumb\"},\"inLanguage\":\"es\",\"potentialAction\":[{\"@type\":\"ReadAction\",\"target\":[\"http:\\\/\\\/www.defensoria.gob.ve\\\/?p=2529\"]}]},{\"@type\":\"ImageObject\",\"inLanguage\":\"es\",\"@id\":\"http:\\\/\\\/www.defensoria.gob.ve\\\/?p=2529#primaryimage\",\"url\":\"http:\\\/\\\/www.defensoria.gob.ve\\\/wp-content\\\/uploads\\\/2023\\\/11\\\/42146229-c9a5-4ab4-85dd-5caf30da1c0a.jpg\",\"contentUrl\":\"http:\\\/\\\/www.defensoria.gob.ve\\\/wp-content\\\/uploads\\\/2023\\\/11\\\/42146229-c9a5-4ab4-85dd-5caf30da1c0a.jpg\",\"width\":1000,\"height\":563},{\"@type\":\"BreadcrumbList\",\"@id\":\"http:\\\/\\\/www.defensoria.gob.ve\\\/?p=2529#breadcrumb\",\"itemListElement\":[{\"@type\":\"ListItem\",\"position\":1,\"name\":\"Portada\",\"item\":\"http:\\\/\\\/www.defensoria.gob.ve\\\/\"},{\"@type\":\"ListItem\",\"position\":2,\"name\":\"Defensor\u00eda del Pueblo dict\u00f3 un taller sobre DD.HH. de las v\u00edctimas de la trata de personas especialmente mujeres, ni\u00f1os, ni\u00f1as\"}]},{\"@type\":\"WebSite\",\"@id\":\"http:\\\/\\\/www.defensoria.gob.ve\\\/#website\",\"url\":\"http:\\\/\\\/www.defensoria.gob.ve\\\/\",\"name\":\"\",\"description\":\"Instituci\u00f3n del Poder Ciudadano para la Promoci\u00f3n, Defensa y Vigilancia de los Derechos Humanos. \",\"potentialAction\":[{\"@type\":\"SearchAction\",\"target\":{\"@type\":\"EntryPoint\",\"urlTemplate\":\"http:\\\/\\\/www.defensoria.gob.ve\\\/?s={search_term_string}\"},\"query-input\":{\"@type\":\"PropertyValueSpecification\",\"valueRequired\":true,\"valueName\":\"search_term_string\"}}],\"inLanguage\":\"es\"},{\"@type\":\"Person\",\"@id\":\"http:\\\/\\\/www.defensoria.gob.ve\\\/#\\\/schema\\\/person\\\/fba14293189d7b1933ac7fba9d89e24a\",\"name\":\"JC.\",\"image\":{\"@type\":\"ImageObject\",\"inLanguage\":\"es\",\"@id\":\"https:\\\/\\\/secure.gravatar.com\\\/avatar\\\/f398a4de948606b38f0299d90ca738c674b648694bc725ed46503c240269dbf8?s=96&d=mm&r=g\",\"url\":\"https:\\\/\\\/secure.gravatar.com\\\/avatar\\\/f398a4de948606b38f0299d90ca738c674b648694bc725ed46503c240269dbf8?s=96&d=mm&r=g\",\"contentUrl\":\"https:\\\/\\\/secure.gravatar.com\\\/avatar\\\/f398a4de948606b38f0299d90ca738c674b648694bc725ed46503c240269dbf8?s=96&d=mm&r=g\",\"caption\":\"JC.\"},\"url\":\"http:\\\/\\\/www.defensoria.gob.ve\\\/?author=5\"}]}<\/script>\n<!-- \/ Yoast SEO plugin. -->","yoast_head_json":{"title":"Defensor\u00eda del Pueblo dict\u00f3 un taller sobre DD.HH. de las v\u00edctimas de la trata de personas especialmente mujeres, ni\u00f1os, ni\u00f1as -","robots":{"index":"index","follow":"follow","max-snippet":"max-snippet:-1","max-image-preview":"max-image-preview:large","max-video-preview":"max-video-preview:-1"},"canonical":"http:\/\/www.defensoria.gob.ve\/?p=2529","og_locale":"es_ES","og_type":"article","og_title":"Defensor\u00eda del Pueblo dict\u00f3 un taller sobre DD.HH. de las v\u00edctimas de la trata de personas especialmente mujeres, ni\u00f1os, ni\u00f1as -","og_description":"(Amazonas\/06-Nov-2023) La Defensor\u00eda Delegada de Amazonas en conjunto con la Direcci\u00f3n General de Promoci\u00f3n y Divulgaci\u00f3n y la Direcci\u00f3n de Materias de Especial Atenci\u00f3n, organizaron el taller denominado Derechos Humanos&hellip;","og_url":"http:\/\/www.defensoria.gob.ve\/?p=2529","article_published_time":"2023-11-06T14:45:22+00:00","article_modified_time":"2023-11-06T19:56:14+00:00","og_image":[{"width":1000,"height":563,"url":"http:\/\/www.defensoria.gob.ve\/wp-content\/uploads\/2023\/11\/42146229-c9a5-4ab4-85dd-5caf30da1c0a.jpg","type":"image\/jpeg"}],"author":"JC.","twitter_card":"summary_large_image","twitter_misc":{"Escrito por":"JC.","Tiempo estimado de lectura":"2 minutos"},"schema":{"@context":"https:\/\/schema.org","@graph":[{"@type":"Article","@id":"http:\/\/www.defensoria.gob.ve\/?p=2529#article","isPartOf":{"@id":"http:\/\/www.defensoria.gob.ve\/?p=2529"},"author":{"name":"JC.","@id":"http:\/\/www.defensoria.gob.ve\/#\/schema\/person\/fba14293189d7b1933ac7fba9d89e24a"},"headline":"Defensor\u00eda del Pueblo dict\u00f3 un taller sobre DD.HH. de las v\u00edctimas de la trata de personas especialmente mujeres, ni\u00f1os, ni\u00f1as","datePublished":"2023-11-06T14:45:22+00:00","dateModified":"2023-11-06T19:56:14+00:00","mainEntityOfPage":{"@id":"http:\/\/www.defensoria.gob.ve\/?p=2529"},"wordCount":249,"image":{"@id":"http:\/\/www.defensoria.gob.ve\/?p=2529#primaryimage"},"thumbnailUrl":"http:\/\/www.defensoria.gob.ve\/wp-content\/uploads\/2023\/11\/42146229-c9a5-4ab4-85dd-5caf30da1c0a.jpg","articleSection":["REGIONALES"],"inLanguage":"es"},{"@type":"WebPage","@id":"http:\/\/www.defensoria.gob.ve\/?p=2529","url":"http:\/\/www.defensoria.gob.ve\/?p=2529","name":"Defensor\u00eda del Pueblo dict\u00f3 un taller sobre DD.HH. de las v\u00edctimas de la trata de personas especialmente mujeres, ni\u00f1os, ni\u00f1as -","isPartOf":{"@id":"http:\/\/www.defensoria.gob.ve\/#website"},"primaryImageOfPage":{"@id":"http:\/\/www.defensoria.gob.ve\/?p=2529#primaryimage"},"image":{"@id":"http:\/\/www.defensoria.gob.ve\/?p=2529#primaryimage"},"thumbnailUrl":"http:\/\/www.defensoria.gob.ve\/wp-content\/uploads\/2023\/11\/42146229-c9a5-4ab4-85dd-5caf30da1c0a.jpg","datePublished":"2023-11-06T14:45:22+00:00","dateModified":"2023-11-06T19:56:14+00:00","author":{"@id":"http:\/\/www.defensoria.gob.ve\/#\/schema\/person\/fba14293189d7b1933ac7fba9d89e24a"},"breadcrumb":{"@id":"http:\/\/www.defensoria.gob.ve\/?p=2529#breadcrumb"},"inLanguage":"es","potentialAction":[{"@type":"ReadAction","target":["http:\/\/www.defensoria.gob.ve\/?p=2529"]}]},{"@type":"ImageObject","inLanguage":"es","@id":"http:\/\/www.defensoria.gob.ve\/?p=2529#primaryimage","url":"http:\/\/www.defensoria.gob.ve\/wp-content\/uploads\/2023\/11\/42146229-c9a5-4ab4-85dd-5caf30da1c0a.jpg","contentUrl":"http:\/\/www.defensoria.gob.ve\/wp-content\/uploads\/2023\/11\/42146229-c9a5-4ab4-85dd-5caf30da1c0a.jpg","width":1000,"height":563},{"@type":"BreadcrumbList","@id":"http:\/\/www.defensoria.gob.ve\/?p=2529#breadcrumb","itemListElement":[{"@type":"ListItem","position":1,"name":"Portada","item":"http:\/\/www.defensoria.gob.ve\/"},{"@type":"ListItem","position":2,"name":"Defensor\u00eda del Pueblo dict\u00f3 un taller sobre DD.HH. de las v\u00edctimas de la trata de personas especialmente mujeres, ni\u00f1os, ni\u00f1as"}]},{"@type":"WebSite","@id":"http:\/\/www.defensoria.gob.ve\/#website","url":"http:\/\/www.defensoria.gob.ve\/","name":"","description":"Instituci\u00f3n del Poder Ciudadano para la Promoci\u00f3n, Defensa y Vigilancia de los Derechos Humanos. ","potentialAction":[{"@type":"SearchAction","target":{"@type":"EntryPoint","urlTemplate":"http:\/\/www.defensoria.gob.ve\/?s={search_term_string}"},"query-input":{"@type":"PropertyValueSpecification","valueRequired":true,"valueName":"search_term_string"}}],"inLanguage":"es"},{"@type":"Person","@id":"http:\/\/www.defensoria.gob.ve\/#\/schema\/person\/fba14293189d7b1933ac7fba9d89e24a","name":"JC.","image":{"@type":"ImageObject","inLanguage":"es","@id":"https:\/\/secure.gravatar.com\/avatar\/f398a4de948606b38f0299d90ca738c674b648694bc725ed46503c240269dbf8?s=96&d=mm&r=g","url":"https:\/\/secure.gravatar.com\/avatar\/f398a4de948606b38f0299d90ca738c674b648694bc725ed46503c240269dbf8?s=96&d=mm&r=g","contentUrl":"https:\/\/secure.gravatar.com\/avatar\/f398a4de948606b38f0299d90ca738c674b648694bc725ed46503c240269dbf8?s=96&d=mm&r=g","caption":"JC."},"url":"http:\/\/www.defensoria.gob.ve\/?author=5"}]}},"_links":{"self":[{"href":"http:\/\/www.defensoria.gob.ve\/index.php?rest_route=\/wp\/v2\/posts\/2529","targetHints":{"allow":["GET"]}}],"collection":[{"href":"http:\/\/www.defensoria.gob.ve\/index.php?rest_route=\/wp\/v2\/posts"}],"about":[{"href":"http:\/\/www.defensoria.gob.ve\/index.php?rest_route=\/wp\/v2\/types\/post"}],"author":[{"embeddable":true,"href":"http:\/\/www.defensoria.gob.ve\/index.php?rest_route=\/wp\/v2\/users\/5"}],"replies":[{"embeddable":true,"href":"http:\/\/www.defensoria.gob.ve\/index.php?rest_route=%2Fwp%2Fv2%2Fcomments&post=2529"}],"version-history":[{"count":10,"href":"http:\/\/www.defensoria.gob.ve\/index.php?rest_route=\/wp\/v2\/posts\/2529\/revisions"}],"predecessor-version":[{"id":2548,"href":"http:\/\/www.defensoria.gob.ve\/index.php?rest_route=\/wp\/v2\/posts\/2529\/revisions\/2548"}],"wp:featuredmedia":[{"embeddable":true,"href":"http:\/\/www.defensoria.gob.ve\/index.php?rest_route=\/wp\/v2\/media\/2531"}],"wp:attachment":[{"href":"http:\/\/www.defensoria.gob.ve\/index.php?rest_route=%2Fwp%2Fv2%2Fmedia&parent=2529"}],"wp:term":[{"taxonomy":"category","embeddable":true,"href":"http:\/\/www.defensoria.gob.ve\/index.php?rest_route=%2Fwp%2Fv2%2Fcategories&post=2529"},{"taxonomy":"post_tag","embeddable":true,"href":"http:\/\/www.defensoria.gob.ve\/index.php?rest_route=%2Fwp%2Fv2%2Ftags&post=2529"}],"curies":[{"name":"wp","href":"https:\/\/api.w.org\/{rel}","templated":true}]}}