 
{"id":2566,"date":"2023-11-07T12:26:21","date_gmt":"2023-11-07T16:26:21","guid":{"rendered":"http:\/\/www.defensoria.gob.ve\/?p=2566"},"modified":"2023-11-07T12:26:57","modified_gmt":"2023-11-07T16:26:57","slug":"defensor-del-pueblo-entrega-certificados-de-los-diplomados-dd-hh-de-campesinos-y-campesinas-y-nna","status":"publish","type":"post","link":"http:\/\/www.defensoria.gob.ve\/?p=2566","title":{"rendered":"Defensor del Pueblo entrega certificados de los diplomados DD.HH. de campesinos y campesinas y NNA"},"content":{"rendered":"\t\t<div data-elementor-type=\"wp-post\" data-elementor-id=\"2566\" class=\"elementor elementor-2566\">\n\t\t\t\t\t\t<section class=\"elementor-section elementor-top-section elementor-element elementor-element-3aa013b5 elementor-section-boxed elementor-section-height-default elementor-section-height-default\" data-id=\"3aa013b5\" data-element_type=\"section\" data-e-type=\"section\">\n\t\t\t\t\t\t<div class=\"elementor-container elementor-column-gap-default\">\n\t\t\t\t\t<div class=\"elementor-column elementor-col-100 elementor-top-column elementor-element elementor-element-6480a4bb\" data-id=\"6480a4bb\" data-element_type=\"column\" data-e-type=\"column\">\n\t\t\t<div class=\"elementor-widget-wrap elementor-element-populated\">\n\t\t\t\t\t\t<div class=\"elementor-element elementor-element-1df0fb2d elementor-widget elementor-widget-text-editor\" data-id=\"1df0fb2d\" data-element_type=\"widget\" data-e-type=\"widget\" data-widget_type=\"text-editor.default\">\n\t\t\t\t<div class=\"elementor-widget-container\">\n\t\t\t\t\t\t\t\t\t\n<p><strong>(03-Nov-2023<\/strong>) El Defensor del Pueblo, Alfredo Ruiz Angulo, continuando con su labor de formaci\u00f3n en derechos humanos, este viernes asisti\u00f3 junto con el Defensor Delegado de Gu\u00e1rico, Juan Sierra Abreu, al acto de entrega de los certificados a los graduandos y graduandas de los Diplomados: Derechos Humanos de los Campesinos y Campesinas, y DD.HH. de los Ni\u00f1os, Ni\u00f1as y Adolescentes (NNA), que se llev\u00f3 a cabo en San Juan de Los Morros.<\/p>\n\n\n\n<p>La actividad se escenific\u00f3 en el sal\u00f3n Juan Germ\u00e1n Roscio Nieves del Consejo Legislativo de la entidad y cont\u00f3 con la asistencia del Gobernador de Gu\u00e1rico, Jos\u00e9 Manuel V\u00e1squez Arang\u00faren, adem\u00e1s de Jhosnel Peraza, Contralor General de la Rep\u00fablica Bolivariana de Venezuela; Maite Garc\u00eda, legisladora de la Asamblea Nacional y otras autoridades regionales presentes.<\/p>\n\n\n\n<p>Es importante destacar que en el Diplomado Derechos Humanos de los Campesinos y Campesinas fueron 24 los graduandos y las graduandas que recibieron sus respectivos certificados, mientras que en el de Derechos humanos de los Ni\u00f1os, Ni\u00f1as y Adolescentes recibieron su diploma 28 participantes, quienes ahora ser\u00e1n multiplicadores de esta valiosa experiencia y formaci\u00f3n en estos temas de gran trascendencia para la regi\u00f3n.<\/p>\n\n\n\n<figure class=\"wp-block-image size-full\"><img fetchpriority=\"high\" decoding=\"async\" width=\"800\" height=\"445\" src=\"http:\/\/www.defensoria.gob.ve\/wp-content\/uploads\/2023\/11\/da289d22-4360-4885-9d3d-cccc0ec9e84c-800x445-1.jpg\" alt=\"\" class=\"wp-image-2567\" srcset=\"http:\/\/www.defensoria.gob.ve\/wp-content\/uploads\/2023\/11\/da289d22-4360-4885-9d3d-cccc0ec9e84c-800x445-1.jpg 800w, http:\/\/www.defensoria.gob.ve\/wp-content\/uploads\/2023\/11\/da289d22-4360-4885-9d3d-cccc0ec9e84c-800x445-1-300x167.jpg 300w, http:\/\/www.defensoria.gob.ve\/wp-content\/uploads\/2023\/11\/da289d22-4360-4885-9d3d-cccc0ec9e84c-800x445-1-768x427.jpg 768w\" sizes=\"(max-width: 800px) 100vw, 800px\" \/><\/figure>\n\n\n\n<p>Esta iniciativa es llevada a cabo por la Defensor\u00eda Delegada de Gu\u00e1rico con el apoyo conjunto de la Direcci\u00f3n General de Promoci\u00f3n y Divulgaci\u00f3n de los DD.HH. y la Escuela Nacional de Derechos Humanos la cual responde a la necesidad de combatir y romper paradigmas sociales, para que los ciudadanos y ciudadanas tengan las herramientas necesarias para defenderse contra cualquier tipo de discriminaci\u00f3n y\/o de violaci\u00f3n de sus derechos humanos, abordadas desde una perspectiva cr\u00edtica y liberadora.<\/p>\n\n\n\n<p>El cierre del evento estuvo a cargo de la Orquesta T\u00f3pica Miguel Soublette, quien deleit\u00f3 a los presentes con un espl\u00e9ndido repertorio musical. <\/p>\n\n\n\n<p><strong>Reconocimientos recibidos<\/strong><\/p>\n\n\n\n<p>En el marco de esta actividad, el Defensor del Pueblo recibi\u00f3 los siguientes reconocimientos:<\/p>\n\n\n\n<p>Rep\u00fablica Bolivariana de Venezuela Contralor\u00eda General de la Rep\u00fablica<\/p>\n\n\n\n<p>El Contralor General de la Rep\u00fablica, previo al voto favorable del Comit\u00e9 Evaluador, confiere el Reconocimiento y Medalla en su Segunda Clase \u00a8Dr. Clodosbaldo Russi\u00e1n\u201d a: Alfredo Ru\u00edz Defensor del Pueblo, por su destacada y valiosa trayectoria en cargos de alto nivel, as\u00ed como su convicci\u00f3n de servir al pa\u00eds con profesionalismo, \u00e9tica, disciplina y decoro, actuando con firmeza para cumplir con m\u00e1xima eficiencia los objetivos guiados a promover la gesti\u00f3n contralora.<\/p>\n\n\n\n<p>Rep\u00fablica Bolivariana de Venezuela Estado Bolivariano de Gu\u00e1rico. Contralor\u00eda del Estado Bolivariano de Gu\u00e1rico. Otorga el presente:<\/p>\n\n\n\n<p>Orden al M\u00e9rito \u201cDr. Clodosbaldo Russi\u00e1n Uzc\u00e1tegui\u201d en su Primera Clase a: Dr. Alfredo Jos\u00e9 Ru\u00edz Angulo, Defensor del Pueblo de la Rep\u00fablica Bolivariana de Venezuela, por su disposici\u00f3n de servir en la Defensa de los Derechos y Garant\u00edas Constitucionales a fin de preservar el estado Democr\u00e1tico y social de Derecho y de Justicia. San Juan de los Morros, octubre 2023.<\/p>\n\n\n\n<p>Rep\u00fablica Bolivariana de Venezuela Estado Bolivariano de Gu\u00e1rico. Estudiantes de la 2da cohorte del Diplomado de Derechos Humanos de Ni\u00f1os, Ni\u00f1as y Adolescentes. Otorga el presente reconocimiento a Dr. Alfredo Ru\u00edz Angulo, Defensor del Pueblo de la Rep\u00fablica Bolivariana de Venezuela, por su compromiso con la Defensa de los Derechos Humanos de nuestros Ni\u00f1os, Ni\u00f1as Y Adolescentes por el estado Democr\u00e1tico Social de Derechos y de Justicia en nuestro estado Bolivariano de Gu\u00e1rico. San Juan de los Morros, noviembre 2023.<\/p>\n\n\n\n<p>Rep\u00fablica Bolivariana de Venezuela Estado Bolivariano de Gu\u00e1rico. Consejo Legislativo del Estado Bolivariano de Gu\u00e1rico. Otorga el Reconocimiento a: Dr. Alfredo Ruiz Angulo, Defensor del Pueblo de la Rep\u00fablica Bolivariana de Venezuela Por su compromiso en la defensa de los Derechos Humanos, por el estado Democr\u00e1tico y Social de Derecho y de Justicia, y por la Defensa de la Soberan\u00eda sobre la Guayana Esequiba como Territorio indiscutible venezolano. San Juan de los Morros, noviembre 2023.<\/p>\n\n\n\n<p><strong>FIN\/ PRENSA Defensor\u00eda<\/strong><\/p>\n\t\t\t\t\t\t\t\t<\/div>\n\t\t\t\t<\/div>\n\t\t\t\t\t<\/div>\n\t\t<\/div>\n\t\t\t\t\t<\/div>\n\t\t<\/section>\n\t\t\t\t<\/div>\n\t\t","protected":false},"excerpt":{"rendered":"<p>(03-Nov-2023) El Defensor del Pueblo, Alfredo Ruiz Angulo, continuando con su labor de formaci\u00f3n en derechos humanos, este viernes asisti\u00f3 junto con el Defensor Delegado de Gu\u00e1rico, Juan Sierra Abreu,&hellip; <\/p>\n","protected":false},"author":5,"featured_media":2521,"comment_status":"closed","ping_status":"closed","sticky":false,"template":"","format":"standard","meta":{"footnotes":""},"categories":[3],"tags":[],"class_list":["post-2566","post","type-post","status-publish","format-standard","has-post-thumbnail","hentry","category-centrales"],"yoast_head":"<!-- This site is optimized with the Yoast SEO plugin v27.4 - https:\/\/yoast.com\/product\/yoast-seo-wordpress\/ -->\n<title>Defensor del Pueblo entrega certificados de los diplomados DD.HH. de campesinos y campesinas y NNA -<\/title>\n<meta name=\"robots\" content=\"index, follow, max-snippet:-1, max-image-preview:large, max-video-preview:-1\" \/>\n<link rel=\"canonical\" href=\"http:\/\/www.defensoria.gob.ve\/?p=2566\" \/>\n<meta property=\"og:locale\" content=\"es_ES\" \/>\n<meta property=\"og:type\" content=\"article\" \/>\n<meta property=\"og:title\" content=\"Defensor del Pueblo entrega certificados de los diplomados DD.HH. de campesinos y campesinas y NNA -\" \/>\n<meta property=\"og:description\" content=\"(03-Nov-2023) El Defensor del Pueblo, Alfredo Ruiz Angulo, continuando con su labor de formaci\u00f3n en derechos humanos, este viernes asisti\u00f3 junto con el Defensor Delegado de Gu\u00e1rico, Juan Sierra Abreu,&hellip;\" \/>\n<meta property=\"og:url\" content=\"http:\/\/www.defensoria.gob.ve\/?p=2566\" \/>\n<meta property=\"article:published_time\" content=\"2023-11-07T16:26:21+00:00\" \/>\n<meta property=\"article:modified_time\" content=\"2023-11-07T16:26:57+00:00\" \/>\n<meta property=\"og:image\" content=\"http:\/\/www.defensoria.gob.ve\/wp-content\/uploads\/2023\/11\/506f5d84-347b-409b-a377-fc23b6f19a57-1.jpg\" \/>\n\t<meta property=\"og:image:width\" content=\"960\" \/>\n\t<meta property=\"og:image:height\" content=\"640\" \/>\n\t<meta property=\"og:image:type\" content=\"image\/jpeg\" \/>\n<meta name=\"author\" content=\"JC.\" \/>\n<meta name=\"twitter:card\" content=\"summary_large_image\" \/>\n<meta name=\"twitter:label1\" content=\"Escrito por\" \/>\n\t<meta name=\"twitter:data1\" content=\"JC.\" \/>\n\t<meta name=\"twitter:label2\" content=\"Tiempo estimado de lectura\" \/>\n\t<meta name=\"twitter:data2\" content=\"4 minutos\" \/>\n<script type=\"application\/ld+json\" class=\"yoast-schema-graph\">{\"@context\":\"https:\\\/\\\/schema.org\",\"@graph\":[{\"@type\":\"Article\",\"@id\":\"http:\\\/\\\/www.defensoria.gob.ve\\\/?p=2566#article\",\"isPartOf\":{\"@id\":\"http:\\\/\\\/www.defensoria.gob.ve\\\/?p=2566\"},\"author\":{\"name\":\"JC.\",\"@id\":\"http:\\\/\\\/www.defensoria.gob.ve\\\/#\\\/schema\\\/person\\\/fba14293189d7b1933ac7fba9d89e24a\"},\"headline\":\"Defensor del Pueblo entrega certificados de los diplomados DD.HH. de campesinos y campesinas y NNA\",\"datePublished\":\"2023-11-07T16:26:21+00:00\",\"dateModified\":\"2023-11-07T16:26:57+00:00\",\"mainEntityOfPage\":{\"@id\":\"http:\\\/\\\/www.defensoria.gob.ve\\\/?p=2566\"},\"wordCount\":702,\"image\":{\"@id\":\"http:\\\/\\\/www.defensoria.gob.ve\\\/?p=2566#primaryimage\"},\"thumbnailUrl\":\"http:\\\/\\\/www.defensoria.gob.ve\\\/wp-content\\\/uploads\\\/2023\\\/11\\\/506f5d84-347b-409b-a377-fc23b6f19a57-1.jpg\",\"articleSection\":[\"CENTRALES\"],\"inLanguage\":\"es\"},{\"@type\":\"WebPage\",\"@id\":\"http:\\\/\\\/www.defensoria.gob.ve\\\/?p=2566\",\"url\":\"http:\\\/\\\/www.defensoria.gob.ve\\\/?p=2566\",\"name\":\"Defensor del Pueblo entrega certificados de los diplomados DD.HH. de campesinos y campesinas y NNA -\",\"isPartOf\":{\"@id\":\"http:\\\/\\\/www.defensoria.gob.ve\\\/#website\"},\"primaryImageOfPage\":{\"@id\":\"http:\\\/\\\/www.defensoria.gob.ve\\\/?p=2566#primaryimage\"},\"image\":{\"@id\":\"http:\\\/\\\/www.defensoria.gob.ve\\\/?p=2566#primaryimage\"},\"thumbnailUrl\":\"http:\\\/\\\/www.defensoria.gob.ve\\\/wp-content\\\/uploads\\\/2023\\\/11\\\/506f5d84-347b-409b-a377-fc23b6f19a57-1.jpg\",\"datePublished\":\"2023-11-07T16:26:21+00:00\",\"dateModified\":\"2023-11-07T16:26:57+00:00\",\"author\":{\"@id\":\"http:\\\/\\\/www.defensoria.gob.ve\\\/#\\\/schema\\\/person\\\/fba14293189d7b1933ac7fba9d89e24a\"},\"breadcrumb\":{\"@id\":\"http:\\\/\\\/www.defensoria.gob.ve\\\/?p=2566#breadcrumb\"},\"inLanguage\":\"es\",\"potentialAction\":[{\"@type\":\"ReadAction\",\"target\":[\"http:\\\/\\\/www.defensoria.gob.ve\\\/?p=2566\"]}]},{\"@type\":\"ImageObject\",\"inLanguage\":\"es\",\"@id\":\"http:\\\/\\\/www.defensoria.gob.ve\\\/?p=2566#primaryimage\",\"url\":\"http:\\\/\\\/www.defensoria.gob.ve\\\/wp-content\\\/uploads\\\/2023\\\/11\\\/506f5d84-347b-409b-a377-fc23b6f19a57-1.jpg\",\"contentUrl\":\"http:\\\/\\\/www.defensoria.gob.ve\\\/wp-content\\\/uploads\\\/2023\\\/11\\\/506f5d84-347b-409b-a377-fc23b6f19a57-1.jpg\",\"width\":960,\"height\":640},{\"@type\":\"BreadcrumbList\",\"@id\":\"http:\\\/\\\/www.defensoria.gob.ve\\\/?p=2566#breadcrumb\",\"itemListElement\":[{\"@type\":\"ListItem\",\"position\":1,\"name\":\"Portada\",\"item\":\"http:\\\/\\\/www.defensoria.gob.ve\\\/\"},{\"@type\":\"ListItem\",\"position\":2,\"name\":\"Defensor del Pueblo entrega certificados de los diplomados DD.HH. de campesinos y campesinas y NNA\"}]},{\"@type\":\"WebSite\",\"@id\":\"http:\\\/\\\/www.defensoria.gob.ve\\\/#website\",\"url\":\"http:\\\/\\\/www.defensoria.gob.ve\\\/\",\"name\":\"\",\"description\":\"Instituci\u00f3n del Poder Ciudadano para la Promoci\u00f3n, Defensa y Vigilancia de los Derechos Humanos. \",\"potentialAction\":[{\"@type\":\"SearchAction\",\"target\":{\"@type\":\"EntryPoint\",\"urlTemplate\":\"http:\\\/\\\/www.defensoria.gob.ve\\\/?s={search_term_string}\"},\"query-input\":{\"@type\":\"PropertyValueSpecification\",\"valueRequired\":true,\"valueName\":\"search_term_string\"}}],\"inLanguage\":\"es\"},{\"@type\":\"Person\",\"@id\":\"http:\\\/\\\/www.defensoria.gob.ve\\\/#\\\/schema\\\/person\\\/fba14293189d7b1933ac7fba9d89e24a\",\"name\":\"JC.\",\"image\":{\"@type\":\"ImageObject\",\"inLanguage\":\"es\",\"@id\":\"https:\\\/\\\/secure.gravatar.com\\\/avatar\\\/f398a4de948606b38f0299d90ca738c674b648694bc725ed46503c240269dbf8?s=96&d=mm&r=g\",\"url\":\"https:\\\/\\\/secure.gravatar.com\\\/avatar\\\/f398a4de948606b38f0299d90ca738c674b648694bc725ed46503c240269dbf8?s=96&d=mm&r=g\",\"contentUrl\":\"https:\\\/\\\/secure.gravatar.com\\\/avatar\\\/f398a4de948606b38f0299d90ca738c674b648694bc725ed46503c240269dbf8?s=96&d=mm&r=g\",\"caption\":\"JC.\"},\"url\":\"http:\\\/\\\/www.defensoria.gob.ve\\\/?author=5\"}]}<\/script>\n<!-- \/ Yoast SEO plugin. -->","yoast_head_json":{"title":"Defensor del Pueblo entrega certificados de los diplomados DD.HH. de campesinos y campesinas y NNA -","robots":{"index":"index","follow":"follow","max-snippet":"max-snippet:-1","max-image-preview":"max-image-preview:large","max-video-preview":"max-video-preview:-1"},"canonical":"http:\/\/www.defensoria.gob.ve\/?p=2566","og_locale":"es_ES","og_type":"article","og_title":"Defensor del Pueblo entrega certificados de los diplomados DD.HH. de campesinos y campesinas y NNA -","og_description":"(03-Nov-2023) El Defensor del Pueblo, Alfredo Ruiz Angulo, continuando con su labor de formaci\u00f3n en derechos humanos, este viernes asisti\u00f3 junto con el Defensor Delegado de Gu\u00e1rico, Juan Sierra Abreu,&hellip;","og_url":"http:\/\/www.defensoria.gob.ve\/?p=2566","article_published_time":"2023-11-07T16:26:21+00:00","article_modified_time":"2023-11-07T16:26:57+00:00","og_image":[{"width":960,"height":640,"url":"http:\/\/www.defensoria.gob.ve\/wp-content\/uploads\/2023\/11\/506f5d84-347b-409b-a377-fc23b6f19a57-1.jpg","type":"image\/jpeg"}],"author":"JC.","twitter_card":"summary_large_image","twitter_misc":{"Escrito por":"JC.","Tiempo estimado de lectura":"4 minutos"},"schema":{"@context":"https:\/\/schema.org","@graph":[{"@type":"Article","@id":"http:\/\/www.defensoria.gob.ve\/?p=2566#article","isPartOf":{"@id":"http:\/\/www.defensoria.gob.ve\/?p=2566"},"author":{"name":"JC.","@id":"http:\/\/www.defensoria.gob.ve\/#\/schema\/person\/fba14293189d7b1933ac7fba9d89e24a"},"headline":"Defensor del Pueblo entrega certificados de los diplomados DD.HH. de campesinos y campesinas y NNA","datePublished":"2023-11-07T16:26:21+00:00","dateModified":"2023-11-07T16:26:57+00:00","mainEntityOfPage":{"@id":"http:\/\/www.defensoria.gob.ve\/?p=2566"},"wordCount":702,"image":{"@id":"http:\/\/www.defensoria.gob.ve\/?p=2566#primaryimage"},"thumbnailUrl":"http:\/\/www.defensoria.gob.ve\/wp-content\/uploads\/2023\/11\/506f5d84-347b-409b-a377-fc23b6f19a57-1.jpg","articleSection":["CENTRALES"],"inLanguage":"es"},{"@type":"WebPage","@id":"http:\/\/www.defensoria.gob.ve\/?p=2566","url":"http:\/\/www.defensoria.gob.ve\/?p=2566","name":"Defensor del Pueblo entrega certificados de los diplomados DD.HH. de campesinos y campesinas y NNA -","isPartOf":{"@id":"http:\/\/www.defensoria.gob.ve\/#website"},"primaryImageOfPage":{"@id":"http:\/\/www.defensoria.gob.ve\/?p=2566#primaryimage"},"image":{"@id":"http:\/\/www.defensoria.gob.ve\/?p=2566#primaryimage"},"thumbnailUrl":"http:\/\/www.defensoria.gob.ve\/wp-content\/uploads\/2023\/11\/506f5d84-347b-409b-a377-fc23b6f19a57-1.jpg","datePublished":"2023-11-07T16:26:21+00:00","dateModified":"2023-11-07T16:26:57+00:00","author":{"@id":"http:\/\/www.defensoria.gob.ve\/#\/schema\/person\/fba14293189d7b1933ac7fba9d89e24a"},"breadcrumb":{"@id":"http:\/\/www.defensoria.gob.ve\/?p=2566#breadcrumb"},"inLanguage":"es","potentialAction":[{"@type":"ReadAction","target":["http:\/\/www.defensoria.gob.ve\/?p=2566"]}]},{"@type":"ImageObject","inLanguage":"es","@id":"http:\/\/www.defensoria.gob.ve\/?p=2566#primaryimage","url":"http:\/\/www.defensoria.gob.ve\/wp-content\/uploads\/2023\/11\/506f5d84-347b-409b-a377-fc23b6f19a57-1.jpg","contentUrl":"http:\/\/www.defensoria.gob.ve\/wp-content\/uploads\/2023\/11\/506f5d84-347b-409b-a377-fc23b6f19a57-1.jpg","width":960,"height":640},{"@type":"BreadcrumbList","@id":"http:\/\/www.defensoria.gob.ve\/?p=2566#breadcrumb","itemListElement":[{"@type":"ListItem","position":1,"name":"Portada","item":"http:\/\/www.defensoria.gob.ve\/"},{"@type":"ListItem","position":2,"name":"Defensor del Pueblo entrega certificados de los diplomados DD.HH. de campesinos y campesinas y NNA"}]},{"@type":"WebSite","@id":"http:\/\/www.defensoria.gob.ve\/#website","url":"http:\/\/www.defensoria.gob.ve\/","name":"","description":"Instituci\u00f3n del Poder Ciudadano para la Promoci\u00f3n, Defensa y Vigilancia de los Derechos Humanos. ","potentialAction":[{"@type":"SearchAction","target":{"@type":"EntryPoint","urlTemplate":"http:\/\/www.defensoria.gob.ve\/?s={search_term_string}"},"query-input":{"@type":"PropertyValueSpecification","valueRequired":true,"valueName":"search_term_string"}}],"inLanguage":"es"},{"@type":"Person","@id":"http:\/\/www.defensoria.gob.ve\/#\/schema\/person\/fba14293189d7b1933ac7fba9d89e24a","name":"JC.","image":{"@type":"ImageObject","inLanguage":"es","@id":"https:\/\/secure.gravatar.com\/avatar\/f398a4de948606b38f0299d90ca738c674b648694bc725ed46503c240269dbf8?s=96&d=mm&r=g","url":"https:\/\/secure.gravatar.com\/avatar\/f398a4de948606b38f0299d90ca738c674b648694bc725ed46503c240269dbf8?s=96&d=mm&r=g","contentUrl":"https:\/\/secure.gravatar.com\/avatar\/f398a4de948606b38f0299d90ca738c674b648694bc725ed46503c240269dbf8?s=96&d=mm&r=g","caption":"JC."},"url":"http:\/\/www.defensoria.gob.ve\/?author=5"}]}},"_links":{"self":[{"href":"http:\/\/www.defensoria.gob.ve\/index.php?rest_route=\/wp\/v2\/posts\/2566","targetHints":{"allow":["GET"]}}],"collection":[{"href":"http:\/\/www.defensoria.gob.ve\/index.php?rest_route=\/wp\/v2\/posts"}],"about":[{"href":"http:\/\/www.defensoria.gob.ve\/index.php?rest_route=\/wp\/v2\/types\/post"}],"author":[{"embeddable":true,"href":"http:\/\/www.defensoria.gob.ve\/index.php?rest_route=\/wp\/v2\/users\/5"}],"replies":[{"embeddable":true,"href":"http:\/\/www.defensoria.gob.ve\/index.php?rest_route=%2Fwp%2Fv2%2Fcomments&post=2566"}],"version-history":[{"count":4,"href":"http:\/\/www.defensoria.gob.ve\/index.php?rest_route=\/wp\/v2\/posts\/2566\/revisions"}],"predecessor-version":[{"id":2571,"href":"http:\/\/www.defensoria.gob.ve\/index.php?rest_route=\/wp\/v2\/posts\/2566\/revisions\/2571"}],"wp:featuredmedia":[{"embeddable":true,"href":"http:\/\/www.defensoria.gob.ve\/index.php?rest_route=\/wp\/v2\/media\/2521"}],"wp:attachment":[{"href":"http:\/\/www.defensoria.gob.ve\/index.php?rest_route=%2Fwp%2Fv2%2Fmedia&parent=2566"}],"wp:term":[{"taxonomy":"category","embeddable":true,"href":"http:\/\/www.defensoria.gob.ve\/index.php?rest_route=%2Fwp%2Fv2%2Fcategories&post=2566"},{"taxonomy":"post_tag","embeddable":true,"href":"http:\/\/www.defensoria.gob.ve\/index.php?rest_route=%2Fwp%2Fv2%2Ftags&post=2566"}],"curies":[{"name":"wp","href":"https:\/\/api.w.org\/{rel}","templated":true}]}}