 
{"id":2572,"date":"2023-11-09T15:13:43","date_gmt":"2023-11-09T19:13:43","guid":{"rendered":"http:\/\/www.defensoria.gob.ve\/?p=2572"},"modified":"2023-11-09T15:15:01","modified_gmt":"2023-11-09T19:15:01","slug":"defensoria-delegada-tachira-brindo-asistencia-juridica-en-jornada-de-asistencia-social","status":"publish","type":"post","link":"http:\/\/www.defensoria.gob.ve\/?p=2572","title":{"rendered":"Defensor\u00eda Delegada T\u00e1chira brind\u00f3 asistencia jur\u00eddica en jornada de asistencia social"},"content":{"rendered":"\t\t<div data-elementor-type=\"wp-post\" data-elementor-id=\"2572\" class=\"elementor elementor-2572\">\n\t\t\t\t\t\t<section class=\"elementor-section elementor-top-section elementor-element elementor-element-422ebfe elementor-section-boxed elementor-section-height-default elementor-section-height-default\" data-id=\"422ebfe\" data-element_type=\"section\" data-e-type=\"section\">\n\t\t\t\t\t\t<div class=\"elementor-container elementor-column-gap-default\">\n\t\t\t\t\t<div class=\"elementor-column elementor-col-100 elementor-top-column elementor-element elementor-element-5bef0bc9\" data-id=\"5bef0bc9\" data-element_type=\"column\" data-e-type=\"column\">\n\t\t\t<div class=\"elementor-widget-wrap elementor-element-populated\">\n\t\t\t\t\t\t<div class=\"elementor-element elementor-element-447c2c4d elementor-widget elementor-widget-text-editor\" data-id=\"447c2c4d\" data-element_type=\"widget\" data-e-type=\"widget\" data-widget_type=\"text-editor.default\">\n\t\t\t\t<div class=\"elementor-widget-container\">\n\t\t\t\t\t\t\t\t\t\n<p><strong>(T\u00e1chira\/09-11-2023)<\/strong> La Defensor\u00eda Delegada de T\u00e1chira brind\u00f3 asistencia jur\u00eddica en una jornada social integral n\u00famero 50, que se efectu\u00f3 en el sector La Blanca, v\u00eda carretera Panamericana, donde fueron atendidas m\u00e1s de 600 personas.<\/p>\n\n\n\n<p>Las atenciones que se dieron a las comunidades abarcaron desde la medicina general, pediatr\u00eda, odontolog\u00eda, entrega de sillas de ruedas e insumos m\u00e9dicos, as\u00ed como servidores y servidoras de la Defensor\u00eda del Pueblo brindaron asistencia jur\u00eddica en materia de derechos humanos.<\/p>\n\n\n\n<figure class=\"wp-block-image size-full\"><img fetchpriority=\"high\" decoding=\"async\" width=\"751\" height=\"629\" src=\"http:\/\/www.defensoria.gob.ve\/wp-content\/uploads\/2023\/11\/cvwegtgey.png\" alt=\"\" class=\"wp-image-2573\" srcset=\"http:\/\/www.defensoria.gob.ve\/wp-content\/uploads\/2023\/11\/cvwegtgey.png 751w, http:\/\/www.defensoria.gob.ve\/wp-content\/uploads\/2023\/11\/cvwegtgey-300x251.png 300w\" sizes=\"(max-width: 751px) 100vw, 751px\" \/><\/figure>\n\n\n\n<p>Asimismo, funcionarios y funcionarias de la Zona Educativa T\u00e1chira; el Instituto del Deporte Tachirense; Fundes; Misi\u00f3n Nevado; Misi\u00f3n Jos\u00e9 Gregorio Hern\u00e1ndez; Somos Venezuela; Inces; FarmaPatria; Pdval; Convenio Cuba Venezuela y Loter\u00eda del T\u00e1chira, prestaron sus servicios a las ciudadanas y ciudadanos de la entidad.<\/p>\n\n\n\n<p>Es as\u00ed como la Instituci\u00f3n Regional de DD.HH. se mantiene cumpliendo sus atribuciones constitucionales. <strong>FIN \/ PRENSA Defensor\u00eda<\/strong><\/p>\n\t\t\t\t\t\t\t\t<\/div>\n\t\t\t\t<\/div>\n\t\t\t\t\t<\/div>\n\t\t<\/div>\n\t\t\t\t\t<\/div>\n\t\t<\/section>\n\t\t\t\t<\/div>\n\t\t","protected":false},"excerpt":{"rendered":"<p>(T\u00e1chira\/09-11-2023) La Defensor\u00eda Delegada de T\u00e1chira brind\u00f3 asistencia jur\u00eddica en una jornada social integral n\u00famero 50, que se efectu\u00f3 en el sector La Blanca, v\u00eda carretera Panamericana, donde fueron atendidas&hellip; <\/p>\n","protected":false},"author":5,"featured_media":2574,"comment_status":"closed","ping_status":"closed","sticky":false,"template":"","format":"standard","meta":{"footnotes":""},"categories":[5],"tags":[],"class_list":["post-2572","post","type-post","status-publish","format-standard","has-post-thumbnail","hentry","category-regionales"],"yoast_head":"<!-- This site is optimized with the Yoast SEO plugin v27.4 - https:\/\/yoast.com\/product\/yoast-seo-wordpress\/ -->\n<title>Defensor\u00eda Delegada T\u00e1chira brind\u00f3 asistencia jur\u00eddica en jornada de asistencia social -<\/title>\n<meta name=\"robots\" content=\"index, follow, max-snippet:-1, max-image-preview:large, max-video-preview:-1\" \/>\n<link rel=\"canonical\" href=\"http:\/\/www.defensoria.gob.ve\/?p=2572\" \/>\n<meta property=\"og:locale\" content=\"es_ES\" \/>\n<meta property=\"og:type\" content=\"article\" \/>\n<meta property=\"og:title\" content=\"Defensor\u00eda Delegada T\u00e1chira brind\u00f3 asistencia jur\u00eddica en jornada de asistencia social -\" \/>\n<meta property=\"og:description\" content=\"(T\u00e1chira\/09-11-2023) La Defensor\u00eda Delegada de T\u00e1chira brind\u00f3 asistencia jur\u00eddica en una jornada social integral n\u00famero 50, que se efectu\u00f3 en el sector La Blanca, v\u00eda carretera Panamericana, donde fueron atendidas&hellip;\" \/>\n<meta property=\"og:url\" content=\"http:\/\/www.defensoria.gob.ve\/?p=2572\" \/>\n<meta property=\"article:published_time\" content=\"2023-11-09T19:13:43+00:00\" \/>\n<meta property=\"article:modified_time\" content=\"2023-11-09T19:15:01+00:00\" \/>\n<meta property=\"og:image\" content=\"http:\/\/www.defensoria.gob.ve\/wp-content\/uploads\/2023\/11\/DSQRWRWRQt.png\" \/>\n\t<meta property=\"og:image:width\" content=\"823\" \/>\n\t<meta property=\"og:image:height\" content=\"637\" \/>\n\t<meta property=\"og:image:type\" content=\"image\/png\" \/>\n<meta name=\"author\" content=\"JC.\" \/>\n<meta name=\"twitter:card\" content=\"summary_large_image\" \/>\n<meta name=\"twitter:label1\" content=\"Escrito por\" \/>\n\t<meta name=\"twitter:data1\" content=\"JC.\" \/>\n\t<meta name=\"twitter:label2\" content=\"Tiempo estimado de lectura\" \/>\n\t<meta name=\"twitter:data2\" content=\"1 minuto\" \/>\n<script type=\"application\/ld+json\" class=\"yoast-schema-graph\">{\"@context\":\"https:\\\/\\\/schema.org\",\"@graph\":[{\"@type\":\"Article\",\"@id\":\"http:\\\/\\\/www.defensoria.gob.ve\\\/?p=2572#article\",\"isPartOf\":{\"@id\":\"http:\\\/\\\/www.defensoria.gob.ve\\\/?p=2572\"},\"author\":{\"name\":\"JC.\",\"@id\":\"http:\\\/\\\/www.defensoria.gob.ve\\\/#\\\/schema\\\/person\\\/fba14293189d7b1933ac7fba9d89e24a\"},\"headline\":\"Defensor\u00eda Delegada T\u00e1chira brind\u00f3 asistencia jur\u00eddica en jornada de asistencia social\",\"datePublished\":\"2023-11-09T19:13:43+00:00\",\"dateModified\":\"2023-11-09T19:15:01+00:00\",\"mainEntityOfPage\":{\"@id\":\"http:\\\/\\\/www.defensoria.gob.ve\\\/?p=2572\"},\"wordCount\":171,\"image\":{\"@id\":\"http:\\\/\\\/www.defensoria.gob.ve\\\/?p=2572#primaryimage\"},\"thumbnailUrl\":\"http:\\\/\\\/www.defensoria.gob.ve\\\/wp-content\\\/uploads\\\/2023\\\/11\\\/DSQRWRWRQt.png\",\"articleSection\":[\"REGIONALES\"],\"inLanguage\":\"es\"},{\"@type\":\"WebPage\",\"@id\":\"http:\\\/\\\/www.defensoria.gob.ve\\\/?p=2572\",\"url\":\"http:\\\/\\\/www.defensoria.gob.ve\\\/?p=2572\",\"name\":\"Defensor\u00eda Delegada T\u00e1chira brind\u00f3 asistencia jur\u00eddica en jornada de asistencia social -\",\"isPartOf\":{\"@id\":\"http:\\\/\\\/www.defensoria.gob.ve\\\/#website\"},\"primaryImageOfPage\":{\"@id\":\"http:\\\/\\\/www.defensoria.gob.ve\\\/?p=2572#primaryimage\"},\"image\":{\"@id\":\"http:\\\/\\\/www.defensoria.gob.ve\\\/?p=2572#primaryimage\"},\"thumbnailUrl\":\"http:\\\/\\\/www.defensoria.gob.ve\\\/wp-content\\\/uploads\\\/2023\\\/11\\\/DSQRWRWRQt.png\",\"datePublished\":\"2023-11-09T19:13:43+00:00\",\"dateModified\":\"2023-11-09T19:15:01+00:00\",\"author\":{\"@id\":\"http:\\\/\\\/www.defensoria.gob.ve\\\/#\\\/schema\\\/person\\\/fba14293189d7b1933ac7fba9d89e24a\"},\"breadcrumb\":{\"@id\":\"http:\\\/\\\/www.defensoria.gob.ve\\\/?p=2572#breadcrumb\"},\"inLanguage\":\"es\",\"potentialAction\":[{\"@type\":\"ReadAction\",\"target\":[\"http:\\\/\\\/www.defensoria.gob.ve\\\/?p=2572\"]}]},{\"@type\":\"ImageObject\",\"inLanguage\":\"es\",\"@id\":\"http:\\\/\\\/www.defensoria.gob.ve\\\/?p=2572#primaryimage\",\"url\":\"http:\\\/\\\/www.defensoria.gob.ve\\\/wp-content\\\/uploads\\\/2023\\\/11\\\/DSQRWRWRQt.png\",\"contentUrl\":\"http:\\\/\\\/www.defensoria.gob.ve\\\/wp-content\\\/uploads\\\/2023\\\/11\\\/DSQRWRWRQt.png\",\"width\":823,\"height\":637},{\"@type\":\"BreadcrumbList\",\"@id\":\"http:\\\/\\\/www.defensoria.gob.ve\\\/?p=2572#breadcrumb\",\"itemListElement\":[{\"@type\":\"ListItem\",\"position\":1,\"name\":\"Portada\",\"item\":\"http:\\\/\\\/www.defensoria.gob.ve\\\/\"},{\"@type\":\"ListItem\",\"position\":2,\"name\":\"Defensor\u00eda Delegada T\u00e1chira brind\u00f3 asistencia jur\u00eddica en jornada de asistencia social\"}]},{\"@type\":\"WebSite\",\"@id\":\"http:\\\/\\\/www.defensoria.gob.ve\\\/#website\",\"url\":\"http:\\\/\\\/www.defensoria.gob.ve\\\/\",\"name\":\"\",\"description\":\"Instituci\u00f3n del Poder Ciudadano para la Promoci\u00f3n, Defensa y Vigilancia de los Derechos Humanos. \",\"potentialAction\":[{\"@type\":\"SearchAction\",\"target\":{\"@type\":\"EntryPoint\",\"urlTemplate\":\"http:\\\/\\\/www.defensoria.gob.ve\\\/?s={search_term_string}\"},\"query-input\":{\"@type\":\"PropertyValueSpecification\",\"valueRequired\":true,\"valueName\":\"search_term_string\"}}],\"inLanguage\":\"es\"},{\"@type\":\"Person\",\"@id\":\"http:\\\/\\\/www.defensoria.gob.ve\\\/#\\\/schema\\\/person\\\/fba14293189d7b1933ac7fba9d89e24a\",\"name\":\"JC.\",\"image\":{\"@type\":\"ImageObject\",\"inLanguage\":\"es\",\"@id\":\"https:\\\/\\\/secure.gravatar.com\\\/avatar\\\/f398a4de948606b38f0299d90ca738c674b648694bc725ed46503c240269dbf8?s=96&d=mm&r=g\",\"url\":\"https:\\\/\\\/secure.gravatar.com\\\/avatar\\\/f398a4de948606b38f0299d90ca738c674b648694bc725ed46503c240269dbf8?s=96&d=mm&r=g\",\"contentUrl\":\"https:\\\/\\\/secure.gravatar.com\\\/avatar\\\/f398a4de948606b38f0299d90ca738c674b648694bc725ed46503c240269dbf8?s=96&d=mm&r=g\",\"caption\":\"JC.\"},\"url\":\"http:\\\/\\\/www.defensoria.gob.ve\\\/?author=5\"}]}<\/script>\n<!-- \/ Yoast SEO plugin. -->","yoast_head_json":{"title":"Defensor\u00eda Delegada T\u00e1chira brind\u00f3 asistencia jur\u00eddica en jornada de asistencia social -","robots":{"index":"index","follow":"follow","max-snippet":"max-snippet:-1","max-image-preview":"max-image-preview:large","max-video-preview":"max-video-preview:-1"},"canonical":"http:\/\/www.defensoria.gob.ve\/?p=2572","og_locale":"es_ES","og_type":"article","og_title":"Defensor\u00eda Delegada T\u00e1chira brind\u00f3 asistencia jur\u00eddica en jornada de asistencia social -","og_description":"(T\u00e1chira\/09-11-2023) La Defensor\u00eda Delegada de T\u00e1chira brind\u00f3 asistencia jur\u00eddica en una jornada social integral n\u00famero 50, que se efectu\u00f3 en el sector La Blanca, v\u00eda carretera Panamericana, donde fueron atendidas&hellip;","og_url":"http:\/\/www.defensoria.gob.ve\/?p=2572","article_published_time":"2023-11-09T19:13:43+00:00","article_modified_time":"2023-11-09T19:15:01+00:00","og_image":[{"width":823,"height":637,"url":"http:\/\/www.defensoria.gob.ve\/wp-content\/uploads\/2023\/11\/DSQRWRWRQt.png","type":"image\/png"}],"author":"JC.","twitter_card":"summary_large_image","twitter_misc":{"Escrito por":"JC.","Tiempo estimado de lectura":"1 minuto"},"schema":{"@context":"https:\/\/schema.org","@graph":[{"@type":"Article","@id":"http:\/\/www.defensoria.gob.ve\/?p=2572#article","isPartOf":{"@id":"http:\/\/www.defensoria.gob.ve\/?p=2572"},"author":{"name":"JC.","@id":"http:\/\/www.defensoria.gob.ve\/#\/schema\/person\/fba14293189d7b1933ac7fba9d89e24a"},"headline":"Defensor\u00eda Delegada T\u00e1chira brind\u00f3 asistencia jur\u00eddica en jornada de asistencia social","datePublished":"2023-11-09T19:13:43+00:00","dateModified":"2023-11-09T19:15:01+00:00","mainEntityOfPage":{"@id":"http:\/\/www.defensoria.gob.ve\/?p=2572"},"wordCount":171,"image":{"@id":"http:\/\/www.defensoria.gob.ve\/?p=2572#primaryimage"},"thumbnailUrl":"http:\/\/www.defensoria.gob.ve\/wp-content\/uploads\/2023\/11\/DSQRWRWRQt.png","articleSection":["REGIONALES"],"inLanguage":"es"},{"@type":"WebPage","@id":"http:\/\/www.defensoria.gob.ve\/?p=2572","url":"http:\/\/www.defensoria.gob.ve\/?p=2572","name":"Defensor\u00eda Delegada T\u00e1chira brind\u00f3 asistencia jur\u00eddica en jornada de asistencia social -","isPartOf":{"@id":"http:\/\/www.defensoria.gob.ve\/#website"},"primaryImageOfPage":{"@id":"http:\/\/www.defensoria.gob.ve\/?p=2572#primaryimage"},"image":{"@id":"http:\/\/www.defensoria.gob.ve\/?p=2572#primaryimage"},"thumbnailUrl":"http:\/\/www.defensoria.gob.ve\/wp-content\/uploads\/2023\/11\/DSQRWRWRQt.png","datePublished":"2023-11-09T19:13:43+00:00","dateModified":"2023-11-09T19:15:01+00:00","author":{"@id":"http:\/\/www.defensoria.gob.ve\/#\/schema\/person\/fba14293189d7b1933ac7fba9d89e24a"},"breadcrumb":{"@id":"http:\/\/www.defensoria.gob.ve\/?p=2572#breadcrumb"},"inLanguage":"es","potentialAction":[{"@type":"ReadAction","target":["http:\/\/www.defensoria.gob.ve\/?p=2572"]}]},{"@type":"ImageObject","inLanguage":"es","@id":"http:\/\/www.defensoria.gob.ve\/?p=2572#primaryimage","url":"http:\/\/www.defensoria.gob.ve\/wp-content\/uploads\/2023\/11\/DSQRWRWRQt.png","contentUrl":"http:\/\/www.defensoria.gob.ve\/wp-content\/uploads\/2023\/11\/DSQRWRWRQt.png","width":823,"height":637},{"@type":"BreadcrumbList","@id":"http:\/\/www.defensoria.gob.ve\/?p=2572#breadcrumb","itemListElement":[{"@type":"ListItem","position":1,"name":"Portada","item":"http:\/\/www.defensoria.gob.ve\/"},{"@type":"ListItem","position":2,"name":"Defensor\u00eda Delegada T\u00e1chira brind\u00f3 asistencia jur\u00eddica en jornada de asistencia social"}]},{"@type":"WebSite","@id":"http:\/\/www.defensoria.gob.ve\/#website","url":"http:\/\/www.defensoria.gob.ve\/","name":"","description":"Instituci\u00f3n del Poder Ciudadano para la Promoci\u00f3n, Defensa y Vigilancia de los Derechos Humanos. ","potentialAction":[{"@type":"SearchAction","target":{"@type":"EntryPoint","urlTemplate":"http:\/\/www.defensoria.gob.ve\/?s={search_term_string}"},"query-input":{"@type":"PropertyValueSpecification","valueRequired":true,"valueName":"search_term_string"}}],"inLanguage":"es"},{"@type":"Person","@id":"http:\/\/www.defensoria.gob.ve\/#\/schema\/person\/fba14293189d7b1933ac7fba9d89e24a","name":"JC.","image":{"@type":"ImageObject","inLanguage":"es","@id":"https:\/\/secure.gravatar.com\/avatar\/f398a4de948606b38f0299d90ca738c674b648694bc725ed46503c240269dbf8?s=96&d=mm&r=g","url":"https:\/\/secure.gravatar.com\/avatar\/f398a4de948606b38f0299d90ca738c674b648694bc725ed46503c240269dbf8?s=96&d=mm&r=g","contentUrl":"https:\/\/secure.gravatar.com\/avatar\/f398a4de948606b38f0299d90ca738c674b648694bc725ed46503c240269dbf8?s=96&d=mm&r=g","caption":"JC."},"url":"http:\/\/www.defensoria.gob.ve\/?author=5"}]}},"_links":{"self":[{"href":"http:\/\/www.defensoria.gob.ve\/index.php?rest_route=\/wp\/v2\/posts\/2572","targetHints":{"allow":["GET"]}}],"collection":[{"href":"http:\/\/www.defensoria.gob.ve\/index.php?rest_route=\/wp\/v2\/posts"}],"about":[{"href":"http:\/\/www.defensoria.gob.ve\/index.php?rest_route=\/wp\/v2\/types\/post"}],"author":[{"embeddable":true,"href":"http:\/\/www.defensoria.gob.ve\/index.php?rest_route=\/wp\/v2\/users\/5"}],"replies":[{"embeddable":true,"href":"http:\/\/www.defensoria.gob.ve\/index.php?rest_route=%2Fwp%2Fv2%2Fcomments&post=2572"}],"version-history":[{"count":4,"href":"http:\/\/www.defensoria.gob.ve\/index.php?rest_route=\/wp\/v2\/posts\/2572\/revisions"}],"predecessor-version":[{"id":2578,"href":"http:\/\/www.defensoria.gob.ve\/index.php?rest_route=\/wp\/v2\/posts\/2572\/revisions\/2578"}],"wp:featuredmedia":[{"embeddable":true,"href":"http:\/\/www.defensoria.gob.ve\/index.php?rest_route=\/wp\/v2\/media\/2574"}],"wp:attachment":[{"href":"http:\/\/www.defensoria.gob.ve\/index.php?rest_route=%2Fwp%2Fv2%2Fmedia&parent=2572"}],"wp:term":[{"taxonomy":"category","embeddable":true,"href":"http:\/\/www.defensoria.gob.ve\/index.php?rest_route=%2Fwp%2Fv2%2Fcategories&post=2572"},{"taxonomy":"post_tag","embeddable":true,"href":"http:\/\/www.defensoria.gob.ve\/index.php?rest_route=%2Fwp%2Fv2%2Ftags&post=2572"}],"curies":[{"name":"wp","href":"https:\/\/api.w.org\/{rel}","templated":true}]}}