 
{"id":2591,"date":"2023-11-10T12:16:49","date_gmt":"2023-11-10T16:16:49","guid":{"rendered":"http:\/\/www.defensoria.gob.ve\/?p=2591"},"modified":"2023-11-10T12:17:16","modified_gmt":"2023-11-10T16:17:16","slug":"defensor-del-pueblo-entrego-57-certificados-en-dd-hh-a-funcionarios-y-funcionarias-del-consejo-legislativo-de-miranda","status":"publish","type":"post","link":"http:\/\/www.defensoria.gob.ve\/?p=2591","title":{"rendered":"Defensor del Pueblo entreg\u00f3 57 certificados en DD.HH. a funcionarios y funcionarias del Consejo Legislativo de Miranda"},"content":{"rendered":"\t\t<div data-elementor-type=\"wp-post\" data-elementor-id=\"2591\" class=\"elementor elementor-2591\">\n\t\t\t\t\t\t<section class=\"elementor-section elementor-top-section elementor-element elementor-element-500b487f elementor-section-boxed elementor-section-height-default elementor-section-height-default\" data-id=\"500b487f\" data-element_type=\"section\" data-e-type=\"section\">\n\t\t\t\t\t\t<div class=\"elementor-container elementor-column-gap-default\">\n\t\t\t\t\t<div class=\"elementor-column elementor-col-100 elementor-top-column elementor-element elementor-element-7e8a6a13\" data-id=\"7e8a6a13\" data-element_type=\"column\" data-e-type=\"column\">\n\t\t\t<div class=\"elementor-widget-wrap elementor-element-populated\">\n\t\t\t\t\t\t<div class=\"elementor-element elementor-element-a8cf2fd elementor-widget elementor-widget-text-editor\" data-id=\"a8cf2fd\" data-element_type=\"widget\" data-e-type=\"widget\" data-widget_type=\"text-editor.default\">\n\t\t\t\t<div class=\"elementor-widget-container\">\n\t\t\t\t\t\t\t\t\t\n<p><strong>(Miranda\/11-Nov-2023)<\/strong>&nbsp;Como parte del plan de formaci\u00f3n en materia de derechos humanos que lleva a cabo la Defensor\u00eda del Pueblo, conjuntamente con la Escuela Nacional de Derechos Humanos, el Defensor del Pueblo, Alfredo Ruiz Angulo, junto al presidente del Consejo Legislativo de Miranda (CLM), Jhoan Contreras y el Defensor Delegado de Miranda, Jos\u00e9 Guzm\u00e1n, certificaron a 57 funcionarias y funcionarios de la legislatura mirandina, que participaron en el Diplomado de Derechos Humanos desde una Perspectiva Cr\u00edtica.<\/p>\n\n\n\n<p>El objetivo de este diplomado es la formaci\u00f3n y sensibilizaci\u00f3n de funcionarios y funcionarias del Estado venezolano, a los fines de generar una construcci\u00f3n positiva, cr\u00edtica y liberadora de los derechos humanos como medio para fortalecer los procesos de cambio social que adelanta el Estado para el pueblo venezolano.<\/p>\n\n\n\n<figure class=\"wp-block-image size-full\"><img fetchpriority=\"high\" decoding=\"async\" width=\"768\" height=\"512\" src=\"http:\/\/www.defensoria.gob.ve\/wp-content\/uploads\/2023\/11\/IMG_8839.jpg\" alt=\"\" class=\"wp-image-2592\" srcset=\"http:\/\/www.defensoria.gob.ve\/wp-content\/uploads\/2023\/11\/IMG_8839.jpg 768w, http:\/\/www.defensoria.gob.ve\/wp-content\/uploads\/2023\/11\/IMG_8839-300x200.jpg 300w\" sizes=\"(max-width: 768px) 100vw, 768px\" \/><\/figure>\n\n\n\n<p>Este diplomado se desarroll\u00f3 de manera conjunta entre la Escuela Nacional de Derechos Humanos, Delegada de Miranda y el Consejo Legislativo de la mencionada entidad. Tuvo una duraci\u00f3n de 120 horas acad\u00e9micas, desarrolladas entre los meses de abril a julio del presente a\u00f1o.<\/p>\n\n\n\n<p>Cuatro unidades curriculares fueron impartidas en este diplomado: El Estado democr\u00e1tico de Derecho y de Justicia en la Constituci\u00f3n de la Rep\u00fablica Bolivariana de Venezuela, Introducci\u00f3n a los derechos humanos desde una perspectiva cr\u00edtica, Sistemas internacionales de derechos humanos y Derecho procesal constitucional.<\/p>\n\n\n\n<p><strong>Foro: El Esequibo es nuestro<\/strong><\/p>\n\n\n\n<p>En el marco de la entrega de certificados a participantes del Diplomado de Derechos Humanos con Perspectiva Cr\u00edtica en el Consejo Legislativo del estado Miranda, se realiz\u00f3 un foro:&nbsp;<strong>El Esequibo es nuestro<\/strong>&nbsp;y sobre la importancia de la participaci\u00f3n activa de todas y todos los ciudadanos que desean hacerlo en el referendo nacional propuesto por la Asamblea Nacional sobre la Guyana Esequiba y el referendo que mantiene la naci\u00f3n con la Rep\u00fablica cooperativa de Guyana.<\/p>\n\n\n\n<p>Esta actividad permiti\u00f3 que el Defensor del Pueblo, Alfredo Ruiz, junto al Presidente del Consejo Legislativo, Jhoan Contreras, la Diputada a la Asamblea Nacional, Liliana Gonz\u00e1lez y el General de Divisi\u00f3n y Director de la Escuela de la Guardia Nacional, Luis Tapia, realizar\u00e1n un conversatorio y disertar\u00e1n acerca de la importancia del referendo consultivo sobre la Guayana Esequiba.<\/p>\n\n\n\n<p>Esta actividad fue realizada en el sal\u00f3n de sesiones \u201cGeneral\u00edsimo Sebasti\u00e1n Francisco de Miranda\u201d del Consejo Legislativo, ubicado en Los Teques.<strong>&nbsp;FIN\/Prensa Defensor\u00eda<\/strong><\/p>\n\t\t\t\t\t\t\t\t<\/div>\n\t\t\t\t<\/div>\n\t\t\t\t\t<\/div>\n\t\t<\/div>\n\t\t\t\t\t<\/div>\n\t\t<\/section>\n\t\t\t\t<\/div>\n\t\t","protected":false},"excerpt":{"rendered":"<p>(Miranda\/11-Nov-2023)&nbsp;Como parte del plan de formaci\u00f3n en materia de derechos humanos que lleva a cabo la Defensor\u00eda del Pueblo, conjuntamente con la Escuela Nacional de Derechos Humanos, el Defensor del&hellip; <\/p>\n","protected":false},"author":5,"featured_media":2593,"comment_status":"closed","ping_status":"closed","sticky":false,"template":"","format":"standard","meta":{"footnotes":""},"categories":[3],"tags":[],"class_list":["post-2591","post","type-post","status-publish","format-standard","has-post-thumbnail","hentry","category-centrales"],"yoast_head":"<!-- This site is optimized with the Yoast SEO plugin v27.4 - https:\/\/yoast.com\/product\/yoast-seo-wordpress\/ -->\n<title>Defensor del Pueblo entreg\u00f3 57 certificados en DD.HH. a funcionarios y funcionarias del Consejo Legislativo de Miranda -<\/title>\n<meta name=\"robots\" content=\"index, follow, max-snippet:-1, max-image-preview:large, max-video-preview:-1\" \/>\n<link rel=\"canonical\" href=\"http:\/\/www.defensoria.gob.ve\/?p=2591\" \/>\n<meta property=\"og:locale\" content=\"es_ES\" \/>\n<meta property=\"og:type\" content=\"article\" \/>\n<meta property=\"og:title\" content=\"Defensor del Pueblo entreg\u00f3 57 certificados en DD.HH. a funcionarios y funcionarias del Consejo Legislativo de Miranda -\" \/>\n<meta property=\"og:description\" content=\"(Miranda\/11-Nov-2023)&nbsp;Como parte del plan de formaci\u00f3n en materia de derechos humanos que lleva a cabo la Defensor\u00eda del Pueblo, conjuntamente con la Escuela Nacional de Derechos Humanos, el Defensor del&hellip;\" \/>\n<meta property=\"og:url\" content=\"http:\/\/www.defensoria.gob.ve\/?p=2591\" \/>\n<meta property=\"article:published_time\" content=\"2023-11-10T16:16:49+00:00\" \/>\n<meta property=\"article:modified_time\" content=\"2023-11-10T16:17:16+00:00\" \/>\n<meta property=\"og:image\" content=\"http:\/\/www.defensoria.gob.ve\/wp-content\/uploads\/2023\/11\/IMG_8844.jpg\" \/>\n\t<meta property=\"og:image:width\" content=\"768\" \/>\n\t<meta property=\"og:image:height\" content=\"512\" \/>\n\t<meta property=\"og:image:type\" content=\"image\/jpeg\" \/>\n<meta name=\"author\" content=\"JC.\" \/>\n<meta name=\"twitter:card\" content=\"summary_large_image\" \/>\n<meta name=\"twitter:label1\" content=\"Escrito por\" \/>\n\t<meta name=\"twitter:data1\" content=\"JC.\" \/>\n\t<meta name=\"twitter:label2\" content=\"Tiempo estimado de lectura\" \/>\n\t<meta name=\"twitter:data2\" content=\"2 minutos\" \/>\n<script type=\"application\/ld+json\" class=\"yoast-schema-graph\">{\"@context\":\"https:\\\/\\\/schema.org\",\"@graph\":[{\"@type\":\"Article\",\"@id\":\"http:\\\/\\\/www.defensoria.gob.ve\\\/?p=2591#article\",\"isPartOf\":{\"@id\":\"http:\\\/\\\/www.defensoria.gob.ve\\\/?p=2591\"},\"author\":{\"name\":\"JC.\",\"@id\":\"http:\\\/\\\/www.defensoria.gob.ve\\\/#\\\/schema\\\/person\\\/fba14293189d7b1933ac7fba9d89e24a\"},\"headline\":\"Defensor del Pueblo entreg\u00f3 57 certificados en DD.HH. a funcionarios y funcionarias del Consejo Legislativo de Miranda\",\"datePublished\":\"2023-11-10T16:16:49+00:00\",\"dateModified\":\"2023-11-10T16:17:16+00:00\",\"mainEntityOfPage\":{\"@id\":\"http:\\\/\\\/www.defensoria.gob.ve\\\/?p=2591\"},\"wordCount\":422,\"image\":{\"@id\":\"http:\\\/\\\/www.defensoria.gob.ve\\\/?p=2591#primaryimage\"},\"thumbnailUrl\":\"http:\\\/\\\/www.defensoria.gob.ve\\\/wp-content\\\/uploads\\\/2023\\\/11\\\/IMG_8844.jpg\",\"articleSection\":[\"CENTRALES\"],\"inLanguage\":\"es\"},{\"@type\":\"WebPage\",\"@id\":\"http:\\\/\\\/www.defensoria.gob.ve\\\/?p=2591\",\"url\":\"http:\\\/\\\/www.defensoria.gob.ve\\\/?p=2591\",\"name\":\"Defensor del Pueblo entreg\u00f3 57 certificados en DD.HH. a funcionarios y funcionarias del Consejo Legislativo de Miranda -\",\"isPartOf\":{\"@id\":\"http:\\\/\\\/www.defensoria.gob.ve\\\/#website\"},\"primaryImageOfPage\":{\"@id\":\"http:\\\/\\\/www.defensoria.gob.ve\\\/?p=2591#primaryimage\"},\"image\":{\"@id\":\"http:\\\/\\\/www.defensoria.gob.ve\\\/?p=2591#primaryimage\"},\"thumbnailUrl\":\"http:\\\/\\\/www.defensoria.gob.ve\\\/wp-content\\\/uploads\\\/2023\\\/11\\\/IMG_8844.jpg\",\"datePublished\":\"2023-11-10T16:16:49+00:00\",\"dateModified\":\"2023-11-10T16:17:16+00:00\",\"author\":{\"@id\":\"http:\\\/\\\/www.defensoria.gob.ve\\\/#\\\/schema\\\/person\\\/fba14293189d7b1933ac7fba9d89e24a\"},\"breadcrumb\":{\"@id\":\"http:\\\/\\\/www.defensoria.gob.ve\\\/?p=2591#breadcrumb\"},\"inLanguage\":\"es\",\"potentialAction\":[{\"@type\":\"ReadAction\",\"target\":[\"http:\\\/\\\/www.defensoria.gob.ve\\\/?p=2591\"]}]},{\"@type\":\"ImageObject\",\"inLanguage\":\"es\",\"@id\":\"http:\\\/\\\/www.defensoria.gob.ve\\\/?p=2591#primaryimage\",\"url\":\"http:\\\/\\\/www.defensoria.gob.ve\\\/wp-content\\\/uploads\\\/2023\\\/11\\\/IMG_8844.jpg\",\"contentUrl\":\"http:\\\/\\\/www.defensoria.gob.ve\\\/wp-content\\\/uploads\\\/2023\\\/11\\\/IMG_8844.jpg\",\"width\":768,\"height\":512},{\"@type\":\"BreadcrumbList\",\"@id\":\"http:\\\/\\\/www.defensoria.gob.ve\\\/?p=2591#breadcrumb\",\"itemListElement\":[{\"@type\":\"ListItem\",\"position\":1,\"name\":\"Portada\",\"item\":\"http:\\\/\\\/www.defensoria.gob.ve\\\/\"},{\"@type\":\"ListItem\",\"position\":2,\"name\":\"Defensor del Pueblo entreg\u00f3 57 certificados en DD.HH. a funcionarios y funcionarias del Consejo Legislativo de Miranda\"}]},{\"@type\":\"WebSite\",\"@id\":\"http:\\\/\\\/www.defensoria.gob.ve\\\/#website\",\"url\":\"http:\\\/\\\/www.defensoria.gob.ve\\\/\",\"name\":\"\",\"description\":\"Instituci\u00f3n del Poder Ciudadano para la Promoci\u00f3n, Defensa y Vigilancia de los Derechos Humanos. \",\"potentialAction\":[{\"@type\":\"SearchAction\",\"target\":{\"@type\":\"EntryPoint\",\"urlTemplate\":\"http:\\\/\\\/www.defensoria.gob.ve\\\/?s={search_term_string}\"},\"query-input\":{\"@type\":\"PropertyValueSpecification\",\"valueRequired\":true,\"valueName\":\"search_term_string\"}}],\"inLanguage\":\"es\"},{\"@type\":\"Person\",\"@id\":\"http:\\\/\\\/www.defensoria.gob.ve\\\/#\\\/schema\\\/person\\\/fba14293189d7b1933ac7fba9d89e24a\",\"name\":\"JC.\",\"image\":{\"@type\":\"ImageObject\",\"inLanguage\":\"es\",\"@id\":\"https:\\\/\\\/secure.gravatar.com\\\/avatar\\\/f398a4de948606b38f0299d90ca738c674b648694bc725ed46503c240269dbf8?s=96&d=mm&r=g\",\"url\":\"https:\\\/\\\/secure.gravatar.com\\\/avatar\\\/f398a4de948606b38f0299d90ca738c674b648694bc725ed46503c240269dbf8?s=96&d=mm&r=g\",\"contentUrl\":\"https:\\\/\\\/secure.gravatar.com\\\/avatar\\\/f398a4de948606b38f0299d90ca738c674b648694bc725ed46503c240269dbf8?s=96&d=mm&r=g\",\"caption\":\"JC.\"},\"url\":\"http:\\\/\\\/www.defensoria.gob.ve\\\/?author=5\"}]}<\/script>\n<!-- \/ Yoast SEO plugin. -->","yoast_head_json":{"title":"Defensor del Pueblo entreg\u00f3 57 certificados en DD.HH. a funcionarios y funcionarias del Consejo Legislativo de Miranda -","robots":{"index":"index","follow":"follow","max-snippet":"max-snippet:-1","max-image-preview":"max-image-preview:large","max-video-preview":"max-video-preview:-1"},"canonical":"http:\/\/www.defensoria.gob.ve\/?p=2591","og_locale":"es_ES","og_type":"article","og_title":"Defensor del Pueblo entreg\u00f3 57 certificados en DD.HH. a funcionarios y funcionarias del Consejo Legislativo de Miranda -","og_description":"(Miranda\/11-Nov-2023)&nbsp;Como parte del plan de formaci\u00f3n en materia de derechos humanos que lleva a cabo la Defensor\u00eda del Pueblo, conjuntamente con la Escuela Nacional de Derechos Humanos, el Defensor del&hellip;","og_url":"http:\/\/www.defensoria.gob.ve\/?p=2591","article_published_time":"2023-11-10T16:16:49+00:00","article_modified_time":"2023-11-10T16:17:16+00:00","og_image":[{"width":768,"height":512,"url":"http:\/\/www.defensoria.gob.ve\/wp-content\/uploads\/2023\/11\/IMG_8844.jpg","type":"image\/jpeg"}],"author":"JC.","twitter_card":"summary_large_image","twitter_misc":{"Escrito por":"JC.","Tiempo estimado de lectura":"2 minutos"},"schema":{"@context":"https:\/\/schema.org","@graph":[{"@type":"Article","@id":"http:\/\/www.defensoria.gob.ve\/?p=2591#article","isPartOf":{"@id":"http:\/\/www.defensoria.gob.ve\/?p=2591"},"author":{"name":"JC.","@id":"http:\/\/www.defensoria.gob.ve\/#\/schema\/person\/fba14293189d7b1933ac7fba9d89e24a"},"headline":"Defensor del Pueblo entreg\u00f3 57 certificados en DD.HH. a funcionarios y funcionarias del Consejo Legislativo de Miranda","datePublished":"2023-11-10T16:16:49+00:00","dateModified":"2023-11-10T16:17:16+00:00","mainEntityOfPage":{"@id":"http:\/\/www.defensoria.gob.ve\/?p=2591"},"wordCount":422,"image":{"@id":"http:\/\/www.defensoria.gob.ve\/?p=2591#primaryimage"},"thumbnailUrl":"http:\/\/www.defensoria.gob.ve\/wp-content\/uploads\/2023\/11\/IMG_8844.jpg","articleSection":["CENTRALES"],"inLanguage":"es"},{"@type":"WebPage","@id":"http:\/\/www.defensoria.gob.ve\/?p=2591","url":"http:\/\/www.defensoria.gob.ve\/?p=2591","name":"Defensor del Pueblo entreg\u00f3 57 certificados en DD.HH. a funcionarios y funcionarias del Consejo Legislativo de Miranda -","isPartOf":{"@id":"http:\/\/www.defensoria.gob.ve\/#website"},"primaryImageOfPage":{"@id":"http:\/\/www.defensoria.gob.ve\/?p=2591#primaryimage"},"image":{"@id":"http:\/\/www.defensoria.gob.ve\/?p=2591#primaryimage"},"thumbnailUrl":"http:\/\/www.defensoria.gob.ve\/wp-content\/uploads\/2023\/11\/IMG_8844.jpg","datePublished":"2023-11-10T16:16:49+00:00","dateModified":"2023-11-10T16:17:16+00:00","author":{"@id":"http:\/\/www.defensoria.gob.ve\/#\/schema\/person\/fba14293189d7b1933ac7fba9d89e24a"},"breadcrumb":{"@id":"http:\/\/www.defensoria.gob.ve\/?p=2591#breadcrumb"},"inLanguage":"es","potentialAction":[{"@type":"ReadAction","target":["http:\/\/www.defensoria.gob.ve\/?p=2591"]}]},{"@type":"ImageObject","inLanguage":"es","@id":"http:\/\/www.defensoria.gob.ve\/?p=2591#primaryimage","url":"http:\/\/www.defensoria.gob.ve\/wp-content\/uploads\/2023\/11\/IMG_8844.jpg","contentUrl":"http:\/\/www.defensoria.gob.ve\/wp-content\/uploads\/2023\/11\/IMG_8844.jpg","width":768,"height":512},{"@type":"BreadcrumbList","@id":"http:\/\/www.defensoria.gob.ve\/?p=2591#breadcrumb","itemListElement":[{"@type":"ListItem","position":1,"name":"Portada","item":"http:\/\/www.defensoria.gob.ve\/"},{"@type":"ListItem","position":2,"name":"Defensor del Pueblo entreg\u00f3 57 certificados en DD.HH. a funcionarios y funcionarias del Consejo Legislativo de Miranda"}]},{"@type":"WebSite","@id":"http:\/\/www.defensoria.gob.ve\/#website","url":"http:\/\/www.defensoria.gob.ve\/","name":"","description":"Instituci\u00f3n del Poder Ciudadano para la Promoci\u00f3n, Defensa y Vigilancia de los Derechos Humanos. ","potentialAction":[{"@type":"SearchAction","target":{"@type":"EntryPoint","urlTemplate":"http:\/\/www.defensoria.gob.ve\/?s={search_term_string}"},"query-input":{"@type":"PropertyValueSpecification","valueRequired":true,"valueName":"search_term_string"}}],"inLanguage":"es"},{"@type":"Person","@id":"http:\/\/www.defensoria.gob.ve\/#\/schema\/person\/fba14293189d7b1933ac7fba9d89e24a","name":"JC.","image":{"@type":"ImageObject","inLanguage":"es","@id":"https:\/\/secure.gravatar.com\/avatar\/f398a4de948606b38f0299d90ca738c674b648694bc725ed46503c240269dbf8?s=96&d=mm&r=g","url":"https:\/\/secure.gravatar.com\/avatar\/f398a4de948606b38f0299d90ca738c674b648694bc725ed46503c240269dbf8?s=96&d=mm&r=g","contentUrl":"https:\/\/secure.gravatar.com\/avatar\/f398a4de948606b38f0299d90ca738c674b648694bc725ed46503c240269dbf8?s=96&d=mm&r=g","caption":"JC."},"url":"http:\/\/www.defensoria.gob.ve\/?author=5"}]}},"_links":{"self":[{"href":"http:\/\/www.defensoria.gob.ve\/index.php?rest_route=\/wp\/v2\/posts\/2591","targetHints":{"allow":["GET"]}}],"collection":[{"href":"http:\/\/www.defensoria.gob.ve\/index.php?rest_route=\/wp\/v2\/posts"}],"about":[{"href":"http:\/\/www.defensoria.gob.ve\/index.php?rest_route=\/wp\/v2\/types\/post"}],"author":[{"embeddable":true,"href":"http:\/\/www.defensoria.gob.ve\/index.php?rest_route=\/wp\/v2\/users\/5"}],"replies":[{"embeddable":true,"href":"http:\/\/www.defensoria.gob.ve\/index.php?rest_route=%2Fwp%2Fv2%2Fcomments&post=2591"}],"version-history":[{"count":4,"href":"http:\/\/www.defensoria.gob.ve\/index.php?rest_route=\/wp\/v2\/posts\/2591\/revisions"}],"predecessor-version":[{"id":2597,"href":"http:\/\/www.defensoria.gob.ve\/index.php?rest_route=\/wp\/v2\/posts\/2591\/revisions\/2597"}],"wp:featuredmedia":[{"embeddable":true,"href":"http:\/\/www.defensoria.gob.ve\/index.php?rest_route=\/wp\/v2\/media\/2593"}],"wp:attachment":[{"href":"http:\/\/www.defensoria.gob.ve\/index.php?rest_route=%2Fwp%2Fv2%2Fmedia&parent=2591"}],"wp:term":[{"taxonomy":"category","embeddable":true,"href":"http:\/\/www.defensoria.gob.ve\/index.php?rest_route=%2Fwp%2Fv2%2Fcategories&post=2591"},{"taxonomy":"post_tag","embeddable":true,"href":"http:\/\/www.defensoria.gob.ve\/index.php?rest_route=%2Fwp%2Fv2%2Ftags&post=2591"}],"curies":[{"name":"wp","href":"https:\/\/api.w.org\/{rel}","templated":true}]}}