 
{"id":2598,"date":"2023-11-10T15:21:23","date_gmt":"2023-11-10T19:21:23","guid":{"rendered":"http:\/\/www.defensoria.gob.ve\/?p=2598"},"modified":"2023-11-10T15:22:00","modified_gmt":"2023-11-10T19:22:00","slug":"defensoria-del-pueblo-participa-en-la-edicion-19o-filven-2023","status":"publish","type":"post","link":"http:\/\/www.defensoria.gob.ve\/?p=2598","title":{"rendered":"Defensor\u00eda del Pueblo participa en la edici\u00f3n 19\u00ba Filven 2023"},"content":{"rendered":"\t\t<div data-elementor-type=\"wp-post\" data-elementor-id=\"2598\" class=\"elementor elementor-2598\">\n\t\t\t\t\t\t<section class=\"elementor-section elementor-top-section elementor-element elementor-element-4051cfef elementor-section-boxed elementor-section-height-default elementor-section-height-default\" data-id=\"4051cfef\" data-element_type=\"section\" data-e-type=\"section\">\n\t\t\t\t\t\t<div class=\"elementor-container elementor-column-gap-default\">\n\t\t\t\t\t<div class=\"elementor-column elementor-col-100 elementor-top-column elementor-element elementor-element-2fe17706\" data-id=\"2fe17706\" data-element_type=\"column\" data-e-type=\"column\">\n\t\t\t<div class=\"elementor-widget-wrap elementor-element-populated\">\n\t\t\t\t\t\t<div class=\"elementor-element elementor-element-3c4f52ab elementor-widget elementor-widget-text-editor\" data-id=\"3c4f52ab\" data-element_type=\"widget\" data-e-type=\"widget\" data-widget_type=\"text-editor.default\">\n\t\t\t\t<div class=\"elementor-widget-container\">\n\t\t\t\t\t\t\t\t\t\n<p><strong>(10-Nov-2023)<\/strong> Como ha sido costumbre en todas las ediciones de la Feria Internacional del Libro de Venezuela, la Defensor\u00eda del Pueblo viene participando y ahora corresponde en la 19\u00ba edici\u00f3n que se desarrolla actualmente en los espacios El Laguito, C\u00edrculo Militar, Los Pr\u00f3ceres en Caracas. <\/p>\n\n\n\n<p>Esta edici\u00f3n inici\u00f3 el 09 de noviembre y terminar\u00e1 este 19 del presente mes y el ente defensorial tendr\u00e1 su stand donde exhibir\u00e1 sus diferentes publicaciones relacionadas al tema de los derechos humanos (DDHH). <\/p>\n\n\n\n<figure class=\"wp-block-image size-large\"><img fetchpriority=\"high\" decoding=\"async\" width=\"1024\" height=\"667\" src=\"http:\/\/www.defensoria.gob.ve\/wp-content\/uploads\/2023\/11\/bd1d45ef-d396-4a6a-a1d3-e8c6828376a1-1024x667.jpg\" alt=\"\" class=\"wp-image-2599\" srcset=\"http:\/\/www.defensoria.gob.ve\/wp-content\/uploads\/2023\/11\/bd1d45ef-d396-4a6a-a1d3-e8c6828376a1-1024x667.jpg 1024w, http:\/\/www.defensoria.gob.ve\/wp-content\/uploads\/2023\/11\/bd1d45ef-d396-4a6a-a1d3-e8c6828376a1-300x195.jpg 300w, http:\/\/www.defensoria.gob.ve\/wp-content\/uploads\/2023\/11\/bd1d45ef-d396-4a6a-a1d3-e8c6828376a1-768x500.jpg 768w, http:\/\/www.defensoria.gob.ve\/wp-content\/uploads\/2023\/11\/bd1d45ef-d396-4a6a-a1d3-e8c6828376a1-1536x1000.jpg 1536w, http:\/\/www.defensoria.gob.ve\/wp-content\/uploads\/2023\/11\/bd1d45ef-d396-4a6a-a1d3-e8c6828376a1.jpg 1600w\" sizes=\"(max-width: 1024px) 100vw, 1024px\" \/><\/figure>\n\n\n\n<p>La 19\u00ba Filven contar\u00e1 con una variada programaci\u00f3n para el disfrute y goce de toda la poblaci\u00f3n venezolana que desee participar en esta producci\u00f3n cultural, donde se contemplan jornadas de discusi\u00f3n y encuentros con intelectuales y profesionales, presentaci\u00f3n de libros, premiaciones, homenajes, pabell\u00f3n infantil, foros, conversatorios, talleres, entre otros. <\/p>\n\n\n\n<p>En el marco de esta actividad el Defensor del Pueblo, Alfredo Ruiz, junto al cronista de Matur\u00edn, Miguel Mendoza estar\u00e1n presentando el libro Guerra y Mill\u00e1n: la masacre del liceo Sanz, este domingo 12 de noviembre, en la sala Leer nos reencuentra, El Laguito, C\u00edrculo Militar, a partir de las 11 de la ma\u00f1ana.  <\/p>\n\n\n\n<p>Vale acotar que la Feria Internacional del Libro de Venezuela (FILVEN) es un evento nacional organizado por iniciativa del Estado venezolano, desde 2005, el cual tambi\u00e9n se presenta en diversas regiones del pa\u00eds a fin de promover la cultura de la lectura y propiciar espacios de encuentros con escritores, amantes de los libros y p\u00fablico en general. <strong>FIN \/ Prensa Defensor\u00eda<\/strong><\/p>\n\t\t\t\t\t\t\t\t<\/div>\n\t\t\t\t<\/div>\n\t\t\t\t\t<\/div>\n\t\t<\/div>\n\t\t\t\t\t<\/div>\n\t\t<\/section>\n\t\t\t\t<\/div>\n\t\t","protected":false},"excerpt":{"rendered":"<p>(10-Nov-2023) Como ha sido costumbre en todas las ediciones de la Feria Internacional del Libro de Venezuela, la Defensor\u00eda del Pueblo viene participando y ahora corresponde en la 19\u00ba edici\u00f3n&hellip; <\/p>\n","protected":false},"author":5,"featured_media":2600,"comment_status":"closed","ping_status":"closed","sticky":false,"template":"","format":"standard","meta":{"footnotes":""},"categories":[3],"tags":[],"class_list":["post-2598","post","type-post","status-publish","format-standard","has-post-thumbnail","hentry","category-centrales"],"yoast_head":"<!-- This site is optimized with the Yoast SEO plugin v27.4 - https:\/\/yoast.com\/product\/yoast-seo-wordpress\/ -->\n<title>Defensor\u00eda del Pueblo participa en la edici\u00f3n 19\u00ba Filven 2023 -<\/title>\n<meta name=\"robots\" content=\"index, follow, max-snippet:-1, max-image-preview:large, max-video-preview:-1\" \/>\n<link rel=\"canonical\" href=\"http:\/\/www.defensoria.gob.ve\/?p=2598\" \/>\n<meta property=\"og:locale\" content=\"es_ES\" \/>\n<meta property=\"og:type\" content=\"article\" \/>\n<meta property=\"og:title\" content=\"Defensor\u00eda del Pueblo participa en la edici\u00f3n 19\u00ba Filven 2023 -\" \/>\n<meta property=\"og:description\" content=\"(10-Nov-2023) Como ha sido costumbre en todas las ediciones de la Feria Internacional del Libro de Venezuela, la Defensor\u00eda del Pueblo viene participando y ahora corresponde en la 19\u00ba edici\u00f3n&hellip;\" \/>\n<meta property=\"og:url\" content=\"http:\/\/www.defensoria.gob.ve\/?p=2598\" \/>\n<meta property=\"article:published_time\" content=\"2023-11-10T19:21:23+00:00\" \/>\n<meta property=\"article:modified_time\" content=\"2023-11-10T19:22:00+00:00\" \/>\n<meta property=\"og:image\" content=\"http:\/\/www.defensoria.gob.ve\/wp-content\/uploads\/2023\/11\/20c54609-093e-42d9-b8da-dec602f49ce9.jpg\" \/>\n\t<meta property=\"og:image:width\" content=\"1040\" \/>\n\t<meta property=\"og:image:height\" content=\"780\" \/>\n\t<meta property=\"og:image:type\" content=\"image\/jpeg\" \/>\n<meta name=\"author\" content=\"JC.\" \/>\n<meta name=\"twitter:card\" content=\"summary_large_image\" \/>\n<meta name=\"twitter:label1\" content=\"Escrito por\" \/>\n\t<meta name=\"twitter:data1\" content=\"JC.\" \/>\n\t<meta name=\"twitter:label2\" content=\"Tiempo estimado de lectura\" \/>\n\t<meta name=\"twitter:data2\" content=\"2 minutos\" \/>\n<script type=\"application\/ld+json\" class=\"yoast-schema-graph\">{\"@context\":\"https:\\\/\\\/schema.org\",\"@graph\":[{\"@type\":\"Article\",\"@id\":\"http:\\\/\\\/www.defensoria.gob.ve\\\/?p=2598#article\",\"isPartOf\":{\"@id\":\"http:\\\/\\\/www.defensoria.gob.ve\\\/?p=2598\"},\"author\":{\"name\":\"JC.\",\"@id\":\"http:\\\/\\\/www.defensoria.gob.ve\\\/#\\\/schema\\\/person\\\/fba14293189d7b1933ac7fba9d89e24a\"},\"headline\":\"Defensor\u00eda del Pueblo participa en la edici\u00f3n 19\u00ba Filven 2023\",\"datePublished\":\"2023-11-10T19:21:23+00:00\",\"dateModified\":\"2023-11-10T19:22:00+00:00\",\"mainEntityOfPage\":{\"@id\":\"http:\\\/\\\/www.defensoria.gob.ve\\\/?p=2598\"},\"wordCount\":265,\"image\":{\"@id\":\"http:\\\/\\\/www.defensoria.gob.ve\\\/?p=2598#primaryimage\"},\"thumbnailUrl\":\"http:\\\/\\\/www.defensoria.gob.ve\\\/wp-content\\\/uploads\\\/2023\\\/11\\\/20c54609-093e-42d9-b8da-dec602f49ce9.jpg\",\"articleSection\":[\"CENTRALES\"],\"inLanguage\":\"es\"},{\"@type\":\"WebPage\",\"@id\":\"http:\\\/\\\/www.defensoria.gob.ve\\\/?p=2598\",\"url\":\"http:\\\/\\\/www.defensoria.gob.ve\\\/?p=2598\",\"name\":\"Defensor\u00eda del Pueblo participa en la edici\u00f3n 19\u00ba Filven 2023 -\",\"isPartOf\":{\"@id\":\"http:\\\/\\\/www.defensoria.gob.ve\\\/#website\"},\"primaryImageOfPage\":{\"@id\":\"http:\\\/\\\/www.defensoria.gob.ve\\\/?p=2598#primaryimage\"},\"image\":{\"@id\":\"http:\\\/\\\/www.defensoria.gob.ve\\\/?p=2598#primaryimage\"},\"thumbnailUrl\":\"http:\\\/\\\/www.defensoria.gob.ve\\\/wp-content\\\/uploads\\\/2023\\\/11\\\/20c54609-093e-42d9-b8da-dec602f49ce9.jpg\",\"datePublished\":\"2023-11-10T19:21:23+00:00\",\"dateModified\":\"2023-11-10T19:22:00+00:00\",\"author\":{\"@id\":\"http:\\\/\\\/www.defensoria.gob.ve\\\/#\\\/schema\\\/person\\\/fba14293189d7b1933ac7fba9d89e24a\"},\"breadcrumb\":{\"@id\":\"http:\\\/\\\/www.defensoria.gob.ve\\\/?p=2598#breadcrumb\"},\"inLanguage\":\"es\",\"potentialAction\":[{\"@type\":\"ReadAction\",\"target\":[\"http:\\\/\\\/www.defensoria.gob.ve\\\/?p=2598\"]}]},{\"@type\":\"ImageObject\",\"inLanguage\":\"es\",\"@id\":\"http:\\\/\\\/www.defensoria.gob.ve\\\/?p=2598#primaryimage\",\"url\":\"http:\\\/\\\/www.defensoria.gob.ve\\\/wp-content\\\/uploads\\\/2023\\\/11\\\/20c54609-093e-42d9-b8da-dec602f49ce9.jpg\",\"contentUrl\":\"http:\\\/\\\/www.defensoria.gob.ve\\\/wp-content\\\/uploads\\\/2023\\\/11\\\/20c54609-093e-42d9-b8da-dec602f49ce9.jpg\",\"width\":1040,\"height\":780},{\"@type\":\"BreadcrumbList\",\"@id\":\"http:\\\/\\\/www.defensoria.gob.ve\\\/?p=2598#breadcrumb\",\"itemListElement\":[{\"@type\":\"ListItem\",\"position\":1,\"name\":\"Portada\",\"item\":\"http:\\\/\\\/www.defensoria.gob.ve\\\/\"},{\"@type\":\"ListItem\",\"position\":2,\"name\":\"Defensor\u00eda del Pueblo participa en la edici\u00f3n 19\u00ba Filven 2023\"}]},{\"@type\":\"WebSite\",\"@id\":\"http:\\\/\\\/www.defensoria.gob.ve\\\/#website\",\"url\":\"http:\\\/\\\/www.defensoria.gob.ve\\\/\",\"name\":\"\",\"description\":\"Instituci\u00f3n del Poder Ciudadano para la Promoci\u00f3n, Defensa y Vigilancia de los Derechos Humanos. \",\"potentialAction\":[{\"@type\":\"SearchAction\",\"target\":{\"@type\":\"EntryPoint\",\"urlTemplate\":\"http:\\\/\\\/www.defensoria.gob.ve\\\/?s={search_term_string}\"},\"query-input\":{\"@type\":\"PropertyValueSpecification\",\"valueRequired\":true,\"valueName\":\"search_term_string\"}}],\"inLanguage\":\"es\"},{\"@type\":\"Person\",\"@id\":\"http:\\\/\\\/www.defensoria.gob.ve\\\/#\\\/schema\\\/person\\\/fba14293189d7b1933ac7fba9d89e24a\",\"name\":\"JC.\",\"image\":{\"@type\":\"ImageObject\",\"inLanguage\":\"es\",\"@id\":\"https:\\\/\\\/secure.gravatar.com\\\/avatar\\\/f398a4de948606b38f0299d90ca738c674b648694bc725ed46503c240269dbf8?s=96&d=mm&r=g\",\"url\":\"https:\\\/\\\/secure.gravatar.com\\\/avatar\\\/f398a4de948606b38f0299d90ca738c674b648694bc725ed46503c240269dbf8?s=96&d=mm&r=g\",\"contentUrl\":\"https:\\\/\\\/secure.gravatar.com\\\/avatar\\\/f398a4de948606b38f0299d90ca738c674b648694bc725ed46503c240269dbf8?s=96&d=mm&r=g\",\"caption\":\"JC.\"},\"url\":\"http:\\\/\\\/www.defensoria.gob.ve\\\/?author=5\"}]}<\/script>\n<!-- \/ Yoast SEO plugin. -->","yoast_head_json":{"title":"Defensor\u00eda del Pueblo participa en la edici\u00f3n 19\u00ba Filven 2023 -","robots":{"index":"index","follow":"follow","max-snippet":"max-snippet:-1","max-image-preview":"max-image-preview:large","max-video-preview":"max-video-preview:-1"},"canonical":"http:\/\/www.defensoria.gob.ve\/?p=2598","og_locale":"es_ES","og_type":"article","og_title":"Defensor\u00eda del Pueblo participa en la edici\u00f3n 19\u00ba Filven 2023 -","og_description":"(10-Nov-2023) Como ha sido costumbre en todas las ediciones de la Feria Internacional del Libro de Venezuela, la Defensor\u00eda del Pueblo viene participando y ahora corresponde en la 19\u00ba edici\u00f3n&hellip;","og_url":"http:\/\/www.defensoria.gob.ve\/?p=2598","article_published_time":"2023-11-10T19:21:23+00:00","article_modified_time":"2023-11-10T19:22:00+00:00","og_image":[{"width":1040,"height":780,"url":"http:\/\/www.defensoria.gob.ve\/wp-content\/uploads\/2023\/11\/20c54609-093e-42d9-b8da-dec602f49ce9.jpg","type":"image\/jpeg"}],"author":"JC.","twitter_card":"summary_large_image","twitter_misc":{"Escrito por":"JC.","Tiempo estimado de lectura":"2 minutos"},"schema":{"@context":"https:\/\/schema.org","@graph":[{"@type":"Article","@id":"http:\/\/www.defensoria.gob.ve\/?p=2598#article","isPartOf":{"@id":"http:\/\/www.defensoria.gob.ve\/?p=2598"},"author":{"name":"JC.","@id":"http:\/\/www.defensoria.gob.ve\/#\/schema\/person\/fba14293189d7b1933ac7fba9d89e24a"},"headline":"Defensor\u00eda del Pueblo participa en la edici\u00f3n 19\u00ba Filven 2023","datePublished":"2023-11-10T19:21:23+00:00","dateModified":"2023-11-10T19:22:00+00:00","mainEntityOfPage":{"@id":"http:\/\/www.defensoria.gob.ve\/?p=2598"},"wordCount":265,"image":{"@id":"http:\/\/www.defensoria.gob.ve\/?p=2598#primaryimage"},"thumbnailUrl":"http:\/\/www.defensoria.gob.ve\/wp-content\/uploads\/2023\/11\/20c54609-093e-42d9-b8da-dec602f49ce9.jpg","articleSection":["CENTRALES"],"inLanguage":"es"},{"@type":"WebPage","@id":"http:\/\/www.defensoria.gob.ve\/?p=2598","url":"http:\/\/www.defensoria.gob.ve\/?p=2598","name":"Defensor\u00eda del Pueblo participa en la edici\u00f3n 19\u00ba Filven 2023 -","isPartOf":{"@id":"http:\/\/www.defensoria.gob.ve\/#website"},"primaryImageOfPage":{"@id":"http:\/\/www.defensoria.gob.ve\/?p=2598#primaryimage"},"image":{"@id":"http:\/\/www.defensoria.gob.ve\/?p=2598#primaryimage"},"thumbnailUrl":"http:\/\/www.defensoria.gob.ve\/wp-content\/uploads\/2023\/11\/20c54609-093e-42d9-b8da-dec602f49ce9.jpg","datePublished":"2023-11-10T19:21:23+00:00","dateModified":"2023-11-10T19:22:00+00:00","author":{"@id":"http:\/\/www.defensoria.gob.ve\/#\/schema\/person\/fba14293189d7b1933ac7fba9d89e24a"},"breadcrumb":{"@id":"http:\/\/www.defensoria.gob.ve\/?p=2598#breadcrumb"},"inLanguage":"es","potentialAction":[{"@type":"ReadAction","target":["http:\/\/www.defensoria.gob.ve\/?p=2598"]}]},{"@type":"ImageObject","inLanguage":"es","@id":"http:\/\/www.defensoria.gob.ve\/?p=2598#primaryimage","url":"http:\/\/www.defensoria.gob.ve\/wp-content\/uploads\/2023\/11\/20c54609-093e-42d9-b8da-dec602f49ce9.jpg","contentUrl":"http:\/\/www.defensoria.gob.ve\/wp-content\/uploads\/2023\/11\/20c54609-093e-42d9-b8da-dec602f49ce9.jpg","width":1040,"height":780},{"@type":"BreadcrumbList","@id":"http:\/\/www.defensoria.gob.ve\/?p=2598#breadcrumb","itemListElement":[{"@type":"ListItem","position":1,"name":"Portada","item":"http:\/\/www.defensoria.gob.ve\/"},{"@type":"ListItem","position":2,"name":"Defensor\u00eda del Pueblo participa en la edici\u00f3n 19\u00ba Filven 2023"}]},{"@type":"WebSite","@id":"http:\/\/www.defensoria.gob.ve\/#website","url":"http:\/\/www.defensoria.gob.ve\/","name":"","description":"Instituci\u00f3n del Poder Ciudadano para la Promoci\u00f3n, Defensa y Vigilancia de los Derechos Humanos. ","potentialAction":[{"@type":"SearchAction","target":{"@type":"EntryPoint","urlTemplate":"http:\/\/www.defensoria.gob.ve\/?s={search_term_string}"},"query-input":{"@type":"PropertyValueSpecification","valueRequired":true,"valueName":"search_term_string"}}],"inLanguage":"es"},{"@type":"Person","@id":"http:\/\/www.defensoria.gob.ve\/#\/schema\/person\/fba14293189d7b1933ac7fba9d89e24a","name":"JC.","image":{"@type":"ImageObject","inLanguage":"es","@id":"https:\/\/secure.gravatar.com\/avatar\/f398a4de948606b38f0299d90ca738c674b648694bc725ed46503c240269dbf8?s=96&d=mm&r=g","url":"https:\/\/secure.gravatar.com\/avatar\/f398a4de948606b38f0299d90ca738c674b648694bc725ed46503c240269dbf8?s=96&d=mm&r=g","contentUrl":"https:\/\/secure.gravatar.com\/avatar\/f398a4de948606b38f0299d90ca738c674b648694bc725ed46503c240269dbf8?s=96&d=mm&r=g","caption":"JC."},"url":"http:\/\/www.defensoria.gob.ve\/?author=5"}]}},"_links":{"self":[{"href":"http:\/\/www.defensoria.gob.ve\/index.php?rest_route=\/wp\/v2\/posts\/2598","targetHints":{"allow":["GET"]}}],"collection":[{"href":"http:\/\/www.defensoria.gob.ve\/index.php?rest_route=\/wp\/v2\/posts"}],"about":[{"href":"http:\/\/www.defensoria.gob.ve\/index.php?rest_route=\/wp\/v2\/types\/post"}],"author":[{"embeddable":true,"href":"http:\/\/www.defensoria.gob.ve\/index.php?rest_route=\/wp\/v2\/users\/5"}],"replies":[{"embeddable":true,"href":"http:\/\/www.defensoria.gob.ve\/index.php?rest_route=%2Fwp%2Fv2%2Fcomments&post=2598"}],"version-history":[{"count":4,"href":"http:\/\/www.defensoria.gob.ve\/index.php?rest_route=\/wp\/v2\/posts\/2598\/revisions"}],"predecessor-version":[{"id":2604,"href":"http:\/\/www.defensoria.gob.ve\/index.php?rest_route=\/wp\/v2\/posts\/2598\/revisions\/2604"}],"wp:featuredmedia":[{"embeddable":true,"href":"http:\/\/www.defensoria.gob.ve\/index.php?rest_route=\/wp\/v2\/media\/2600"}],"wp:attachment":[{"href":"http:\/\/www.defensoria.gob.ve\/index.php?rest_route=%2Fwp%2Fv2%2Fmedia&parent=2598"}],"wp:term":[{"taxonomy":"category","embeddable":true,"href":"http:\/\/www.defensoria.gob.ve\/index.php?rest_route=%2Fwp%2Fv2%2Fcategories&post=2598"},{"taxonomy":"post_tag","embeddable":true,"href":"http:\/\/www.defensoria.gob.ve\/index.php?rest_route=%2Fwp%2Fv2%2Ftags&post=2598"}],"curies":[{"name":"wp","href":"https:\/\/api.w.org\/{rel}","templated":true}]}}