 
{"id":2660,"date":"2023-11-17T16:08:31","date_gmt":"2023-11-17T20:08:31","guid":{"rendered":"http:\/\/www.defensoria.gob.ve\/?p=2660"},"modified":"2023-11-17T16:22:10","modified_gmt":"2023-11-17T20:22:10","slug":"defensora-delegada-de-delta-amacuro-participo-en-la-conferencia-nacional-por-el-dialogo-la-paz-y-la-convivencia","status":"publish","type":"post","link":"http:\/\/www.defensoria.gob.ve\/?p=2660","title":{"rendered":"Defensora Delegada de Delta Amacuro particip\u00f3 en la \u00abConferencia Nacional por el Di\u00e1logo, la Paz y la Convivencia\u00bb"},"content":{"rendered":"\t\t<div data-elementor-type=\"wp-post\" data-elementor-id=\"2660\" class=\"elementor elementor-2660\">\n\t\t\t\t\t\t<section class=\"elementor-section elementor-top-section elementor-element elementor-element-37df1a87 elementor-section-boxed elementor-section-height-default elementor-section-height-default\" data-id=\"37df1a87\" data-element_type=\"section\" data-e-type=\"section\">\n\t\t\t\t\t\t<div class=\"elementor-container elementor-column-gap-default\">\n\t\t\t\t\t<div class=\"elementor-column elementor-col-100 elementor-top-column elementor-element elementor-element-25855755\" data-id=\"25855755\" data-element_type=\"column\" data-e-type=\"column\">\n\t\t\t<div class=\"elementor-widget-wrap elementor-element-populated\">\n\t\t\t\t\t\t<div class=\"elementor-element elementor-element-5e28c05 elementor-widget elementor-widget-text-editor\" data-id=\"5e28c05\" data-element_type=\"widget\" data-e-type=\"widget\" data-widget_type=\"text-editor.default\">\n\t\t\t\t<div class=\"elementor-widget-container\">\n\t\t\t\t\t\t\t\t\t<p><\/p>\n<p><strong>(Delta Amacuro\/16-Nov-2023)\u00a0<\/strong>La Defensora Delegada del\u00a0 Estado Delta Amacuro Abogada Dulce Mirabal,\u00a0 asisti\u00f3 y particip\u00f3 en la \u00abConferencia Nacional por el Di\u00e1logo, la Paz y la Convivencia\u00bb.<\/p>\n<p><\/p>\n<p><\/p>\n<p>Evento realizado en el sal\u00f3n de conferencias del Consejo Legislativo \u00abFrank Arnoldo S\u00e1nchez\u00bb, ubicado en calle Pativilca, parroquia San Jos\u00e9, municipio Tucupita, Estado Delta Amacuro.<\/p>\n<p><\/p>\n<p><\/p>\n<figure class=\"wp-block-image size-full\"><img fetchpriority=\"high\" decoding=\"async\" width=\"781\" height=\"400\" class=\"wp-image-2661\" src=\"http:\/\/www.defensoria.gob.ve\/wp-content\/uploads\/2023\/11\/4.png\" alt=\"\" srcset=\"http:\/\/www.defensoria.gob.ve\/wp-content\/uploads\/2023\/11\/4.png 781w, http:\/\/www.defensoria.gob.ve\/wp-content\/uploads\/2023\/11\/4-300x154.png 300w, http:\/\/www.defensoria.gob.ve\/wp-content\/uploads\/2023\/11\/4-768x393.png 768w\" sizes=\"(max-width: 781px) 100vw, 781px\" \/><\/figure>\n<p><\/p>\n<p><\/p>\n<p>La actividad cont\u00f3 con la presencia de los pueblos organizados, movimientos sociales, Fuerza Armada Nacional Bolivariana, C\u00e1mara de Comercio, sectores religiosos, medios de comunicaci\u00f3n y autoridades locales con un aproximado de 340 personas de distintas edades.\u00a0<strong>FIN PRENSA \/ Defensor\u00eda<\/strong><\/p>\n<p><\/p>\t\t\t\t\t\t\t\t<\/div>\n\t\t\t\t<\/div>\n\t\t\t\t\t<\/div>\n\t\t<\/div>\n\t\t\t\t\t<\/div>\n\t\t<\/section>\n\t\t\t\t<\/div>\n\t\t","protected":false},"excerpt":{"rendered":"<p>(Delta Amacuro\/16-Nov-2023)\u00a0La Defensora Delegada del\u00a0 Estado Delta Amacuro Abogada Dulce Mirabal,\u00a0 asisti\u00f3 y particip\u00f3 en la \u00abConferencia Nacional por el Di\u00e1logo, la Paz y la Convivencia\u00bb. Evento realizado en el&hellip; <\/p>\n","protected":false},"author":5,"featured_media":2662,"comment_status":"closed","ping_status":"closed","sticky":false,"template":"","format":"standard","meta":{"footnotes":""},"categories":[5],"tags":[],"class_list":["post-2660","post","type-post","status-publish","format-standard","has-post-thumbnail","hentry","category-regionales"],"yoast_head":"<!-- This site is optimized with the Yoast SEO plugin v27.4 - https:\/\/yoast.com\/product\/yoast-seo-wordpress\/ -->\n<title>Defensora Delegada de Delta Amacuro particip\u00f3 en la &quot;Conferencia Nacional por el Di\u00e1logo, la Paz y la Convivencia&quot; -<\/title>\n<meta name=\"robots\" content=\"index, follow, max-snippet:-1, max-image-preview:large, max-video-preview:-1\" \/>\n<link rel=\"canonical\" href=\"http:\/\/www.defensoria.gob.ve\/?p=2660\" \/>\n<meta property=\"og:locale\" content=\"es_ES\" \/>\n<meta property=\"og:type\" content=\"article\" \/>\n<meta property=\"og:title\" content=\"Defensora Delegada de Delta Amacuro particip\u00f3 en la &quot;Conferencia Nacional por el Di\u00e1logo, la Paz y la Convivencia&quot; -\" \/>\n<meta property=\"og:description\" content=\"(Delta Amacuro\/16-Nov-2023)\u00a0La Defensora Delegada del\u00a0 Estado Delta Amacuro Abogada Dulce Mirabal,\u00a0 asisti\u00f3 y particip\u00f3 en la \u00abConferencia Nacional por el Di\u00e1logo, la Paz y la Convivencia\u00bb. Evento realizado en el&hellip;\" \/>\n<meta property=\"og:url\" content=\"http:\/\/www.defensoria.gob.ve\/?p=2660\" \/>\n<meta property=\"article:published_time\" content=\"2023-11-17T20:08:31+00:00\" \/>\n<meta property=\"article:modified_time\" content=\"2023-11-17T20:22:10+00:00\" \/>\n<meta property=\"og:image\" content=\"http:\/\/www.defensoria.gob.ve\/wp-content\/uploads\/2023\/11\/3.png\" \/>\n\t<meta property=\"og:image:width\" content=\"833\" \/>\n\t<meta property=\"og:image:height\" content=\"554\" \/>\n\t<meta property=\"og:image:type\" content=\"image\/png\" \/>\n<meta name=\"author\" content=\"JC.\" \/>\n<meta name=\"twitter:card\" content=\"summary_large_image\" \/>\n<meta name=\"twitter:label1\" content=\"Escrito por\" \/>\n\t<meta name=\"twitter:data1\" content=\"JC.\" \/>\n\t<meta name=\"twitter:label2\" content=\"Tiempo estimado de lectura\" \/>\n\t<meta name=\"twitter:data2\" content=\"1 minuto\" \/>\n<script type=\"application\/ld+json\" class=\"yoast-schema-graph\">{\"@context\":\"https:\\\/\\\/schema.org\",\"@graph\":[{\"@type\":\"Article\",\"@id\":\"http:\\\/\\\/www.defensoria.gob.ve\\\/?p=2660#article\",\"isPartOf\":{\"@id\":\"http:\\\/\\\/www.defensoria.gob.ve\\\/?p=2660\"},\"author\":{\"name\":\"JC.\",\"@id\":\"http:\\\/\\\/www.defensoria.gob.ve\\\/#\\\/schema\\\/person\\\/fba14293189d7b1933ac7fba9d89e24a\"},\"headline\":\"Defensora Delegada de Delta Amacuro particip\u00f3 en la \u00abConferencia Nacional por el Di\u00e1logo, la Paz y la Convivencia\u00bb\",\"datePublished\":\"2023-11-17T20:08:31+00:00\",\"dateModified\":\"2023-11-17T20:22:10+00:00\",\"mainEntityOfPage\":{\"@id\":\"http:\\\/\\\/www.defensoria.gob.ve\\\/?p=2660\"},\"wordCount\":116,\"image\":{\"@id\":\"http:\\\/\\\/www.defensoria.gob.ve\\\/?p=2660#primaryimage\"},\"thumbnailUrl\":\"http:\\\/\\\/www.defensoria.gob.ve\\\/wp-content\\\/uploads\\\/2023\\\/11\\\/3.png\",\"articleSection\":[\"REGIONALES\"],\"inLanguage\":\"es\"},{\"@type\":\"WebPage\",\"@id\":\"http:\\\/\\\/www.defensoria.gob.ve\\\/?p=2660\",\"url\":\"http:\\\/\\\/www.defensoria.gob.ve\\\/?p=2660\",\"name\":\"Defensora Delegada de Delta Amacuro particip\u00f3 en la \\\"Conferencia Nacional por el Di\u00e1logo, la Paz y la Convivencia\\\" -\",\"isPartOf\":{\"@id\":\"http:\\\/\\\/www.defensoria.gob.ve\\\/#website\"},\"primaryImageOfPage\":{\"@id\":\"http:\\\/\\\/www.defensoria.gob.ve\\\/?p=2660#primaryimage\"},\"image\":{\"@id\":\"http:\\\/\\\/www.defensoria.gob.ve\\\/?p=2660#primaryimage\"},\"thumbnailUrl\":\"http:\\\/\\\/www.defensoria.gob.ve\\\/wp-content\\\/uploads\\\/2023\\\/11\\\/3.png\",\"datePublished\":\"2023-11-17T20:08:31+00:00\",\"dateModified\":\"2023-11-17T20:22:10+00:00\",\"author\":{\"@id\":\"http:\\\/\\\/www.defensoria.gob.ve\\\/#\\\/schema\\\/person\\\/fba14293189d7b1933ac7fba9d89e24a\"},\"breadcrumb\":{\"@id\":\"http:\\\/\\\/www.defensoria.gob.ve\\\/?p=2660#breadcrumb\"},\"inLanguage\":\"es\",\"potentialAction\":[{\"@type\":\"ReadAction\",\"target\":[\"http:\\\/\\\/www.defensoria.gob.ve\\\/?p=2660\"]}]},{\"@type\":\"ImageObject\",\"inLanguage\":\"es\",\"@id\":\"http:\\\/\\\/www.defensoria.gob.ve\\\/?p=2660#primaryimage\",\"url\":\"http:\\\/\\\/www.defensoria.gob.ve\\\/wp-content\\\/uploads\\\/2023\\\/11\\\/3.png\",\"contentUrl\":\"http:\\\/\\\/www.defensoria.gob.ve\\\/wp-content\\\/uploads\\\/2023\\\/11\\\/3.png\",\"width\":833,\"height\":554},{\"@type\":\"BreadcrumbList\",\"@id\":\"http:\\\/\\\/www.defensoria.gob.ve\\\/?p=2660#breadcrumb\",\"itemListElement\":[{\"@type\":\"ListItem\",\"position\":1,\"name\":\"Portada\",\"item\":\"http:\\\/\\\/www.defensoria.gob.ve\\\/\"},{\"@type\":\"ListItem\",\"position\":2,\"name\":\"Defensora Delegada de Delta Amacuro particip\u00f3 en la \u00abConferencia Nacional por el Di\u00e1logo, la Paz y la Convivencia\u00bb\"}]},{\"@type\":\"WebSite\",\"@id\":\"http:\\\/\\\/www.defensoria.gob.ve\\\/#website\",\"url\":\"http:\\\/\\\/www.defensoria.gob.ve\\\/\",\"name\":\"\",\"description\":\"Instituci\u00f3n del Poder Ciudadano para la Promoci\u00f3n, Defensa y Vigilancia de los Derechos Humanos. \",\"potentialAction\":[{\"@type\":\"SearchAction\",\"target\":{\"@type\":\"EntryPoint\",\"urlTemplate\":\"http:\\\/\\\/www.defensoria.gob.ve\\\/?s={search_term_string}\"},\"query-input\":{\"@type\":\"PropertyValueSpecification\",\"valueRequired\":true,\"valueName\":\"search_term_string\"}}],\"inLanguage\":\"es\"},{\"@type\":\"Person\",\"@id\":\"http:\\\/\\\/www.defensoria.gob.ve\\\/#\\\/schema\\\/person\\\/fba14293189d7b1933ac7fba9d89e24a\",\"name\":\"JC.\",\"image\":{\"@type\":\"ImageObject\",\"inLanguage\":\"es\",\"@id\":\"https:\\\/\\\/secure.gravatar.com\\\/avatar\\\/f398a4de948606b38f0299d90ca738c674b648694bc725ed46503c240269dbf8?s=96&d=mm&r=g\",\"url\":\"https:\\\/\\\/secure.gravatar.com\\\/avatar\\\/f398a4de948606b38f0299d90ca738c674b648694bc725ed46503c240269dbf8?s=96&d=mm&r=g\",\"contentUrl\":\"https:\\\/\\\/secure.gravatar.com\\\/avatar\\\/f398a4de948606b38f0299d90ca738c674b648694bc725ed46503c240269dbf8?s=96&d=mm&r=g\",\"caption\":\"JC.\"},\"url\":\"http:\\\/\\\/www.defensoria.gob.ve\\\/?author=5\"}]}<\/script>\n<!-- \/ Yoast SEO plugin. -->","yoast_head_json":{"title":"Defensora Delegada de Delta Amacuro particip\u00f3 en la \"Conferencia Nacional por el Di\u00e1logo, la Paz y la Convivencia\" -","robots":{"index":"index","follow":"follow","max-snippet":"max-snippet:-1","max-image-preview":"max-image-preview:large","max-video-preview":"max-video-preview:-1"},"canonical":"http:\/\/www.defensoria.gob.ve\/?p=2660","og_locale":"es_ES","og_type":"article","og_title":"Defensora Delegada de Delta Amacuro particip\u00f3 en la \"Conferencia Nacional por el Di\u00e1logo, la Paz y la Convivencia\" -","og_description":"(Delta Amacuro\/16-Nov-2023)\u00a0La Defensora Delegada del\u00a0 Estado Delta Amacuro Abogada Dulce Mirabal,\u00a0 asisti\u00f3 y particip\u00f3 en la \u00abConferencia Nacional por el Di\u00e1logo, la Paz y la Convivencia\u00bb. Evento realizado en el&hellip;","og_url":"http:\/\/www.defensoria.gob.ve\/?p=2660","article_published_time":"2023-11-17T20:08:31+00:00","article_modified_time":"2023-11-17T20:22:10+00:00","og_image":[{"width":833,"height":554,"url":"http:\/\/www.defensoria.gob.ve\/wp-content\/uploads\/2023\/11\/3.png","type":"image\/png"}],"author":"JC.","twitter_card":"summary_large_image","twitter_misc":{"Escrito por":"JC.","Tiempo estimado de lectura":"1 minuto"},"schema":{"@context":"https:\/\/schema.org","@graph":[{"@type":"Article","@id":"http:\/\/www.defensoria.gob.ve\/?p=2660#article","isPartOf":{"@id":"http:\/\/www.defensoria.gob.ve\/?p=2660"},"author":{"name":"JC.","@id":"http:\/\/www.defensoria.gob.ve\/#\/schema\/person\/fba14293189d7b1933ac7fba9d89e24a"},"headline":"Defensora Delegada de Delta Amacuro particip\u00f3 en la \u00abConferencia Nacional por el Di\u00e1logo, la Paz y la Convivencia\u00bb","datePublished":"2023-11-17T20:08:31+00:00","dateModified":"2023-11-17T20:22:10+00:00","mainEntityOfPage":{"@id":"http:\/\/www.defensoria.gob.ve\/?p=2660"},"wordCount":116,"image":{"@id":"http:\/\/www.defensoria.gob.ve\/?p=2660#primaryimage"},"thumbnailUrl":"http:\/\/www.defensoria.gob.ve\/wp-content\/uploads\/2023\/11\/3.png","articleSection":["REGIONALES"],"inLanguage":"es"},{"@type":"WebPage","@id":"http:\/\/www.defensoria.gob.ve\/?p=2660","url":"http:\/\/www.defensoria.gob.ve\/?p=2660","name":"Defensora Delegada de Delta Amacuro particip\u00f3 en la \"Conferencia Nacional por el Di\u00e1logo, la Paz y la Convivencia\" -","isPartOf":{"@id":"http:\/\/www.defensoria.gob.ve\/#website"},"primaryImageOfPage":{"@id":"http:\/\/www.defensoria.gob.ve\/?p=2660#primaryimage"},"image":{"@id":"http:\/\/www.defensoria.gob.ve\/?p=2660#primaryimage"},"thumbnailUrl":"http:\/\/www.defensoria.gob.ve\/wp-content\/uploads\/2023\/11\/3.png","datePublished":"2023-11-17T20:08:31+00:00","dateModified":"2023-11-17T20:22:10+00:00","author":{"@id":"http:\/\/www.defensoria.gob.ve\/#\/schema\/person\/fba14293189d7b1933ac7fba9d89e24a"},"breadcrumb":{"@id":"http:\/\/www.defensoria.gob.ve\/?p=2660#breadcrumb"},"inLanguage":"es","potentialAction":[{"@type":"ReadAction","target":["http:\/\/www.defensoria.gob.ve\/?p=2660"]}]},{"@type":"ImageObject","inLanguage":"es","@id":"http:\/\/www.defensoria.gob.ve\/?p=2660#primaryimage","url":"http:\/\/www.defensoria.gob.ve\/wp-content\/uploads\/2023\/11\/3.png","contentUrl":"http:\/\/www.defensoria.gob.ve\/wp-content\/uploads\/2023\/11\/3.png","width":833,"height":554},{"@type":"BreadcrumbList","@id":"http:\/\/www.defensoria.gob.ve\/?p=2660#breadcrumb","itemListElement":[{"@type":"ListItem","position":1,"name":"Portada","item":"http:\/\/www.defensoria.gob.ve\/"},{"@type":"ListItem","position":2,"name":"Defensora Delegada de Delta Amacuro particip\u00f3 en la \u00abConferencia Nacional por el Di\u00e1logo, la Paz y la Convivencia\u00bb"}]},{"@type":"WebSite","@id":"http:\/\/www.defensoria.gob.ve\/#website","url":"http:\/\/www.defensoria.gob.ve\/","name":"","description":"Instituci\u00f3n del Poder Ciudadano para la Promoci\u00f3n, Defensa y Vigilancia de los Derechos Humanos. ","potentialAction":[{"@type":"SearchAction","target":{"@type":"EntryPoint","urlTemplate":"http:\/\/www.defensoria.gob.ve\/?s={search_term_string}"},"query-input":{"@type":"PropertyValueSpecification","valueRequired":true,"valueName":"search_term_string"}}],"inLanguage":"es"},{"@type":"Person","@id":"http:\/\/www.defensoria.gob.ve\/#\/schema\/person\/fba14293189d7b1933ac7fba9d89e24a","name":"JC.","image":{"@type":"ImageObject","inLanguage":"es","@id":"https:\/\/secure.gravatar.com\/avatar\/f398a4de948606b38f0299d90ca738c674b648694bc725ed46503c240269dbf8?s=96&d=mm&r=g","url":"https:\/\/secure.gravatar.com\/avatar\/f398a4de948606b38f0299d90ca738c674b648694bc725ed46503c240269dbf8?s=96&d=mm&r=g","contentUrl":"https:\/\/secure.gravatar.com\/avatar\/f398a4de948606b38f0299d90ca738c674b648694bc725ed46503c240269dbf8?s=96&d=mm&r=g","caption":"JC."},"url":"http:\/\/www.defensoria.gob.ve\/?author=5"}]}},"_links":{"self":[{"href":"http:\/\/www.defensoria.gob.ve\/index.php?rest_route=\/wp\/v2\/posts\/2660","targetHints":{"allow":["GET"]}}],"collection":[{"href":"http:\/\/www.defensoria.gob.ve\/index.php?rest_route=\/wp\/v2\/posts"}],"about":[{"href":"http:\/\/www.defensoria.gob.ve\/index.php?rest_route=\/wp\/v2\/types\/post"}],"author":[{"embeddable":true,"href":"http:\/\/www.defensoria.gob.ve\/index.php?rest_route=\/wp\/v2\/users\/5"}],"replies":[{"embeddable":true,"href":"http:\/\/www.defensoria.gob.ve\/index.php?rest_route=%2Fwp%2Fv2%2Fcomments&post=2660"}],"version-history":[{"count":11,"href":"http:\/\/www.defensoria.gob.ve\/index.php?rest_route=\/wp\/v2\/posts\/2660\/revisions"}],"predecessor-version":[{"id":2686,"href":"http:\/\/www.defensoria.gob.ve\/index.php?rest_route=\/wp\/v2\/posts\/2660\/revisions\/2686"}],"wp:featuredmedia":[{"embeddable":true,"href":"http:\/\/www.defensoria.gob.ve\/index.php?rest_route=\/wp\/v2\/media\/2662"}],"wp:attachment":[{"href":"http:\/\/www.defensoria.gob.ve\/index.php?rest_route=%2Fwp%2Fv2%2Fmedia&parent=2660"}],"wp:term":[{"taxonomy":"category","embeddable":true,"href":"http:\/\/www.defensoria.gob.ve\/index.php?rest_route=%2Fwp%2Fv2%2Fcategories&post=2660"},{"taxonomy":"post_tag","embeddable":true,"href":"http:\/\/www.defensoria.gob.ve\/index.php?rest_route=%2Fwp%2Fv2%2Ftags&post=2660"}],"curies":[{"name":"wp","href":"https:\/\/api.w.org\/{rel}","templated":true}]}}