 
{"id":2748,"date":"2023-11-20T11:49:26","date_gmt":"2023-11-20T15:49:26","guid":{"rendered":"http:\/\/www.defensoria.gob.ve\/?p=2748"},"modified":"2023-11-20T11:49:58","modified_gmt":"2023-11-20T15:49:58","slug":"defensor-del-pueblo-felicita-a-participantes-en-el-simulacro-sobre-el-referendo-consultivo-del-territorio-esequibo","status":"publish","type":"post","link":"http:\/\/www.defensoria.gob.ve\/?p=2748","title":{"rendered":"Defensor del Pueblo felicita a participantes en el simulacro sobre el Referendo Consultivo del territorio Esequibo"},"content":{"rendered":"\t\t<div data-elementor-type=\"wp-post\" data-elementor-id=\"2748\" class=\"elementor elementor-2748\">\n\t\t\t\t\t\t<section class=\"elementor-section elementor-top-section elementor-element elementor-element-4f7cb5de elementor-section-boxed elementor-section-height-default elementor-section-height-default\" data-id=\"4f7cb5de\" data-element_type=\"section\" data-e-type=\"section\">\n\t\t\t\t\t\t<div class=\"elementor-container elementor-column-gap-default\">\n\t\t\t\t\t<div class=\"elementor-column elementor-col-100 elementor-top-column elementor-element elementor-element-40ba4d57\" data-id=\"40ba4d57\" data-element_type=\"column\" data-e-type=\"column\">\n\t\t\t<div class=\"elementor-widget-wrap elementor-element-populated\">\n\t\t\t\t\t\t<div class=\"elementor-element elementor-element-3b0f8300 elementor-widget elementor-widget-text-editor\" data-id=\"3b0f8300\" data-element_type=\"widget\" data-e-type=\"widget\" data-widget_type=\"text-editor.default\">\n\t\t\t\t<div class=\"elementor-widget-container\">\n\t\t\t\t\t\t\t\t\t\n<p><strong>(21-Nov-2023) <\/strong>El Defensor del Pueblo, Alfredo Ruiz Angulo, felicit\u00f3 a las personas que participaron en el simulacro de votaci\u00f3n sobre el Referendo Consultivo del territorio Esequibo que el Poder Electoral organiz\u00f3 este domingo 19 de noviembre.<\/p>\n\n\n\n<p>Al respecto, el titular del ente defensorial coment\u00f3 que \u201cdesde la Defensor\u00eda del Pueblo (DdP) venimos acompa\u00f1ando esta fiesta nacional, donde el pueblo se ha abocado a participar a esta pr\u00e1ctica democr\u00e1tica de lo que va a ser este 3 de diciembre\u201d.<\/p>\n\n\n\n<p>Ruiz tambi\u00e9n inform\u00f3 que la DdP se ha desplegado en m\u00e1s de 26 de los 56 centros de votaci\u00f3n existentes en Caracas, y en m\u00e1s del 30% de los instalados a nivel nacional.<\/p>\n\n\n\n<figure class=\"wp-block-image size-full\"><img fetchpriority=\"high\" decoding=\"async\" width=\"960\" height=\"540\" src=\"http:\/\/www.defensoria.gob.ve\/wp-content\/uploads\/2023\/11\/b73f8034-a4a8-4715-8f6e-e1db6e2c2602.jpg\" alt=\"\" class=\"wp-image-2749\" srcset=\"http:\/\/www.defensoria.gob.ve\/wp-content\/uploads\/2023\/11\/b73f8034-a4a8-4715-8f6e-e1db6e2c2602.jpg 960w, http:\/\/www.defensoria.gob.ve\/wp-content\/uploads\/2023\/11\/b73f8034-a4a8-4715-8f6e-e1db6e2c2602-300x169.jpg 300w, http:\/\/www.defensoria.gob.ve\/wp-content\/uploads\/2023\/11\/b73f8034-a4a8-4715-8f6e-e1db6e2c2602-768x432.jpg 768w\" sizes=\"(max-width: 960px) 100vw, 960px\" \/><\/figure>\n\n\n\n<p>Con respecto al estado de los centros visitados, el Defensor indic\u00f3 que todos estaban abiertos y que se le daba prioridad en la mesa n\u00ba 1 a las personas con discapacidad y las adultas o adultos mayores. \u201cHemos visto que despu\u00e9s de participar, las personas festejan con fervor patrio, lo que muestra que es un &nbsp;momento hist\u00f3rico nacional\u201d.<\/p>\n\n\n\n<p>Asimismo, invit\u00f3 a los venezolanos y las venezolanas a participar el pr\u00f3ximo 3 de diciembre en el referendo consultivo, ya que es \u201cun procedimiento sencillo y claro que se puede realizar r\u00e1pidamente. Si no hay participaci\u00f3n popular no hay Rep\u00fablica\u201d.<\/p>\n\n\n\n<p>Finalizando, el m\u00e1ximo representante de la Instituci\u00f3n Nacional de los Derechos Humanos explic\u00f3 que \u201clas cinco preguntas son importantes, ya que reafirman la pol\u00edtica que el Estado venezolano, en su conjunto, ha mantenido a lo largo de 200 a\u00f1os. Las dos \u00faltimas son referidas a la situaci\u00f3n actual y marcan el rumbo futuro para el pa\u00eds sobre c\u00f3mo deben ir reincorporando y reconociendo a las venezolanas y venezolanos que viven en el territorio Esequibo\u201d. <strong>FIN \/ Prensa Defensor\u00eda<\/strong><\/p>\n\t\t\t\t\t\t\t\t<\/div>\n\t\t\t\t<\/div>\n\t\t\t\t\t<\/div>\n\t\t<\/div>\n\t\t\t\t\t<\/div>\n\t\t<\/section>\n\t\t\t\t<\/div>\n\t\t","protected":false},"excerpt":{"rendered":"<p>(21-Nov-2023) El Defensor del Pueblo, Alfredo Ruiz Angulo, felicit\u00f3 a las personas que participaron en el simulacro de votaci\u00f3n sobre el Referendo Consultivo del territorio Esequibo que el Poder Electoral&hellip; <\/p>\n","protected":false},"author":5,"featured_media":2750,"comment_status":"closed","ping_status":"closed","sticky":false,"template":"","format":"standard","meta":{"footnotes":""},"categories":[3],"tags":[],"class_list":["post-2748","post","type-post","status-publish","format-standard","has-post-thumbnail","hentry","category-centrales"],"yoast_head":"<!-- This site is optimized with the Yoast SEO plugin v27.4 - https:\/\/yoast.com\/product\/yoast-seo-wordpress\/ -->\n<title>Defensor del Pueblo felicita a participantes en el simulacro sobre el Referendo Consultivo del territorio Esequibo -<\/title>\n<meta name=\"robots\" content=\"index, follow, max-snippet:-1, max-image-preview:large, max-video-preview:-1\" \/>\n<link rel=\"canonical\" href=\"http:\/\/www.defensoria.gob.ve\/?p=2748\" \/>\n<meta property=\"og:locale\" content=\"es_ES\" \/>\n<meta property=\"og:type\" content=\"article\" \/>\n<meta property=\"og:title\" content=\"Defensor del Pueblo felicita a participantes en el simulacro sobre el Referendo Consultivo del territorio Esequibo -\" \/>\n<meta property=\"og:description\" content=\"(21-Nov-2023) El Defensor del Pueblo, Alfredo Ruiz Angulo, felicit\u00f3 a las personas que participaron en el simulacro de votaci\u00f3n sobre el Referendo Consultivo del territorio Esequibo que el Poder Electoral&hellip;\" \/>\n<meta property=\"og:url\" content=\"http:\/\/www.defensoria.gob.ve\/?p=2748\" \/>\n<meta property=\"article:published_time\" content=\"2023-11-20T15:49:26+00:00\" \/>\n<meta property=\"article:modified_time\" content=\"2023-11-20T15:49:58+00:00\" \/>\n<meta property=\"og:image\" content=\"http:\/\/www.defensoria.gob.ve\/wp-content\/uploads\/2023\/11\/a82b5708-c6b0-47d3-8df1-01b6d7d2bba7.jpg\" \/>\n\t<meta property=\"og:image:width\" content=\"960\" \/>\n\t<meta property=\"og:image:height\" content=\"540\" \/>\n\t<meta property=\"og:image:type\" content=\"image\/jpeg\" \/>\n<meta name=\"author\" content=\"JC.\" \/>\n<meta name=\"twitter:card\" content=\"summary_large_image\" \/>\n<meta name=\"twitter:label1\" content=\"Escrito por\" \/>\n\t<meta name=\"twitter:data1\" content=\"JC.\" \/>\n\t<meta name=\"twitter:label2\" content=\"Tiempo estimado de lectura\" \/>\n\t<meta name=\"twitter:data2\" content=\"2 minutos\" \/>\n<script type=\"application\/ld+json\" class=\"yoast-schema-graph\">{\"@context\":\"https:\\\/\\\/schema.org\",\"@graph\":[{\"@type\":\"Article\",\"@id\":\"http:\\\/\\\/www.defensoria.gob.ve\\\/?p=2748#article\",\"isPartOf\":{\"@id\":\"http:\\\/\\\/www.defensoria.gob.ve\\\/?p=2748\"},\"author\":{\"name\":\"JC.\",\"@id\":\"http:\\\/\\\/www.defensoria.gob.ve\\\/#\\\/schema\\\/person\\\/fba14293189d7b1933ac7fba9d89e24a\"},\"headline\":\"Defensor del Pueblo felicita a participantes en el simulacro sobre el Referendo Consultivo del territorio Esequibo\",\"datePublished\":\"2023-11-20T15:49:26+00:00\",\"dateModified\":\"2023-11-20T15:49:58+00:00\",\"mainEntityOfPage\":{\"@id\":\"http:\\\/\\\/www.defensoria.gob.ve\\\/?p=2748\"},\"wordCount\":318,\"image\":{\"@id\":\"http:\\\/\\\/www.defensoria.gob.ve\\\/?p=2748#primaryimage\"},\"thumbnailUrl\":\"http:\\\/\\\/www.defensoria.gob.ve\\\/wp-content\\\/uploads\\\/2023\\\/11\\\/a82b5708-c6b0-47d3-8df1-01b6d7d2bba7.jpg\",\"articleSection\":[\"CENTRALES\"],\"inLanguage\":\"es\"},{\"@type\":\"WebPage\",\"@id\":\"http:\\\/\\\/www.defensoria.gob.ve\\\/?p=2748\",\"url\":\"http:\\\/\\\/www.defensoria.gob.ve\\\/?p=2748\",\"name\":\"Defensor del Pueblo felicita a participantes en el simulacro sobre el Referendo Consultivo del territorio Esequibo -\",\"isPartOf\":{\"@id\":\"http:\\\/\\\/www.defensoria.gob.ve\\\/#website\"},\"primaryImageOfPage\":{\"@id\":\"http:\\\/\\\/www.defensoria.gob.ve\\\/?p=2748#primaryimage\"},\"image\":{\"@id\":\"http:\\\/\\\/www.defensoria.gob.ve\\\/?p=2748#primaryimage\"},\"thumbnailUrl\":\"http:\\\/\\\/www.defensoria.gob.ve\\\/wp-content\\\/uploads\\\/2023\\\/11\\\/a82b5708-c6b0-47d3-8df1-01b6d7d2bba7.jpg\",\"datePublished\":\"2023-11-20T15:49:26+00:00\",\"dateModified\":\"2023-11-20T15:49:58+00:00\",\"author\":{\"@id\":\"http:\\\/\\\/www.defensoria.gob.ve\\\/#\\\/schema\\\/person\\\/fba14293189d7b1933ac7fba9d89e24a\"},\"breadcrumb\":{\"@id\":\"http:\\\/\\\/www.defensoria.gob.ve\\\/?p=2748#breadcrumb\"},\"inLanguage\":\"es\",\"potentialAction\":[{\"@type\":\"ReadAction\",\"target\":[\"http:\\\/\\\/www.defensoria.gob.ve\\\/?p=2748\"]}]},{\"@type\":\"ImageObject\",\"inLanguage\":\"es\",\"@id\":\"http:\\\/\\\/www.defensoria.gob.ve\\\/?p=2748#primaryimage\",\"url\":\"http:\\\/\\\/www.defensoria.gob.ve\\\/wp-content\\\/uploads\\\/2023\\\/11\\\/a82b5708-c6b0-47d3-8df1-01b6d7d2bba7.jpg\",\"contentUrl\":\"http:\\\/\\\/www.defensoria.gob.ve\\\/wp-content\\\/uploads\\\/2023\\\/11\\\/a82b5708-c6b0-47d3-8df1-01b6d7d2bba7.jpg\",\"width\":960,\"height\":540},{\"@type\":\"BreadcrumbList\",\"@id\":\"http:\\\/\\\/www.defensoria.gob.ve\\\/?p=2748#breadcrumb\",\"itemListElement\":[{\"@type\":\"ListItem\",\"position\":1,\"name\":\"Portada\",\"item\":\"http:\\\/\\\/www.defensoria.gob.ve\\\/\"},{\"@type\":\"ListItem\",\"position\":2,\"name\":\"Defensor del Pueblo felicita a participantes en el simulacro sobre el Referendo Consultivo del territorio Esequibo\"}]},{\"@type\":\"WebSite\",\"@id\":\"http:\\\/\\\/www.defensoria.gob.ve\\\/#website\",\"url\":\"http:\\\/\\\/www.defensoria.gob.ve\\\/\",\"name\":\"\",\"description\":\"Instituci\u00f3n del Poder Ciudadano para la Promoci\u00f3n, Defensa y Vigilancia de los Derechos Humanos. \",\"potentialAction\":[{\"@type\":\"SearchAction\",\"target\":{\"@type\":\"EntryPoint\",\"urlTemplate\":\"http:\\\/\\\/www.defensoria.gob.ve\\\/?s={search_term_string}\"},\"query-input\":{\"@type\":\"PropertyValueSpecification\",\"valueRequired\":true,\"valueName\":\"search_term_string\"}}],\"inLanguage\":\"es\"},{\"@type\":\"Person\",\"@id\":\"http:\\\/\\\/www.defensoria.gob.ve\\\/#\\\/schema\\\/person\\\/fba14293189d7b1933ac7fba9d89e24a\",\"name\":\"JC.\",\"image\":{\"@type\":\"ImageObject\",\"inLanguage\":\"es\",\"@id\":\"https:\\\/\\\/secure.gravatar.com\\\/avatar\\\/f398a4de948606b38f0299d90ca738c674b648694bc725ed46503c240269dbf8?s=96&d=mm&r=g\",\"url\":\"https:\\\/\\\/secure.gravatar.com\\\/avatar\\\/f398a4de948606b38f0299d90ca738c674b648694bc725ed46503c240269dbf8?s=96&d=mm&r=g\",\"contentUrl\":\"https:\\\/\\\/secure.gravatar.com\\\/avatar\\\/f398a4de948606b38f0299d90ca738c674b648694bc725ed46503c240269dbf8?s=96&d=mm&r=g\",\"caption\":\"JC.\"},\"url\":\"http:\\\/\\\/www.defensoria.gob.ve\\\/?author=5\"}]}<\/script>\n<!-- \/ Yoast SEO plugin. -->","yoast_head_json":{"title":"Defensor del Pueblo felicita a participantes en el simulacro sobre el Referendo Consultivo del territorio Esequibo -","robots":{"index":"index","follow":"follow","max-snippet":"max-snippet:-1","max-image-preview":"max-image-preview:large","max-video-preview":"max-video-preview:-1"},"canonical":"http:\/\/www.defensoria.gob.ve\/?p=2748","og_locale":"es_ES","og_type":"article","og_title":"Defensor del Pueblo felicita a participantes en el simulacro sobre el Referendo Consultivo del territorio Esequibo -","og_description":"(21-Nov-2023) El Defensor del Pueblo, Alfredo Ruiz Angulo, felicit\u00f3 a las personas que participaron en el simulacro de votaci\u00f3n sobre el Referendo Consultivo del territorio Esequibo que el Poder Electoral&hellip;","og_url":"http:\/\/www.defensoria.gob.ve\/?p=2748","article_published_time":"2023-11-20T15:49:26+00:00","article_modified_time":"2023-11-20T15:49:58+00:00","og_image":[{"width":960,"height":540,"url":"http:\/\/www.defensoria.gob.ve\/wp-content\/uploads\/2023\/11\/a82b5708-c6b0-47d3-8df1-01b6d7d2bba7.jpg","type":"image\/jpeg"}],"author":"JC.","twitter_card":"summary_large_image","twitter_misc":{"Escrito por":"JC.","Tiempo estimado de lectura":"2 minutos"},"schema":{"@context":"https:\/\/schema.org","@graph":[{"@type":"Article","@id":"http:\/\/www.defensoria.gob.ve\/?p=2748#article","isPartOf":{"@id":"http:\/\/www.defensoria.gob.ve\/?p=2748"},"author":{"name":"JC.","@id":"http:\/\/www.defensoria.gob.ve\/#\/schema\/person\/fba14293189d7b1933ac7fba9d89e24a"},"headline":"Defensor del Pueblo felicita a participantes en el simulacro sobre el Referendo Consultivo del territorio Esequibo","datePublished":"2023-11-20T15:49:26+00:00","dateModified":"2023-11-20T15:49:58+00:00","mainEntityOfPage":{"@id":"http:\/\/www.defensoria.gob.ve\/?p=2748"},"wordCount":318,"image":{"@id":"http:\/\/www.defensoria.gob.ve\/?p=2748#primaryimage"},"thumbnailUrl":"http:\/\/www.defensoria.gob.ve\/wp-content\/uploads\/2023\/11\/a82b5708-c6b0-47d3-8df1-01b6d7d2bba7.jpg","articleSection":["CENTRALES"],"inLanguage":"es"},{"@type":"WebPage","@id":"http:\/\/www.defensoria.gob.ve\/?p=2748","url":"http:\/\/www.defensoria.gob.ve\/?p=2748","name":"Defensor del Pueblo felicita a participantes en el simulacro sobre el Referendo Consultivo del territorio Esequibo -","isPartOf":{"@id":"http:\/\/www.defensoria.gob.ve\/#website"},"primaryImageOfPage":{"@id":"http:\/\/www.defensoria.gob.ve\/?p=2748#primaryimage"},"image":{"@id":"http:\/\/www.defensoria.gob.ve\/?p=2748#primaryimage"},"thumbnailUrl":"http:\/\/www.defensoria.gob.ve\/wp-content\/uploads\/2023\/11\/a82b5708-c6b0-47d3-8df1-01b6d7d2bba7.jpg","datePublished":"2023-11-20T15:49:26+00:00","dateModified":"2023-11-20T15:49:58+00:00","author":{"@id":"http:\/\/www.defensoria.gob.ve\/#\/schema\/person\/fba14293189d7b1933ac7fba9d89e24a"},"breadcrumb":{"@id":"http:\/\/www.defensoria.gob.ve\/?p=2748#breadcrumb"},"inLanguage":"es","potentialAction":[{"@type":"ReadAction","target":["http:\/\/www.defensoria.gob.ve\/?p=2748"]}]},{"@type":"ImageObject","inLanguage":"es","@id":"http:\/\/www.defensoria.gob.ve\/?p=2748#primaryimage","url":"http:\/\/www.defensoria.gob.ve\/wp-content\/uploads\/2023\/11\/a82b5708-c6b0-47d3-8df1-01b6d7d2bba7.jpg","contentUrl":"http:\/\/www.defensoria.gob.ve\/wp-content\/uploads\/2023\/11\/a82b5708-c6b0-47d3-8df1-01b6d7d2bba7.jpg","width":960,"height":540},{"@type":"BreadcrumbList","@id":"http:\/\/www.defensoria.gob.ve\/?p=2748#breadcrumb","itemListElement":[{"@type":"ListItem","position":1,"name":"Portada","item":"http:\/\/www.defensoria.gob.ve\/"},{"@type":"ListItem","position":2,"name":"Defensor del Pueblo felicita a participantes en el simulacro sobre el Referendo Consultivo del territorio Esequibo"}]},{"@type":"WebSite","@id":"http:\/\/www.defensoria.gob.ve\/#website","url":"http:\/\/www.defensoria.gob.ve\/","name":"","description":"Instituci\u00f3n del Poder Ciudadano para la Promoci\u00f3n, Defensa y Vigilancia de los Derechos Humanos. ","potentialAction":[{"@type":"SearchAction","target":{"@type":"EntryPoint","urlTemplate":"http:\/\/www.defensoria.gob.ve\/?s={search_term_string}"},"query-input":{"@type":"PropertyValueSpecification","valueRequired":true,"valueName":"search_term_string"}}],"inLanguage":"es"},{"@type":"Person","@id":"http:\/\/www.defensoria.gob.ve\/#\/schema\/person\/fba14293189d7b1933ac7fba9d89e24a","name":"JC.","image":{"@type":"ImageObject","inLanguage":"es","@id":"https:\/\/secure.gravatar.com\/avatar\/f398a4de948606b38f0299d90ca738c674b648694bc725ed46503c240269dbf8?s=96&d=mm&r=g","url":"https:\/\/secure.gravatar.com\/avatar\/f398a4de948606b38f0299d90ca738c674b648694bc725ed46503c240269dbf8?s=96&d=mm&r=g","contentUrl":"https:\/\/secure.gravatar.com\/avatar\/f398a4de948606b38f0299d90ca738c674b648694bc725ed46503c240269dbf8?s=96&d=mm&r=g","caption":"JC."},"url":"http:\/\/www.defensoria.gob.ve\/?author=5"}]}},"_links":{"self":[{"href":"http:\/\/www.defensoria.gob.ve\/index.php?rest_route=\/wp\/v2\/posts\/2748","targetHints":{"allow":["GET"]}}],"collection":[{"href":"http:\/\/www.defensoria.gob.ve\/index.php?rest_route=\/wp\/v2\/posts"}],"about":[{"href":"http:\/\/www.defensoria.gob.ve\/index.php?rest_route=\/wp\/v2\/types\/post"}],"author":[{"embeddable":true,"href":"http:\/\/www.defensoria.gob.ve\/index.php?rest_route=\/wp\/v2\/users\/5"}],"replies":[{"embeddable":true,"href":"http:\/\/www.defensoria.gob.ve\/index.php?rest_route=%2Fwp%2Fv2%2Fcomments&post=2748"}],"version-history":[{"count":4,"href":"http:\/\/www.defensoria.gob.ve\/index.php?rest_route=\/wp\/v2\/posts\/2748\/revisions"}],"predecessor-version":[{"id":2754,"href":"http:\/\/www.defensoria.gob.ve\/index.php?rest_route=\/wp\/v2\/posts\/2748\/revisions\/2754"}],"wp:featuredmedia":[{"embeddable":true,"href":"http:\/\/www.defensoria.gob.ve\/index.php?rest_route=\/wp\/v2\/media\/2750"}],"wp:attachment":[{"href":"http:\/\/www.defensoria.gob.ve\/index.php?rest_route=%2Fwp%2Fv2%2Fmedia&parent=2748"}],"wp:term":[{"taxonomy":"category","embeddable":true,"href":"http:\/\/www.defensoria.gob.ve\/index.php?rest_route=%2Fwp%2Fv2%2Fcategories&post=2748"},{"taxonomy":"post_tag","embeddable":true,"href":"http:\/\/www.defensoria.gob.ve\/index.php?rest_route=%2Fwp%2Fv2%2Ftags&post=2748"}],"curies":[{"name":"wp","href":"https:\/\/api.w.org\/{rel}","templated":true}]}}